{"id":250306,"date":"2024-09-16T13:00:00","date_gmt":"2024-09-16T17:00:00","guid":{"rendered":"https:\/\/ifamnews.com\/?p=250306"},"modified":"2024-10-02T13:16:00","modified_gmt":"2024-10-02T17:16:00","slug":"donald-trump-ehrt-den-geburtstag-der-jungfrau-maria-auf-der-social-media-plattform-truth-social","status":"publish","type":"post","link":"https:\/\/ifamnews.com\/de\/donald-trump-ehrt-den-geburtstag-der-jungfrau-maria-auf-der-social-media-plattform-truth-social","title":{"rendered":"Donald Trump ehrt den Geburtstag der Jungfrau Maria auf der Social Media Plattform Truth Social"},"content":{"rendered":"<p class=\"last-updated\">Last updated on Oktober 2nd, 2024 at 01:16 p.m.<\/p><p>Der ehemalige Pr\u00e4sident Donald Trump nahm sich am Wochenende Zeit, um einen bedeutenden Tag im christlichen Kalender zu ehren &#8211; den Geburtstag von Maria, der Mutter von Jesus Christus.<br \/>\nTrump markierte den Anlass mit einem Beitrag auf seiner Social-Media-Plattform Truth Social, in dem er ein Foto der &#8222;Our Lady of Guadalupe&#8220; teilte &#8211; ein Bild, das vor allem unter mexikanischen Katholiken hoch verehrt wird.<br \/>\nDas Bild hat seine Wurzeln im 16. Jahrhundert, als Maria einem Azteken namens Juan Diego im Jahr 1531 in Visionen erschien.<br \/>\nW\u00e4hrend dieser Erscheinungen bat Maria Diego, einen ihr geweihten Schrein auf dem Tepayac-H\u00fcgel, einem heutigen Vorort von Mexiko-Stadt, zu errichten.<br \/>\nAls Diego dies seinem Bischof mitteilte, wurde er um einen handfesten Beweis gebeten.<br \/>\nDaraufhin hatte Diego eine weitere Vision von Maria, in der sie ihn bat, Rosen zu sammeln.<br \/>\nAls er dem Bischof diese Rosen \u00fcberreichte, erschien ein Abdruck von Maria auf seinem Mantel.<br \/>\nDasselbe Bild wurde von Trump geteilt. Es befindet sich heute in der Basilika von Guadalupe und gilt als wundersames Zeichen der Liebe und des Schutzes Marias f\u00fcr Amerika.<br \/>\nTrumps Hommage kam in derselben Woche, in der er die Gr\u00fcndung von &#8222;Catholics for Trump&#8220; ank\u00fcndigte, einer Koalition, die sich f\u00fcr den Erhalt der Religionsfreiheit und der Familienwerte einsetzt.<br \/>\nSeine Kampagne definiert sein Regime als eine Periode der unersch\u00fctterlichen Unterst\u00fctzung f\u00fcr die Religionsfreiheit, die durch siegreiche Schritte sowohl innerhalb des Landes als auch im Ausland gekennzeichnet ist.<br \/>\nTrump stellte seine Regierung der Harris-Biden-Regierung gegen\u00fcber, die er beschuldigte, die religi\u00f6sen Rechte zu untergraben.<br \/>\nDie Kampagne des ehemaligen Pr\u00e4sidenten bekr\u00e4ftigte sein Verst\u00e4ndnis f\u00fcr die Bedeutung der Religionsfreiheit f\u00fcr alle und seinen Respekt f\u00fcr die Kraft des Glaubens.<\/p>\n","protected":false},"excerpt":{"rendered":"<p>Der ehemalige Pr\u00e4sident Donald Trump nahm sich am Wochenende Zeit, um einen bedeutenden Tag im christlichen Kalender zu ehren &#8211; den Geburtstag von Maria, der Mutter von Jesus Christus<\/p>\n","protected":false},"author":593,"featured_media":250298,"comment_status":"open","ping_status":"open","sticky":false,"template":"","format":"standard","meta":{"give_campaign_id":0,"om_disable_all_campaigns":false,"_monsterinsights_skip_tracking":false,"_monsterinsights_sitenote_active":false,"_monsterinsights_sitenote_note":"","_monsterinsights_sitenote_category":0,"mc4wp_mailchimp_campaign":[],"jnews-multi-image_gallery":[],"jnews_single_post":{"subtitle":"","format":"standard","video":"","gallery":"","source_name":"","source_url":"","via_name":"","via_url":"","override_template":"0","override":[{"template":"2","single_blog_custom":"","parallax":"1","fullscreen":"1","layout":"right-sidebar-narrow","sidebar":"default-sidebar","second_sidebar":"default-sidebar","sticky_sidebar":"1","share_position":"float","share_float_style":"share-normal","show_share_counter":"1","show_view_counter":"1","show_featured":"1","show_post_meta":"1","show_post_author":"1","show_post_author_image":"1","show_post_date":"1","post_date_format":"default","post_date_format_custom":"Y\/m\/d","show_post_category":"1","show_post_reading_time":"1","post_reading_time_wpm":"300","show_zoom_button":"0","zoom_button_out_step":"2","zoom_button_in_step":"3","show_post_tag":"1","show_prev_next_post":"0","show_popup_post":"0","number_popup_post":"1","show_author_box":"1","show_post_related":"0","show_inline_post_related":"0"}],"override_image_size":"0","image_override":[{"single_post_thumbnail_size":"crop-715","single_post_gallery_size":"crop-715"}],"trending_post":"0","trending_post_position":"meta","trending_post_label":"Trending","sponsored_post":"0","sponsored_post_label":"Sponsored by","sponsored_post_name":"","sponsored_post_url":"","sponsored_post_logo_enable":"0","sponsored_post_logo":"","sponsored_post_desc":"","disable_ad":"0"},"jnews_primary_category":{"id":"768","hide":""},"jnews_social_meta":[],"jnews_override_counter":[],"footnotes":""},"categories":[816,768,811],"tags":[29592,6505],"class_list":["post-250306","post","type-post","status-publish","format-standard","has-post-thumbnail","hentry","category-breaking-news-de","category-politik","category-foreground-de","tag-jungfrau-maria","tag-trump-de"],"yoast_head":"<!-- This site is optimized with the Yoast SEO Premium plugin v25.9 (Yoast SEO v27.3) - https:\/\/yoast.com\/product\/yoast-seo-premium-wordpress\/ -->\n<title>Donald Trump ehrt den Geburtstag der Jungfrau Maria auf der Social Media Plattform Truth Social - IFN<\/title>\n<meta name=\"description\" content=\"Der ehemalige Pr\u00e4sident Donald Trump nahm sich am Wochenende Zeit, um einen bedeutenden Tag im christlichen Kalender zu ehren - den Geburtstag von Maria, der Mutter von Jesus Christus\" \/>\n<meta name=\"robots\" content=\"index, follow, max-snippet:-1, max-image-preview:large, max-video-preview:-1\" \/>\n<link rel=\"canonical\" href=\"https:\/\/ifamnews.com\/de\/donald-trump-ehrt-den-geburtstag-der-jungfrau-maria-auf-der-social-media-plattform-truth-social\" \/>\n<meta property=\"og:locale\" content=\"de_DE\" \/>\n<meta property=\"og:type\" content=\"article\" \/>\n<meta property=\"og:title\" content=\"Donald Trump ehrt den Geburtstag der Jungfrau Maria auf der Social Media Plattform Truth Social\" \/>\n<meta property=\"og:description\" content=\"Der ehemalige Pr\u00e4sident Donald Trump nahm sich am Wochenende Zeit, um einen bedeutenden Tag im christlichen Kalender zu ehren - den Geburtstag von Maria, der Mutter von Jesus Christus\" \/>\n<meta property=\"og:url\" content=\"https:\/\/ifamnews.com\/de\/donald-trump-ehrt-den-geburtstag-der-jungfrau-maria-auf-der-social-media-plattform-truth-social\" \/>\n<meta property=\"og:site_name\" content=\"IFN\" \/>\n<meta property=\"article:publisher\" content=\"https:\/\/www.facebook.com\/iFamNews\" \/>\n<meta property=\"article:author\" content=\"https:\/\/www.facebook.com\/iFamNews\/\" \/>\n<meta property=\"article:published_time\" content=\"2024-09-16T17:00:00+00:00\" \/>\n<meta property=\"article:modified_time\" content=\"2024-10-02T17:16:00+00:00\" \/>\n<meta property=\"og:image\" content=\"https:\/\/ifamnews.com\/wp-content\/uploads\/2024\/10\/Untitled-design-2024-10-02T125703.688.png\" \/>\n\t<meta property=\"og:image:width\" content=\"1200\" \/>\n\t<meta property=\"og:image:height\" content=\"675\" \/>\n\t<meta property=\"og:image:type\" content=\"image\/png\" \/>\n<meta name=\"author\" content=\"IFN English\" \/>\n<meta name=\"twitter:card\" content=\"summary_large_image\" \/>\n<meta name=\"twitter:creator\" content=\"@https:\/\/twitter.com\/iFamNewsEN\" \/>\n<meta name=\"twitter:site\" content=\"@iFamNewsEN\" \/>\n<meta name=\"twitter:label1\" content=\"Verfasst von\" \/>\n\t<meta name=\"twitter:data1\" content=\"iFamNews Redaktion\" \/>\n\t<meta name=\"twitter:label2\" content=\"Gesch\u00e4tzte Lesezeit\" \/>\n\t<meta name=\"twitter:data2\" content=\"2\u00a0Minuten\" \/>\n<!-- \/ Yoast SEO Premium plugin. -->","yoast_head_json":{"title":"Donald Trump ehrt den Geburtstag der Jungfrau Maria auf der Social Media Plattform Truth Social - IFN","description":"Der ehemalige Pr\u00e4sident Donald Trump nahm sich am Wochenende Zeit, um einen bedeutenden Tag im christlichen Kalender zu ehren - den Geburtstag von Maria, der Mutter von Jesus Christus","robots":{"index":"index","follow":"follow","max-snippet":"max-snippet:-1","max-image-preview":"max-image-preview:large","max-video-preview":"max-video-preview:-1"},"canonical":"https:\/\/ifamnews.com\/de\/donald-trump-ehrt-den-geburtstag-der-jungfrau-maria-auf-der-social-media-plattform-truth-social","og_locale":"de_DE","og_type":"article","og_title":"Donald Trump ehrt den Geburtstag der Jungfrau Maria auf der Social Media Plattform Truth Social","og_description":"Der ehemalige Pr\u00e4sident Donald Trump nahm sich am Wochenende Zeit, um einen bedeutenden Tag im christlichen Kalender zu ehren - den Geburtstag von Maria, der Mutter von Jesus Christus","og_url":"https:\/\/ifamnews.com\/de\/donald-trump-ehrt-den-geburtstag-der-jungfrau-maria-auf-der-social-media-plattform-truth-social","og_site_name":"IFN","article_publisher":"https:\/\/www.facebook.com\/iFamNews","article_author":"https:\/\/www.facebook.com\/iFamNews\/","article_published_time":"2024-09-16T17:00:00+00:00","article_modified_time":"2024-10-02T17:16:00+00:00","og_image":[{"width":1200,"height":675,"url":"https:\/\/ifamnews.com\/wp-content\/uploads\/2024\/10\/Untitled-design-2024-10-02T125703.688.png","type":"image\/png"}],"author":"IFN English","twitter_card":"summary_large_image","twitter_creator":"@https:\/\/twitter.com\/iFamNewsEN","twitter_site":"@iFamNewsEN","twitter_misc":{"Verfasst von":"iFamNews Redaktion","Gesch\u00e4tzte Lesezeit":"2\u00a0Minuten"},"schema":{"@context":"https:\/\/schema.org","@graph":[{"@type":"NewsArticle","@id":"https:\/\/ifamnews.com\/de\/donald-trump-ehrt-den-geburtstag-der-jungfrau-maria-auf-der-social-media-plattform-truth-social#article","isPartOf":{"@id":"https:\/\/ifamnews.com\/de\/donald-trump-ehrt-den-geburtstag-der-jungfrau-maria-auf-der-social-media-plattform-truth-social"},"author":{"name":"IFN English","@id":"https:\/\/ifamnews.com\/en\/#\/schema\/person\/633bdb7ac2496c9b9304ce62d071cdfa"},"headline":"Donald Trump ehrt den Geburtstag der Jungfrau Maria auf der Social Media Plattform Truth Social","datePublished":"2024-09-16T17:00:00+00:00","dateModified":"2024-10-02T17:16:00+00:00","mainEntityOfPage":{"@id":"https:\/\/ifamnews.com\/de\/donald-trump-ehrt-den-geburtstag-der-jungfrau-maria-auf-der-social-media-plattform-truth-social"},"wordCount":303,"commentCount":0,"publisher":{"@id":"https:\/\/ifamnews.com\/en\/#organization"},"image":{"@id":"https:\/\/ifamnews.com\/de\/donald-trump-ehrt-den-geburtstag-der-jungfrau-maria-auf-der-social-media-plattform-truth-social#primaryimage"},"thumbnailUrl":"https:\/\/ifamnews.com\/wp-content\/uploads\/2024\/10\/Untitled-design-2024-10-02T125703.688.png","keywords":["Jungfrau Maria","Trump"],"articleSection":["Breaking News","Politik","Vordergrund"],"inLanguage":"de","potentialAction":[{"@type":"CommentAction","name":"Comment","target":["https:\/\/ifamnews.com\/de\/donald-trump-ehrt-den-geburtstag-der-jungfrau-maria-auf-der-social-media-plattform-truth-social#respond"]}]},{"@type":"WebPage","@id":"https:\/\/ifamnews.com\/de\/donald-trump-ehrt-den-geburtstag-der-jungfrau-maria-auf-der-social-media-plattform-truth-social","url":"https:\/\/ifamnews.com\/de\/donald-trump-ehrt-den-geburtstag-der-jungfrau-maria-auf-der-social-media-plattform-truth-social","name":"Donald Trump ehrt den Geburtstag der Jungfrau Maria auf der Social Media Plattform Truth Social - IFN","isPartOf":{"@id":"https:\/\/ifamnews.com\/en\/#website"},"primaryImageOfPage":{"@id":"https:\/\/ifamnews.com\/de\/donald-trump-ehrt-den-geburtstag-der-jungfrau-maria-auf-der-social-media-plattform-truth-social#primaryimage"},"image":{"@id":"https:\/\/ifamnews.com\/de\/donald-trump-ehrt-den-geburtstag-der-jungfrau-maria-auf-der-social-media-plattform-truth-social#primaryimage"},"thumbnailUrl":"https:\/\/ifamnews.com\/wp-content\/uploads\/2024\/10\/Untitled-design-2024-10-02T125703.688.png","datePublished":"2024-09-16T17:00:00+00:00","dateModified":"2024-10-02T17:16:00+00:00","description":"Der ehemalige Pr\u00e4sident Donald Trump nahm sich am Wochenende Zeit, um einen bedeutenden Tag im christlichen Kalender zu ehren - den Geburtstag von Maria, der Mutter von Jesus Christus","breadcrumb":{"@id":"https:\/\/ifamnews.com\/de\/donald-trump-ehrt-den-geburtstag-der-jungfrau-maria-auf-der-social-media-plattform-truth-social#breadcrumb"},"inLanguage":"de","potentialAction":[{"@type":"ReadAction","target":["https:\/\/ifamnews.com\/de\/donald-trump-ehrt-den-geburtstag-der-jungfrau-maria-auf-der-social-media-plattform-truth-social"]}]},{"@type":"ImageObject","inLanguage":"de","@id":"https:\/\/ifamnews.com\/de\/donald-trump-ehrt-den-geburtstag-der-jungfrau-maria-auf-der-social-media-plattform-truth-social#primaryimage","url":"https:\/\/ifamnews.com\/wp-content\/uploads\/2024\/10\/Untitled-design-2024-10-02T125703.688.png","contentUrl":"https:\/\/ifamnews.com\/wp-content\/uploads\/2024\/10\/Untitled-design-2024-10-02T125703.688.png","width":1200,"height":675},{"@type":"BreadcrumbList","@id":"https:\/\/ifamnews.com\/de\/donald-trump-ehrt-den-geburtstag-der-jungfrau-maria-auf-der-social-media-plattform-truth-social#breadcrumb","itemListElement":[{"@type":"ListItem","position":1,"name":"Home","item":"https:\/\/ifamnews.com\/de"},{"@type":"ListItem","position":2,"name":"Politics","item":"https:\/\/ifamnews.com\/en\/category\/politics"},{"@type":"ListItem","position":3,"name":"Donald Trump ehrt den Geburtstag der Jungfrau Maria auf der Social Media Plattform Truth Social"}]},{"@type":"WebSite","@id":"https:\/\/ifamnews.com\/en\/#website","url":"https:\/\/ifamnews.com\/en\/","name":"IFN","description":"International Family News Network","publisher":{"@id":"https:\/\/ifamnews.com\/en\/#organization"},"potentialAction":[{"@type":"SearchAction","target":{"@type":"EntryPoint","urlTemplate":"https:\/\/ifamnews.com\/en\/?s={search_term_string}"},"query-input":{"@type":"PropertyValueSpecification","valueRequired":true,"valueName":"search_term_string"}}],"inLanguage":"de"},{"@type":"Organization","@id":"https:\/\/ifamnews.com\/en\/#organization","name":"iFamNews","url":"https:\/\/ifamnews.com\/en\/","logo":{"@type":"ImageObject","inLanguage":"de","@id":"https:\/\/ifamnews.com\/en\/#\/schema\/logo\/image\/","url":"https:\/\/ifamnews.com\/wp-content\/uploads\/2020\/01\/Share-logo.png","contentUrl":"https:\/\/ifamnews.com\/wp-content\/uploads\/2020\/01\/Share-logo.png","width":200,"height":200,"caption":"iFamNews"},"image":{"@id":"https:\/\/ifamnews.com\/en\/#\/schema\/logo\/image\/"},"sameAs":["https:\/\/www.facebook.com\/iFamNews","https:\/\/x.com\/iFamNewsEN"]},{"@type":"Person","@id":"https:\/\/ifamnews.com\/en\/#\/schema\/person\/633bdb7ac2496c9b9304ce62d071cdfa","name":"IFN English","image":{"@type":"ImageObject","inLanguage":"de","@id":"https:\/\/secure.gravatar.com\/avatar\/6f16ce95b558ae6f6eb9ae2f68122482a2c61696af2a8fc343c2e10f981a959d?s=96&d=mm&r=g","url":"https:\/\/secure.gravatar.com\/avatar\/6f16ce95b558ae6f6eb9ae2f68122482a2c61696af2a8fc343c2e10f981a959d?s=96&d=mm&r=g","contentUrl":"https:\/\/secure.gravatar.com\/avatar\/6f16ce95b558ae6f6eb9ae2f68122482a2c61696af2a8fc343c2e10f981a959d?s=96&d=mm&r=g","caption":"IFN English"},"description":"Articles published by the English iFamNews editorial team.","sameAs":["https:\/\/ifamnews.com\/en","https:\/\/www.facebook.com\/iFamNews\/","https:\/\/x.com\/https:\/\/twitter.com\/iFamNewsEN","https:\/\/www.youtube.com\/channel\/UCMVyIt4z9BANW3d09kwfUpw"],"url":"https:\/\/ifamnews.com\/de\/author\/ifamnews-staff"}]}},"amp_enabled":true,"_links":{"self":[{"href":"https:\/\/ifamnews.com\/de\/wp-json\/wp\/v2\/posts\/250306","targetHints":{"allow":["GET"]}}],"collection":[{"href":"https:\/\/ifamnews.com\/de\/wp-json\/wp\/v2\/posts"}],"about":[{"href":"https:\/\/ifamnews.com\/de\/wp-json\/wp\/v2\/types\/post"}],"author":[{"embeddable":true,"href":"https:\/\/ifamnews.com\/de\/wp-json\/wp\/v2\/users\/593"}],"replies":[{"embeddable":true,"href":"https:\/\/ifamnews.com\/de\/wp-json\/wp\/v2\/comments?post=250306"}],"version-history":[{"count":1,"href":"https:\/\/ifamnews.com\/de\/wp-json\/wp\/v2\/posts\/250306\/revisions"}],"predecessor-version":[{"id":250309,"href":"https:\/\/ifamnews.com\/de\/wp-json\/wp\/v2\/posts\/250306\/revisions\/250309"}],"wp:featuredmedia":[{"embeddable":true,"href":"https:\/\/ifamnews.com\/de\/wp-json\/wp\/v2\/media\/250298"}],"wp:attachment":[{"href":"https:\/\/ifamnews.com\/de\/wp-json\/wp\/v2\/media?parent=250306"}],"wp:term":[{"taxonomy":"category","embeddable":true,"href":"https:\/\/ifamnews.com\/de\/wp-json\/wp\/v2\/categories?post=250306"},{"taxonomy":"post_tag","embeddable":true,"href":"https:\/\/ifamnews.com\/de\/wp-json\/wp\/v2\/tags?post=250306"}],"curies":[{"name":"wp","href":"https:\/\/api.w.org\/{rel}","templated":true}]}}