{"id":245564,"date":"2024-07-12T05:25:02","date_gmt":"2024-07-12T09:25:02","guid":{"rendered":"https:\/\/ifamnews.com\/?p=245564"},"modified":"2024-07-12T05:25:42","modified_gmt":"2024-07-12T09:25:42","slug":"nat-rlich-grundlegend-und-unverzichtbar-die-gemeinsame-erkl-rung-der-iof-zur-familie-f-r-das-hochrangige-politische-forum-der-uno-2024","status":"publish","type":"post","link":"https:\/\/ifamnews.com\/de\/nat-rlich-grundlegend-und-unverzichtbar-die-gemeinsame-erkl-rung-der-iof-zur-familie-f-r-das-hochrangige-politische-forum-der-uno-2024","title":{"rendered":"Nat\u00fcrlich, grundlegend und unverzichtbar: Die gemeinsame Erkl\u00e4rung der IOF zur Familie f\u00fcr das Hochrangige Politische Forum der UNO 2024"},"content":{"rendered":"\n<p><em>Die IOF hat die folgende Erkl\u00e4rung, der sich Organisationen auf der ganzen Welt angeschlossen haben, allen UN-Botschaftern in New York anl\u00e4sslich der 12. Sitzung des Hochrangigen Politischen Forums f\u00fcr nachhaltige Entwicklung vom 8. bis 17. Juli 2024 vorgelegt.<\/em><\/p>\n\n\n\n<p>Sehr geehrte Exzellenz:<\/p>\n\n\n\n<p>Wir danken Ihnen f\u00fcr Ihre wichtige Arbeit auf der Tagung des Hochrangigen Politischen Forums f\u00fcr nachhaltige Entwicklung 2024 und begr\u00fc\u00dfen den Schwerpunkt <strong>&#8222;St\u00e4rkung der Agenda 2030 f\u00fcr nachhaltige Entwicklung und Beseitigung der Armut in Zeiten multipler Krisen&#8220;: Die effektive Bereitstellung nachhaltiger, widerstandsf\u00e4higer und innovativer L\u00f6sungen&#8220;.<\/strong><\/p>\n\n\n\n<p>Angesichts solcher Krisen, die auf tragische Weise zu den bereits mehr als 700 Millionen in extremer Armut lebenden Menschen hinzukommen, und angesichts der Sch\u00e4tzung des letztj\u00e4hrigen HLPF, dass nur 12% der Ziele f\u00fcr nachhaltige Entwicklung auf dem richtigen Weg sind, erkennen wir die Dringlichkeit eines beschleunigten Fortschritts. Wir sind uns auch dar\u00fcber im Klaren, dass die komplexe Natur dieser Krisen &#8211; einschlie\u00dflich Pandemien, Kriege, geopolitische Spannungen und Klimakatastrophen &#8211; notwendigerweise vielschichtige Strategien und nuancierte Ans\u00e4tze erfordert.<\/p>\n\n\n\n<p>Aber so wie der Erfolg in einem Mehrfrontenkrieg eine Regierungsstrategie erfordert, statt sich nur auf das Gewinnen einzelner Schlachten zu verlassen, glauben wir, dass die endg\u00fcltige Verwirklichung der SDGs auf der \u00fcbergreifenden Wahrheit beruhen muss, die Michael Novak, US-Botschafter bei der Menschenrechtskommission, erkannt hat: &#8222;<strong>Die Rolle des Vaters und der Mutter und die Beziehung der Kinder zu ihnen ist das absolut entscheidende Zentrum der sozialen Kraft<\/strong>&#8220; und &#8222;<strong>Politische und soziale Planung in einer weisen Gesellschaftsordnung beginnt mit dem Axiom &#8218;Was die Familie st\u00e4rkt, st\u00e4rkt die Gesellschaft.'&#8220;<\/strong><\/p>\n\n\n\n<p>Der moldawische Pr\u00e4sident Igor Dodon erkl\u00e4rte in \u00e4hnlicher Weise: &#8222;<strong>Die Familie ist die wichtigste gesellschaftliche Institution<\/strong>.&#8220; Ihre Hoheit Sheikha Moza bint Nasser von Katar erkl\u00e4rte: &#8222;<strong>Die Familie ist die treibende Kraft hinter sozialem Fortschritt und Entwicklung<\/strong>.&#8220; Botschafter Iftekhar Chowdhury aus Bangladesch bezeichnete die Familie als &#8222;<strong>das wichtigste Instrument des gesellschaftlichen Wandels<\/strong>&#8222;. Und die f\u00fcnfundzwanzig Nationen der Gruppe der Freunde der Familie bekr\u00e4ftigten dies,<\/p>\n\n\n\n<blockquote class=\"wp-block-quote is-layout-flow wp-block-quote-is-layout-flow\">\n<p><strong>Wir erkennen die entscheidende Rolle der Familie bei der Verwirklichung der international vereinbarten Entwicklungsziele an und bekr\u00e4ftigen unsere Verpflichtung, den Beitrag der Familien zu den Bem\u00fchungen um die Verwirklichung nachhaltiger Entwicklungsziele zu st\u00e4rken, indem wir eine familienorientierte Politik f\u00f6rdern und den Bed\u00fcrfnissen und Priorit\u00e4ten der Familie auf nationaler und internationaler Ebene Priorit\u00e4t einr\u00e4umen.<\/strong><\/p>\n<\/blockquote>\n\n\n\n<p>Die bei weitem verbindlichste Erkl\u00e4rung \u00fcber das Wesen der Familie und ihre unverzichtbare Rolle wurde jedoch von den Vereinten Nationen in der Allgemeinen Erkl\u00e4rung der Menschenrechte abgegeben: &#8222;<strong>Die Familie ist die nat\u00fcrliche und grundlegende Gruppeneinheit der Gesellschaft und hat Anspruch auf Schutz durch die Gesellschaft und den Staat<\/strong>&#8220; (Artikel 16.3).<\/p>\n\n\n\n<p>W\u00e4hrend die AEMR das Niveau des Schutzes, auf den die Familie Anspruch hat, nicht spezifiziert, l\u00e4sst der Internationale Pakt \u00fcber wirtschaftliche, soziale und kulturelle Rechte keinen Zweifel: &#8222;Der<strong>Familie, die die nat\u00fcrliche und grundlegende Gruppeneinheit der Gesellschaft ist, ist der gr\u00f6\u00dftm\u00f6gliche Schutz und Beistand<\/strong>zu gew\u00e4hren&#8220; (Artikel 10.1). Das Gewicht dieser B\u00fcndnisverpflichtung wurde von dem US-Vertreter Wade Horn in seiner Rede vor der Generalversammlung anl\u00e4sslich des 10. Jahrestages des Internationalen Jahres der Familie hervorgehoben: &#8222;<strong>Die oberste Pflicht des Staates ist es, die Familie als Institution zu respektieren, zu verteidigen und zu sch\u00fctzen.<\/strong>&#8222;<\/p>\n\n\n\n<p><strong>Wir sind \u00fcberzeugt, dass die nat\u00fcrliche Familie in der Tat das Fundament der Gesellschaft, die St\u00e4rke unserer Nationen und die Hoffnung der Menschheit ist und die unverzichtbare Grundlage f\u00fcr eine nachhaltige Entwicklung darstellt.<\/strong> Um die Integration der zentralen Rolle der Familie in die Pl\u00e4ne des diesj\u00e4hrigen HLPF zu erleichtern, machen wir Sie auf zwei B\u00fccher zum Thema Familienkapital aufmerksam, die beide in der Dag Hammarskj\u00f6ld Bibliothek und auch online unter <a href=\"http:\/\/www.familycapital17sdgs.org\" target=\"_blank\" rel=\"noreferrer noopener\">www.familycapital17sdgs.org<\/a> erh\u00e4ltlich sind <a href=\"http:\/\/www.familycapital17sdgs.org\" target=\"_blank\" rel=\"noreferrer noopener\">.<\/a> Wir bieten Ihnen au\u00dferdem die folgenden Vorschl\u00e4ge.<\/p>\n\n\n\n<ul class=\"wp-block-list\">\n<li>Systematische Einbeziehung der Familie in die Pl\u00e4ne und Programme zur Beseitigung der Armut und zur Erreichung einer nachhaltigen Entwicklung.<\/li>\n\n\n\n<li>Bekr\u00e4ftigung der einzigartigen und unersetzlichen Beitr\u00e4ge von M\u00fcttern und V\u00e4tern zum Leben ihrer Kinder, mit besonderem Augenmerk auf die verantwortungsvolle und f\u00fcrsorgliche Vaterschaft.<\/li>\n\n\n\n<li>Konzentrieren Sie sich auf die St\u00e4rkung gesunder Ehen und die F\u00f6rderung von ehelicher Stabilit\u00e4t und Treue.<\/li>\n\n\n\n<li>Die F\u00f6rderung und St\u00e4rkung von funktionierenden, n\u00e4hrenden Familien als sicherster Schutz von Mutterschaft und Kindheit.<\/li>\n\n\n\n<li>Besondere Unterst\u00fctzung f\u00fcr vertriebene Familien, alleinstehende M\u00fctter mit Kindern und Kinder ohne Eltern.<\/li>\n<\/ul>\n\n\n\n<p>Nochmals vielen Dank f\u00fcr Ihre selbstlose Arbeit, mit der Sie versuchen, das Leid der Menschheit zu lindern. Wir beten f\u00fcr Ihren Erfolg.<\/p>\n\n\n\n<p>Hochachtungsvoll,<\/p>\n\n\n\n<ul class=\"wp-block-list\">\n<li><em>Internationale Organisation f\u00fcr die Familie<\/em><\/li>\n\n\n\n<li><em>Vereinigte Familien International<\/em><\/li>\n\n\n\n<li><em>Zentrum f\u00fcr Familie und Menschenrechte<\/em><\/li>\n\n\n\n<li><em>Universelle Friedensf\u00f6deration<\/em><\/li>\n\n\n\n<li><em>American Family Advocates<\/em><\/li>\n\n\n\n<li><em>CitizenGO, Spanien<\/em><\/li>\n\n\n\n<li><em>Lateinamerikanische Allianz f\u00fcr die Familie<\/em> <\/li>\n\n\n\n<li><em>Institut f\u00fcr Familienpolitik<\/em><\/li>\n\n\n\n<li><em>Family First, Neuseeland<\/em><\/li>\n\n\n\n<li><em>HazteOir, Spanien<\/em><\/li>\n\n\n\n<li><em>REAL Women of Canada<\/em><\/li>\n\n\n\n<li><em>FamilyPolicy.RU Advocacy-Gruppe, Russland<\/em><\/li>\n\n\n\n<li><em>Verband f\u00fcr Vaterschaft und Familien der amerikanischen Ureinwohner<\/em><\/li>\n<\/ul>\n","protected":false},"excerpt":{"rendered":"<p>Wir sind \u00fcberzeugt, dass die nat\u00fcrliche Familie das Fundament der Gesellschaft, die St\u00e4rke unserer Nationen und die Hoffnung der Menschheit ist.<\/p>\n","protected":false},"author":30,"featured_media":100862,"comment_status":"open","ping_status":"open","sticky":false,"template":"","format":"standard","meta":{"give_campaign_id":0,"om_disable_all_campaigns":false,"_monsterinsights_skip_tracking":false,"_monsterinsights_sitenote_active":false,"_monsterinsights_sitenote_note":"","_monsterinsights_sitenote_category":0,"mc4wp_mailchimp_campaign":[],"jnews-multi-image_gallery":[],"jnews_single_post":{"subtitle":"Wir sind \u00fcberzeugt, dass die nat\u00fcrliche Familie das Fundament der Gesellschaft, die St\u00e4rke unserer Nationen und die Hoffnung der Menschheit ist.","format":"standard","video":"","gallery":"","source_name":"","source_url":"","via_name":"","via_url":"","override_template":"0","override":[{"template":"2","single_blog_custom":"","parallax":"1","fullscreen":"1","layout":"right-sidebar-narrow","sidebar":"default-sidebar","second_sidebar":"default-sidebar","sticky_sidebar":"1","share_position":"float","share_float_style":"share-normal","show_share_counter":"1","show_view_counter":"1","show_featured":"1","show_post_meta":"1","show_post_author":"1","show_post_author_image":"1","show_post_date":"1","post_date_format":"default","post_date_format_custom":"Y\/m\/d","show_post_category":"1","show_post_reading_time":"1","post_reading_time_wpm":"300","show_zoom_button":"0","zoom_button_out_step":"2","zoom_button_in_step":"3","show_post_tag":"1","show_prev_next_post":"0","show_popup_post":"0","number_popup_post":"1","show_author_box":"1","show_post_related":"0","show_inline_post_related":"0"}],"override_image_size":"0","image_override":[{"single_post_thumbnail_size":"crop-715","single_post_gallery_size":"crop-715"}],"trending_post":"0","trending_post_position":"meta","trending_post_label":"Trending","sponsored_post":"0","sponsored_post_label":"Sponsored by","sponsored_post_name":"","sponsored_post_url":"","sponsored_post_logo_enable":"0","sponsored_post_logo":"","sponsored_post_desc":"","disable_ad":"0"},"jnews_primary_category":{"id":"770","hide":""},"jnews_social_meta":[],"jnews_override_counter":[],"footnotes":""},"categories":[816,770,811],"tags":[11178,13205,8684,8685],"class_list":["post-245564","post","type-post","status-publish","format-standard","has-post-thumbnail","hentry","category-breaking-news-de","category-familie","category-foreground-de","tag-familienpolitik-de","tag-iof-de","tag-sustainable-development-goals-de","tag-united-nations-de"],"yoast_head":"<!-- This site is optimized with the Yoast SEO Premium plugin v25.9 (Yoast SEO v27.3) - https:\/\/yoast.com\/product\/yoast-seo-premium-wordpress\/ -->\n<title>Nat\u00fcrlich, grundlegend und unverzichtbar: Die gemeinsame Erkl\u00e4rung der IOF zur Familie f\u00fcr das Hochrangige Politische Forum der UNO 2024 - IFN<\/title>\n<meta name=\"description\" content=\"Wir sind \u00fcberzeugt, dass die nat\u00fcrliche Familie das Fundament der Gesellschaft, die St\u00e4rke unserer Nationen und die Hoffnung der Menschheit ist.\" \/>\n<meta name=\"robots\" content=\"index, follow, max-snippet:-1, max-image-preview:large, max-video-preview:-1\" \/>\n<link rel=\"canonical\" href=\"https:\/\/ifamnews.com\/de\/nat-rlich-grundlegend-und-unverzichtbar-die-gemeinsame-erkl-rung-der-iof-zur-familie-f-r-das-hochrangige-politische-forum-der-uno-2024\" \/>\n<meta property=\"og:locale\" content=\"de_DE\" \/>\n<meta property=\"og:type\" content=\"article\" \/>\n<meta property=\"og:title\" content=\"Nat\u00fcrlich, grundlegend und unverzichtbar: Die gemeinsame Erkl\u00e4rung der IOF zur Familie f\u00fcr das Hochrangige Politische Forum der UNO 2024\" \/>\n<meta property=\"og:description\" content=\"Wir sind \u00fcberzeugt, dass die nat\u00fcrliche Familie das Fundament der Gesellschaft, die St\u00e4rke unserer Nationen und die Hoffnung der Menschheit ist.\" \/>\n<meta property=\"og:url\" content=\"https:\/\/ifamnews.com\/de\/nat-rlich-grundlegend-und-unverzichtbar-die-gemeinsame-erkl-rung-der-iof-zur-familie-f-r-das-hochrangige-politische-forum-der-uno-2024\" \/>\n<meta property=\"og:site_name\" content=\"IFN\" \/>\n<meta property=\"article:publisher\" content=\"https:\/\/www.facebook.com\/iFamNews\" \/>\n<meta property=\"article:published_time\" content=\"2024-07-12T09:25:02+00:00\" \/>\n<meta property=\"article:modified_time\" content=\"2024-07-12T09:25:42+00:00\" \/>\n<meta property=\"og:image\" content=\"https:\/\/ifamnews.com\/wp-content\/uploads\/2021\/10\/united-nations.jpg\" \/>\n\t<meta property=\"og:image:width\" content=\"1200\" \/>\n\t<meta property=\"og:image:height\" content=\"675\" \/>\n\t<meta property=\"og:image:type\" content=\"image\/jpeg\" \/>\n<meta name=\"author\" content=\"E. Douglas Clark\" \/>\n<meta name=\"twitter:card\" content=\"summary_large_image\" \/>\n<meta name=\"twitter:creator\" content=\"@iFamNewsEN\" \/>\n<meta name=\"twitter:site\" content=\"@iFamNewsEN\" \/>\n<meta name=\"twitter:label1\" content=\"Verfasst von\" \/>\n\t<meta name=\"twitter:data1\" content=\"E. Douglas Clark\" \/>\n\t<meta name=\"twitter:label2\" content=\"Gesch\u00e4tzte Lesezeit\" \/>\n\t<meta name=\"twitter:data2\" content=\"5\u00a0Minuten\" \/>\n<!-- \/ Yoast SEO Premium plugin. -->","yoast_head_json":{"title":"Nat\u00fcrlich, grundlegend und unverzichtbar: Die gemeinsame Erkl\u00e4rung der IOF zur Familie f\u00fcr das Hochrangige Politische Forum der UNO 2024 - IFN","description":"Wir sind \u00fcberzeugt, dass die nat\u00fcrliche Familie das Fundament der Gesellschaft, die St\u00e4rke unserer Nationen und die Hoffnung der Menschheit ist.","robots":{"index":"index","follow":"follow","max-snippet":"max-snippet:-1","max-image-preview":"max-image-preview:large","max-video-preview":"max-video-preview:-1"},"canonical":"https:\/\/ifamnews.com\/de\/nat-rlich-grundlegend-und-unverzichtbar-die-gemeinsame-erkl-rung-der-iof-zur-familie-f-r-das-hochrangige-politische-forum-der-uno-2024","og_locale":"de_DE","og_type":"article","og_title":"Nat\u00fcrlich, grundlegend und unverzichtbar: Die gemeinsame Erkl\u00e4rung der IOF zur Familie f\u00fcr das Hochrangige Politische Forum der UNO 2024","og_description":"Wir sind \u00fcberzeugt, dass die nat\u00fcrliche Familie das Fundament der Gesellschaft, die St\u00e4rke unserer Nationen und die Hoffnung der Menschheit ist.","og_url":"https:\/\/ifamnews.com\/de\/nat-rlich-grundlegend-und-unverzichtbar-die-gemeinsame-erkl-rung-der-iof-zur-familie-f-r-das-hochrangige-politische-forum-der-uno-2024","og_site_name":"IFN","article_publisher":"https:\/\/www.facebook.com\/iFamNews","article_published_time":"2024-07-12T09:25:02+00:00","article_modified_time":"2024-07-12T09:25:42+00:00","og_image":[{"width":1200,"height":675,"url":"https:\/\/ifamnews.com\/wp-content\/uploads\/2021\/10\/united-nations.jpg","type":"image\/jpeg"}],"author":"E. Douglas Clark","twitter_card":"summary_large_image","twitter_creator":"@iFamNewsEN","twitter_site":"@iFamNewsEN","twitter_misc":{"Verfasst von":"E. Douglas Clark","Gesch\u00e4tzte Lesezeit":"5\u00a0Minuten"},"schema":{"@context":"https:\/\/schema.org","@graph":[{"@type":"NewsArticle","@id":"https:\/\/ifamnews.com\/de\/nat-rlich-grundlegend-und-unverzichtbar-die-gemeinsame-erkl-rung-der-iof-zur-familie-f-r-das-hochrangige-politische-forum-der-uno-2024#article","isPartOf":{"@id":"https:\/\/ifamnews.com\/de\/nat-rlich-grundlegend-und-unverzichtbar-die-gemeinsame-erkl-rung-der-iof-zur-familie-f-r-das-hochrangige-politische-forum-der-uno-2024"},"author":{"name":"E. Douglas Clark","@id":"https:\/\/ifamnews.com\/en\/#\/schema\/person\/004a3a3e14cfb4420066c3d177785019"},"headline":"Nat\u00fcrlich, grundlegend und unverzichtbar: Die gemeinsame Erkl\u00e4rung der IOF zur Familie f\u00fcr das Hochrangige Politische Forum der UNO 2024","datePublished":"2024-07-12T09:25:02+00:00","dateModified":"2024-07-12T09:25:42+00:00","mainEntityOfPage":{"@id":"https:\/\/ifamnews.com\/de\/nat-rlich-grundlegend-und-unverzichtbar-die-gemeinsame-erkl-rung-der-iof-zur-familie-f-r-das-hochrangige-politische-forum-der-uno-2024"},"wordCount":832,"commentCount":0,"publisher":{"@id":"https:\/\/ifamnews.com\/en\/#organization"},"image":{"@id":"https:\/\/ifamnews.com\/de\/nat-rlich-grundlegend-und-unverzichtbar-die-gemeinsame-erkl-rung-der-iof-zur-familie-f-r-das-hochrangige-politische-forum-der-uno-2024#primaryimage"},"thumbnailUrl":"https:\/\/ifamnews.com\/wp-content\/uploads\/2021\/10\/united-nations.jpg","keywords":["Familienpolitik","IOF","Sustainable Development Goals","United Nations"],"articleSection":["Breaking News","Familie","Vordergrund"],"inLanguage":"de","potentialAction":[{"@type":"CommentAction","name":"Comment","target":["https:\/\/ifamnews.com\/de\/nat-rlich-grundlegend-und-unverzichtbar-die-gemeinsame-erkl-rung-der-iof-zur-familie-f-r-das-hochrangige-politische-forum-der-uno-2024#respond"]}]},{"@type":"WebPage","@id":"https:\/\/ifamnews.com\/de\/nat-rlich-grundlegend-und-unverzichtbar-die-gemeinsame-erkl-rung-der-iof-zur-familie-f-r-das-hochrangige-politische-forum-der-uno-2024","url":"https:\/\/ifamnews.com\/de\/nat-rlich-grundlegend-und-unverzichtbar-die-gemeinsame-erkl-rung-der-iof-zur-familie-f-r-das-hochrangige-politische-forum-der-uno-2024","name":"Nat\u00fcrlich, grundlegend und unverzichtbar: Die gemeinsame Erkl\u00e4rung der IOF zur Familie f\u00fcr das Hochrangige Politische Forum der UNO 2024 - IFN","isPartOf":{"@id":"https:\/\/ifamnews.com\/en\/#website"},"primaryImageOfPage":{"@id":"https:\/\/ifamnews.com\/de\/nat-rlich-grundlegend-und-unverzichtbar-die-gemeinsame-erkl-rung-der-iof-zur-familie-f-r-das-hochrangige-politische-forum-der-uno-2024#primaryimage"},"image":{"@id":"https:\/\/ifamnews.com\/de\/nat-rlich-grundlegend-und-unverzichtbar-die-gemeinsame-erkl-rung-der-iof-zur-familie-f-r-das-hochrangige-politische-forum-der-uno-2024#primaryimage"},"thumbnailUrl":"https:\/\/ifamnews.com\/wp-content\/uploads\/2021\/10\/united-nations.jpg","datePublished":"2024-07-12T09:25:02+00:00","dateModified":"2024-07-12T09:25:42+00:00","description":"Wir sind \u00fcberzeugt, dass die nat\u00fcrliche Familie das Fundament der Gesellschaft, die St\u00e4rke unserer Nationen und die Hoffnung der Menschheit ist.","breadcrumb":{"@id":"https:\/\/ifamnews.com\/de\/nat-rlich-grundlegend-und-unverzichtbar-die-gemeinsame-erkl-rung-der-iof-zur-familie-f-r-das-hochrangige-politische-forum-der-uno-2024#breadcrumb"},"inLanguage":"de","potentialAction":[{"@type":"ReadAction","target":["https:\/\/ifamnews.com\/de\/nat-rlich-grundlegend-und-unverzichtbar-die-gemeinsame-erkl-rung-der-iof-zur-familie-f-r-das-hochrangige-politische-forum-der-uno-2024"]}]},{"@type":"ImageObject","inLanguage":"de","@id":"https:\/\/ifamnews.com\/de\/nat-rlich-grundlegend-und-unverzichtbar-die-gemeinsame-erkl-rung-der-iof-zur-familie-f-r-das-hochrangige-politische-forum-der-uno-2024#primaryimage","url":"https:\/\/ifamnews.com\/wp-content\/uploads\/2021\/10\/united-nations.jpg","contentUrl":"https:\/\/ifamnews.com\/wp-content\/uploads\/2021\/10\/united-nations.jpg","width":1200,"height":675},{"@type":"BreadcrumbList","@id":"https:\/\/ifamnews.com\/de\/nat-rlich-grundlegend-und-unverzichtbar-die-gemeinsame-erkl-rung-der-iof-zur-familie-f-r-das-hochrangige-politische-forum-der-uno-2024#breadcrumb","itemListElement":[{"@type":"ListItem","position":1,"name":"Home","item":"https:\/\/ifamnews.com\/de"},{"@type":"ListItem","position":2,"name":"Familia","item":"https:\/\/ifamnews.com\/es\/categoria\/familia"},{"@type":"ListItem","position":3,"name":"Nat\u00fcrlich, grundlegend und unverzichtbar: Die gemeinsame Erkl\u00e4rung der IOF zur Familie f\u00fcr das Hochrangige Politische Forum der UNO 2024"}]},{"@type":"WebSite","@id":"https:\/\/ifamnews.com\/en\/#website","url":"https:\/\/ifamnews.com\/en\/","name":"IFN","description":"International Family News Network","publisher":{"@id":"https:\/\/ifamnews.com\/en\/#organization"},"potentialAction":[{"@type":"SearchAction","target":{"@type":"EntryPoint","urlTemplate":"https:\/\/ifamnews.com\/en\/?s={search_term_string}"},"query-input":{"@type":"PropertyValueSpecification","valueRequired":true,"valueName":"search_term_string"}}],"inLanguage":"de"},{"@type":"Organization","@id":"https:\/\/ifamnews.com\/en\/#organization","name":"iFamNews","url":"https:\/\/ifamnews.com\/en\/","logo":{"@type":"ImageObject","inLanguage":"de","@id":"https:\/\/ifamnews.com\/en\/#\/schema\/logo\/image\/","url":"https:\/\/ifamnews.com\/wp-content\/uploads\/2020\/01\/Share-logo.png","contentUrl":"https:\/\/ifamnews.com\/wp-content\/uploads\/2020\/01\/Share-logo.png","width":200,"height":200,"caption":"iFamNews"},"image":{"@id":"https:\/\/ifamnews.com\/en\/#\/schema\/logo\/image\/"},"sameAs":["https:\/\/www.facebook.com\/iFamNews","https:\/\/x.com\/iFamNewsEN"]},{"@type":"Person","@id":"https:\/\/ifamnews.com\/en\/#\/schema\/person\/004a3a3e14cfb4420066c3d177785019","name":"E. Douglas Clark","image":{"@type":"ImageObject","inLanguage":"de","@id":"https:\/\/secure.gravatar.com\/avatar\/4f01991614cc9086457280e0279d7da9c1c6dd2774eca1bf16e9e24005c6feb0?s=96&d=mm&r=g","url":"https:\/\/secure.gravatar.com\/avatar\/4f01991614cc9086457280e0279d7da9c1c6dd2774eca1bf16e9e24005c6feb0?s=96&d=mm&r=g","contentUrl":"https:\/\/secure.gravatar.com\/avatar\/4f01991614cc9086457280e0279d7da9c1c6dd2774eca1bf16e9e24005c6feb0?s=96&d=mm&r=g","caption":"E. Douglas Clark"},"description":"E. Douglas Clark is an attorney and Director of UN and International Policy at the International Organization for the Family. For two decades Doug has been on the forefront of defending the family at the United Nations as a lobbyist and strategist, leading teams and consulting with policymakers in New York and around the world. His writings include the World Family Declaration and articles in The Natural Family: An International Journal of Research and Policy and Ave Maria International Law Journal. After earning MBA and JD degrees from Brigham Young University, he practiced banking law and served as director of content of the original Law.com.","url":"https:\/\/ifamnews.com\/de\/author\/dclarkifamnews-com"}]}},"amp_enabled":true,"_links":{"self":[{"href":"https:\/\/ifamnews.com\/de\/wp-json\/wp\/v2\/posts\/245564","targetHints":{"allow":["GET"]}}],"collection":[{"href":"https:\/\/ifamnews.com\/de\/wp-json\/wp\/v2\/posts"}],"about":[{"href":"https:\/\/ifamnews.com\/de\/wp-json\/wp\/v2\/types\/post"}],"author":[{"embeddable":true,"href":"https:\/\/ifamnews.com\/de\/wp-json\/wp\/v2\/users\/30"}],"replies":[{"embeddable":true,"href":"https:\/\/ifamnews.com\/de\/wp-json\/wp\/v2\/comments?post=245564"}],"version-history":[{"count":3,"href":"https:\/\/ifamnews.com\/de\/wp-json\/wp\/v2\/posts\/245564\/revisions"}],"predecessor-version":[{"id":245572,"href":"https:\/\/ifamnews.com\/de\/wp-json\/wp\/v2\/posts\/245564\/revisions\/245572"}],"wp:featuredmedia":[{"embeddable":true,"href":"https:\/\/ifamnews.com\/de\/wp-json\/wp\/v2\/media\/100862"}],"wp:attachment":[{"href":"https:\/\/ifamnews.com\/de\/wp-json\/wp\/v2\/media?parent=245564"}],"wp:term":[{"taxonomy":"category","embeddable":true,"href":"https:\/\/ifamnews.com\/de\/wp-json\/wp\/v2\/categories?post=245564"},{"taxonomy":"post_tag","embeddable":true,"href":"https:\/\/ifamnews.com\/de\/wp-json\/wp\/v2\/tags?post=245564"}],"curies":[{"name":"wp","href":"https:\/\/api.w.org\/{rel}","templated":true}]}}