{"id":22309,"date":"2020-07-27T01:00:00","date_gmt":"2020-07-27T06:00:00","guid":{"rendered":"https:\/\/ifamnews.com\/?p=22309"},"modified":"2020-07-23T04:41:16","modified_gmt":"2020-07-23T09:41:16","slug":"from-aesthetics-to-eugenics-when-cleft-lip-is-a-valid-reason-for-abortion","status":"publish","type":"post","link":"https:\/\/ifamnews.com\/de\/from-aesthetics-to-eugenics-when-cleft-lip-is-a-valid-reason-for-abortion","title":{"rendered":"Von \u00c4sthetik zur Eugenik \u2013 wenn eine Lippenspalte ein g\u00fcltiger Grund f\u00fcr eine Abtreibung ist"},"content":{"rendered":"\n<p>Nach dem Referendum im Mai 2019, dessen Ziel die Streichung\nder 8. \u00c4nderung der irischen Verfassung war, die das Recht auf Leben von der\nEmpf\u00e4ngnis an sch\u00fctzte, stand Nordirland im Fadenkreuz der liberalen\nTodesagenda. Obwohl Teil des Vereinigten K\u00f6nigreichs, hat Nordirland eine\neigenst\u00e4ndige Rechtsprechung, weshalb das britische Abtreibungsgesetz von 1967\ndort nicht galt.<\/p>\n\n\n\n<p>Westminster machte sich das politische Vakuum in Nordirland\nzunutze \u2013 die nordirische Exekutive brach 2017 zusammen, und bisher konnte\nkeine Einigung einer neuen Regierung erzielt werden \u2013 und verabschiedete zwei\nGesetze (2018 und 2019) zur Regelung bestimmter laufender Fragen in Nordirland.\nDas nordirische Gesetz von 2019 verl\u00e4ngerte nicht nur die Frist f\u00fcr die Bildung\nder Exekutive, sondern schrieb auch die Legalisierung der\ngleichgeschlechtlichen \u201eEhe\u201c und die weitere Liberalisierung der Abtreibung\nvor.<\/p>\n\n\n\n<p>Warum wird das neue Abtreibungsregime in Nordirland als \u201eextrem\u201c\nbezeichnet?<\/p>\n\n\n\n<p>Abgesehen von der Legalisierung der Abtreibung auf Verlangen\nbis zu 12 Wochen bedeutet die neue Rechtsprechung, dass Abtreibung in\nNordirland nun praktisch w\u00e4hrend der gesamten 9. Schwangerschaftsmonate erlaubt\nist, und zwar nicht nur aus Gr\u00fcnden der k\u00f6rperlichen oder geistigen Gesundheit\nder Schwangeren, Vergewaltigung, Inzest mit t\u00f6dlichen f\u00f6talen Missbildungen,\nsondern auch bei operablen Missbildungen (Lippen- und Gaumenspalte, Klumpfu\u00df)\nund bei lebensvertr\u00e4glichen Zust\u00e4nden wie dem Down-Syndrom.<\/p>\n\n\n\n<p>Auf diese Weise ist die Abtreibung auf Verlangen bis zu 24\nWochen <em>de facto<\/em> legalisiert worden,\nebenso wie der geschlechtsselektive Schwangerschaftsabbruch bis zu 12 Wochen,\nobwohl es eigentlich keine Bestimmungen gibt, die den f\u00f6talen Geschlechtsmord\nbis zu 24 Wochen verbieten.<\/p>\n\n\n\n<p>So wird es in der Praxis aussehen.<\/p>\n\n\n\n<p><em>Schwangere Frau<\/em>:\nHallo, ich bin in der 29. Woche, aber mir ist klar geworden, dass ich wegen\ndieses Babys zu gestresst bin, ich glaube, ich werde meinen Job verlieren ODER\nmein Ehemann\/Freund droht damit, mich rauszuschmei\u00dfen ODER ich glaube nicht,\ndass ich das College abschlie\u00dfen kann ODER ich habe bereits zwei Kinder zu\nHause ODER (nach Belieben ausf\u00fcllen).<\/p>\n\n\n\n<p><em>Herr Doktor<\/em>: Gut,\nlassen Sie uns einen Termin vereinbaren.<\/p>\n\n\n\n<p>So k\u00f6nnen die Gr\u00fcnde f\u00fcr die psychische Gesundheit aus\npraktisch allen Gr\u00fcnden, die Ihnen einfallen, als Deckung dienen, und Sie\nd\u00fcrfen Ihr Baby in jeder Schwangerschaftswoche t\u00f6ten. Nordirland, ein Land, das\neinst menschliches Leben von der Empf\u00e4ngnis bis zum nat\u00fcrlichen Tod sch\u00fctzte\nund eine der niedrigsten M\u00fcttersterblichkeitsraten der Welt hatte, steht heute\nSeite an Seite mit \u201efortschrittlichen\u201c Staaten, in denen in einem Raum\nmedizinische Fachkr\u00e4fte ein Baby nach 25 Schwangerschaftswochen abtreiben,\nw\u00e4hrend sie nebenan alles tun, was die moderne Medizin tun kann, um ein\nFr\u00fchchen zu retten, das in der gleichen 25.<\/p>\n\n\n\n<p>Kein einziges Land der Welt hat die Probleme wie den Verlust\ndes Arbeitsplatzes schwangerer Frauen, den Rauswurf ihres Ehemannes,\npsychischen Missbrauch (denn was ist eine Drohung \u201eAbtreibung oder komm nicht\nnach Hause!\u201c, wenn nicht emotionaler Missbrauch?), das Leben in Armut usw.\ngel\u00f6st, indem Abtreibung allgemein verf\u00fcgbar gemacht wurde. Abtreibung ist keine\nL\u00f6sung f\u00fcr soziale Probleme. <\/p>\n\n\n\n<p>Abtreibung wegen Lippen- und\/oder Gaumenspalte, Klumpfu\u00df\noder Down-Syndrom ist angewandte Eugenik, in reinster und direktester Form: die\nEliminierung derer, die anders, unerw\u00fcnscht oder \u201eweniger wertvoll\u201c f\u00fcr die\nGesellschaft sind. Abtreibungsbef\u00fcrworter rechtfertigen dies mit der\nBehauptung, dass wir diesen Personen eigentlich einen Gefallen tun, weil es f\u00fcr\nsie besser ist, eliminiert zu werden, als \u201ezu \u201aleiden\u2018 oder eine \u201ageringere\nLebensqualit\u00e4t\u2018 zu haben\u201c. Werfen wir einen Blick auf diese \u201egeringere\nLebensqualit\u00e4t\u201c einiger Personen, die mit diesen Bedingungen geboren wurden,\ndie den Eugenikern durch die Klauen der Eugeniker entgangen sind und es in\ndiese Welt geschafft haben.<\/p>\n\n\n\n<p><strong>Steven Gerrard<\/strong>, einer der besten Mittelfeldspieler des heutigen englischen Fu\u00dfballes, der sowohl Kapit\u00e4n von Liverpool als auch von England war, wurde mit einem Klumpfu\u00df geboren. Er trat in 710 Spielen auf und erzielte 186 Tore.<\/p>\n\n\n\n<div class=\"wp-block-image\"><figure class=\"aligncenter size-large\"><img decoding=\"async\" width=\"1024\" height=\"576\" src=\"https:\/\/ifamnews.com\/wp-content\/uploads\/2020\/06\/steven-gerrard-1024x576.jpg\" alt=\"\" class=\"wp-image-19757\" srcset=\"https:\/\/ifamnews.com\/wp-content\/uploads\/2020\/06\/steven-gerrard-1024x576.jpg 1024w, https:\/\/ifamnews.com\/wp-content\/uploads\/2020\/06\/steven-gerrard-768x432.jpg 768w, https:\/\/ifamnews.com\/wp-content\/uploads\/2020\/06\/steven-gerrard-750x422.jpg 750w, https:\/\/ifamnews.com\/wp-content\/uploads\/2020\/06\/steven-gerrard-1140x641.jpg 1140w, https:\/\/ifamnews.com\/wp-content\/uploads\/2020\/06\/steven-gerrard.jpg 1200w\" sizes=\"(max-width: 1024px) 100vw, 1024px\" \/><figcaption>Steven Gerrard<\/figcaption><\/figure><\/div>\n\n\n\n<p><strong>Kristi Yamaguchi<\/strong>, US- und Weltmeisterin und Olympiasiegerin im Eiskunstlauf, wurde mit Klumpf\u00fcssen geboren und begann im Alter von 6 Jahren im Rahmen der Fu\u00dfkorrektur mit dem Schlittschuhlaufen.<\/p>\n\n\n\n<div class=\"wp-block-image\"><figure class=\"aligncenter size-large\"><img decoding=\"async\" width=\"1024\" height=\"576\" src=\"https:\/\/ifamnews.com\/wp-content\/uploads\/2020\/06\/kristy_yamaguchi-1024x576.jpg\" alt=\"\" class=\"wp-image-19764\" srcset=\"https:\/\/ifamnews.com\/wp-content\/uploads\/2020\/06\/kristy_yamaguchi-1024x576.jpg 1024w, https:\/\/ifamnews.com\/wp-content\/uploads\/2020\/06\/kristy_yamaguchi-768x432.jpg 768w, https:\/\/ifamnews.com\/wp-content\/uploads\/2020\/06\/kristy_yamaguchi-750x422.jpg 750w, https:\/\/ifamnews.com\/wp-content\/uploads\/2020\/06\/kristy_yamaguchi-1140x641.jpg 1140w, https:\/\/ifamnews.com\/wp-content\/uploads\/2020\/06\/kristy_yamaguchi.jpg 1200w\" sizes=\"(max-width: 1024px) 100vw, 1024px\" \/><figcaption>&nbsp;Kristi Yamaguchi<\/figcaption><\/figure><\/div>\n\n\n\n<p><strong>Peyton Manning<\/strong>, einer der besten Quarterbacks aller Zeiten, wurde mit einer Lippenspalte geboren, was ihn jedoch nicht daran hinderte, 18 Spielzeiten lang in der NFL zu spielen, zweimal den Superbowl zu gewinnen und f\u00fcnfmal die j\u00e4hrliche MVP-Auszeichnung (Most Valuable Player) zu erhalten.<\/p>\n\n\n\n<div class=\"wp-block-image\"><figure class=\"aligncenter size-large\"><img decoding=\"async\" width=\"1024\" height=\"576\" src=\"https:\/\/ifamnews.com\/wp-content\/uploads\/2020\/06\/payton_manning-1024x576.jpeg\" alt=\"\" class=\"wp-image-19771\" srcset=\"https:\/\/ifamnews.com\/wp-content\/uploads\/2020\/06\/payton_manning-1024x576.jpeg 1024w, https:\/\/ifamnews.com\/wp-content\/uploads\/2020\/06\/payton_manning-768x432.jpeg 768w, https:\/\/ifamnews.com\/wp-content\/uploads\/2020\/06\/payton_manning-750x422.jpeg 750w, https:\/\/ifamnews.com\/wp-content\/uploads\/2020\/06\/payton_manning-1140x641.jpeg 1140w, https:\/\/ifamnews.com\/wp-content\/uploads\/2020\/06\/payton_manning.jpeg 1200w\" sizes=\"(max-width: 1024px) 100vw, 1024px\" \/><figcaption>Peyton Manning<\/figcaption><\/figure><\/div>\n\n\n\n<p>Ebenfalls mit einer Lippenspalte geboren, die sp\u00e4ter korrigiert wurde, waren der britische Schauspieler <strong>Tom Burke <\/strong>sowie die amerikanischen Schauspieler <strong>Joaquin Phoenix <\/strong>(Lippen- und Gaumenspalte) und <strong>Cheech Marin<\/strong>, dem Publikum am besten bekannt als der geistreiche Partner des Detektivs Nash Bridges.<\/p>\n\n\n\n<div class=\"wp-block-image\"><figure class=\"aligncenter size-large\"><img decoding=\"async\" width=\"1024\" height=\"576\" src=\"https:\/\/ifamnews.com\/wp-content\/uploads\/2020\/06\/Burke_Phoenix_Marin-1024x576.jpg\" alt=\"\" class=\"wp-image-19778\" srcset=\"https:\/\/ifamnews.com\/wp-content\/uploads\/2020\/06\/Burke_Phoenix_Marin-1024x576.jpg 1024w, https:\/\/ifamnews.com\/wp-content\/uploads\/2020\/06\/Burke_Phoenix_Marin-768x432.jpg 768w, https:\/\/ifamnews.com\/wp-content\/uploads\/2020\/06\/Burke_Phoenix_Marin-750x422.jpg 750w, https:\/\/ifamnews.com\/wp-content\/uploads\/2020\/06\/Burke_Phoenix_Marin-1140x641.jpg 1140w, https:\/\/ifamnews.com\/wp-content\/uploads\/2020\/06\/Burke_Phoenix_Marin.jpg 1200w\" sizes=\"(max-width: 1024px) 100vw, 1024px\" \/><figcaption>Tom Burke,Joaquin Phoenix and Cheech Marin<\/figcaption><\/figure><\/div>\n\n\n\n<p>Heidi Crowter, eine 24-j\u00e4hrige Frau aus Coventry, die mit dem Down-Syndrom geboren wurde, hat in Gro\u00dfbritannien eine Kampagne \u2013 \u201e<a href=\"https:\/\/dontscreenusout.org\/\">Don\u2018t Screen Us Out<\/a>\u201c \u2013 gestartet, um zu zeigen, dass Screening-Tests auf Babys mit einer Trisomie, wie dem Down-Syndrom, abzielen und dass 90% der Screening-Tests mit positivem Ergebnis dazu f\u00fchren, dass diese Babys abgetrieben werden. Heute, da alle f\u00fcr Menschenrechte und Gleichberechtigung eintreten, zeigt uns Heidi, dass Personen wie sie selbst, die etwas anders geboren wurden, so unerw\u00fcnscht und diskriminiert sind, dass sie nicht einmal geboren werden d\u00fcrfen.<\/p>\n\n\n\n<figure class=\"wp-block-embed-youtube aligncenter wp-block-embed is-type-video is-provider-youtube wp-embed-aspect-16-9 wp-has-aspect-ratio\"><div class=\"wp-block-embed__wrapper\">\n<div class=\"jeg_video_container jeg_video_content\"><iframe loading=\"lazy\" title=\"People with Down&#039;s Syndrome &amp; families powerful message to Jeremy Hunt &amp; the Govt\" width=\"500\" height=\"281\" src=\"https:\/\/www.youtube.com\/embed\/PICqpPREZOU?feature=oembed\" frameborder=\"0\" allow=\"accelerometer; autoplay; clipboard-write; encrypted-media; gyroscope; picture-in-picture; web-share\" referrerpolicy=\"strict-origin-when-cross-origin\" allowfullscreen><\/iframe><\/div>\n<\/div><figcaption> <a rel=\"noreferrer noopener\" href=\"https:\/\/dontscreenusout.org\/\" target=\"_blank\">Don\u2019t Screen Us Out<\/a>  <\/figcaption><\/figure>\n\n\n\n<p>Schon 2018 schrieb ich f\u00fcr das orthodoxe christliche\nElternhaus dar\u00fcber, wie manche Menschen mit Down-Syndrom leben und was sie\nerreichen k\u00f6nnen. Das St\u00fcck tr\u00e4gt den Titel \u201e<a href=\"https:\/\/pravoslavniroditelj.org\/daunov-sindrom-da-li-visak-hromozoma-znaci-manje-pravo-na-zivot\/\">Down-Syndrom\n\u2013 bedeutet ein zus\u00e4tzliches Chromosom weniger Recht auf Leben<\/a>\u201c und ist\nderzeit nur auf Serbisch erh\u00e4ltlich.<\/p>\n\n\n\n<p>In einer Gesellschaft, die Menschen eliminiert, die\nvielleicht arm sind, die in Pflegefamilien aufwachsen, die die so genannte\nniedrigere Lebensqualit\u00e4t haben, die in irgendeiner Weise anders sind, als wir\ndenken, wie ein Mensch aussehen und leben sollte, ist es nur eine Frage der\nZeit, bis die Eugeniker ihre Fangarme weiter ausstrecken und vom Ungeborenen zu\ndenen \u00fcbergehen, die zwar geboren wurden, aber den \u201egoldenen Standard\u201c nicht\nerf\u00fcllen. <\/p>\n\n\n\n<p>Wenn Sie das an die Schaffung einer reinen Rasse und einer\nreinen Nation erinnert, haben Sie nicht Unrecht. Eugenik war eine der\ngrundlegenden Lehren der nationalsozialistischen Politik der Rassenhygiene. <\/p>\n\n\n\n<p>Und ja, Abtreibung ist der stille Holocaust der Moderne.<\/p>\n","protected":false},"excerpt":{"rendered":"<p>\u201eGeminderte Lebensqualit\u00e4t\u201c wegen Lippen- oder Gaumenspalte ist in Nordirland nun Grund genug f\u00fcr eine Abtreibung bis zum 9. Monat; die Eugenik hat gesiegt<\/p>\n","protected":false},"author":101,"featured_media":19751,"comment_status":"open","ping_status":"open","sticky":false,"template":"","format":"standard","meta":{"give_campaign_id":0,"om_disable_all_campaigns":false,"_monsterinsights_skip_tracking":false,"_monsterinsights_sitenote_active":false,"_monsterinsights_sitenote_note":"","_monsterinsights_sitenote_category":0,"mc4wp_mailchimp_campaign":[],"jnews-multi-image_gallery":[],"jnews_single_post":{"subtitle":"\u201eGeminderte Lebensqualit\u00e4t\u201c wegen Lippen- oder Gaumenspalte ist in Nordirland nun Grund genug f\u00fcr eine Abtreibung bis zum 9. Monat; die Eugenik hat gesiegt","format":"standard","video":"","gallery":"","source_name":"","source_url":"","via_name":"","via_url":"","override":[{"single_blog_custom":"","sidebar":"","second_sidebar":"","share_position":"","share_float_style":"","post_date_format":"","post_date_format_custom":"","post_reading_time_wpm":"","zoom_button_out_step":"1","zoom_button_in_step":"1","number_popup_post":"1"}],"image_override":[{"single_post_thumbnail_size":"","single_post_gallery_size":""}],"trending_post_position":"","trending_post_label":""},"jnews_primary_category":{"id":"820"},"jnews_social_meta":{"fb_title":"","fb_description":"","fb_image":"","twitter_title":"","twitter_description":"","twitter_image":""},"jnews_override_counter":{"view_counter_number":"0","share_counter_number":"0","like_counter_number":"0","dislike_counter_number":"0"},"footnotes":""},"categories":[816,820,768,811],"tags":[1906,4877,4944],"class_list":["post-22309","post","type-post","status-publish","format-standard","has-post-thumbnail","hentry","category-breaking-news-de","category-leben","category-politik","category-foreground-de","tag-abtreibung","tag-irland","tag-roditelstvo-de"],"yoast_head":"<!-- This site is optimized with the Yoast SEO Premium plugin v25.9 (Yoast SEO v27.3) - https:\/\/yoast.com\/product\/yoast-seo-premium-wordpress\/ -->\n<title>Von \u00c4sthetik zur Eugenik \u2013 wenn eine Lippenspalte ein g\u00fcltiger Grund f\u00fcr eine Abtreibung ist - IFN<\/title>\n<meta name=\"description\" content=\"Abortion for cleft lip and\/or palate, club foot or Down\u2019s syndrome is applied eugenics, pure and outright: the elimination of those who are different, undesirable or \u201cless valuable\u201d from society.\" \/>\n<meta name=\"robots\" content=\"index, follow, max-snippet:-1, max-image-preview:large, max-video-preview:-1\" \/>\n<link rel=\"canonical\" href=\"https:\/\/ifamnews.com\/de\/from-aesthetics-to-eugenics-when-cleft-lip-is-a-valid-reason-for-abortion\" \/>\n<meta property=\"og:locale\" content=\"de_DE\" \/>\n<meta property=\"og:type\" content=\"article\" \/>\n<meta property=\"og:title\" content=\"Von \u00c4sthetik zur Eugenik \u2013 wenn eine Lippenspalte ein g\u00fcltiger Grund f\u00fcr eine Abtreibung ist\" \/>\n<meta property=\"og:description\" content=\"Abortion for cleft lip and\/or palate, club foot or Down\u2019s syndrome is applied eugenics, pure and outright: the elimination of those who are different, undesirable or \u201cless valuable\u201d from society.\" \/>\n<meta property=\"og:url\" content=\"https:\/\/ifamnews.com\/de\/from-aesthetics-to-eugenics-when-cleft-lip-is-a-valid-reason-for-abortion\" \/>\n<meta property=\"og:site_name\" content=\"IFN\" \/>\n<meta property=\"article:publisher\" content=\"https:\/\/www.facebook.com\/iFamNews\" \/>\n<meta property=\"article:author\" content=\"https:\/\/facebook.com\/stajic.marija\" \/>\n<meta property=\"article:published_time\" content=\"2020-07-27T06:00:00+00:00\" \/>\n<meta property=\"og:image\" content=\"https:\/\/ifamnews.com\/wp-content\/uploads\/2020\/06\/od-estetike-do-eugenike.jpg\" \/>\n\t<meta property=\"og:image:width\" content=\"1200\" \/>\n\t<meta property=\"og:image:height\" content=\"675\" \/>\n\t<meta property=\"og:image:type\" content=\"image\/jpeg\" \/>\n<meta name=\"author\" content=\"Marija Staji\u0107\" \/>\n<meta name=\"twitter:card\" content=\"summary_large_image\" \/>\n<meta name=\"twitter:creator\" content=\"@https:\/\/twitter.com\/NienorMaiden\" \/>\n<meta name=\"twitter:site\" content=\"@iFamNewsEN\" \/>\n<meta name=\"twitter:label1\" content=\"Verfasst von\" \/>\n\t<meta name=\"twitter:data1\" content=\"Marija Staji\u0107\" \/>\n\t<meta name=\"twitter:label2\" content=\"Gesch\u00e4tzte Lesezeit\" \/>\n\t<meta name=\"twitter:data2\" content=\"5\u00a0Minuten\" \/>\n<!-- \/ Yoast SEO Premium plugin. -->","yoast_head_json":{"title":"Von \u00c4sthetik zur Eugenik \u2013 wenn eine Lippenspalte ein g\u00fcltiger Grund f\u00fcr eine Abtreibung ist - IFN","description":"Abortion for cleft lip and\/or palate, club foot or Down\u2019s syndrome is applied eugenics, pure and outright: the elimination of those who are different, undesirable or \u201cless valuable\u201d from society.","robots":{"index":"index","follow":"follow","max-snippet":"max-snippet:-1","max-image-preview":"max-image-preview:large","max-video-preview":"max-video-preview:-1"},"canonical":"https:\/\/ifamnews.com\/de\/from-aesthetics-to-eugenics-when-cleft-lip-is-a-valid-reason-for-abortion","og_locale":"de_DE","og_type":"article","og_title":"Von \u00c4sthetik zur Eugenik \u2013 wenn eine Lippenspalte ein g\u00fcltiger Grund f\u00fcr eine Abtreibung ist","og_description":"Abortion for cleft lip and\/or palate, club foot or Down\u2019s syndrome is applied eugenics, pure and outright: the elimination of those who are different, undesirable or \u201cless valuable\u201d from society.","og_url":"https:\/\/ifamnews.com\/de\/from-aesthetics-to-eugenics-when-cleft-lip-is-a-valid-reason-for-abortion","og_site_name":"IFN","article_publisher":"https:\/\/www.facebook.com\/iFamNews","article_author":"https:\/\/facebook.com\/stajic.marija","article_published_time":"2020-07-27T06:00:00+00:00","og_image":[{"width":1200,"height":675,"url":"https:\/\/ifamnews.com\/wp-content\/uploads\/2020\/06\/od-estetike-do-eugenike.jpg","type":"image\/jpeg"}],"author":"Marija Staji\u0107","twitter_card":"summary_large_image","twitter_creator":"@https:\/\/twitter.com\/NienorMaiden","twitter_site":"@iFamNewsEN","twitter_misc":{"Verfasst von":"Marija Staji\u0107","Gesch\u00e4tzte Lesezeit":"5\u00a0Minuten"},"schema":{"@context":"https:\/\/schema.org","@graph":[{"@type":"NewsArticle","@id":"https:\/\/ifamnews.com\/de\/from-aesthetics-to-eugenics-when-cleft-lip-is-a-valid-reason-for-abortion#article","isPartOf":{"@id":"https:\/\/ifamnews.com\/de\/from-aesthetics-to-eugenics-when-cleft-lip-is-a-valid-reason-for-abortion"},"author":{"name":"Marija Staji\u0107","@id":"https:\/\/ifamnews.com\/en\/#\/schema\/person\/ff55fd7a19a70d5e04f07bd82a306371"},"headline":"Von \u00c4sthetik zur Eugenik \u2013 wenn eine Lippenspalte ein g\u00fcltiger Grund f\u00fcr eine Abtreibung ist","datePublished":"2020-07-27T06:00:00+00:00","mainEntityOfPage":{"@id":"https:\/\/ifamnews.com\/de\/from-aesthetics-to-eugenics-when-cleft-lip-is-a-valid-reason-for-abortion"},"wordCount":1010,"commentCount":0,"publisher":{"@id":"https:\/\/ifamnews.com\/en\/#organization"},"image":{"@id":"https:\/\/ifamnews.com\/de\/from-aesthetics-to-eugenics-when-cleft-lip-is-a-valid-reason-for-abortion#primaryimage"},"thumbnailUrl":"https:\/\/ifamnews.com\/wp-content\/uploads\/2020\/06\/od-estetike-do-eugenike.jpg","keywords":["Abtreibung","Irland","\u0440\u043e\u0434\u0438\u0442\u0435\u0459\u0441\u0442\u0432\u043e"],"articleSection":["Breaking News","Leben","Politik","Vordergrund"],"inLanguage":"de","potentialAction":[{"@type":"CommentAction","name":"Comment","target":["https:\/\/ifamnews.com\/de\/from-aesthetics-to-eugenics-when-cleft-lip-is-a-valid-reason-for-abortion#respond"]}]},{"@type":"WebPage","@id":"https:\/\/ifamnews.com\/de\/from-aesthetics-to-eugenics-when-cleft-lip-is-a-valid-reason-for-abortion","url":"https:\/\/ifamnews.com\/de\/from-aesthetics-to-eugenics-when-cleft-lip-is-a-valid-reason-for-abortion","name":"Von \u00c4sthetik zur Eugenik \u2013 wenn eine Lippenspalte ein g\u00fcltiger Grund f\u00fcr eine Abtreibung ist - IFN","isPartOf":{"@id":"https:\/\/ifamnews.com\/en\/#website"},"primaryImageOfPage":{"@id":"https:\/\/ifamnews.com\/de\/from-aesthetics-to-eugenics-when-cleft-lip-is-a-valid-reason-for-abortion#primaryimage"},"image":{"@id":"https:\/\/ifamnews.com\/de\/from-aesthetics-to-eugenics-when-cleft-lip-is-a-valid-reason-for-abortion#primaryimage"},"thumbnailUrl":"https:\/\/ifamnews.com\/wp-content\/uploads\/2020\/06\/od-estetike-do-eugenike.jpg","datePublished":"2020-07-27T06:00:00+00:00","description":"Abortion for cleft lip and\/or palate, club foot or Down\u2019s syndrome is applied eugenics, pure and outright: the elimination of those who are different, undesirable or \u201cless valuable\u201d from society.","breadcrumb":{"@id":"https:\/\/ifamnews.com\/de\/from-aesthetics-to-eugenics-when-cleft-lip-is-a-valid-reason-for-abortion#breadcrumb"},"inLanguage":"de","potentialAction":[{"@type":"ReadAction","target":["https:\/\/ifamnews.com\/de\/from-aesthetics-to-eugenics-when-cleft-lip-is-a-valid-reason-for-abortion"]}]},{"@type":"ImageObject","inLanguage":"de","@id":"https:\/\/ifamnews.com\/de\/from-aesthetics-to-eugenics-when-cleft-lip-is-a-valid-reason-for-abortion#primaryimage","url":"https:\/\/ifamnews.com\/wp-content\/uploads\/2020\/06\/od-estetike-do-eugenike.jpg","contentUrl":"https:\/\/ifamnews.com\/wp-content\/uploads\/2020\/06\/od-estetike-do-eugenike.jpg","width":1200,"height":675},{"@type":"BreadcrumbList","@id":"https:\/\/ifamnews.com\/de\/from-aesthetics-to-eugenics-when-cleft-lip-is-a-valid-reason-for-abortion#breadcrumb","itemListElement":[{"@type":"ListItem","position":1,"name":"Home","item":"https:\/\/ifamnews.com\/de"},{"@type":"ListItem","position":2,"name":"Politik","item":"https:\/\/ifamnews.com\/de\/kategorie\/politik"},{"@type":"ListItem","position":3,"name":"Von \u00c4sthetik zur Eugenik \u2013 wenn eine Lippenspalte ein g\u00fcltiger Grund f\u00fcr eine Abtreibung ist"}]},{"@type":"WebSite","@id":"https:\/\/ifamnews.com\/en\/#website","url":"https:\/\/ifamnews.com\/en\/","name":"IFN","description":"International Family News Network","publisher":{"@id":"https:\/\/ifamnews.com\/en\/#organization"},"potentialAction":[{"@type":"SearchAction","target":{"@type":"EntryPoint","urlTemplate":"https:\/\/ifamnews.com\/en\/?s={search_term_string}"},"query-input":{"@type":"PropertyValueSpecification","valueRequired":true,"valueName":"search_term_string"}}],"inLanguage":"de"},{"@type":"Organization","@id":"https:\/\/ifamnews.com\/en\/#organization","name":"iFamNews","url":"https:\/\/ifamnews.com\/en\/","logo":{"@type":"ImageObject","inLanguage":"de","@id":"https:\/\/ifamnews.com\/en\/#\/schema\/logo\/image\/","url":"https:\/\/ifamnews.com\/wp-content\/uploads\/2020\/01\/Share-logo.png","contentUrl":"https:\/\/ifamnews.com\/wp-content\/uploads\/2020\/01\/Share-logo.png","width":200,"height":200,"caption":"iFamNews"},"image":{"@id":"https:\/\/ifamnews.com\/en\/#\/schema\/logo\/image\/"},"sameAs":["https:\/\/www.facebook.com\/iFamNews","https:\/\/x.com\/iFamNewsEN"]},{"@type":"Person","@id":"https:\/\/ifamnews.com\/en\/#\/schema\/person\/ff55fd7a19a70d5e04f07bd82a306371","name":"Marija Staji\u0107","image":{"@type":"ImageObject","inLanguage":"de","@id":"https:\/\/secure.gravatar.com\/avatar\/2829a57bf52a9f1e1c978c15978600970b09b760c2a0057533c0e8598773eacf?s=96&d=mm&r=g","url":"https:\/\/secure.gravatar.com\/avatar\/2829a57bf52a9f1e1c978c15978600970b09b760c2a0057533c0e8598773eacf?s=96&d=mm&r=g","contentUrl":"https:\/\/secure.gravatar.com\/avatar\/2829a57bf52a9f1e1c978c15978600970b09b760c2a0057533c0e8598773eacf?s=96&d=mm&r=g","caption":"Marija Staji\u0107"},"description":"Marija Stajic is a co-editor of The Orthodox Christian Parent web portal, board member at Belgrade-based Pro-Life Centre charitable organisation, and member of the Serbian Scientific Centre. She holds an M.A. in English Language and Literature, and has extensive experience in translation and interpreting. She writes, edits and translates pieces on family-related and human rights issues, including freedom of speech, freedom of religion, and bioethical issues, such as abortion and euthanasia. Marija is the author of Roe v.Wade: social circumstances that led to the legalisation of abortion in the USA, the first published scientific paper in Serbia about the landmark SCOTUS decision. She is very passionate about women\u2019s reproductive health and is the first licenced FEMM educator in Serbia. She launched her personal website on fertility awareness Profemme.","sameAs":["https:\/\/facebook.com\/stajic.marija","https:\/\/x.com\/https:\/\/twitter.com\/NienorMaiden"],"url":"https:\/\/ifamnews.com\/de\/author\/marija-stajic"}]}},"amp_enabled":true,"_links":{"self":[{"href":"https:\/\/ifamnews.com\/de\/wp-json\/wp\/v2\/posts\/22309","targetHints":{"allow":["GET"]}}],"collection":[{"href":"https:\/\/ifamnews.com\/de\/wp-json\/wp\/v2\/posts"}],"about":[{"href":"https:\/\/ifamnews.com\/de\/wp-json\/wp\/v2\/types\/post"}],"author":[{"embeddable":true,"href":"https:\/\/ifamnews.com\/de\/wp-json\/wp\/v2\/users\/101"}],"replies":[{"embeddable":true,"href":"https:\/\/ifamnews.com\/de\/wp-json\/wp\/v2\/comments?post=22309"}],"version-history":[{"count":1,"href":"https:\/\/ifamnews.com\/de\/wp-json\/wp\/v2\/posts\/22309\/revisions"}],"predecessor-version":[{"id":22320,"href":"https:\/\/ifamnews.com\/de\/wp-json\/wp\/v2\/posts\/22309\/revisions\/22320"}],"wp:featuredmedia":[{"embeddable":true,"href":"https:\/\/ifamnews.com\/de\/wp-json\/wp\/v2\/media\/19751"}],"wp:attachment":[{"href":"https:\/\/ifamnews.com\/de\/wp-json\/wp\/v2\/media?parent=22309"}],"wp:term":[{"taxonomy":"category","embeddable":true,"href":"https:\/\/ifamnews.com\/de\/wp-json\/wp\/v2\/categories?post=22309"},{"taxonomy":"post_tag","embeddable":true,"href":"https:\/\/ifamnews.com\/de\/wp-json\/wp\/v2\/tags?post=22309"}],"curies":[{"name":"wp","href":"https:\/\/api.w.org\/{rel}","templated":true}]}}