{"id":22286,"date":"2020-07-31T01:00:00","date_gmt":"2020-07-31T06:00:00","guid":{"rendered":"https:\/\/ifamnews.com\/?p=22286"},"modified":"2020-07-21T06:12:53","modified_gmt":"2020-07-21T11:12:53","slug":"haeufigste-todesursache-von-afroamerikanern-abtreibung","status":"publish","type":"post","link":"https:\/\/ifamnews.com\/de\/haeufigste-todesursache-von-afroamerikanern-abtreibung","title":{"rendered":"H\u00e4ufigste Todesursache von Afroamerikanern: Abtreibung"},"content":{"rendered":"\n<p>W\u00e4hrend die \u201eBlack-Lives-Matter\u201c-Bewegung \u2013 gepaart mit\nlinken Schl\u00e4gergruppen \u2013 in Amerika Verw\u00fcstung anrichtet, um gegen einen\nvorgeblichen Rassismus zu mobilisieren, wird der gr\u00f6\u00dfte M\u00f6rder der\nAfroamerikanischen Bev\u00f6lkerung Amerikas weder wahrgenommen noch bek\u00e4mpft: die\nAbtreibung.<\/p>\n\n\n\n<p>Die Abtreibung trifft schwarze Amerikaner mehr als jede\nandere Bev\u00f6lkerungsgruppe. <\/p>\n\n\n\n<p>Der Republikaner Walt Blackman, Mitglied des\nRepr\u00e4sentantenhauses von Arizona und Vertreter den Legislativbezirks 6 hat dazu\nin der <em>Arizona Capital Times<\/em> einen <a href=\"https:\/\/azcapitoltimes.com\/news\/2020\/02\/25\/abortion-the-overlooked-tragedy-for-black-americans\/\">ausf\u00fchrlichen\nBericht<\/a> geschrieben.<\/p>\n\n\n\n<p>Laut einer 2011-Abtreibungsstudie des CDC machten schwarze\nFrauen 14% der Minderheiten innerhalb der Bev\u00f6lkerung aus. 36% aller\nAbtreibungen wurde von schwarzen Frauen vorgenommen. Das Verh\u00e4ltnis entspricht\n474 Abtreibungen pro 1000 Geburten und ist damit das h\u00f6chste Verh\u00e4ltnis aller\nGruppen in den USA.<\/p>\n\n\n\n<p>In Anbedacht dieser Hochrechnungen wurden seit dem\nverheerenden Abtreibungsurteil <em>Roe vs.\nWade<\/em> im Jahr 1973 in den USA 19 Mio. schwarze Babies abgetrieben. <\/p>\n\n\n\n<p>Dabei haben wei\u00dfe Frauen eine f\u00fcnfmal niedrigere\nWahrscheinlichkeit abzutreiben als schwarze Frauen. Laut Blackman scheint dies\ngezielt und gewollt zu sein, das sich 79% der Abtreibungskliniken des\nAbtreibungs-Giganten <em>Planned Parenthood<\/em>\nin Gehdistanz zu Minderheitsvierteln befinden. <\/p>\n\n\n\n<p>Durch ihre Werbekampagnen sehen es Abtreibungsanbieter vor\nallem auf Jugendliche ab. <\/p>\n\n\n\n<p>All das weist auf die Grunds\u00e4tze der rassistischen Gr\u00fcnderin\nund Bef\u00fcrworterin von <em>Planned Parenthood<\/em>,\nMargaret Sanger hin, deren Meinung nach Empf\u00e4ngnisverh\u00fctung und Abtreibung als\nperfekte Mittel zur Verringerung der schwarzen Bev\u00f6lkerung und zum Erreichen\nihrer eugenisch gepr\u00e4gten Ziele darstellen. <\/p>\n\n\n\n<p>\u201eDie Auswirkungen auf unsere schwarzen Gemeinschaften sind\nschwer zu ergr\u00fcnden,\u201c so Blackman. \u201eNach Angaben des Guttmacher-Instituts, das\nAbtreibung generell unterst\u00fctzt, wurden 2011 360,000 schwarze Babys\nabgetrieben. Die CDC-Statistik f\u00fcr 2011 zeigt, dass 287,072 schwarze Todesf\u00e4lle\nauf alle anderen Ursachen, ausgenommen Abtreibung, zur\u00fcckzuf\u00fchren sind. Nach\ndiesen Zahlen ist Abtreibung die h\u00e4ufigste Todesursache bei Schwarzen.\u201c<\/p>\n\n\n\n<p>Es ist von gro\u00dfer Bedeutung, so Blackman, dass sich Afroamerikaner\nund alle freiheitsliebenden Menschen \u00fcber diese Tatsachen bewusst sind. Die\nSchwarzen Amerikas werden von einer totgeschwiegenen und verharmlosten Gei\u00dfel gequ\u00e4lt,\ndie zur Ausrottung dieser Bev\u00f6lkerungsgruppe beitr\u00e4gt.<\/p>\n\n\n\n<p>Z\u00e4hlen Black Baby Lives nichts?<\/p>\n","protected":false},"excerpt":{"rendered":"<p>Abtreibung bei Schwarzen fordert mehr Tote als Autounf\u00e4lle, Morde und andere Todesursachen zusammen; 474 Abtreibungen pro 1000 Geburten <\/p>\n","protected":false},"author":94,"featured_media":22287,"comment_status":"open","ping_status":"open","sticky":false,"template":"","format":"standard","meta":{"give_campaign_id":0,"om_disable_all_campaigns":false,"_monsterinsights_skip_tracking":false,"_monsterinsights_sitenote_active":false,"_monsterinsights_sitenote_note":"","_monsterinsights_sitenote_category":0,"mc4wp_mailchimp_campaign":[],"jnews-multi-image_gallery":[],"jnews_single_post":{"subtitle":"Abtreibung bei Schwarzen fordert mehr Tote als Autounf\u00e4lle, Morde undandere Todesursachen zusammen; 474 Abtreibungen pro 1000 Geburten ","format":"standard","video":"","gallery":"","source_name":"","source_url":"","via_name":"","via_url":"","override":[{"single_blog_custom":"","sidebar":"","second_sidebar":"","share_position":"","share_float_style":"","post_date_format":"","post_date_format_custom":"","post_reading_time_wpm":"","zoom_button_out_step":"1","zoom_button_in_step":"1","number_popup_post":"1"}],"image_override":[{"single_post_thumbnail_size":"","single_post_gallery_size":""}],"trending_post_position":"","trending_post_label":""},"jnews_primary_category":{"id":"820"},"jnews_social_meta":{"fb_title":"","fb_description":"","fb_image":"","twitter_title":"","twitter_description":"","twitter_image":""},"jnews_override_counter":{"view_counter_number":"0","share_counter_number":"0","like_counter_number":"0","dislike_counter_number":"0"},"footnotes":""},"categories":[816,820,811],"tags":[1906,4872,4873,648,4871],"class_list":["post-22286","post","type-post","status-publish","format-standard","has-post-thumbnail","hentry","category-breaking-news-de","category-leben","category-foreground-de","tag-abtreibung","tag-afroamerikaner","tag-schwarze","tag-usa","tag-walt-blackman"],"yoast_head":"<!-- This site is optimized with the Yoast SEO Premium plugin v25.9 (Yoast SEO v27.3) - https:\/\/yoast.com\/product\/yoast-seo-premium-wordpress\/ -->\n<title>H\u00e4ufigste Todesursache von Afroamerikanern: Abtreibung - IFN<\/title>\n<meta name=\"robots\" content=\"index, follow, max-snippet:-1, max-image-preview:large, max-video-preview:-1\" \/>\n<link rel=\"canonical\" href=\"https:\/\/ifamnews.com\/de\/haeufigste-todesursache-von-afroamerikanern-abtreibung\" \/>\n<meta property=\"og:locale\" content=\"de_DE\" \/>\n<meta property=\"og:type\" content=\"article\" \/>\n<meta property=\"og:title\" content=\"H\u00e4ufigste Todesursache von Afroamerikanern: Abtreibung\" \/>\n<meta property=\"og:description\" content=\"Abtreibung bei Schwarzen fordert mehr Tote als Autounf\u00e4lle, Morde und andere Todesursachen zusammen; 474 Abtreibungen pro 1000 Geburten\" \/>\n<meta property=\"og:url\" content=\"https:\/\/ifamnews.com\/de\/haeufigste-todesursache-von-afroamerikanern-abtreibung\" \/>\n<meta property=\"og:site_name\" content=\"IFN\" \/>\n<meta property=\"article:publisher\" content=\"https:\/\/www.facebook.com\/iFamNews\" \/>\n<meta property=\"article:published_time\" content=\"2020-07-31T06:00:00+00:00\" \/>\n<meta property=\"og:image\" content=\"https:\/\/ifamnews.com\/wp-content\/uploads\/2020\/07\/index.png\" \/>\n\t<meta property=\"og:image:width\" content=\"1109\" \/>\n\t<meta property=\"og:image:height\" content=\"768\" \/>\n\t<meta property=\"og:image:type\" content=\"image\/png\" \/>\n<meta name=\"author\" content=\"Jan Bentz\" \/>\n<meta name=\"twitter:card\" content=\"summary_large_image\" \/>\n<meta name=\"twitter:creator\" content=\"@iFamNewsEN\" \/>\n<meta name=\"twitter:site\" content=\"@iFamNewsEN\" \/>\n<meta name=\"twitter:label1\" content=\"Verfasst von\" \/>\n\t<meta name=\"twitter:data1\" content=\"Jan Bentz\" \/>\n\t<meta name=\"twitter:label2\" content=\"Gesch\u00e4tzte Lesezeit\" \/>\n\t<meta name=\"twitter:data2\" content=\"2\u00a0Minuten\" \/>\n<!-- \/ Yoast SEO Premium plugin. -->","yoast_head_json":{"title":"H\u00e4ufigste Todesursache von Afroamerikanern: Abtreibung - IFN","robots":{"index":"index","follow":"follow","max-snippet":"max-snippet:-1","max-image-preview":"max-image-preview:large","max-video-preview":"max-video-preview:-1"},"canonical":"https:\/\/ifamnews.com\/de\/haeufigste-todesursache-von-afroamerikanern-abtreibung","og_locale":"de_DE","og_type":"article","og_title":"H\u00e4ufigste Todesursache von Afroamerikanern: Abtreibung","og_description":"Abtreibung bei Schwarzen fordert mehr Tote als Autounf\u00e4lle, Morde und andere Todesursachen zusammen; 474 Abtreibungen pro 1000 Geburten","og_url":"https:\/\/ifamnews.com\/de\/haeufigste-todesursache-von-afroamerikanern-abtreibung","og_site_name":"IFN","article_publisher":"https:\/\/www.facebook.com\/iFamNews","article_published_time":"2020-07-31T06:00:00+00:00","og_image":[{"width":1109,"height":768,"url":"https:\/\/ifamnews.com\/wp-content\/uploads\/2020\/07\/index.png","type":"image\/png"}],"author":"Jan Bentz","twitter_card":"summary_large_image","twitter_creator":"@iFamNewsEN","twitter_site":"@iFamNewsEN","twitter_misc":{"Verfasst von":"Jan Bentz","Gesch\u00e4tzte Lesezeit":"2\u00a0Minuten"},"schema":{"@context":"https:\/\/schema.org","@graph":[{"@type":"NewsArticle","@id":"https:\/\/ifamnews.com\/de\/haeufigste-todesursache-von-afroamerikanern-abtreibung#article","isPartOf":{"@id":"https:\/\/ifamnews.com\/de\/haeufigste-todesursache-von-afroamerikanern-abtreibung"},"author":{"name":"Jan Bentz","@id":"https:\/\/ifamnews.com\/en\/#\/schema\/person\/ab41b70fafcdfd12a7774eb96573cc72"},"headline":"H\u00e4ufigste Todesursache von Afroamerikanern: Abtreibung","datePublished":"2020-07-31T06:00:00+00:00","mainEntityOfPage":{"@id":"https:\/\/ifamnews.com\/de\/haeufigste-todesursache-von-afroamerikanern-abtreibung"},"wordCount":342,"commentCount":0,"publisher":{"@id":"https:\/\/ifamnews.com\/en\/#organization"},"image":{"@id":"https:\/\/ifamnews.com\/de\/haeufigste-todesursache-von-afroamerikanern-abtreibung#primaryimage"},"thumbnailUrl":"https:\/\/ifamnews.com\/wp-content\/uploads\/2020\/07\/index.png","keywords":["Abtreibung","Afroamerikaner","SChwarze","USA","Walt Blackman"],"articleSection":["Breaking News","Leben","Vordergrund"],"inLanguage":"de","potentialAction":[{"@type":"CommentAction","name":"Comment","target":["https:\/\/ifamnews.com\/de\/haeufigste-todesursache-von-afroamerikanern-abtreibung#respond"]}]},{"@type":"WebPage","@id":"https:\/\/ifamnews.com\/de\/haeufigste-todesursache-von-afroamerikanern-abtreibung","url":"https:\/\/ifamnews.com\/de\/haeufigste-todesursache-von-afroamerikanern-abtreibung","name":"H\u00e4ufigste Todesursache von Afroamerikanern: Abtreibung - IFN","isPartOf":{"@id":"https:\/\/ifamnews.com\/en\/#website"},"primaryImageOfPage":{"@id":"https:\/\/ifamnews.com\/de\/haeufigste-todesursache-von-afroamerikanern-abtreibung#primaryimage"},"image":{"@id":"https:\/\/ifamnews.com\/de\/haeufigste-todesursache-von-afroamerikanern-abtreibung#primaryimage"},"thumbnailUrl":"https:\/\/ifamnews.com\/wp-content\/uploads\/2020\/07\/index.png","datePublished":"2020-07-31T06:00:00+00:00","breadcrumb":{"@id":"https:\/\/ifamnews.com\/de\/haeufigste-todesursache-von-afroamerikanern-abtreibung#breadcrumb"},"inLanguage":"de","potentialAction":[{"@type":"ReadAction","target":["https:\/\/ifamnews.com\/de\/haeufigste-todesursache-von-afroamerikanern-abtreibung"]}]},{"@type":"ImageObject","inLanguage":"de","@id":"https:\/\/ifamnews.com\/de\/haeufigste-todesursache-von-afroamerikanern-abtreibung#primaryimage","url":"https:\/\/ifamnews.com\/wp-content\/uploads\/2020\/07\/index.png","contentUrl":"https:\/\/ifamnews.com\/wp-content\/uploads\/2020\/07\/index.png","width":1109,"height":768,"caption":"Planned Parenthood in St. Paul\/Minnesota\/ Walt Blackman (wikicommons)"},{"@type":"BreadcrumbList","@id":"https:\/\/ifamnews.com\/de\/haeufigste-todesursache-von-afroamerikanern-abtreibung#breadcrumb","itemListElement":[{"@type":"ListItem","position":1,"name":"Home","item":"https:\/\/ifamnews.com\/de"},{"@type":"ListItem","position":2,"name":"Leben","item":"https:\/\/ifamnews.com\/de\/kategorie\/leben"},{"@type":"ListItem","position":3,"name":"H\u00e4ufigste Todesursache von Afroamerikanern: Abtreibung"}]},{"@type":"WebSite","@id":"https:\/\/ifamnews.com\/en\/#website","url":"https:\/\/ifamnews.com\/en\/","name":"IFN","description":"International Family News Network","publisher":{"@id":"https:\/\/ifamnews.com\/en\/#organization"},"potentialAction":[{"@type":"SearchAction","target":{"@type":"EntryPoint","urlTemplate":"https:\/\/ifamnews.com\/en\/?s={search_term_string}"},"query-input":{"@type":"PropertyValueSpecification","valueRequired":true,"valueName":"search_term_string"}}],"inLanguage":"de"},{"@type":"Organization","@id":"https:\/\/ifamnews.com\/en\/#organization","name":"iFamNews","url":"https:\/\/ifamnews.com\/en\/","logo":{"@type":"ImageObject","inLanguage":"de","@id":"https:\/\/ifamnews.com\/en\/#\/schema\/logo\/image\/","url":"https:\/\/ifamnews.com\/wp-content\/uploads\/2020\/01\/Share-logo.png","contentUrl":"https:\/\/ifamnews.com\/wp-content\/uploads\/2020\/01\/Share-logo.png","width":200,"height":200,"caption":"iFamNews"},"image":{"@id":"https:\/\/ifamnews.com\/en\/#\/schema\/logo\/image\/"},"sameAs":["https:\/\/www.facebook.com\/iFamNews","https:\/\/x.com\/iFamNewsEN"]},{"@type":"Person","@id":"https:\/\/ifamnews.com\/en\/#\/schema\/person\/ab41b70fafcdfd12a7774eb96573cc72","name":"Jan Bentz","image":{"@type":"ImageObject","inLanguage":"de","@id":"https:\/\/secure.gravatar.com\/avatar\/bb3fc3e4fb197942a1cfea0d80ee06db641796022af0fb8bf02c8651eac05980?s=96&d=mm&r=g","url":"https:\/\/secure.gravatar.com\/avatar\/bb3fc3e4fb197942a1cfea0d80ee06db641796022af0fb8bf02c8651eac05980?s=96&d=mm&r=g","contentUrl":"https:\/\/secure.gravatar.com\/avatar\/bb3fc3e4fb197942a1cfea0d80ee06db641796022af0fb8bf02c8651eac05980?s=96&d=mm&r=g","caption":"Jan Bentz"},"description":"Dr. phil. Jan C. Bentz was born and raised in Germany, and graduated from High School in St. Louis (MI) as a foreign exchange student. Professor Bentz holds a doctorate in Philosophy (Dr. phil.) from the Pontifical Athenaeum Regina Apostolorum in Rome, a Master\u2019s in Sacred Art, Architecture, and Liturgy and a Master\u2019s in Church and Religious Studies. During his career as a journalist he has contributed to EWTN in English and German,\u00a0Inside the Vatican,\u00a0The Catholic Herald,\u00a0Catholic News Agency,\u00a0J\u00fcdische Rundschau,\u00a0and\u00a0Nasze Slowo. He worked as a producer for EWTN focusing on the Vatican, the Pope, and Rome in general. His fields of expertise in Philosophy include the history of philosophy and the history of philosophy of art. Prof. Bentz teaches Philosophy for\u00a0The Catholic University of America,\u00a0Christendom College, and\u00a0IES Study Abroad\u00a0in Rome.","url":"https:\/\/ifamnews.com\/de\/author\/jbentzifamnews-com"}]}},"amp_enabled":true,"_links":{"self":[{"href":"https:\/\/ifamnews.com\/de\/wp-json\/wp\/v2\/posts\/22286","targetHints":{"allow":["GET"]}}],"collection":[{"href":"https:\/\/ifamnews.com\/de\/wp-json\/wp\/v2\/posts"}],"about":[{"href":"https:\/\/ifamnews.com\/de\/wp-json\/wp\/v2\/types\/post"}],"author":[{"embeddable":true,"href":"https:\/\/ifamnews.com\/de\/wp-json\/wp\/v2\/users\/94"}],"replies":[{"embeddable":true,"href":"https:\/\/ifamnews.com\/de\/wp-json\/wp\/v2\/comments?post=22286"}],"version-history":[{"count":2,"href":"https:\/\/ifamnews.com\/de\/wp-json\/wp\/v2\/posts\/22286\/revisions"}],"predecessor-version":[{"id":22295,"href":"https:\/\/ifamnews.com\/de\/wp-json\/wp\/v2\/posts\/22286\/revisions\/22295"}],"wp:featuredmedia":[{"embeddable":true,"href":"https:\/\/ifamnews.com\/de\/wp-json\/wp\/v2\/media\/22287"}],"wp:attachment":[{"href":"https:\/\/ifamnews.com\/de\/wp-json\/wp\/v2\/media?parent=22286"}],"wp:term":[{"taxonomy":"category","embeddable":true,"href":"https:\/\/ifamnews.com\/de\/wp-json\/wp\/v2\/categories?post=22286"},{"taxonomy":"post_tag","embeddable":true,"href":"https:\/\/ifamnews.com\/de\/wp-json\/wp\/v2\/tags?post=22286"}],"curies":[{"name":"wp","href":"https:\/\/api.w.org\/{rel}","templated":true}]}}