{"id":222013,"date":"2024-03-06T04:00:00","date_gmt":"2024-03-06T09:00:00","guid":{"rendered":"https:\/\/ifamnews.com\/?p=222013"},"modified":"2024-03-05T11:21:40","modified_gmt":"2024-03-05T16:21:40","slug":"papst-franziskus-betont-die-bedrohung-der-menschheit-durch-die-gender-ideologie","status":"publish","type":"post","link":"https:\/\/ifamnews.com\/de\/papst-franziskus-betont-die-bedrohung-der-menschheit-durch-die-gender-ideologie","title":{"rendered":"Papst Franziskus betont die Bedrohung der Menschheit durch die Gender-Ideologie"},"content":{"rendered":"<p>Papst Franziskus hat in einer k\u00fcrzlich gehaltenen Ansprache vor den Gefahren der Gender-Ideologie gewarnt. Er sagte, dass sie die Menschheit und die christlichen Berufungen bedroht, indem sie die wichtigsten menschlichen Unterschiede beseitigt. Er machte diese Bemerkungen bei einem Treffen mit Mitgliedern des franz\u00f6sischen Instituts f\u00fcr Forschung und Anthropologie der Berufe (CRAV), das derzeit in Rom eine Konferenz zum Thema &#8222;Mann, Frau, Bild Gottes&#8220; abh\u00e4lt: F\u00fcr eine Anthropologie der Berufe&#8220;.<\/p>\n<p>W\u00e4hrend des Gespr\u00e4chs bezeichnete er die Gender-Ideologie mit ihrem Schwerpunkt auf der Abschaffung der Unterschiede zwischen M\u00e4nnern und Frauen, wie sie in der Bewegung f\u00fcr Transgender-Rechte zum Ausdruck kommt, als eine bedeutende zeitgen\u00f6ssische Bedrohung. Er argumentiert, dass diese Bem\u00fchungen um Uniformit\u00e4t grundlegende Facetten der Menschheit ausl\u00f6schen, da er behauptet, dass M\u00e4nner und Frauen in einer produktiven Spannung existieren.<\/p>\n<p>Papst Franziskus zufolge ist die Anerkennung und Wertsch\u00e4tzung der Unterschiede zwischen den Geschlechtern von entscheidender Bedeutung f\u00fcr die F\u00f6rderung einer Kultur, die den Schutz der menschlichen und christlichen Berufungen in den Vordergrund stellt. Seine \u00c4u\u00dferungen klingen in einer Zeit nach, in der Diskussionen \u00fcber Geschlechterrollen und Identit\u00e4ten im Vordergrund stehen.<\/p>\n","protected":false},"excerpt":{"rendered":"<p>Papst Franziskus hat in einer k\u00fcrzlich gehaltenen Ansprache vor den Gefahren der Gender-Ideologie gewarnt und gesagt, dass sie die Menschheit und die christlichen Berufungen bedroht, indem sie die wichtigsten menschlichen Unterschiede beseitigt<\/p>\n","protected":false},"author":593,"featured_media":221680,"comment_status":"open","ping_status":"open","sticky":false,"template":"","format":"standard","meta":{"give_campaign_id":0,"om_disable_all_campaigns":false,"_monsterinsights_skip_tracking":false,"_monsterinsights_sitenote_active":false,"_monsterinsights_sitenote_note":"","_monsterinsights_sitenote_category":0,"mc4wp_mailchimp_campaign":[],"jnews-multi-image_gallery":[],"jnews_single_post":{"subtitle":"","format":"standard","video":"","gallery":"","source_name":"","source_url":"","via_name":"","via_url":"","override_template":"0","override":[{"template":"2","single_blog_custom":"","parallax":"1","fullscreen":"1","layout":"right-sidebar-narrow","sidebar":"default-sidebar","second_sidebar":"default-sidebar","sticky_sidebar":"1","share_position":"float","share_float_style":"share-normal","show_share_counter":"1","show_view_counter":"1","show_featured":"1","show_post_meta":"1","show_post_author":"1","show_post_author_image":"1","show_post_date":"1","post_date_format":"default","post_date_format_custom":"Y\/m\/d","show_post_category":"1","show_post_reading_time":"1","post_reading_time_wpm":"300","show_zoom_button":"0","zoom_button_out_step":"2","zoom_button_in_step":"3","show_post_tag":"1","show_prev_next_post":"0","show_popup_post":"0","number_popup_post":"1","show_author_box":"1","show_post_related":"0","show_inline_post_related":"0"}],"override_image_size":"0","image_override":[{"single_post_thumbnail_size":"crop-715","single_post_gallery_size":"crop-715"}],"trending_post":"0","trending_post_position":"meta","trending_post_label":"Trending","sponsored_post":"0","sponsored_post_label":"Sponsored by","sponsored_post_name":"","sponsored_post_url":"","sponsored_post_logo_enable":"0","sponsored_post_logo":"","sponsored_post_desc":"","disable_ad":"0"},"jnews_primary_category":{"id":"763","hide":""},"jnews_social_meta":[],"jnews_override_counter":[],"footnotes":""},"categories":[816,763,811],"tags":[5234,6941,5237],"class_list":["post-222013","post","type-post","status-publish","format-standard","has-post-thumbnail","hentry","category-breaking-news-de","category-kultur","category-foreground-de","tag-gender-ideology-de","tag-lgbt-ideologie","tag-transgenderism-de"],"yoast_head":"<!-- This site is optimized with the Yoast SEO Premium plugin v25.9 (Yoast SEO v27.3) - https:\/\/yoast.com\/product\/yoast-seo-premium-wordpress\/ -->\n<title>Papst Franziskus betont die Bedrohung der Menschheit durch die Gender-Ideologie - IFN<\/title>\n<meta name=\"description\" content=\"Papst Franziskus hat in einer k\u00fcrzlich gehaltenen Ansprache vor den Gefahren der Gender-Ideologie gewarnt und gesagt, dass sie die Menschheit und die christlichen Berufungen bedroht, indem sie die wichtigsten menschlichen Unterschiede beseitigt\" \/>\n<meta name=\"robots\" content=\"index, follow, max-snippet:-1, max-image-preview:large, max-video-preview:-1\" \/>\n<link rel=\"canonical\" href=\"https:\/\/ifamnews.com\/en\/pope-francis-highlights-threat-of-gender-ideology-to-humanity\" \/>\n<meta property=\"og:locale\" content=\"de_DE\" \/>\n<meta property=\"og:type\" content=\"article\" \/>\n<meta property=\"og:title\" content=\"Papst Franziskus betont die Bedrohung der Menschheit durch die Gender-Ideologie\" \/>\n<meta property=\"og:description\" content=\"Papst Franziskus hat in einer k\u00fcrzlich gehaltenen Ansprache vor den Gefahren der Gender-Ideologie gewarnt und gesagt, dass sie die Menschheit und die christlichen Berufungen bedroht, indem sie die wichtigsten menschlichen Unterschiede beseitigt\" \/>\n<meta property=\"og:url\" content=\"https:\/\/ifamnews.com\/en\/pope-francis-highlights-threat-of-gender-ideology-to-humanity\" \/>\n<meta property=\"og:site_name\" content=\"IFN\" \/>\n<meta property=\"article:publisher\" content=\"https:\/\/www.facebook.com\/iFamNews\" \/>\n<meta property=\"article:author\" content=\"https:\/\/www.facebook.com\/iFamNews\/\" \/>\n<meta property=\"article:published_time\" content=\"2024-03-06T09:00:00+00:00\" \/>\n<meta property=\"og:image\" content=\"https:\/\/ifamnews.com\/wp-content\/uploads\/2024\/03\/Untitled-design-2024-03-02T143009.879.png\" \/>\n\t<meta property=\"og:image:width\" content=\"1200\" \/>\n\t<meta property=\"og:image:height\" content=\"675\" \/>\n\t<meta property=\"og:image:type\" content=\"image\/png\" \/>\n<meta name=\"author\" content=\"IFN English\" \/>\n<meta name=\"twitter:card\" content=\"summary_large_image\" \/>\n<meta name=\"twitter:creator\" content=\"@https:\/\/twitter.com\/iFamNewsEN\" \/>\n<meta name=\"twitter:site\" content=\"@iFamNewsEN\" \/>\n<meta name=\"twitter:label1\" content=\"Verfasst von\" \/>\n\t<meta name=\"twitter:data1\" content=\"iFamNews Redaktion\" \/>\n\t<meta name=\"twitter:label2\" content=\"Gesch\u00e4tzte Lesezeit\" \/>\n\t<meta name=\"twitter:data2\" content=\"1\u00a0Minute\" \/>\n<!-- \/ Yoast SEO Premium plugin. -->","yoast_head_json":{"title":"Papst Franziskus betont die Bedrohung der Menschheit durch die Gender-Ideologie - IFN","description":"Papst Franziskus hat in einer k\u00fcrzlich gehaltenen Ansprache vor den Gefahren der Gender-Ideologie gewarnt und gesagt, dass sie die Menschheit und die christlichen Berufungen bedroht, indem sie die wichtigsten menschlichen Unterschiede beseitigt","robots":{"index":"index","follow":"follow","max-snippet":"max-snippet:-1","max-image-preview":"max-image-preview:large","max-video-preview":"max-video-preview:-1"},"canonical":"https:\/\/ifamnews.com\/en\/pope-francis-highlights-threat-of-gender-ideology-to-humanity","og_locale":"de_DE","og_type":"article","og_title":"Papst Franziskus betont die Bedrohung der Menschheit durch die Gender-Ideologie","og_description":"Papst Franziskus hat in einer k\u00fcrzlich gehaltenen Ansprache vor den Gefahren der Gender-Ideologie gewarnt und gesagt, dass sie die Menschheit und die christlichen Berufungen bedroht, indem sie die wichtigsten menschlichen Unterschiede beseitigt","og_url":"https:\/\/ifamnews.com\/en\/pope-francis-highlights-threat-of-gender-ideology-to-humanity","og_site_name":"IFN","article_publisher":"https:\/\/www.facebook.com\/iFamNews","article_author":"https:\/\/www.facebook.com\/iFamNews\/","article_published_time":"2024-03-06T09:00:00+00:00","og_image":[{"width":1200,"height":675,"url":"https:\/\/ifamnews.com\/wp-content\/uploads\/2024\/03\/Untitled-design-2024-03-02T143009.879.png","type":"image\/png"}],"author":"IFN English","twitter_card":"summary_large_image","twitter_creator":"@https:\/\/twitter.com\/iFamNewsEN","twitter_site":"@iFamNewsEN","twitter_misc":{"Verfasst von":"iFamNews Redaktion","Gesch\u00e4tzte Lesezeit":"1\u00a0Minute"},"schema":{"@context":"https:\/\/schema.org","@graph":[{"@type":"NewsArticle","@id":"https:\/\/ifamnews.com\/en\/pope-francis-highlights-threat-of-gender-ideology-to-humanity#article","isPartOf":{"@id":"https:\/\/ifamnews.com\/en\/pope-francis-highlights-threat-of-gender-ideology-to-humanity"},"author":{"name":"IFN English","@id":"https:\/\/ifamnews.com\/en\/#\/schema\/person\/633bdb7ac2496c9b9304ce62d071cdfa"},"headline":"Papst Franziskus betont die Bedrohung der Menschheit durch die Gender-Ideologie","datePublished":"2024-03-06T09:00:00+00:00","mainEntityOfPage":{"@id":"https:\/\/ifamnews.com\/en\/pope-francis-highlights-threat-of-gender-ideology-to-humanity"},"wordCount":206,"commentCount":0,"publisher":{"@id":"https:\/\/ifamnews.com\/en\/#organization"},"image":{"@id":"https:\/\/ifamnews.com\/en\/pope-francis-highlights-threat-of-gender-ideology-to-humanity#primaryimage"},"thumbnailUrl":"https:\/\/ifamnews.com\/wp-content\/uploads\/2024\/03\/Untitled-design-2024-03-02T143009.879.png","keywords":["gender ideology","LGBT-Ideologie","Transgenderism"],"articleSection":["Breaking News","Kultur","Vordergrund"],"inLanguage":"de","potentialAction":[{"@type":"CommentAction","name":"Comment","target":["https:\/\/ifamnews.com\/en\/pope-francis-highlights-threat-of-gender-ideology-to-humanity#respond"]}]},{"@type":"WebPage","@id":"https:\/\/ifamnews.com\/en\/pope-francis-highlights-threat-of-gender-ideology-to-humanity","url":"https:\/\/ifamnews.com\/en\/pope-francis-highlights-threat-of-gender-ideology-to-humanity","name":"Papst Franziskus betont die Bedrohung der Menschheit durch die Gender-Ideologie - IFN","isPartOf":{"@id":"https:\/\/ifamnews.com\/en\/#website"},"primaryImageOfPage":{"@id":"https:\/\/ifamnews.com\/en\/pope-francis-highlights-threat-of-gender-ideology-to-humanity#primaryimage"},"image":{"@id":"https:\/\/ifamnews.com\/en\/pope-francis-highlights-threat-of-gender-ideology-to-humanity#primaryimage"},"thumbnailUrl":"https:\/\/ifamnews.com\/wp-content\/uploads\/2024\/03\/Untitled-design-2024-03-02T143009.879.png","datePublished":"2024-03-06T09:00:00+00:00","description":"Papst Franziskus hat in einer k\u00fcrzlich gehaltenen Ansprache vor den Gefahren der Gender-Ideologie gewarnt und gesagt, dass sie die Menschheit und die christlichen Berufungen bedroht, indem sie die wichtigsten menschlichen Unterschiede beseitigt","breadcrumb":{"@id":"https:\/\/ifamnews.com\/en\/pope-francis-highlights-threat-of-gender-ideology-to-humanity#breadcrumb"},"inLanguage":"de","potentialAction":[{"@type":"ReadAction","target":["https:\/\/ifamnews.com\/en\/pope-francis-highlights-threat-of-gender-ideology-to-humanity"]}]},{"@type":"ImageObject","inLanguage":"de","@id":"https:\/\/ifamnews.com\/en\/pope-francis-highlights-threat-of-gender-ideology-to-humanity#primaryimage","url":"https:\/\/ifamnews.com\/wp-content\/uploads\/2024\/03\/Untitled-design-2024-03-02T143009.879.png","contentUrl":"https:\/\/ifamnews.com\/wp-content\/uploads\/2024\/03\/Untitled-design-2024-03-02T143009.879.png","width":1200,"height":675,"caption":"Source https:\/\/www.flickr.com\/photos\/136682034@N03\/25993749212\/ Author: Long Thi\u00ean"},{"@type":"BreadcrumbList","@id":"https:\/\/ifamnews.com\/en\/pope-francis-highlights-threat-of-gender-ideology-to-humanity#breadcrumb","itemListElement":[{"@type":"ListItem","position":1,"name":"Home","item":"https:\/\/ifamnews.com\/de"},{"@type":"ListItem","position":2,"name":"\u041a\u0443\u043b\u0442\u0443\u0440\u0430","item":"https:\/\/ifamnews.com\/sr\/kategorija\/kultura-sr"},{"@type":"ListItem","position":3,"name":"Papst Franziskus betont die Bedrohung der Menschheit durch die Gender-Ideologie"}]},{"@type":"WebSite","@id":"https:\/\/ifamnews.com\/en\/#website","url":"https:\/\/ifamnews.com\/en\/","name":"IFN","description":"International Family News Network","publisher":{"@id":"https:\/\/ifamnews.com\/en\/#organization"},"potentialAction":[{"@type":"SearchAction","target":{"@type":"EntryPoint","urlTemplate":"https:\/\/ifamnews.com\/en\/?s={search_term_string}"},"query-input":{"@type":"PropertyValueSpecification","valueRequired":true,"valueName":"search_term_string"}}],"inLanguage":"de"},{"@type":"Organization","@id":"https:\/\/ifamnews.com\/en\/#organization","name":"iFamNews","url":"https:\/\/ifamnews.com\/en\/","logo":{"@type":"ImageObject","inLanguage":"de","@id":"https:\/\/ifamnews.com\/en\/#\/schema\/logo\/image\/","url":"https:\/\/ifamnews.com\/wp-content\/uploads\/2020\/01\/Share-logo.png","contentUrl":"https:\/\/ifamnews.com\/wp-content\/uploads\/2020\/01\/Share-logo.png","width":200,"height":200,"caption":"iFamNews"},"image":{"@id":"https:\/\/ifamnews.com\/en\/#\/schema\/logo\/image\/"},"sameAs":["https:\/\/www.facebook.com\/iFamNews","https:\/\/x.com\/iFamNewsEN"]},{"@type":"Person","@id":"https:\/\/ifamnews.com\/en\/#\/schema\/person\/633bdb7ac2496c9b9304ce62d071cdfa","name":"IFN English","image":{"@type":"ImageObject","inLanguage":"de","@id":"https:\/\/secure.gravatar.com\/avatar\/6f16ce95b558ae6f6eb9ae2f68122482a2c61696af2a8fc343c2e10f981a959d?s=96&d=mm&r=g","url":"https:\/\/secure.gravatar.com\/avatar\/6f16ce95b558ae6f6eb9ae2f68122482a2c61696af2a8fc343c2e10f981a959d?s=96&d=mm&r=g","contentUrl":"https:\/\/secure.gravatar.com\/avatar\/6f16ce95b558ae6f6eb9ae2f68122482a2c61696af2a8fc343c2e10f981a959d?s=96&d=mm&r=g","caption":"IFN English"},"description":"Articles published by the English iFamNews editorial team.","sameAs":["https:\/\/ifamnews.com\/en","https:\/\/www.facebook.com\/iFamNews\/","https:\/\/x.com\/https:\/\/twitter.com\/iFamNewsEN","https:\/\/www.youtube.com\/channel\/UCMVyIt4z9BANW3d09kwfUpw"],"url":"https:\/\/ifamnews.com\/de\/author\/ifamnews-staff"}]}},"amp_enabled":true,"_links":{"self":[{"href":"https:\/\/ifamnews.com\/de\/wp-json\/wp\/v2\/posts\/222013","targetHints":{"allow":["GET"]}}],"collection":[{"href":"https:\/\/ifamnews.com\/de\/wp-json\/wp\/v2\/posts"}],"about":[{"href":"https:\/\/ifamnews.com\/de\/wp-json\/wp\/v2\/types\/post"}],"author":[{"embeddable":true,"href":"https:\/\/ifamnews.com\/de\/wp-json\/wp\/v2\/users\/593"}],"replies":[{"embeddable":true,"href":"https:\/\/ifamnews.com\/de\/wp-json\/wp\/v2\/comments?post=222013"}],"version-history":[{"count":1,"href":"https:\/\/ifamnews.com\/de\/wp-json\/wp\/v2\/posts\/222013\/revisions"}],"predecessor-version":[{"id":222019,"href":"https:\/\/ifamnews.com\/de\/wp-json\/wp\/v2\/posts\/222013\/revisions\/222019"}],"wp:featuredmedia":[{"embeddable":true,"href":"https:\/\/ifamnews.com\/de\/wp-json\/wp\/v2\/media\/221680"}],"wp:attachment":[{"href":"https:\/\/ifamnews.com\/de\/wp-json\/wp\/v2\/media?parent=222013"}],"wp:term":[{"taxonomy":"category","embeddable":true,"href":"https:\/\/ifamnews.com\/de\/wp-json\/wp\/v2\/categories?post=222013"},{"taxonomy":"post_tag","embeddable":true,"href":"https:\/\/ifamnews.com\/de\/wp-json\/wp\/v2\/tags?post=222013"}],"curies":[{"name":"wp","href":"https:\/\/api.w.org\/{rel}","templated":true}]}}