{"id":22197,"date":"2020-07-21T01:00:00","date_gmt":"2020-07-21T06:00:00","guid":{"rendered":"https:\/\/ifamnews.com\/black-lives-matter\/"},"modified":"2020-07-21T07:10:48","modified_gmt":"2020-07-21T12:10:48","slug":"black-lives-matter","status":"publish","type":"post","link":"https:\/\/ifamnews.com\/de\/black-lives-matter","title":{"rendered":"Abtreibung der Schwarzen gleicht einem V\u00f6lkermord"},"content":{"rendered":"\n<p>Setzen Sie sich in Ihren Sessel, atmen Sie tief durch, machen\nSie Ihren Geist frei, nehmen Sie Ihr Lieblingsgetr\u00e4nk in die Hand, schlie\u00dfen\nSie die Augen und denken Sie tief nach\u2026 Glauben Sie wirklich, dass diejenigen,\ndie in diesen Tagen in den USA schreien und verw\u00fcsten, dies wirklich aus\nSolidarit\u00e4t mit den diskriminierten Schwarzen tun? Liegen ihnen wirklich die\nLeben der Afroamerikaner am Herzen?<\/p>\n\n\n\n<p>Ich glaube es nicht.<\/p>\n\n\n\n<p>Ich entschuldige mich daf\u00fcr, dass ich wei\u00df bin, denn das\nscheint mein Urteilsverm\u00f6gen zu beeintr\u00e4chtigen.<\/p>\n\n\n\n<p>Das einzige, was mir \u00fcbrig bleibt, ist meine Haut dunkel\nanzumalen\u2026Oder ich kann das wiederholen, was Cardial Wilfrid Fox Napier,\nMetropolitan-Erzbischof von Durban, S\u00fcdafrika k\u00fcrzlich getwittert hat.<\/p>\n\n\n\n<p>Der Kardinal bombardiert seine Leser auf Twitter wie Donald\nJ. Trump und fordert die \u201eBlack Lives Matter\u201c-Bewegung heraus. Die Verteidigung\ndes Lebens der Schwarzen ist eine Priorit\u00e4t, so der Purpurtr\u00e4ger, denn die\nVerteidigung des Lebens jedes Menschen ist eine Priorit\u00e4t. Aber warum st\u00fcrze\nsich dann die \u201eBlack Lives Matter\u201c-Bewegung nicht in erster Linie gegen die\nSchmiede afroamerikanischer Todesf\u00e4lle \u00fcberhaupt, n\u00e4mlich die\nAbtreibungsindustrie?<\/p>\n\n\n\n<p>Das sagen wenige. Der schwarze s\u00fcdafrikanische Kardinal und\nich, der italienische Direktor von <em>iFamNews<\/em>.\nJa, warum? <\/p>\n\n\n\n<p>Hier die Aufz\u00e4hlung der Tweets des Kardinals:<\/p>\n\n\n\n<figure class=\"wp-block-embed-twitter alignleft wp-block-embed is-type-rich is-provider-twitter\"><div class=\"wp-block-embed__wrapper\">\n<blockquote class=\"twitter-tweet\" data-width=\"500\" data-dnt=\"true\"><p lang=\"en\" dir=\"ltr\">1\/3 Guttmacher Institute estimates that since 1973 USA has aborted 57 million+ babies! Isn&#39;t this something we should be apologizing for?<\/p>&mdash; Cardinal Napier (@CardinalNapier) <a href=\"https:\/\/twitter.com\/CardinalNapier\/status\/749088895430561794?ref_src=twsrc%5Etfw\">July 2, 2016<\/a><\/blockquote><script async src=\"https:\/\/platform.twitter.com\/widgets.js\" charset=\"utf-8\"><\/script>\n<\/div><figcaption>1\/3 Nach einer Sch\u00e4tzung des Guttmacher Institutes wurden seit 1973 in den USA 57+ Mio. Babies abgetrieben! <br>Ist das nicht etwas, wof\u00fcr man sich entschuldigen sollte?<\/figcaption><\/figure>\n\n\n\n<figure class=\"wp-block-embed-twitter alignleft wp-block-embed is-type-rich is-provider-twitter\"><div class=\"wp-block-embed__wrapper\">\n<blockquote class=\"twitter-tweet\" data-width=\"500\" data-dnt=\"true\"><p lang=\"en\" dir=\"ltr\">2\/3 Of those 57 million+ babies disproportionate number, +\/- 31% have been Black! Isn&#39;t that also something we should be apologizing for?<\/p>&mdash; Cardinal Napier (@CardinalNapier) <a href=\"https:\/\/twitter.com\/CardinalNapier\/status\/749088955618856963?ref_src=twsrc%5Etfw\">July 2, 2016<\/a><\/blockquote><script async src=\"https:\/\/platform.twitter.com\/widgets.js\" charset=\"utf-8\"><\/script>\n<\/div><figcaption>2\/3 Von diesen 57+ Mio. Babies waren +\/- 31% &#8211; eine unverh\u00e4ltnism\u00e4\u00dfig hohe Zahl &#8211; schwarz! <br>Ist das nicht etwas, wof\u00fcr man sich entschuldigen sollte?<\/figcaption><\/figure>\n\n\n\n<figure class=\"wp-block-embed-twitter aligncenter wp-block-embed is-type-rich is-provider-twitter\"><div class=\"wp-block-embed__wrapper\">\n<blockquote class=\"twitter-tweet\" data-width=\"500\" data-dnt=\"true\"><p lang=\"en\" dir=\"ltr\">3\/3 That figure starts looking like a genocide when one factors in that Black women make up only 13% of total number of women in USA,<\/p>&mdash; Cardinal Napier (@CardinalNapier) <a href=\"https:\/\/twitter.com\/CardinalNapier\/status\/749089017333886976?ref_src=twsrc%5Etfw\">July 2, 2016<\/a><\/blockquote><script async src=\"https:\/\/platform.twitter.com\/widgets.js\" charset=\"utf-8\"><\/script>\n<\/div><figcaption>3\/3 Diese Statistik sieht wie ein Massenmord aus, wenn man sich \u00fcberlegt, <br>dass Schwarze nur 13% der Gesamtbev\u00f6lkerung der USA ausmachen.<\/figcaption><\/figure>\n\n\n\n<figure class=\"wp-block-embed-twitter alignleft wp-block-embed is-type-rich is-provider-twitter\"><div class=\"wp-block-embed__wrapper\">\n<blockquote class=\"twitter-tweet\" data-width=\"500\" data-dnt=\"true\"><p lang=\"en\" dir=\"ltr\">A brief study of the founding statement of \u201cBlack Lives Matter\u201d indicates the movement is being hijacked by the interests &amp; parties committed to dismantling the very values, structure &amp; institutions which have over the centuries undergird the best civilisations &amp; cultures!<\/p>&mdash; Cardinal Napier (@CardinalNapier) <a href=\"https:\/\/twitter.com\/CardinalNapier\/status\/1279467608782315523?ref_src=twsrc%5Etfw\">July 4, 2020<\/a><\/blockquote><script async src=\"https:\/\/platform.twitter.com\/widgets.js\" charset=\"utf-8\"><\/script>\n<\/div><figcaption>Ein kurzer Blick in die Gr\u00fcndungserkl\u00e4rung von &#8222;Black Lives Matter&#8220; zeigt, dass die Bewegung von den Interessen und Parteien gekapert wird, die sich dazu verpflichtet haben, genau die Werte, Strukturen und Institutionen abzubauen, die im Laufe der Jahrhunderte die besten Zivilisationen und Kulturen untermauert haben!<\/figcaption><\/figure>\n\n\n\n<figure class=\"wp-block-embed-twitter alignleft wp-block-embed is-type-rich is-provider-twitter\"><div class=\"wp-block-embed__wrapper\">\n<blockquote class=\"twitter-tweet\" data-width=\"500\" data-dnt=\"true\"><p lang=\"en\" dir=\"ltr\">Another crucial test of the authenticity of the Black Lives Matter movement will be its stance vis a vis Planned Parenthood and the Abortion Industry!<\/p>&mdash; Cardinal Napier (@CardinalNapier) <a href=\"https:\/\/twitter.com\/CardinalNapier\/status\/1280146739039809539?ref_src=twsrc%5Etfw\">July 6, 2020<\/a><\/blockquote><script async src=\"https:\/\/platform.twitter.com\/widgets.js\" charset=\"utf-8\"><\/script>\n<\/div><figcaption>Ein weiterer wichtiger Test der Authentizit\u00e4t der Black Lifes Matter Bewegung wird ihre Meinung zu Planned Parenthood und der Abtreibungsindustrie sein.<\/figcaption><\/figure>\n","protected":false},"excerpt":{"rendered":"<p>Kardinal Napier: Warum st\u00fcrzt sich die \u201eBLM\u201c-Bewegung nicht auf die Abtreibungsindustrie, die die Schwarzen ausrottet?<\/p>\n","protected":false},"author":7,"featured_media":21744,"comment_status":"open","ping_status":"open","sticky":false,"template":"","format":"standard","meta":{"give_campaign_id":0,"om_disable_all_campaigns":false,"_monsterinsights_skip_tracking":false,"_monsterinsights_sitenote_active":false,"_monsterinsights_sitenote_note":"","_monsterinsights_sitenote_category":0,"mc4wp_mailchimp_campaign":[],"jnews-multi-image_gallery":[],"jnews_single_post":{"subtitle":"Kardinal Napier: Warum st\u00fcrzt sich die \u201eBLM\u201c-Bewegung nicht auf die Abtreibungsindustrie, die die Schwarzen ausrottet?","format":"standard","video":"","gallery":"","source_name":"","source_url":"","via_name":"","via_url":"","override":[{"single_blog_custom":"","sidebar":"","second_sidebar":"","share_position":"","share_float_style":"","post_date_format":"","post_date_format_custom":"","post_reading_time_wpm":"","zoom_button_out_step":"1","zoom_button_in_step":"1","number_popup_post":"1"}],"image_override":[{"single_post_thumbnail_size":"","single_post_gallery_size":""}],"trending_post_position":"","trending_post_label":""},"jnews_primary_category":{"id":"767"},"jnews_social_meta":{"fb_title":"","fb_description":"","fb_image":"","twitter_title":"","twitter_description":"","twitter_image":""},"jnews_override_counter":{"view_counter_number":"0","share_counter_number":"0","like_counter_number":"0","dislike_counter_number":"0"},"footnotes":""},"categories":[816,820,767,811],"tags":[4407,4838],"class_list":["post-22197","post","type-post","status-publish","format-standard","has-post-thumbnail","hentry","category-breaking-news-de","category-leben","category-meinung","category-foreground-de","tag-rassismus-2","tag-wilfrid-napier-de"],"yoast_head":"<!-- This site is optimized with the Yoast SEO Premium plugin v25.9 (Yoast SEO v27.3) - https:\/\/yoast.com\/product\/yoast-seo-premium-wordpress\/ -->\n<title>Abtreibung der Schwarzen gleicht einem V\u00f6lkermord - IFN<\/title>\n<meta name=\"description\" content=\"Black Lives Matter. Perch\u00e9, chiede il card. Napier, il movimento dei neri non si lancia contro l&#039;industria dell&#039;aborto che decima i neri?\" \/>\n<meta name=\"robots\" content=\"index, follow, max-snippet:-1, max-image-preview:large, max-video-preview:-1\" \/>\n<link rel=\"canonical\" href=\"https:\/\/ifamnews.com\/de\/black-lives-matter\" \/>\n<meta property=\"og:locale\" content=\"de_DE\" \/>\n<meta property=\"og:type\" content=\"article\" \/>\n<meta property=\"og:title\" content=\"Abtreibung der Schwarzen gleicht einem V\u00f6lkermord\" \/>\n<meta property=\"og:description\" content=\"Black Lives Matter. Perch\u00e9, chiede il card. Napier, il movimento dei neri non si lancia contro l&#039;industria dell&#039;aborto che decima i neri?\" \/>\n<meta property=\"og:url\" content=\"https:\/\/ifamnews.com\/de\/black-lives-matter\" \/>\n<meta property=\"og:site_name\" content=\"IFN\" \/>\n<meta property=\"article:publisher\" content=\"https:\/\/www.facebook.com\/iFamNews\" \/>\n<meta property=\"article:author\" content=\"https:\/\/facebook.com\/MarcoRespinti\" \/>\n<meta property=\"article:published_time\" content=\"2020-07-21T06:00:00+00:00\" \/>\n<meta property=\"article:modified_time\" content=\"2020-07-21T12:10:48+00:00\" \/>\n<meta property=\"og:image\" content=\"https:\/\/ifamnews.com\/wp-content\/uploads\/2020\/07\/Wilfred-Napier.jpg\" \/>\n\t<meta property=\"og:image:width\" content=\"1200\" \/>\n\t<meta property=\"og:image:height\" content=\"675\" \/>\n\t<meta property=\"og:image:type\" content=\"image\/jpeg\" \/>\n<meta name=\"author\" content=\"Marco Respinti\" \/>\n<meta name=\"twitter:card\" content=\"summary_large_image\" \/>\n<meta name=\"twitter:creator\" content=\"@https:\/\/twitter.com\/MarcoRespinti\" \/>\n<meta name=\"twitter:site\" content=\"@iFamNewsEN\" \/>\n<meta name=\"twitter:label1\" content=\"Verfasst von\" \/>\n\t<meta name=\"twitter:data1\" content=\"Marco Respinti\" \/>\n\t<meta name=\"twitter:label2\" content=\"Gesch\u00e4tzte Lesezeit\" \/>\n\t<meta name=\"twitter:data2\" content=\"2\u00a0Minuten\" \/>\n<!-- \/ Yoast SEO Premium plugin. -->","yoast_head_json":{"title":"Abtreibung der Schwarzen gleicht einem V\u00f6lkermord - IFN","description":"Black Lives Matter. Perch\u00e9, chiede il card. Napier, il movimento dei neri non si lancia contro l'industria dell'aborto che decima i neri?","robots":{"index":"index","follow":"follow","max-snippet":"max-snippet:-1","max-image-preview":"max-image-preview:large","max-video-preview":"max-video-preview:-1"},"canonical":"https:\/\/ifamnews.com\/de\/black-lives-matter","og_locale":"de_DE","og_type":"article","og_title":"Abtreibung der Schwarzen gleicht einem V\u00f6lkermord","og_description":"Black Lives Matter. Perch\u00e9, chiede il card. Napier, il movimento dei neri non si lancia contro l'industria dell'aborto che decima i neri?","og_url":"https:\/\/ifamnews.com\/de\/black-lives-matter","og_site_name":"IFN","article_publisher":"https:\/\/www.facebook.com\/iFamNews","article_author":"https:\/\/facebook.com\/MarcoRespinti","article_published_time":"2020-07-21T06:00:00+00:00","article_modified_time":"2020-07-21T12:10:48+00:00","og_image":[{"width":1200,"height":675,"url":"https:\/\/ifamnews.com\/wp-content\/uploads\/2020\/07\/Wilfred-Napier.jpg","type":"image\/jpeg"}],"author":"Marco Respinti","twitter_card":"summary_large_image","twitter_creator":"@https:\/\/twitter.com\/MarcoRespinti","twitter_site":"@iFamNewsEN","twitter_misc":{"Verfasst von":"Marco Respinti","Gesch\u00e4tzte Lesezeit":"2\u00a0Minuten"},"schema":{"@context":"https:\/\/schema.org","@graph":[{"@type":"NewsArticle","@id":"https:\/\/ifamnews.com\/de\/black-lives-matter#article","isPartOf":{"@id":"https:\/\/ifamnews.com\/de\/black-lives-matter"},"author":{"name":"Marco Respinti","@id":"https:\/\/ifamnews.com\/en\/#\/schema\/person\/f0579ab02623e80d44006c1a5d949ea9"},"headline":"Abtreibung der Schwarzen gleicht einem V\u00f6lkermord","datePublished":"2020-07-21T06:00:00+00:00","dateModified":"2020-07-21T12:10:48+00:00","mainEntityOfPage":{"@id":"https:\/\/ifamnews.com\/de\/black-lives-matter"},"wordCount":391,"commentCount":0,"publisher":{"@id":"https:\/\/ifamnews.com\/en\/#organization"},"image":{"@id":"https:\/\/ifamnews.com\/de\/black-lives-matter#primaryimage"},"thumbnailUrl":"https:\/\/ifamnews.com\/wp-content\/uploads\/2020\/07\/Wilfred-Napier.jpg","keywords":["Rassismus","Wilfrid Napier"],"articleSection":["Breaking News","Leben","Meinung","Vordergrund"],"inLanguage":"de","potentialAction":[{"@type":"CommentAction","name":"Comment","target":["https:\/\/ifamnews.com\/de\/black-lives-matter#respond"]}]},{"@type":"WebPage","@id":"https:\/\/ifamnews.com\/de\/black-lives-matter","url":"https:\/\/ifamnews.com\/de\/black-lives-matter","name":"Abtreibung der Schwarzen gleicht einem V\u00f6lkermord - IFN","isPartOf":{"@id":"https:\/\/ifamnews.com\/en\/#website"},"primaryImageOfPage":{"@id":"https:\/\/ifamnews.com\/de\/black-lives-matter#primaryimage"},"image":{"@id":"https:\/\/ifamnews.com\/de\/black-lives-matter#primaryimage"},"thumbnailUrl":"https:\/\/ifamnews.com\/wp-content\/uploads\/2020\/07\/Wilfred-Napier.jpg","datePublished":"2020-07-21T06:00:00+00:00","dateModified":"2020-07-21T12:10:48+00:00","description":"Black Lives Matter. Perch\u00e9, chiede il card. Napier, il movimento dei neri non si lancia contro l'industria dell'aborto che decima i neri?","breadcrumb":{"@id":"https:\/\/ifamnews.com\/de\/black-lives-matter#breadcrumb"},"inLanguage":"de","potentialAction":[{"@type":"ReadAction","target":["https:\/\/ifamnews.com\/de\/black-lives-matter"]}]},{"@type":"ImageObject","inLanguage":"de","@id":"https:\/\/ifamnews.com\/de\/black-lives-matter#primaryimage","url":"https:\/\/ifamnews.com\/wp-content\/uploads\/2020\/07\/Wilfred-Napier.jpg","contentUrl":"https:\/\/ifamnews.com\/wp-content\/uploads\/2020\/07\/Wilfred-Napier.jpg","width":1200,"height":675,"caption":"Il cardinale sudafricano Wilfred Fox Napier"},{"@type":"BreadcrumbList","@id":"https:\/\/ifamnews.com\/de\/black-lives-matter#breadcrumb","itemListElement":[{"@type":"ListItem","position":1,"name":"Home","item":"https:\/\/ifamnews.com\/de"},{"@type":"ListItem","position":2,"name":"Editoriali","item":"https:\/\/ifamnews.com\/it\/categoria\/editoriali"},{"@type":"ListItem","position":3,"name":"Abtreibung der Schwarzen gleicht einem V\u00f6lkermord"}]},{"@type":"WebSite","@id":"https:\/\/ifamnews.com\/en\/#website","url":"https:\/\/ifamnews.com\/en\/","name":"IFN","description":"International Family News Network","publisher":{"@id":"https:\/\/ifamnews.com\/en\/#organization"},"potentialAction":[{"@type":"SearchAction","target":{"@type":"EntryPoint","urlTemplate":"https:\/\/ifamnews.com\/en\/?s={search_term_string}"},"query-input":{"@type":"PropertyValueSpecification","valueRequired":true,"valueName":"search_term_string"}}],"inLanguage":"de"},{"@type":"Organization","@id":"https:\/\/ifamnews.com\/en\/#organization","name":"iFamNews","url":"https:\/\/ifamnews.com\/en\/","logo":{"@type":"ImageObject","inLanguage":"de","@id":"https:\/\/ifamnews.com\/en\/#\/schema\/logo\/image\/","url":"https:\/\/ifamnews.com\/wp-content\/uploads\/2020\/01\/Share-logo.png","contentUrl":"https:\/\/ifamnews.com\/wp-content\/uploads\/2020\/01\/Share-logo.png","width":200,"height":200,"caption":"iFamNews"},"image":{"@id":"https:\/\/ifamnews.com\/en\/#\/schema\/logo\/image\/"},"sameAs":["https:\/\/www.facebook.com\/iFamNews","https:\/\/x.com\/iFamNewsEN"]},{"@type":"Person","@id":"https:\/\/ifamnews.com\/en\/#\/schema\/person\/f0579ab02623e80d44006c1a5d949ea9","name":"Marco Respinti","image":{"@type":"ImageObject","inLanguage":"de","@id":"https:\/\/secure.gravatar.com\/avatar\/4ab04a5127131015e13010f222e38621144dc33a5df5d977b35ceeab15ee958f?s=96&d=mm&r=g","url":"https:\/\/secure.gravatar.com\/avatar\/4ab04a5127131015e13010f222e38621144dc33a5df5d977b35ceeab15ee958f?s=96&d=mm&r=g","contentUrl":"https:\/\/secure.gravatar.com\/avatar\/4ab04a5127131015e13010f222e38621144dc33a5df5d977b35ceeab15ee958f?s=96&d=mm&r=g","caption":"Marco Respinti"},"description":"Marco Respinti was the Editor-in-Chief of International Family News until the end of 2022. He is an Italian professional journalist, member of the International Federation of Journalists (IFJ), essayist, translator, and lecturer. He has contributed and contributes to several journals and magazines both in print and online, both in Italy and abroad. Author of books, he has translated and\/or edited works by, among others, Edmund Burke, Charles Dickens, T.S. Eliot, Russell Kirk, J.R.R. Tolkien, R\u00e9gine Pernoud and Gustave Thibon. A Senior fellow at the\u00a0Russell Kirk Center for Cultural Renewal (Mecosta, Michigan) he is also a founding member as well as Board member of the Center for European Renewal (The Hague, The Netherlands). A member of the Editorial Board of The European Conservative magazine, as well as a member of the Advisory Council of the European Federation for Freedom of Belief, he serves as Director-in-Charge of the academic publication The Journal of CESNUR and the online Bitter Winter: A Magazine on Religious Liberty and Human Rights.","sameAs":["https:\/\/facebook.com\/MarcoRespinti","https:\/\/it.linkedin.com\/in\/marcorespinti","https:\/\/pinterest.it\/MarcoRespinti\/_created\/","https:\/\/x.com\/https:\/\/twitter.com\/MarcoRespinti","https:\/\/youtube.com\/channel\/UC1FbsvyQNTQ-snpsmRC12Og?view_as=subscriber"],"url":"https:\/\/ifamnews.com\/de\/author\/mrespinti"}]}},"amp_enabled":true,"_links":{"self":[{"href":"https:\/\/ifamnews.com\/de\/wp-json\/wp\/v2\/posts\/22197","targetHints":{"allow":["GET"]}}],"collection":[{"href":"https:\/\/ifamnews.com\/de\/wp-json\/wp\/v2\/posts"}],"about":[{"href":"https:\/\/ifamnews.com\/de\/wp-json\/wp\/v2\/types\/post"}],"author":[{"embeddable":true,"href":"https:\/\/ifamnews.com\/de\/wp-json\/wp\/v2\/users\/7"}],"replies":[{"embeddable":true,"href":"https:\/\/ifamnews.com\/de\/wp-json\/wp\/v2\/comments?post=22197"}],"version-history":[{"count":1,"href":"https:\/\/ifamnews.com\/de\/wp-json\/wp\/v2\/posts\/22197\/revisions"}],"predecessor-version":[{"id":22198,"href":"https:\/\/ifamnews.com\/de\/wp-json\/wp\/v2\/posts\/22197\/revisions\/22198"}],"wp:featuredmedia":[{"embeddable":true,"href":"https:\/\/ifamnews.com\/de\/wp-json\/wp\/v2\/media\/21744"}],"wp:attachment":[{"href":"https:\/\/ifamnews.com\/de\/wp-json\/wp\/v2\/media?parent=22197"}],"wp:term":[{"taxonomy":"category","embeddable":true,"href":"https:\/\/ifamnews.com\/de\/wp-json\/wp\/v2\/categories?post=22197"},{"taxonomy":"post_tag","embeddable":true,"href":"https:\/\/ifamnews.com\/de\/wp-json\/wp\/v2\/tags?post=22197"}],"curies":[{"name":"wp","href":"https:\/\/api.w.org\/{rel}","templated":true}]}}