{"id":220954,"date":"2024-02-22T05:00:00","date_gmt":"2024-02-22T10:00:00","guid":{"rendered":"https:\/\/ifamnews.com\/?p=220954"},"modified":"2024-02-22T01:19:07","modified_gmt":"2024-02-22T06:19:07","slug":"beerdigung-der-bekannten-lgbt-aktivistin-cecilia-gentili-in-der-st-patrick-s-kathedrale-erregt-katholische-wut","status":"publish","type":"post","link":"https:\/\/ifamnews.com\/de\/beerdigung-der-bekannten-lgbt-aktivistin-cecilia-gentili-in-der-st-patrick-s-kathedrale-erregt-katholische-wut","title":{"rendered":"Beerdigung der bekannten LGBT-Aktivistin Cecilia Gentili in der St. Patrick&#8217;s Kathedrale erregt katholische Wut"},"content":{"rendered":"<p>Nach der Trauerfeier f\u00fcr die bekannte LGBT-Aktivistin Cecilia Gentili in der ber\u00fchmten St. Patrick&#8217;s Cathedral in New York City ist eine heftige Kontroverse entbrannt. Gentili, ein Atheist und Transgender-Aktivist, verstarb am 6. Februar im Alter von 52 Jahren. Der Gottesdienst, an dem zahlreiche LGBTQ-Aktivisten teilnahmen, wurde organisiert, ohne die Kirchenleitung \u00fcber Gentilis Transgender-Identit\u00e4t zu informieren. Dies f\u00fchrte zu Emp\u00f6rung und dem Ruf nach Wiedergutmachung seitens bestimmter Teile der katholischen Gemeinschaft.<\/p>\n<p>Pater Edward Dougherty zelebrierte den Gottesdienst, bei dem er Berichten zufolge keinen Bezug auf Gentilis Herkunft nahm. Die Menge, die mit glitzernden Minir\u00f6cken, gewagten Outfits und Spruchb\u00e4ndern gef\u00fcllt war, wurde von CatholicVote als &#8222;Verh\u00f6hnung des christlichen Glaubens&#8220; bezeichnet, die Videos von der Beerdigung auf sozialen Medienplattformen verbreiteten.<\/p>\n<p>Die Erzdi\u00f6zese New York reagierte nicht auf Anfragen, ob die Kirche \u00fcber Gentilis Hintergrund Bescheid wusste. Der Sprecher Joseph Zwilling sagte der New York Times, dass die Kathedrale ihr Bestes tut, um jeder Anfrage f\u00fcr eine Beerdigung nachzukommen, die von einem Katholiken kommt.<\/p>\n<p>Ceyenne Doroshow, die Organisatorin der Veranstaltung, verriet der Times, dass sie Gentilis Transgender-Identit\u00e4t bei der Planung der Beerdigung absichtlich geheim hielt. Pater Enrique Salvo, der Pfarrer der St. Patrick&#8217;s Kathedrale, gab eine Erkl\u00e4rung ab, in der er seine Emp\u00f6rung \u00fcber das &#8222;skandal\u00f6se Verhalten&#8220; bei der Beerdigung zum Ausdruck brachte und best\u00e4tigte, dass die Kathedrale nur von dem Antrag auf eine katholische Beerdigung wusste.<\/p>\n","protected":false},"excerpt":{"rendered":"<p>Nach der Trauerfeier f\u00fcr die bekannte LGBT-Aktivistin Cecilia Gentili in der ber\u00fchmten St. Patrick&#8217;s Cathedral in New York City ist es zu einer heftigen Kontroverse gekommen.<\/p>\n","protected":false},"author":593,"featured_media":220840,"comment_status":"open","ping_status":"open","sticky":false,"template":"","format":"standard","meta":{"give_campaign_id":0,"om_disable_all_campaigns":false,"_monsterinsights_skip_tracking":false,"_monsterinsights_sitenote_active":false,"_monsterinsights_sitenote_note":"","_monsterinsights_sitenote_category":0,"mc4wp_mailchimp_campaign":[],"jnews-multi-image_gallery":[],"jnews_single_post":{"subtitle":"","format":"standard","video":"","gallery":"","source_name":"","source_url":"","via_name":"","via_url":"","override_template":"0","override":[{"template":"2","single_blog_custom":"","parallax":"1","fullscreen":"1","layout":"right-sidebar-narrow","sidebar":"default-sidebar","second_sidebar":"default-sidebar","sticky_sidebar":"1","share_position":"float","share_float_style":"share-normal","show_share_counter":"1","show_view_counter":"1","show_featured":"1","show_post_meta":"1","show_post_author":"1","show_post_author_image":"1","show_post_date":"1","post_date_format":"default","post_date_format_custom":"Y\/m\/d","show_post_category":"1","show_post_reading_time":"1","post_reading_time_wpm":"300","show_zoom_button":"0","zoom_button_out_step":"2","zoom_button_in_step":"3","show_post_tag":"1","show_prev_next_post":"0","show_popup_post":"0","number_popup_post":"1","show_author_box":"1","show_post_related":"0","show_inline_post_related":"0"}],"override_image_size":"0","image_override":[{"single_post_thumbnail_size":"crop-715","single_post_gallery_size":"crop-715"}],"trending_post":"0","trending_post_position":"meta","trending_post_label":"Trending","sponsored_post":"0","sponsored_post_label":"Sponsored by","sponsored_post_name":"","sponsored_post_url":"","sponsored_post_logo_enable":"0","sponsored_post_logo":"","sponsored_post_desc":"","disable_ad":"0"},"jnews_primary_category":{"id":"763","hide":""},"jnews_social_meta":[],"jnews_override_counter":[],"footnotes":""},"categories":[816,763,811],"tags":[5234,6941,5237],"class_list":["post-220954","post","type-post","status-publish","format-standard","has-post-thumbnail","hentry","category-breaking-news-de","category-kultur","category-foreground-de","tag-gender-ideology-de","tag-lgbt-ideologie","tag-transgenderism-de"],"yoast_head":"<!-- This site is optimized with the Yoast SEO Premium plugin v25.9 (Yoast SEO v27.3) - https:\/\/yoast.com\/product\/yoast-seo-premium-wordpress\/ -->\n<title>Beerdigung der bekannten LGBT-Aktivistin Cecilia Gentili in der St. Patrick&#039;s Kathedrale erregt katholische Wut - IFN<\/title>\n<meta name=\"description\" content=\"Nach der Trauerfeier f\u00fcr die bekannte LGBT-Aktivistin Cecilia Gentili in der ber\u00fchmten St. Patrick&#039;s Cathedral in New York City ist es zu einer heftigen Kontroverse gekommen.\" \/>\n<meta name=\"robots\" content=\"index, follow, max-snippet:-1, max-image-preview:large, max-video-preview:-1\" \/>\n<link rel=\"canonical\" href=\"https:\/\/ifamnews.com\/en\/funeral-of-noted-lgbt-activist-cecilia-gentili-at-st-patrick-s-cathedral-ignites-catholic-fury\" \/>\n<meta property=\"og:locale\" content=\"de_DE\" \/>\n<meta property=\"og:type\" content=\"article\" \/>\n<meta property=\"og:title\" content=\"Beerdigung der bekannten LGBT-Aktivistin Cecilia Gentili in der St. Patrick&#039;s Kathedrale erregt katholische Wut\" \/>\n<meta property=\"og:description\" content=\"Nach der Trauerfeier f\u00fcr die bekannte LGBT-Aktivistin Cecilia Gentili in der ber\u00fchmten St. Patrick&#039;s Cathedral in New York City ist es zu einer heftigen Kontroverse gekommen.\" \/>\n<meta property=\"og:url\" content=\"https:\/\/ifamnews.com\/en\/funeral-of-noted-lgbt-activist-cecilia-gentili-at-st-patrick-s-cathedral-ignites-catholic-fury\" \/>\n<meta property=\"og:site_name\" content=\"IFN\" \/>\n<meta property=\"article:publisher\" content=\"https:\/\/www.facebook.com\/iFamNews\" \/>\n<meta property=\"article:author\" content=\"https:\/\/www.facebook.com\/iFamNews\/\" \/>\n<meta property=\"article:published_time\" content=\"2024-02-22T10:00:00+00:00\" \/>\n<meta property=\"og:image\" content=\"https:\/\/ifamnews.com\/wp-content\/uploads\/2024\/02\/Untitled-design-2024-02-20T093930.067.png\" \/>\n\t<meta property=\"og:image:width\" content=\"1200\" \/>\n\t<meta property=\"og:image:height\" content=\"675\" \/>\n\t<meta property=\"og:image:type\" content=\"image\/png\" \/>\n<meta name=\"author\" content=\"IFN English\" \/>\n<meta name=\"twitter:card\" content=\"summary_large_image\" \/>\n<meta name=\"twitter:creator\" content=\"@https:\/\/twitter.com\/iFamNewsEN\" \/>\n<meta name=\"twitter:site\" content=\"@iFamNewsEN\" \/>\n<meta name=\"twitter:label1\" content=\"Verfasst von\" \/>\n\t<meta name=\"twitter:data1\" content=\"iFamNews Redaktion\" \/>\n\t<meta name=\"twitter:label2\" content=\"Gesch\u00e4tzte Lesezeit\" \/>\n\t<meta name=\"twitter:data2\" content=\"2\u00a0Minuten\" \/>\n<!-- \/ Yoast SEO Premium plugin. -->","yoast_head_json":{"title":"Beerdigung der bekannten LGBT-Aktivistin Cecilia Gentili in der St. Patrick's Kathedrale erregt katholische Wut - IFN","description":"Nach der Trauerfeier f\u00fcr die bekannte LGBT-Aktivistin Cecilia Gentili in der ber\u00fchmten St. Patrick's Cathedral in New York City ist es zu einer heftigen Kontroverse gekommen.","robots":{"index":"index","follow":"follow","max-snippet":"max-snippet:-1","max-image-preview":"max-image-preview:large","max-video-preview":"max-video-preview:-1"},"canonical":"https:\/\/ifamnews.com\/en\/funeral-of-noted-lgbt-activist-cecilia-gentili-at-st-patrick-s-cathedral-ignites-catholic-fury","og_locale":"de_DE","og_type":"article","og_title":"Beerdigung der bekannten LGBT-Aktivistin Cecilia Gentili in der St. Patrick's Kathedrale erregt katholische Wut","og_description":"Nach der Trauerfeier f\u00fcr die bekannte LGBT-Aktivistin Cecilia Gentili in der ber\u00fchmten St. Patrick's Cathedral in New York City ist es zu einer heftigen Kontroverse gekommen.","og_url":"https:\/\/ifamnews.com\/en\/funeral-of-noted-lgbt-activist-cecilia-gentili-at-st-patrick-s-cathedral-ignites-catholic-fury","og_site_name":"IFN","article_publisher":"https:\/\/www.facebook.com\/iFamNews","article_author":"https:\/\/www.facebook.com\/iFamNews\/","article_published_time":"2024-02-22T10:00:00+00:00","og_image":[{"width":1200,"height":675,"url":"https:\/\/ifamnews.com\/wp-content\/uploads\/2024\/02\/Untitled-design-2024-02-20T093930.067.png","type":"image\/png"}],"author":"IFN English","twitter_card":"summary_large_image","twitter_creator":"@https:\/\/twitter.com\/iFamNewsEN","twitter_site":"@iFamNewsEN","twitter_misc":{"Verfasst von":"iFamNews Redaktion","Gesch\u00e4tzte Lesezeit":"2\u00a0Minuten"},"schema":{"@context":"https:\/\/schema.org","@graph":[{"@type":"NewsArticle","@id":"https:\/\/ifamnews.com\/en\/funeral-of-noted-lgbt-activist-cecilia-gentili-at-st-patrick-s-cathedral-ignites-catholic-fury#article","isPartOf":{"@id":"https:\/\/ifamnews.com\/en\/funeral-of-noted-lgbt-activist-cecilia-gentili-at-st-patrick-s-cathedral-ignites-catholic-fury"},"author":{"name":"IFN English","@id":"https:\/\/ifamnews.com\/en\/#\/schema\/person\/633bdb7ac2496c9b9304ce62d071cdfa"},"headline":"Beerdigung der bekannten LGBT-Aktivistin Cecilia Gentili in der St. Patrick&#8217;s Kathedrale erregt katholische Wut","datePublished":"2024-02-22T10:00:00+00:00","mainEntityOfPage":{"@id":"https:\/\/ifamnews.com\/en\/funeral-of-noted-lgbt-activist-cecilia-gentili-at-st-patrick-s-cathedral-ignites-catholic-fury"},"wordCount":254,"commentCount":0,"publisher":{"@id":"https:\/\/ifamnews.com\/en\/#organization"},"image":{"@id":"https:\/\/ifamnews.com\/en\/funeral-of-noted-lgbt-activist-cecilia-gentili-at-st-patrick-s-cathedral-ignites-catholic-fury#primaryimage"},"thumbnailUrl":"https:\/\/ifamnews.com\/wp-content\/uploads\/2024\/02\/Untitled-design-2024-02-20T093930.067.png","keywords":["gender ideology","LGBT-Ideologie","Transgenderism"],"articleSection":["Breaking News","Kultur","Vordergrund"],"inLanguage":"de","potentialAction":[{"@type":"CommentAction","name":"Comment","target":["https:\/\/ifamnews.com\/en\/funeral-of-noted-lgbt-activist-cecilia-gentili-at-st-patrick-s-cathedral-ignites-catholic-fury#respond"]}]},{"@type":"WebPage","@id":"https:\/\/ifamnews.com\/en\/funeral-of-noted-lgbt-activist-cecilia-gentili-at-st-patrick-s-cathedral-ignites-catholic-fury","url":"https:\/\/ifamnews.com\/en\/funeral-of-noted-lgbt-activist-cecilia-gentili-at-st-patrick-s-cathedral-ignites-catholic-fury","name":"Beerdigung der bekannten LGBT-Aktivistin Cecilia Gentili in der St. Patrick's Kathedrale erregt katholische Wut - IFN","isPartOf":{"@id":"https:\/\/ifamnews.com\/en\/#website"},"primaryImageOfPage":{"@id":"https:\/\/ifamnews.com\/en\/funeral-of-noted-lgbt-activist-cecilia-gentili-at-st-patrick-s-cathedral-ignites-catholic-fury#primaryimage"},"image":{"@id":"https:\/\/ifamnews.com\/en\/funeral-of-noted-lgbt-activist-cecilia-gentili-at-st-patrick-s-cathedral-ignites-catholic-fury#primaryimage"},"thumbnailUrl":"https:\/\/ifamnews.com\/wp-content\/uploads\/2024\/02\/Untitled-design-2024-02-20T093930.067.png","datePublished":"2024-02-22T10:00:00+00:00","description":"Nach der Trauerfeier f\u00fcr die bekannte LGBT-Aktivistin Cecilia Gentili in der ber\u00fchmten St. Patrick's Cathedral in New York City ist es zu einer heftigen Kontroverse gekommen.","breadcrumb":{"@id":"https:\/\/ifamnews.com\/en\/funeral-of-noted-lgbt-activist-cecilia-gentili-at-st-patrick-s-cathedral-ignites-catholic-fury#breadcrumb"},"inLanguage":"de","potentialAction":[{"@type":"ReadAction","target":["https:\/\/ifamnews.com\/en\/funeral-of-noted-lgbt-activist-cecilia-gentili-at-st-patrick-s-cathedral-ignites-catholic-fury"]}]},{"@type":"ImageObject","inLanguage":"de","@id":"https:\/\/ifamnews.com\/en\/funeral-of-noted-lgbt-activist-cecilia-gentili-at-st-patrick-s-cathedral-ignites-catholic-fury#primaryimage","url":"https:\/\/ifamnews.com\/wp-content\/uploads\/2024\/02\/Untitled-design-2024-02-20T093930.067.png","contentUrl":"https:\/\/ifamnews.com\/wp-content\/uploads\/2024\/02\/Untitled-design-2024-02-20T093930.067.png","width":1200,"height":675,"caption":"https:\/\/creativecommons.org\/licenses\/by-sa\/3.0\/"},{"@type":"BreadcrumbList","@id":"https:\/\/ifamnews.com\/en\/funeral-of-noted-lgbt-activist-cecilia-gentili-at-st-patrick-s-cathedral-ignites-catholic-fury#breadcrumb","itemListElement":[{"@type":"ListItem","position":1,"name":"Home","item":"https:\/\/ifamnews.com\/de"},{"@type":"ListItem","position":2,"name":"\u041a\u0443\u043b\u0442\u0443\u0440\u0430","item":"https:\/\/ifamnews.com\/sr\/kategorija\/kultura-sr"},{"@type":"ListItem","position":3,"name":"Beerdigung der bekannten LGBT-Aktivistin Cecilia Gentili in der St. Patrick&#8217;s Kathedrale erregt katholische Wut"}]},{"@type":"WebSite","@id":"https:\/\/ifamnews.com\/en\/#website","url":"https:\/\/ifamnews.com\/en\/","name":"IFN","description":"International Family News Network","publisher":{"@id":"https:\/\/ifamnews.com\/en\/#organization"},"potentialAction":[{"@type":"SearchAction","target":{"@type":"EntryPoint","urlTemplate":"https:\/\/ifamnews.com\/en\/?s={search_term_string}"},"query-input":{"@type":"PropertyValueSpecification","valueRequired":true,"valueName":"search_term_string"}}],"inLanguage":"de"},{"@type":"Organization","@id":"https:\/\/ifamnews.com\/en\/#organization","name":"iFamNews","url":"https:\/\/ifamnews.com\/en\/","logo":{"@type":"ImageObject","inLanguage":"de","@id":"https:\/\/ifamnews.com\/en\/#\/schema\/logo\/image\/","url":"https:\/\/ifamnews.com\/wp-content\/uploads\/2020\/01\/Share-logo.png","contentUrl":"https:\/\/ifamnews.com\/wp-content\/uploads\/2020\/01\/Share-logo.png","width":200,"height":200,"caption":"iFamNews"},"image":{"@id":"https:\/\/ifamnews.com\/en\/#\/schema\/logo\/image\/"},"sameAs":["https:\/\/www.facebook.com\/iFamNews","https:\/\/x.com\/iFamNewsEN"]},{"@type":"Person","@id":"https:\/\/ifamnews.com\/en\/#\/schema\/person\/633bdb7ac2496c9b9304ce62d071cdfa","name":"IFN English","image":{"@type":"ImageObject","inLanguage":"de","@id":"https:\/\/secure.gravatar.com\/avatar\/6f16ce95b558ae6f6eb9ae2f68122482a2c61696af2a8fc343c2e10f981a959d?s=96&d=mm&r=g","url":"https:\/\/secure.gravatar.com\/avatar\/6f16ce95b558ae6f6eb9ae2f68122482a2c61696af2a8fc343c2e10f981a959d?s=96&d=mm&r=g","contentUrl":"https:\/\/secure.gravatar.com\/avatar\/6f16ce95b558ae6f6eb9ae2f68122482a2c61696af2a8fc343c2e10f981a959d?s=96&d=mm&r=g","caption":"IFN English"},"description":"Articles published by the English iFamNews editorial team.","sameAs":["https:\/\/ifamnews.com\/en","https:\/\/www.facebook.com\/iFamNews\/","https:\/\/x.com\/https:\/\/twitter.com\/iFamNewsEN","https:\/\/www.youtube.com\/channel\/UCMVyIt4z9BANW3d09kwfUpw"],"url":"https:\/\/ifamnews.com\/de\/author\/ifamnews-staff"}]}},"amp_enabled":true,"_links":{"self":[{"href":"https:\/\/ifamnews.com\/de\/wp-json\/wp\/v2\/posts\/220954","targetHints":{"allow":["GET"]}}],"collection":[{"href":"https:\/\/ifamnews.com\/de\/wp-json\/wp\/v2\/posts"}],"about":[{"href":"https:\/\/ifamnews.com\/de\/wp-json\/wp\/v2\/types\/post"}],"author":[{"embeddable":true,"href":"https:\/\/ifamnews.com\/de\/wp-json\/wp\/v2\/users\/593"}],"replies":[{"embeddable":true,"href":"https:\/\/ifamnews.com\/de\/wp-json\/wp\/v2\/comments?post=220954"}],"version-history":[{"count":1,"href":"https:\/\/ifamnews.com\/de\/wp-json\/wp\/v2\/posts\/220954\/revisions"}],"predecessor-version":[{"id":220960,"href":"https:\/\/ifamnews.com\/de\/wp-json\/wp\/v2\/posts\/220954\/revisions\/220960"}],"wp:featuredmedia":[{"embeddable":true,"href":"https:\/\/ifamnews.com\/de\/wp-json\/wp\/v2\/media\/220840"}],"wp:attachment":[{"href":"https:\/\/ifamnews.com\/de\/wp-json\/wp\/v2\/media?parent=220954"}],"wp:term":[{"taxonomy":"category","embeddable":true,"href":"https:\/\/ifamnews.com\/de\/wp-json\/wp\/v2\/categories?post=220954"},{"taxonomy":"post_tag","embeddable":true,"href":"https:\/\/ifamnews.com\/de\/wp-json\/wp\/v2\/tags?post=220954"}],"curies":[{"name":"wp","href":"https:\/\/api.w.org\/{rel}","templated":true}]}}