{"id":218270,"date":"2024-01-29T04:00:00","date_gmt":"2024-01-29T09:00:00","guid":{"rendered":"https:\/\/ifamnews.com\/?p=218270"},"modified":"2024-01-28T16:08:36","modified_gmt":"2024-01-28T21:08:36","slug":"verdeckte-ermittlung-wirft-fragen-zu-den-praktiken-von-planned-parenthood-bei-abtreibungen-von-minderj-hrigen-auf","status":"publish","type":"post","link":"https:\/\/ifamnews.com\/de\/verdeckte-ermittlung-wirft-fragen-zu-den-praktiken-von-planned-parenthood-bei-abtreibungen-von-minderj-hrigen-auf","title":{"rendered":"Verdeckte Ermittlung wirft Fragen zu den Praktiken von Planned Parenthood bei Abtreibungen von Minderj\u00e4hrigen auf"},"content":{"rendered":"<p>Eine j\u00fcngste verdeckte Ermittlung des Veritas Project hat Bedenken \u00fcber die Praktiken von Planned Parenthood im Zusammenhang mit Abtreibungen bei Minderj\u00e4hrigen in den USA geweckt. Berichten zufolge werden in bestimmten Bundesstaaten die Eltern nicht \u00fcber die Abtreibungen ihrer minderj\u00e4hrigen T\u00f6chter informiert und die Organisation ist daran beteiligt, Minderj\u00e4hrige f\u00fcr Abtreibungen \u00fcber die Staatsgrenzen zu transportieren.<\/p>\n<p>Bei der Untersuchung drang ein Reporter in eine Klinik von Planned Parenthood in Kansas City, Missouri, ein und erkundigte sich nach einer Abtreibung f\u00fcr ein 13-j\u00e4hriges M\u00e4dchen. Obwohl Abtreibungen in Missouri illegal sind, wies das Klinikpersonal darauf hin, dass sie die Minderj\u00e4hrige an eine Klinik in Kansas \u00fcberweisen k\u00f6nnten, und sicherte Anonymit\u00e4t zu &#8211; ohne die Eltern oder das Schulpersonal zu informieren.<\/p>\n<p>Die Untersuchung wirft rechtliche und ethische Bedenken hinsichtlich der Praktiken von Planned Parenthood auf, insbesondere in Bezug auf die Rechte von Minderj\u00e4hrigen und ihren Eltern. Die Untersuchung deutet darauf hin, dass die Organisation m\u00f6glicherweise Schlupfl\u00f6cher ausnutzt, um Gesetze und elterliche Zustimmungserfordernisse zu umgehen. Dies hat zu Gegenreaktionen von Pro-Life-Gruppen und Bef\u00fcrwortern gef\u00fchrt, die die Praktiken der Organisation als respektlos gegen\u00fcber den elterlichen Rechten und potenziell ausbeuterisch gegen\u00fcber schutzbed\u00fcrftigen Minderj\u00e4hrigen betrachten.<\/p>\n<p>Die Haltung der Organisation, dass Minderj\u00e4hrige in ihren Kliniken als Erwachsene betrachtet werden, wirft weitere Bedenken hinsichtlich der Einwilligung und des Schutzes der Rechte dieser Minderj\u00e4hrigen in Szenarien, die Abtreibungen betreffen, auf. Die Auswirkungen dieser Untersuchung sind noch nicht absehbar, aber sie k\u00f6nnten m\u00f6glicherweise die Debatten \u00fcber Elternrechte, informierte Zustimmung und das gesetzliche Alter der Vollj\u00e4hrigkeit im medizinischen Kontext intensivieren.<\/p>\n","protected":false},"excerpt":{"rendered":"<p>Eine k\u00fcrzlich durchgef\u00fchrte verdeckte Ermittlung des Veritas Project hat Bedenken hinsichtlich der Praktiken von Planned Parenthood im Zusammenhang mit Abtreibungen bei Minderj\u00e4hrigen in den USA geweckt.<\/p>\n","protected":false},"author":593,"featured_media":218193,"comment_status":"open","ping_status":"open","sticky":false,"template":"","format":"standard","meta":{"give_campaign_id":0,"om_disable_all_campaigns":false,"_monsterinsights_skip_tracking":false,"_monsterinsights_sitenote_active":false,"_monsterinsights_sitenote_note":"","_monsterinsights_sitenote_category":0,"mc4wp_mailchimp_campaign":[],"jnews-multi-image_gallery":[],"jnews_single_post":{"subtitle":"","format":"standard","video":"","gallery":"","source_name":"","source_url":"","via_name":"","via_url":"","override_template":"0","override":[{"template":"2","single_blog_custom":"","parallax":"1","fullscreen":"1","layout":"right-sidebar-narrow","sidebar":"default-sidebar","second_sidebar":"default-sidebar","sticky_sidebar":"1","share_position":"float","share_float_style":"share-normal","show_share_counter":"1","show_view_counter":"1","show_featured":"1","show_post_meta":"1","show_post_author":"1","show_post_author_image":"1","show_post_date":"1","post_date_format":"default","post_date_format_custom":"Y\/m\/d","show_post_category":"1","show_post_reading_time":"1","post_reading_time_wpm":"300","show_zoom_button":"0","zoom_button_out_step":"2","zoom_button_in_step":"3","show_post_tag":"1","show_prev_next_post":"0","show_popup_post":"0","number_popup_post":"1","show_author_box":"1","show_post_related":"0","show_inline_post_related":"0"}],"override_image_size":"0","image_override":[{"single_post_thumbnail_size":"crop-715","single_post_gallery_size":"crop-715"}],"trending_post":"0","trending_post_position":"meta","trending_post_label":"Trending","sponsored_post":"0","sponsored_post_label":"Sponsored by","sponsored_post_name":"","sponsored_post_url":"","sponsored_post_logo_enable":"0","sponsored_post_logo":"","sponsored_post_desc":"","disable_ad":"0"},"jnews_primary_category":{"id":"811","hide":""},"jnews_social_meta":[],"jnews_override_counter":[],"footnotes":""},"categories":[816,820,811],"tags":[10545,16233,13206,16765],"class_list":["post-218270","post","type-post","status-publish","format-standard","has-post-thumbnail","hentry","category-breaking-news-de","category-leben","category-foreground-de","tag-abtreibung-de","tag-planned-parenthood-de","tag-pro-life-de-2","tag-recht-auf-leben-de"],"yoast_head":"<!-- This site is optimized with the Yoast SEO Premium plugin v25.9 (Yoast SEO v27.3) - https:\/\/yoast.com\/product\/yoast-seo-premium-wordpress\/ -->\n<title>Verdeckte Ermittlung wirft Fragen zu den Praktiken von Planned Parenthood bei Abtreibungen von Minderj\u00e4hrigen auf - IFN<\/title>\n<meta name=\"description\" content=\"Eine k\u00fcrzlich durchgef\u00fchrte verdeckte Ermittlung des Veritas Project hat Bedenken hinsichtlich der Praktiken von Planned Parenthood im Zusammenhang mit Abtreibungen bei Minderj\u00e4hrigen in den USA geweckt.\" \/>\n<meta name=\"robots\" content=\"index, follow, max-snippet:-1, max-image-preview:large, max-video-preview:-1\" \/>\n<link rel=\"canonical\" href=\"https:\/\/ifamnews.com\/en\/undercover-investigation-raises-questions-about-planned-parenthood-s-practices-involving-underage-abortions\" \/>\n<meta property=\"og:locale\" content=\"de_DE\" \/>\n<meta property=\"og:type\" content=\"article\" \/>\n<meta property=\"og:title\" content=\"Verdeckte Ermittlung wirft Fragen zu den Praktiken von Planned Parenthood bei Abtreibungen von Minderj\u00e4hrigen auf\" \/>\n<meta property=\"og:description\" content=\"Eine k\u00fcrzlich durchgef\u00fchrte verdeckte Ermittlung des Veritas Project hat Bedenken hinsichtlich der Praktiken von Planned Parenthood im Zusammenhang mit Abtreibungen bei Minderj\u00e4hrigen in den USA geweckt.\" \/>\n<meta property=\"og:url\" content=\"https:\/\/ifamnews.com\/en\/undercover-investigation-raises-questions-about-planned-parenthood-s-practices-involving-underage-abortions\" \/>\n<meta property=\"og:site_name\" content=\"IFN\" \/>\n<meta property=\"article:publisher\" content=\"https:\/\/www.facebook.com\/iFamNews\" \/>\n<meta property=\"article:author\" content=\"https:\/\/www.facebook.com\/iFamNews\/\" \/>\n<meta property=\"article:published_time\" content=\"2024-01-29T09:00:00+00:00\" \/>\n<meta property=\"og:image\" content=\"https:\/\/ifamnews.com\/wp-content\/uploads\/2024\/01\/Untitled-design-2024-01-28T090613.239.png\" \/>\n\t<meta property=\"og:image:width\" content=\"1200\" \/>\n\t<meta property=\"og:image:height\" content=\"675\" \/>\n\t<meta property=\"og:image:type\" content=\"image\/png\" \/>\n<meta name=\"author\" content=\"IFN English\" \/>\n<meta name=\"twitter:card\" content=\"summary_large_image\" \/>\n<meta name=\"twitter:creator\" content=\"@https:\/\/twitter.com\/iFamNewsEN\" \/>\n<meta name=\"twitter:site\" content=\"@iFamNewsEN\" \/>\n<meta name=\"twitter:label1\" content=\"Verfasst von\" \/>\n\t<meta name=\"twitter:data1\" content=\"iFamNews Redaktion\" \/>\n\t<meta name=\"twitter:label2\" content=\"Gesch\u00e4tzte Lesezeit\" \/>\n\t<meta name=\"twitter:data2\" content=\"2\u00a0Minuten\" \/>\n<!-- \/ Yoast SEO Premium plugin. -->","yoast_head_json":{"title":"Verdeckte Ermittlung wirft Fragen zu den Praktiken von Planned Parenthood bei Abtreibungen von Minderj\u00e4hrigen auf - IFN","description":"Eine k\u00fcrzlich durchgef\u00fchrte verdeckte Ermittlung des Veritas Project hat Bedenken hinsichtlich der Praktiken von Planned Parenthood im Zusammenhang mit Abtreibungen bei Minderj\u00e4hrigen in den USA geweckt.","robots":{"index":"index","follow":"follow","max-snippet":"max-snippet:-1","max-image-preview":"max-image-preview:large","max-video-preview":"max-video-preview:-1"},"canonical":"https:\/\/ifamnews.com\/en\/undercover-investigation-raises-questions-about-planned-parenthood-s-practices-involving-underage-abortions","og_locale":"de_DE","og_type":"article","og_title":"Verdeckte Ermittlung wirft Fragen zu den Praktiken von Planned Parenthood bei Abtreibungen von Minderj\u00e4hrigen auf","og_description":"Eine k\u00fcrzlich durchgef\u00fchrte verdeckte Ermittlung des Veritas Project hat Bedenken hinsichtlich der Praktiken von Planned Parenthood im Zusammenhang mit Abtreibungen bei Minderj\u00e4hrigen in den USA geweckt.","og_url":"https:\/\/ifamnews.com\/en\/undercover-investigation-raises-questions-about-planned-parenthood-s-practices-involving-underage-abortions","og_site_name":"IFN","article_publisher":"https:\/\/www.facebook.com\/iFamNews","article_author":"https:\/\/www.facebook.com\/iFamNews\/","article_published_time":"2024-01-29T09:00:00+00:00","og_image":[{"width":1200,"height":675,"url":"https:\/\/ifamnews.com\/wp-content\/uploads\/2024\/01\/Untitled-design-2024-01-28T090613.239.png","type":"image\/png"}],"author":"IFN English","twitter_card":"summary_large_image","twitter_creator":"@https:\/\/twitter.com\/iFamNewsEN","twitter_site":"@iFamNewsEN","twitter_misc":{"Verfasst von":"iFamNews Redaktion","Gesch\u00e4tzte Lesezeit":"2\u00a0Minuten"},"schema":{"@context":"https:\/\/schema.org","@graph":[{"@type":"NewsArticle","@id":"https:\/\/ifamnews.com\/en\/undercover-investigation-raises-questions-about-planned-parenthood-s-practices-involving-underage-abortions#article","isPartOf":{"@id":"https:\/\/ifamnews.com\/en\/undercover-investigation-raises-questions-about-planned-parenthood-s-practices-involving-underage-abortions"},"author":{"name":"IFN English","@id":"https:\/\/ifamnews.com\/en\/#\/schema\/person\/633bdb7ac2496c9b9304ce62d071cdfa"},"headline":"Verdeckte Ermittlung wirft Fragen zu den Praktiken von Planned Parenthood bei Abtreibungen von Minderj\u00e4hrigen auf","datePublished":"2024-01-29T09:00:00+00:00","mainEntityOfPage":{"@id":"https:\/\/ifamnews.com\/en\/undercover-investigation-raises-questions-about-planned-parenthood-s-practices-involving-underage-abortions"},"wordCount":289,"commentCount":0,"publisher":{"@id":"https:\/\/ifamnews.com\/en\/#organization"},"image":{"@id":"https:\/\/ifamnews.com\/en\/undercover-investigation-raises-questions-about-planned-parenthood-s-practices-involving-underage-abortions#primaryimage"},"thumbnailUrl":"https:\/\/ifamnews.com\/wp-content\/uploads\/2024\/01\/Untitled-design-2024-01-28T090613.239.png","keywords":["Abtreibung","Planned Parenthood","Pro-Life","Recht auf Leben"],"articleSection":["Breaking News","Leben","Vordergrund"],"inLanguage":"de","potentialAction":[{"@type":"CommentAction","name":"Comment","target":["https:\/\/ifamnews.com\/en\/undercover-investigation-raises-questions-about-planned-parenthood-s-practices-involving-underage-abortions#respond"]}]},{"@type":"WebPage","@id":"https:\/\/ifamnews.com\/en\/undercover-investigation-raises-questions-about-planned-parenthood-s-practices-involving-underage-abortions","url":"https:\/\/ifamnews.com\/en\/undercover-investigation-raises-questions-about-planned-parenthood-s-practices-involving-underage-abortions","name":"Verdeckte Ermittlung wirft Fragen zu den Praktiken von Planned Parenthood bei Abtreibungen von Minderj\u00e4hrigen auf - IFN","isPartOf":{"@id":"https:\/\/ifamnews.com\/en\/#website"},"primaryImageOfPage":{"@id":"https:\/\/ifamnews.com\/en\/undercover-investigation-raises-questions-about-planned-parenthood-s-practices-involving-underage-abortions#primaryimage"},"image":{"@id":"https:\/\/ifamnews.com\/en\/undercover-investigation-raises-questions-about-planned-parenthood-s-practices-involving-underage-abortions#primaryimage"},"thumbnailUrl":"https:\/\/ifamnews.com\/wp-content\/uploads\/2024\/01\/Untitled-design-2024-01-28T090613.239.png","datePublished":"2024-01-29T09:00:00+00:00","description":"Eine k\u00fcrzlich durchgef\u00fchrte verdeckte Ermittlung des Veritas Project hat Bedenken hinsichtlich der Praktiken von Planned Parenthood im Zusammenhang mit Abtreibungen bei Minderj\u00e4hrigen in den USA geweckt.","breadcrumb":{"@id":"https:\/\/ifamnews.com\/en\/undercover-investigation-raises-questions-about-planned-parenthood-s-practices-involving-underage-abortions#breadcrumb"},"inLanguage":"de","potentialAction":[{"@type":"ReadAction","target":["https:\/\/ifamnews.com\/en\/undercover-investigation-raises-questions-about-planned-parenthood-s-practices-involving-underage-abortions"]}]},{"@type":"ImageObject","inLanguage":"de","@id":"https:\/\/ifamnews.com\/en\/undercover-investigation-raises-questions-about-planned-parenthood-s-practices-involving-underage-abortions#primaryimage","url":"https:\/\/ifamnews.com\/wp-content\/uploads\/2024\/01\/Untitled-design-2024-01-28T090613.239.png","contentUrl":"https:\/\/ifamnews.com\/wp-content\/uploads\/2024\/01\/Untitled-design-2024-01-28T090613.239.png","width":1200,"height":675,"caption":"\"I stand with Planned Parenthood\" by ctrouper is licensed under CC BY 2.0."},{"@type":"BreadcrumbList","@id":"https:\/\/ifamnews.com\/en\/undercover-investigation-raises-questions-about-planned-parenthood-s-practices-involving-underage-abortions#breadcrumb","itemListElement":[{"@type":"ListItem","position":1,"name":"Home","item":"https:\/\/ifamnews.com\/de"},{"@type":"ListItem","position":2,"name":"Life","item":"https:\/\/ifamnews.com\/en\/category\/life"},{"@type":"ListItem","position":3,"name":"Verdeckte Ermittlung wirft Fragen zu den Praktiken von Planned Parenthood bei Abtreibungen von Minderj\u00e4hrigen auf"}]},{"@type":"WebSite","@id":"https:\/\/ifamnews.com\/en\/#website","url":"https:\/\/ifamnews.com\/en\/","name":"IFN","description":"International Family News Network","publisher":{"@id":"https:\/\/ifamnews.com\/en\/#organization"},"potentialAction":[{"@type":"SearchAction","target":{"@type":"EntryPoint","urlTemplate":"https:\/\/ifamnews.com\/en\/?s={search_term_string}"},"query-input":{"@type":"PropertyValueSpecification","valueRequired":true,"valueName":"search_term_string"}}],"inLanguage":"de"},{"@type":"Organization","@id":"https:\/\/ifamnews.com\/en\/#organization","name":"iFamNews","url":"https:\/\/ifamnews.com\/en\/","logo":{"@type":"ImageObject","inLanguage":"de","@id":"https:\/\/ifamnews.com\/en\/#\/schema\/logo\/image\/","url":"https:\/\/ifamnews.com\/wp-content\/uploads\/2020\/01\/Share-logo.png","contentUrl":"https:\/\/ifamnews.com\/wp-content\/uploads\/2020\/01\/Share-logo.png","width":200,"height":200,"caption":"iFamNews"},"image":{"@id":"https:\/\/ifamnews.com\/en\/#\/schema\/logo\/image\/"},"sameAs":["https:\/\/www.facebook.com\/iFamNews","https:\/\/x.com\/iFamNewsEN"]},{"@type":"Person","@id":"https:\/\/ifamnews.com\/en\/#\/schema\/person\/633bdb7ac2496c9b9304ce62d071cdfa","name":"IFN English","image":{"@type":"ImageObject","inLanguage":"de","@id":"https:\/\/secure.gravatar.com\/avatar\/6f16ce95b558ae6f6eb9ae2f68122482a2c61696af2a8fc343c2e10f981a959d?s=96&d=mm&r=g","url":"https:\/\/secure.gravatar.com\/avatar\/6f16ce95b558ae6f6eb9ae2f68122482a2c61696af2a8fc343c2e10f981a959d?s=96&d=mm&r=g","contentUrl":"https:\/\/secure.gravatar.com\/avatar\/6f16ce95b558ae6f6eb9ae2f68122482a2c61696af2a8fc343c2e10f981a959d?s=96&d=mm&r=g","caption":"IFN English"},"description":"Articles published by the English iFamNews editorial team.","sameAs":["https:\/\/ifamnews.com\/en","https:\/\/www.facebook.com\/iFamNews\/","https:\/\/x.com\/https:\/\/twitter.com\/iFamNewsEN","https:\/\/www.youtube.com\/channel\/UCMVyIt4z9BANW3d09kwfUpw"],"url":"https:\/\/ifamnews.com\/de\/author\/ifamnews-staff"}]}},"amp_enabled":true,"_links":{"self":[{"href":"https:\/\/ifamnews.com\/de\/wp-json\/wp\/v2\/posts\/218270","targetHints":{"allow":["GET"]}}],"collection":[{"href":"https:\/\/ifamnews.com\/de\/wp-json\/wp\/v2\/posts"}],"about":[{"href":"https:\/\/ifamnews.com\/de\/wp-json\/wp\/v2\/types\/post"}],"author":[{"embeddable":true,"href":"https:\/\/ifamnews.com\/de\/wp-json\/wp\/v2\/users\/593"}],"replies":[{"embeddable":true,"href":"https:\/\/ifamnews.com\/de\/wp-json\/wp\/v2\/comments?post=218270"}],"version-history":[{"count":1,"href":"https:\/\/ifamnews.com\/de\/wp-json\/wp\/v2\/posts\/218270\/revisions"}],"predecessor-version":[{"id":218276,"href":"https:\/\/ifamnews.com\/de\/wp-json\/wp\/v2\/posts\/218270\/revisions\/218276"}],"wp:featuredmedia":[{"embeddable":true,"href":"https:\/\/ifamnews.com\/de\/wp-json\/wp\/v2\/media\/218193"}],"wp:attachment":[{"href":"https:\/\/ifamnews.com\/de\/wp-json\/wp\/v2\/media?parent=218270"}],"wp:term":[{"taxonomy":"category","embeddable":true,"href":"https:\/\/ifamnews.com\/de\/wp-json\/wp\/v2\/categories?post=218270"},{"taxonomy":"post_tag","embeddable":true,"href":"https:\/\/ifamnews.com\/de\/wp-json\/wp\/v2\/tags?post=218270"}],"curies":[{"name":"wp","href":"https:\/\/api.w.org\/{rel}","templated":true}]}}