{"id":217693,"date":"2024-01-25T07:00:00","date_gmt":"2024-01-25T12:00:00","guid":{"rendered":"https:\/\/ifamnews.com\/?p=217693"},"modified":"2024-01-24T22:56:14","modified_gmt":"2024-01-25T03:56:14","slug":"f-hrer-der-konservativen-partei-macht-trudeau-f-r-die-eskalation-der-brandanschl-ge-auf-kirchen-in-kanada-verantwortlich","status":"publish","type":"post","link":"https:\/\/ifamnews.com\/de\/f-hrer-der-konservativen-partei-macht-trudeau-f-r-die-eskalation-der-brandanschl-ge-auf-kirchen-in-kanada-verantwortlich","title":{"rendered":"F\u00fchrer der Konservativen Partei macht Trudeau f\u00fcr die Eskalation der Brandanschl\u00e4ge auf Kirchen in Kanada verantwortlich"},"content":{"rendered":"<p>Der Vorsitzende der Konservativen Partei, Pierre Poilievre, hat \u00f6ffentlich die Zunahme von Brandanschl\u00e4gen auf Kirchen in ganz Kanada verurteilt und Premierminister Justin Trudeau beschuldigt, zu der eskalierenden Spaltung und Feindseligkeit gegen\u00fcber Christen beizutragen. Die Kritik kommt inmitten von Berichten, dass seit Anfang 2021 rund 100 Kirchen ins Visier genommen wurden. Poilievre vertritt die Ansicht, dass strengere Sicherheitsma\u00dfnahmen f\u00fcr Gottesh\u00e4user unerl\u00e4sslich sind und pl\u00e4diert f\u00fcr eine h\u00e4rtere strafrechtliche Verfolgung derjenigen, die der Brandstiftung \u00fcberf\u00fchrt werden.<\/p>\n<p>Der Anstieg der Kirchenverbrennungen folgte auf die angebliche Entdeckung von &#8222;unmarkierten Gr\u00e4bern&#8220; in ehemaligen Internatsschulen, die von der Kirche betrieben wurden. Poilievre behauptet, dass die Kanadier ein Recht auf eine vollst\u00e4ndige Untersuchung dieser m\u00f6glichen \u00dcberreste haben. Er behauptet, dass die missbr\u00e4uchlichen Handlungen des Staates und der Kirche in Bezug auf die Internatsschulen zwar schrecklich waren, dass diese Tatsache jedoch nicht die Brandstiftung in den Kirchen rechtfertigt.<\/p>\n<p>Die Regierung Trudeau wurde daf\u00fcr kritisiert, dass sie zu wenig unternommen hat, um die Hinterm\u00e4nner der Kirchenverbrennungen zu fassen, und dass sie es vers\u00e4umt hat, die Ursachen f\u00fcr diese Gewalttaten zu bek\u00e4mpfen. Trudeau hat erkl\u00e4rt, die Kirchenverbrennungen seien &#8222;inakzeptabel und falsch&#8220;, aber auch &#8222;verst\u00e4ndlich&#8220;.<\/p>\n<p>Allein im Dezember 2023 wurden vier Kirchen in Alberta Ziel von Brandstiftern. Trotz dieser Vorf\u00e4lle wurde ein Antrag der Konservativen Partei, der Kirchenverbrennungen und Vandalismus verurteilt h\u00e4tte, von den Abgeordneten der Liberalen und der NDP abgelehnt.<\/p>\n","protected":false},"excerpt":{"rendered":"<p>Der Vorsitzende der Konservativen Partei, Pierre Poilievre, hat \u00f6ffentlich die Zunahme von Brandanschl\u00e4gen auf Kirchen in ganz Kanada verurteilt und Premierminister Justin Trudeau beschuldigt, zu der eskalierenden Spaltung und Feindseligkeit gegen\u00fcber Christen beizutragen<\/p>\n","protected":false},"author":593,"featured_media":217685,"comment_status":"open","ping_status":"open","sticky":false,"template":"","format":"standard","meta":{"give_campaign_id":0,"om_disable_all_campaigns":false,"_monsterinsights_skip_tracking":false,"_monsterinsights_sitenote_active":false,"_monsterinsights_sitenote_note":"","_monsterinsights_sitenote_category":0,"mc4wp_mailchimp_campaign":[],"jnews-multi-image_gallery":[],"jnews_single_post":{"subtitle":"","format":"standard","video":"","gallery":"","source_name":"","source_url":"","via_name":"","via_url":"","override_template":"0","override":[{"template":"2","single_blog_custom":"","parallax":"1","fullscreen":"1","layout":"right-sidebar-narrow","sidebar":"default-sidebar","second_sidebar":"default-sidebar","sticky_sidebar":"1","share_position":"float","share_float_style":"share-normal","show_share_counter":"1","show_view_counter":"1","show_featured":"1","show_post_meta":"1","show_post_author":"1","show_post_author_image":"1","show_post_date":"1","post_date_format":"default","post_date_format_custom":"Y\/m\/d","show_post_category":"1","show_post_reading_time":"1","post_reading_time_wpm":"300","show_zoom_button":"0","zoom_button_out_step":"2","zoom_button_in_step":"3","show_post_tag":"1","show_prev_next_post":"0","show_popup_post":"0","number_popup_post":"1","show_author_box":"1","show_post_related":"0","show_inline_post_related":"0"}],"override_image_size":"0","image_override":[{"single_post_thumbnail_size":"crop-715","single_post_gallery_size":"crop-715"}],"trending_post":"0","trending_post_position":"meta","trending_post_label":"Trending","sponsored_post":"0","sponsored_post_label":"Sponsored by","sponsored_post_name":"","sponsored_post_url":"","sponsored_post_logo_enable":"0","sponsored_post_logo":"","sponsored_post_desc":"","disable_ad":"0"},"jnews_primary_category":{"id":"768","hide":""},"jnews_social_meta":[],"jnews_override_counter":[],"footnotes":""},"categories":[816,768,811],"tags":[9376,17853],"class_list":["post-217693","post","type-post","status-publish","format-standard","has-post-thumbnail","hentry","category-breaking-news-de","category-politik","category-foreground-de","tag-canada-de","tag-religiose-verfolgung-de"],"yoast_head":"<!-- This site is optimized with the Yoast SEO Premium plugin v25.9 (Yoast SEO v27.3) - https:\/\/yoast.com\/product\/yoast-seo-premium-wordpress\/ -->\n<title>F\u00fchrer der Konservativen Partei macht Trudeau f\u00fcr die Eskalation der Brandanschl\u00e4ge auf Kirchen in Kanada verantwortlich - IFN<\/title>\n<meta name=\"description\" content=\"Der Vorsitzende der Konservativen Partei, Pierre Poilievre, hat \u00f6ffentlich die Zunahme von Brandanschl\u00e4gen auf Kirchen in ganz Kanada verurteilt und Premierminister Justin Trudeau beschuldigt, zu der eskalierenden Spaltung und Feindseligkeit gegen\u00fcber Christen beizutragen\" \/>\n<meta name=\"robots\" content=\"index, follow, max-snippet:-1, max-image-preview:large, max-video-preview:-1\" \/>\n<link rel=\"canonical\" href=\"https:\/\/ifamnews.com\/en?p=217633\" \/>\n<meta property=\"og:locale\" content=\"de_DE\" \/>\n<meta property=\"og:type\" content=\"article\" \/>\n<meta property=\"og:title\" content=\"F\u00fchrer der Konservativen Partei macht Trudeau f\u00fcr die Eskalation der Brandanschl\u00e4ge auf Kirchen in Kanada verantwortlich\" \/>\n<meta property=\"og:description\" content=\"Der Vorsitzende der Konservativen Partei, Pierre Poilievre, hat \u00f6ffentlich die Zunahme von Brandanschl\u00e4gen auf Kirchen in ganz Kanada verurteilt und Premierminister Justin Trudeau beschuldigt, zu der eskalierenden Spaltung und Feindseligkeit gegen\u00fcber Christen beizutragen\" \/>\n<meta property=\"og:url\" content=\"https:\/\/ifamnews.com\/en?p=217633\" \/>\n<meta property=\"og:site_name\" content=\"IFN\" \/>\n<meta property=\"article:publisher\" content=\"https:\/\/www.facebook.com\/iFamNews\" \/>\n<meta property=\"article:author\" content=\"https:\/\/www.facebook.com\/iFamNews\/\" \/>\n<meta property=\"article:published_time\" content=\"2024-01-25T12:00:00+00:00\" \/>\n<meta property=\"og:image\" content=\"https:\/\/ifamnews.com\/wp-content\/uploads\/2024\/01\/Untitled-design-2024-01-24T194905.897.png\" \/>\n\t<meta property=\"og:image:width\" content=\"1200\" \/>\n\t<meta property=\"og:image:height\" content=\"675\" \/>\n\t<meta property=\"og:image:type\" content=\"image\/png\" \/>\n<meta name=\"author\" content=\"IFN English\" \/>\n<meta name=\"twitter:card\" content=\"summary_large_image\" \/>\n<meta name=\"twitter:creator\" content=\"@https:\/\/twitter.com\/iFamNewsEN\" \/>\n<meta name=\"twitter:site\" content=\"@iFamNewsEN\" \/>\n<meta name=\"twitter:label1\" content=\"Verfasst von\" \/>\n\t<meta name=\"twitter:data1\" content=\"iFamNews Redaktion\" \/>\n\t<meta name=\"twitter:label2\" content=\"Gesch\u00e4tzte Lesezeit\" \/>\n\t<meta name=\"twitter:data2\" content=\"2\u00a0Minuten\" \/>\n<!-- \/ Yoast SEO Premium plugin. -->","yoast_head_json":{"title":"F\u00fchrer der Konservativen Partei macht Trudeau f\u00fcr die Eskalation der Brandanschl\u00e4ge auf Kirchen in Kanada verantwortlich - IFN","description":"Der Vorsitzende der Konservativen Partei, Pierre Poilievre, hat \u00f6ffentlich die Zunahme von Brandanschl\u00e4gen auf Kirchen in ganz Kanada verurteilt und Premierminister Justin Trudeau beschuldigt, zu der eskalierenden Spaltung und Feindseligkeit gegen\u00fcber Christen beizutragen","robots":{"index":"index","follow":"follow","max-snippet":"max-snippet:-1","max-image-preview":"max-image-preview:large","max-video-preview":"max-video-preview:-1"},"canonical":"https:\/\/ifamnews.com\/en?p=217633","og_locale":"de_DE","og_type":"article","og_title":"F\u00fchrer der Konservativen Partei macht Trudeau f\u00fcr die Eskalation der Brandanschl\u00e4ge auf Kirchen in Kanada verantwortlich","og_description":"Der Vorsitzende der Konservativen Partei, Pierre Poilievre, hat \u00f6ffentlich die Zunahme von Brandanschl\u00e4gen auf Kirchen in ganz Kanada verurteilt und Premierminister Justin Trudeau beschuldigt, zu der eskalierenden Spaltung und Feindseligkeit gegen\u00fcber Christen beizutragen","og_url":"https:\/\/ifamnews.com\/en?p=217633","og_site_name":"IFN","article_publisher":"https:\/\/www.facebook.com\/iFamNews","article_author":"https:\/\/www.facebook.com\/iFamNews\/","article_published_time":"2024-01-25T12:00:00+00:00","og_image":[{"width":1200,"height":675,"url":"https:\/\/ifamnews.com\/wp-content\/uploads\/2024\/01\/Untitled-design-2024-01-24T194905.897.png","type":"image\/png"}],"author":"IFN English","twitter_card":"summary_large_image","twitter_creator":"@https:\/\/twitter.com\/iFamNewsEN","twitter_site":"@iFamNewsEN","twitter_misc":{"Verfasst von":"iFamNews Redaktion","Gesch\u00e4tzte Lesezeit":"2\u00a0Minuten"},"schema":{"@context":"https:\/\/schema.org","@graph":[{"@type":"NewsArticle","@id":"https:\/\/ifamnews.com\/en?p=217633#article","isPartOf":{"@id":"https:\/\/ifamnews.com\/en?p=217633"},"author":{"name":"IFN English","@id":"https:\/\/ifamnews.com\/en\/#\/schema\/person\/633bdb7ac2496c9b9304ce62d071cdfa"},"headline":"F\u00fchrer der Konservativen Partei macht Trudeau f\u00fcr die Eskalation der Brandanschl\u00e4ge auf Kirchen in Kanada verantwortlich","datePublished":"2024-01-25T12:00:00+00:00","mainEntityOfPage":{"@id":"https:\/\/ifamnews.com\/en?p=217633"},"wordCount":259,"commentCount":0,"publisher":{"@id":"https:\/\/ifamnews.com\/en\/#organization"},"image":{"@id":"https:\/\/ifamnews.com\/en?p=217633#primaryimage"},"thumbnailUrl":"https:\/\/ifamnews.com\/wp-content\/uploads\/2024\/01\/Untitled-design-2024-01-24T194905.897.png","keywords":["Canada","religi\u00f6se Verfolgung"],"articleSection":["Breaking News","Politik","Vordergrund"],"inLanguage":"de","potentialAction":[{"@type":"CommentAction","name":"Comment","target":["https:\/\/ifamnews.com\/en?p=217633#respond"]}]},{"@type":"WebPage","@id":"https:\/\/ifamnews.com\/en?p=217633","url":"https:\/\/ifamnews.com\/en?p=217633","name":"F\u00fchrer der Konservativen Partei macht Trudeau f\u00fcr die Eskalation der Brandanschl\u00e4ge auf Kirchen in Kanada verantwortlich - IFN","isPartOf":{"@id":"https:\/\/ifamnews.com\/en\/#website"},"primaryImageOfPage":{"@id":"https:\/\/ifamnews.com\/en?p=217633#primaryimage"},"image":{"@id":"https:\/\/ifamnews.com\/en?p=217633#primaryimage"},"thumbnailUrl":"https:\/\/ifamnews.com\/wp-content\/uploads\/2024\/01\/Untitled-design-2024-01-24T194905.897.png","datePublished":"2024-01-25T12:00:00+00:00","description":"Der Vorsitzende der Konservativen Partei, Pierre Poilievre, hat \u00f6ffentlich die Zunahme von Brandanschl\u00e4gen auf Kirchen in ganz Kanada verurteilt und Premierminister Justin Trudeau beschuldigt, zu der eskalierenden Spaltung und Feindseligkeit gegen\u00fcber Christen beizutragen","breadcrumb":{"@id":"https:\/\/ifamnews.com\/en?p=217633#breadcrumb"},"inLanguage":"de","potentialAction":[{"@type":"ReadAction","target":["https:\/\/ifamnews.com\/en?p=217633"]}]},{"@type":"ImageObject","inLanguage":"de","@id":"https:\/\/ifamnews.com\/en?p=217633#primaryimage","url":"https:\/\/ifamnews.com\/wp-content\/uploads\/2024\/01\/Untitled-design-2024-01-24T194905.897.png","contentUrl":"https:\/\/ifamnews.com\/wp-content\/uploads\/2024\/01\/Untitled-design-2024-01-24T194905.897.png","width":1200,"height":675},{"@type":"BreadcrumbList","@id":"https:\/\/ifamnews.com\/en?p=217633#breadcrumb","itemListElement":[{"@type":"ListItem","position":1,"name":"Home","item":"https:\/\/ifamnews.com\/de"},{"@type":"ListItem","position":2,"name":"Politics","item":"https:\/\/ifamnews.com\/en\/category\/politics"},{"@type":"ListItem","position":3,"name":"F\u00fchrer der Konservativen Partei macht Trudeau f\u00fcr die Eskalation der Brandanschl\u00e4ge auf Kirchen in Kanada verantwortlich"}]},{"@type":"WebSite","@id":"https:\/\/ifamnews.com\/en\/#website","url":"https:\/\/ifamnews.com\/en\/","name":"IFN","description":"International Family News Network","publisher":{"@id":"https:\/\/ifamnews.com\/en\/#organization"},"potentialAction":[{"@type":"SearchAction","target":{"@type":"EntryPoint","urlTemplate":"https:\/\/ifamnews.com\/en\/?s={search_term_string}"},"query-input":{"@type":"PropertyValueSpecification","valueRequired":true,"valueName":"search_term_string"}}],"inLanguage":"de"},{"@type":"Organization","@id":"https:\/\/ifamnews.com\/en\/#organization","name":"iFamNews","url":"https:\/\/ifamnews.com\/en\/","logo":{"@type":"ImageObject","inLanguage":"de","@id":"https:\/\/ifamnews.com\/en\/#\/schema\/logo\/image\/","url":"https:\/\/ifamnews.com\/wp-content\/uploads\/2020\/01\/Share-logo.png","contentUrl":"https:\/\/ifamnews.com\/wp-content\/uploads\/2020\/01\/Share-logo.png","width":200,"height":200,"caption":"iFamNews"},"image":{"@id":"https:\/\/ifamnews.com\/en\/#\/schema\/logo\/image\/"},"sameAs":["https:\/\/www.facebook.com\/iFamNews","https:\/\/x.com\/iFamNewsEN"]},{"@type":"Person","@id":"https:\/\/ifamnews.com\/en\/#\/schema\/person\/633bdb7ac2496c9b9304ce62d071cdfa","name":"IFN English","image":{"@type":"ImageObject","inLanguage":"de","@id":"https:\/\/secure.gravatar.com\/avatar\/6f16ce95b558ae6f6eb9ae2f68122482a2c61696af2a8fc343c2e10f981a959d?s=96&d=mm&r=g","url":"https:\/\/secure.gravatar.com\/avatar\/6f16ce95b558ae6f6eb9ae2f68122482a2c61696af2a8fc343c2e10f981a959d?s=96&d=mm&r=g","contentUrl":"https:\/\/secure.gravatar.com\/avatar\/6f16ce95b558ae6f6eb9ae2f68122482a2c61696af2a8fc343c2e10f981a959d?s=96&d=mm&r=g","caption":"IFN English"},"description":"Articles published by the English iFamNews editorial team.","sameAs":["https:\/\/ifamnews.com\/en","https:\/\/www.facebook.com\/iFamNews\/","https:\/\/x.com\/https:\/\/twitter.com\/iFamNewsEN","https:\/\/www.youtube.com\/channel\/UCMVyIt4z9BANW3d09kwfUpw"],"url":"https:\/\/ifamnews.com\/de\/author\/ifamnews-staff"}]}},"amp_enabled":true,"_links":{"self":[{"href":"https:\/\/ifamnews.com\/de\/wp-json\/wp\/v2\/posts\/217693","targetHints":{"allow":["GET"]}}],"collection":[{"href":"https:\/\/ifamnews.com\/de\/wp-json\/wp\/v2\/posts"}],"about":[{"href":"https:\/\/ifamnews.com\/de\/wp-json\/wp\/v2\/types\/post"}],"author":[{"embeddable":true,"href":"https:\/\/ifamnews.com\/de\/wp-json\/wp\/v2\/users\/593"}],"replies":[{"embeddable":true,"href":"https:\/\/ifamnews.com\/de\/wp-json\/wp\/v2\/comments?post=217693"}],"version-history":[{"count":1,"href":"https:\/\/ifamnews.com\/de\/wp-json\/wp\/v2\/posts\/217693\/revisions"}],"predecessor-version":[{"id":217700,"href":"https:\/\/ifamnews.com\/de\/wp-json\/wp\/v2\/posts\/217693\/revisions\/217700"}],"wp:featuredmedia":[{"embeddable":true,"href":"https:\/\/ifamnews.com\/de\/wp-json\/wp\/v2\/media\/217685"}],"wp:attachment":[{"href":"https:\/\/ifamnews.com\/de\/wp-json\/wp\/v2\/media?parent=217693"}],"wp:term":[{"taxonomy":"category","embeddable":true,"href":"https:\/\/ifamnews.com\/de\/wp-json\/wp\/v2\/categories?post=217693"},{"taxonomy":"post_tag","embeddable":true,"href":"https:\/\/ifamnews.com\/de\/wp-json\/wp\/v2\/tags?post=217693"}],"curies":[{"name":"wp","href":"https:\/\/api.w.org\/{rel}","templated":true}]}}