{"id":217648,"date":"2024-01-25T05:00:00","date_gmt":"2024-01-25T10:00:00","guid":{"rendered":"https:\/\/ifamnews.com\/?p=217648"},"modified":"2024-01-24T22:25:28","modified_gmt":"2024-01-25T03:25:28","slug":"cvs-health-sieht-sich-einer-bundesklage-wegen-religi-ser-diskriminierung-gegen-ber","status":"publish","type":"post","link":"https:\/\/ifamnews.com\/de\/cvs-health-sieht-sich-einer-bundesklage-wegen-religi-ser-diskriminierung-gegen-ber","title":{"rendered":"CVS Health sieht sich einer Bundesklage wegen religi\u00f6ser Diskriminierung gegen\u00fcber"},"content":{"rendered":"<p>CVS Health sieht sich mit einer Bundesklage einer katholischen Krankenschwester in Palm Beach, Florida, konfrontiert, die religi\u00f6se Diskriminierung geltend macht. Gunna Kristofersdottir behauptet, CVS habe eine religi\u00f6se Erlaubnis aufgehoben, die es ihr erlaubte, auf die Verschreibung von Verh\u00fctungsmitteln zu verzichten. Die Anwaltskanzleien First Liberty Institute, Boyden Gray &amp; Associates, und Lawson Huck Gonzalez, PLLC, vertreten Kristofersdottir.<\/p>\n<p>Kristofersdottir, die von ihrem Anwaltsteam unterst\u00fctzt wird, behauptet, dass CVS willk\u00fcrlich sein dauerhaftes religi\u00f6ses Entgegenkommen gegen\u00fcber ihren katholischen \u00dcberzeugungen bez\u00fcglich hormoneller Verh\u00fctungsmittel widerrufen hat. Sie argumentiert, dass die pl\u00f6tzliche K\u00fcndigung gegen Arbeitsgesetze verst\u00f6\u00dft, die die Religionsfreiheit am Arbeitsplatz sch\u00fctzen sollen.<\/p>\n<p>Von 2014 bis 2022 durfte Kristofersdottir bei ihrer Arbeit in einer CVS MinuteClinic nicht an solchen Verschreibungen teilnehmen. Im August 2021 wurde ihre religi\u00f6se Erlaubnis jedoch abrupt aufgehoben, als CVS erkl\u00e4rte, alle derartigen Erlaubnisse abzuschaffen.<\/p>\n<p>In der Klage wird behauptet, dass CVS Kristofersdottir verschiedene Alternativen h\u00e4tte anbieten k\u00f6nnen, wie z.B. eine Versetzung in eine COVID-19-Filiale oder die Beibehaltung der bestehenden religi\u00f6sen Vereinbarung.<\/p>\n<p>Dies ist nicht das erste Mal, dass CVS mit solchen Vorw\u00fcrfen konfrontiert wird. Vor einem Jahr wurde CVS aus \u00e4hnlichen Gr\u00fcnden von Robyn Strader, einer Krankenschwester in Texas, verklagt, nachdem ihre religi\u00f6se Zulassung nach mehr als sechs Jahren aufgehoben worden war.<\/p>\n","protected":false},"excerpt":{"rendered":"<p>CVS Health sieht sich mit einer Bundesklage einer katholischen Krankenschwester in Palm Beach, Florida, konfrontiert, die religi\u00f6se Diskriminierung geltend macht.<\/p>\n","protected":false},"author":593,"featured_media":217640,"comment_status":"open","ping_status":"open","sticky":false,"template":"","format":"standard","meta":{"give_campaign_id":0,"om_disable_all_campaigns":false,"_monsterinsights_skip_tracking":false,"_monsterinsights_sitenote_active":false,"_monsterinsights_sitenote_note":"","_monsterinsights_sitenote_category":0,"mc4wp_mailchimp_campaign":[],"jnews-multi-image_gallery":[],"jnews_single_post":{"subtitle":"","format":"standard","video":"","gallery":"","source_name":"","source_url":"","via_name":"","via_url":"","override_template":"0","override":[{"template":"2","single_blog_custom":"","parallax":"1","fullscreen":"1","layout":"right-sidebar-narrow","sidebar":"default-sidebar","second_sidebar":"default-sidebar","sticky_sidebar":"1","share_position":"float","share_float_style":"share-normal","show_share_counter":"1","show_view_counter":"1","show_featured":"1","show_post_meta":"1","show_post_author":"1","show_post_author_image":"1","show_post_date":"1","post_date_format":"default","post_date_format_custom":"Y\/m\/d","show_post_category":"1","show_post_reading_time":"1","post_reading_time_wpm":"300","show_zoom_button":"0","zoom_button_out_step":"2","zoom_button_in_step":"3","show_post_tag":"1","show_prev_next_post":"0","show_popup_post":"0","number_popup_post":"1","show_author_box":"1","show_post_related":"0","show_inline_post_related":"0"}],"override_image_size":"0","image_override":[{"single_post_thumbnail_size":"crop-715","single_post_gallery_size":"crop-715"}],"trending_post":"0","trending_post_position":"meta","trending_post_label":"Trending","sponsored_post":"0","sponsored_post_label":"Sponsored by","sponsored_post_name":"","sponsored_post_url":"","sponsored_post_logo_enable":"0","sponsored_post_logo":"","sponsored_post_desc":"","disable_ad":"0"},"jnews_primary_category":{"id":"","hide":""},"jnews_social_meta":[],"jnews_override_counter":[],"footnotes":""},"categories":[816,768,811],"tags":[10545,13206,17853],"class_list":["post-217648","post","type-post","status-publish","format-standard","has-post-thumbnail","hentry","category-breaking-news-de","category-politik","category-foreground-de","tag-abtreibung-de","tag-pro-life-de-2","tag-religiose-verfolgung-de"],"yoast_head":"<!-- This site is optimized with the Yoast SEO Premium plugin v25.9 (Yoast SEO v27.3) - https:\/\/yoast.com\/product\/yoast-seo-premium-wordpress\/ -->\n<title>CVS Health sieht sich einer Bundesklage wegen religi\u00f6ser Diskriminierung gegen\u00fcber - IFN<\/title>\n<meta name=\"description\" content=\"CVS Health sieht sich mit einer Bundesklage einer katholischen Krankenschwester in Palm Beach, Florida, konfrontiert, die religi\u00f6se Diskriminierung geltend macht.\" \/>\n<meta name=\"robots\" content=\"index, follow, max-snippet:-1, max-image-preview:large, max-video-preview:-1\" \/>\n<link rel=\"canonical\" href=\"https:\/\/ifamnews.com\/en?p=217632\" \/>\n<meta property=\"og:locale\" content=\"de_DE\" \/>\n<meta property=\"og:type\" content=\"article\" \/>\n<meta property=\"og:title\" content=\"CVS Health sieht sich einer Bundesklage wegen religi\u00f6ser Diskriminierung gegen\u00fcber\" \/>\n<meta property=\"og:description\" content=\"CVS Health sieht sich mit einer Bundesklage einer katholischen Krankenschwester in Palm Beach, Florida, konfrontiert, die religi\u00f6se Diskriminierung geltend macht.\" \/>\n<meta property=\"og:url\" content=\"https:\/\/ifamnews.com\/en?p=217632\" \/>\n<meta property=\"og:site_name\" content=\"IFN\" \/>\n<meta property=\"article:publisher\" content=\"https:\/\/www.facebook.com\/iFamNews\" \/>\n<meta property=\"article:author\" content=\"https:\/\/www.facebook.com\/iFamNews\/\" \/>\n<meta property=\"article:published_time\" content=\"2024-01-25T10:00:00+00:00\" \/>\n<meta property=\"og:image\" content=\"https:\/\/ifamnews.com\/wp-content\/uploads\/2024\/01\/Untitled-design-2024-01-24T191717.669.png\" \/>\n\t<meta property=\"og:image:width\" content=\"1200\" \/>\n\t<meta property=\"og:image:height\" content=\"675\" \/>\n\t<meta property=\"og:image:type\" content=\"image\/png\" \/>\n<meta name=\"author\" content=\"IFN English\" \/>\n<meta name=\"twitter:card\" content=\"summary_large_image\" \/>\n<meta name=\"twitter:creator\" content=\"@https:\/\/twitter.com\/iFamNewsEN\" \/>\n<meta name=\"twitter:site\" content=\"@iFamNewsEN\" \/>\n<meta name=\"twitter:label1\" content=\"Verfasst von\" \/>\n\t<meta name=\"twitter:data1\" content=\"iFamNews Redaktion\" \/>\n\t<meta name=\"twitter:label2\" content=\"Gesch\u00e4tzte Lesezeit\" \/>\n\t<meta name=\"twitter:data2\" content=\"2\u00a0Minuten\" \/>\n<!-- \/ Yoast SEO Premium plugin. -->","yoast_head_json":{"title":"CVS Health sieht sich einer Bundesklage wegen religi\u00f6ser Diskriminierung gegen\u00fcber - IFN","description":"CVS Health sieht sich mit einer Bundesklage einer katholischen Krankenschwester in Palm Beach, Florida, konfrontiert, die religi\u00f6se Diskriminierung geltend macht.","robots":{"index":"index","follow":"follow","max-snippet":"max-snippet:-1","max-image-preview":"max-image-preview:large","max-video-preview":"max-video-preview:-1"},"canonical":"https:\/\/ifamnews.com\/en?p=217632","og_locale":"de_DE","og_type":"article","og_title":"CVS Health sieht sich einer Bundesklage wegen religi\u00f6ser Diskriminierung gegen\u00fcber","og_description":"CVS Health sieht sich mit einer Bundesklage einer katholischen Krankenschwester in Palm Beach, Florida, konfrontiert, die religi\u00f6se Diskriminierung geltend macht.","og_url":"https:\/\/ifamnews.com\/en?p=217632","og_site_name":"IFN","article_publisher":"https:\/\/www.facebook.com\/iFamNews","article_author":"https:\/\/www.facebook.com\/iFamNews\/","article_published_time":"2024-01-25T10:00:00+00:00","og_image":[{"width":1200,"height":675,"url":"https:\/\/ifamnews.com\/wp-content\/uploads\/2024\/01\/Untitled-design-2024-01-24T191717.669.png","type":"image\/png"}],"author":"IFN English","twitter_card":"summary_large_image","twitter_creator":"@https:\/\/twitter.com\/iFamNewsEN","twitter_site":"@iFamNewsEN","twitter_misc":{"Verfasst von":"iFamNews Redaktion","Gesch\u00e4tzte Lesezeit":"2\u00a0Minuten"},"schema":{"@context":"https:\/\/schema.org","@graph":[{"@type":"NewsArticle","@id":"https:\/\/ifamnews.com\/en?p=217632#article","isPartOf":{"@id":"https:\/\/ifamnews.com\/en?p=217632"},"author":{"name":"IFN English","@id":"https:\/\/ifamnews.com\/en\/#\/schema\/person\/633bdb7ac2496c9b9304ce62d071cdfa"},"headline":"CVS Health sieht sich einer Bundesklage wegen religi\u00f6ser Diskriminierung gegen\u00fcber","datePublished":"2024-01-25T10:00:00+00:00","mainEntityOfPage":{"@id":"https:\/\/ifamnews.com\/en?p=217632"},"wordCount":231,"commentCount":0,"publisher":{"@id":"https:\/\/ifamnews.com\/en\/#organization"},"image":{"@id":"https:\/\/ifamnews.com\/en?p=217632#primaryimage"},"thumbnailUrl":"https:\/\/ifamnews.com\/wp-content\/uploads\/2024\/01\/Untitled-design-2024-01-24T191717.669.png","keywords":["Abtreibung","Pro-Life","religi\u00f6se Verfolgung"],"articleSection":["Breaking News","Politik","Vordergrund"],"inLanguage":"de","potentialAction":[{"@type":"CommentAction","name":"Comment","target":["https:\/\/ifamnews.com\/en?p=217632#respond"]}]},{"@type":"WebPage","@id":"https:\/\/ifamnews.com\/en?p=217632","url":"https:\/\/ifamnews.com\/en?p=217632","name":"CVS Health sieht sich einer Bundesklage wegen religi\u00f6ser Diskriminierung gegen\u00fcber - IFN","isPartOf":{"@id":"https:\/\/ifamnews.com\/en\/#website"},"primaryImageOfPage":{"@id":"https:\/\/ifamnews.com\/en?p=217632#primaryimage"},"image":{"@id":"https:\/\/ifamnews.com\/en?p=217632#primaryimage"},"thumbnailUrl":"https:\/\/ifamnews.com\/wp-content\/uploads\/2024\/01\/Untitled-design-2024-01-24T191717.669.png","datePublished":"2024-01-25T10:00:00+00:00","description":"CVS Health sieht sich mit einer Bundesklage einer katholischen Krankenschwester in Palm Beach, Florida, konfrontiert, die religi\u00f6se Diskriminierung geltend macht.","breadcrumb":{"@id":"https:\/\/ifamnews.com\/en?p=217632#breadcrumb"},"inLanguage":"de","potentialAction":[{"@type":"ReadAction","target":["https:\/\/ifamnews.com\/en?p=217632"]}]},{"@type":"ImageObject","inLanguage":"de","@id":"https:\/\/ifamnews.com\/en?p=217632#primaryimage","url":"https:\/\/ifamnews.com\/wp-content\/uploads\/2024\/01\/Untitled-design-2024-01-24T191717.669.png","contentUrl":"https:\/\/ifamnews.com\/wp-content\/uploads\/2024\/01\/Untitled-design-2024-01-24T191717.669.png","width":1200,"height":675},{"@type":"BreadcrumbList","@id":"https:\/\/ifamnews.com\/en?p=217632#breadcrumb","itemListElement":[{"@type":"ListItem","position":1,"name":"Home","item":"https:\/\/ifamnews.com\/de"},{"@type":"ListItem","position":2,"name":"Politics","item":"https:\/\/ifamnews.com\/en\/category\/politics"},{"@type":"ListItem","position":3,"name":"CVS Health sieht sich einer Bundesklage wegen religi\u00f6ser Diskriminierung gegen\u00fcber"}]},{"@type":"WebSite","@id":"https:\/\/ifamnews.com\/en\/#website","url":"https:\/\/ifamnews.com\/en\/","name":"IFN","description":"International Family News Network","publisher":{"@id":"https:\/\/ifamnews.com\/en\/#organization"},"potentialAction":[{"@type":"SearchAction","target":{"@type":"EntryPoint","urlTemplate":"https:\/\/ifamnews.com\/en\/?s={search_term_string}"},"query-input":{"@type":"PropertyValueSpecification","valueRequired":true,"valueName":"search_term_string"}}],"inLanguage":"de"},{"@type":"Organization","@id":"https:\/\/ifamnews.com\/en\/#organization","name":"iFamNews","url":"https:\/\/ifamnews.com\/en\/","logo":{"@type":"ImageObject","inLanguage":"de","@id":"https:\/\/ifamnews.com\/en\/#\/schema\/logo\/image\/","url":"https:\/\/ifamnews.com\/wp-content\/uploads\/2020\/01\/Share-logo.png","contentUrl":"https:\/\/ifamnews.com\/wp-content\/uploads\/2020\/01\/Share-logo.png","width":200,"height":200,"caption":"iFamNews"},"image":{"@id":"https:\/\/ifamnews.com\/en\/#\/schema\/logo\/image\/"},"sameAs":["https:\/\/www.facebook.com\/iFamNews","https:\/\/x.com\/iFamNewsEN"]},{"@type":"Person","@id":"https:\/\/ifamnews.com\/en\/#\/schema\/person\/633bdb7ac2496c9b9304ce62d071cdfa","name":"IFN English","image":{"@type":"ImageObject","inLanguage":"de","@id":"https:\/\/secure.gravatar.com\/avatar\/6f16ce95b558ae6f6eb9ae2f68122482a2c61696af2a8fc343c2e10f981a959d?s=96&d=mm&r=g","url":"https:\/\/secure.gravatar.com\/avatar\/6f16ce95b558ae6f6eb9ae2f68122482a2c61696af2a8fc343c2e10f981a959d?s=96&d=mm&r=g","contentUrl":"https:\/\/secure.gravatar.com\/avatar\/6f16ce95b558ae6f6eb9ae2f68122482a2c61696af2a8fc343c2e10f981a959d?s=96&d=mm&r=g","caption":"IFN English"},"description":"Articles published by the English iFamNews editorial team.","sameAs":["https:\/\/ifamnews.com\/en","https:\/\/www.facebook.com\/iFamNews\/","https:\/\/x.com\/https:\/\/twitter.com\/iFamNewsEN","https:\/\/www.youtube.com\/channel\/UCMVyIt4z9BANW3d09kwfUpw"],"url":"https:\/\/ifamnews.com\/de\/author\/ifamnews-staff"}]}},"amp_enabled":true,"_links":{"self":[{"href":"https:\/\/ifamnews.com\/de\/wp-json\/wp\/v2\/posts\/217648","targetHints":{"allow":["GET"]}}],"collection":[{"href":"https:\/\/ifamnews.com\/de\/wp-json\/wp\/v2\/posts"}],"about":[{"href":"https:\/\/ifamnews.com\/de\/wp-json\/wp\/v2\/types\/post"}],"author":[{"embeddable":true,"href":"https:\/\/ifamnews.com\/de\/wp-json\/wp\/v2\/users\/593"}],"replies":[{"embeddable":true,"href":"https:\/\/ifamnews.com\/de\/wp-json\/wp\/v2\/comments?post=217648"}],"version-history":[{"count":1,"href":"https:\/\/ifamnews.com\/de\/wp-json\/wp\/v2\/posts\/217648\/revisions"}],"predecessor-version":[{"id":217655,"href":"https:\/\/ifamnews.com\/de\/wp-json\/wp\/v2\/posts\/217648\/revisions\/217655"}],"wp:featuredmedia":[{"embeddable":true,"href":"https:\/\/ifamnews.com\/de\/wp-json\/wp\/v2\/media\/217640"}],"wp:attachment":[{"href":"https:\/\/ifamnews.com\/de\/wp-json\/wp\/v2\/media?parent=217648"}],"wp:term":[{"taxonomy":"category","embeddable":true,"href":"https:\/\/ifamnews.com\/de\/wp-json\/wp\/v2\/categories?post=217648"},{"taxonomy":"post_tag","embeddable":true,"href":"https:\/\/ifamnews.com\/de\/wp-json\/wp\/v2\/tags?post=217648"}],"curies":[{"name":"wp","href":"https:\/\/api.w.org\/{rel}","templated":true}]}}