{"id":214190,"date":"2023-11-06T09:11:35","date_gmt":"2023-11-06T14:11:35","guid":{"rendered":"https:\/\/ifamnews.com\/?p=214190"},"modified":"2023-11-06T09:11:38","modified_gmt":"2023-11-06T14:11:38","slug":"studenten-protestieren-gegen-drag-veranstaltung-an-der-universit-t-von-notre-dame","status":"publish","type":"post","link":"https:\/\/ifamnews.com\/de\/studenten-protestieren-gegen-drag-veranstaltung-an-der-universit-t-von-notre-dame","title":{"rendered":"Studenten protestieren gegen Drag-Veranstaltung an der Universit\u00e4t von Notre Dame"},"content":{"rendered":"\n<p><br>An der Universit\u00e4t von Notre Dame, einer renommierten katholischen Einrichtung, sind die Studenten in Aufruhr, weil die Schule ein f\u00fcr den 3. November geplantes Drag Queen-Symposium genehmigt hat. Diese Veranstaltung ist Teil eines Kurses mit dem Titel &#8222;What a Drag: Drag on Screen &#8211; Variations and Meanings&#8220;.<\/p>\n\n\n\n<p>Da die Veranstaltung nicht mit den katholischen Grunds\u00e4tzen vereinbar ist, haben die Studenten die R\u00fccknahme der Beteiligung der Universit\u00e4t an der Organisation des Symposiums gefordert und sich dabei direkt an den Vizepr\u00e4sidenten f\u00fcr studentische Angelegenheiten, Pater Kentenich, gewandt. Gerry Olinger.<\/p>\n\n\n\n<p>Die Studenten brachten ihre Bedenken in einem Leitartikel f\u00fcr eine Studentenzeitschrift zum Ausdruck. Sie wiesen insbesondere auf den krassen Gegensatz zwischen der Feier zur Wiedervergoldung der Marienstatue von Notre Dame und der Werbung f\u00fcr eine Drag-Show hin. Sie betonten den Widerspruch zwischen der verehrten weiblichen Form der Jungfrau Maria und der burlesken Darstellung, die in Drag-Performances gezeigt wird.<\/p>\n\n\n\n<p>Die Studenten stellten den p\u00e4dagogischen und moralischen Wert einer solchen Veranstaltung in Frage und \u00e4u\u00dferten ihre Besorgnis dar\u00fcber, wie der Besuch einer Drag-Performance mit dem Auftrag der Universit\u00e4t, Werte wie G\u00fcte und Wahrheit zu vermitteln, zusammenpasst.<\/p>\n\n\n\n<p>Mit Mitteln der Universit\u00e4t werden Drag-K\u00fcnstler nach Notre Dame geholt, die die Weiblichkeit verzerren, der katholischen Kirche widersprechen, indem sie die Fluidit\u00e4t von Geschlecht und Sexualit\u00e4t f\u00f6rdern, und mit den Grunds\u00e4tzen der Kirche in Konflikt geraten.<\/p>\n\n\n\n<p>Die Kontroverse \u00fcber Drag-Performances in katholischen Kontexten hat sich versch\u00e4rft, nachdem die <a href=\"https:\/\/ifamnews.com\/en\/archdiocese-slams-dodgers-for-inviting-hate-group-to-be-honored-at-game\" target=\"_blank\" rel=\"noreferrer noopener\">Los Angeles Dodgers die antikatholischen Drag-&#8222;Nonnen&#8220;,<\/a> bekannt als die Sisters of Perpetual Indulgence, w\u00e4hrend der Pride Night des Teams mit einem &#8222;Community Hero Award&#8220; <a href=\"https:\/\/ifamnews.com\/en\/archdiocese-slams-dodgers-for-inviting-hate-group-to-be-honored-at-game\" target=\"_blank\" rel=\"noreferrer noopener\">ausgezeichnet haben<\/a>. Diese Anerkennung <a href=\"https:\/\/ifamnews.com\/de?p=214190\" target=\"_blank\" rel=\"noreferrer noopener\">l\u00f6ste Emp\u00f6rung aus<\/a> und f\u00fchrte zu einer verz\u00f6gerten Zeremonie mit nur wenigen Zuschauern, nachdem es wochenlang erhebliche \u00f6ffentliche Missbilligung gegeben hatte.<\/p>\n","protected":false},"excerpt":{"rendered":"<p>An der Universit\u00e4t von Notre Dame, einer renommierten katholischen Einrichtung, sind die Studenten in Aufruhr, weil die Schule ein f\u00fcr den 3. November geplantes Drag Queen-Symposium genehmigt hat. Diese Veranstaltung ist Teil eines Kurses mit dem Titel &#8222;What a Drag: Drag on Screen &#8211; Variations and Meanings&#8220;.<\/p>\n","protected":false},"author":593,"featured_media":213965,"comment_status":"open","ping_status":"open","sticky":false,"template":"","format":"standard","meta":{"give_campaign_id":0,"om_disable_all_campaigns":false,"_monsterinsights_skip_tracking":false,"_monsterinsights_sitenote_active":false,"_monsterinsights_sitenote_note":"","_monsterinsights_sitenote_category":0,"mc4wp_mailchimp_campaign":[],"jnews-multi-image_gallery":[],"jnews_single_post":{"subtitle":"Die Studenten, die sich \u00fcber den Widerspruch der Veranstaltung zu den katholischen Grunds\u00e4tzen beklagten, forderten die R\u00fccknahme der Beteiligung der Universit\u00e4t an der Organisation des Symposiums.","format":"standard","video":"","gallery":"","source_name":"","source_url":"","via_name":"","via_url":"","override_template":"0","override":[{"template":"2","single_blog_custom":"","parallax":"1","fullscreen":"1","layout":"right-sidebar-narrow","sidebar":"default-sidebar","second_sidebar":"default-sidebar","sticky_sidebar":"1","share_position":"float","share_float_style":"share-normal","show_share_counter":"1","show_view_counter":"1","show_featured":"1","show_post_meta":"1","show_post_author":"1","show_post_author_image":"1","show_post_date":"1","post_date_format":"default","post_date_format_custom":"Y\/m\/d","show_post_category":"1","show_post_reading_time":"1","post_reading_time_wpm":"300","show_zoom_button":"0","zoom_button_out_step":"2","zoom_button_in_step":"3","show_post_tag":"1","show_prev_next_post":"0","show_popup_post":"0","number_popup_post":"1","show_author_box":"1","show_post_related":"0","show_inline_post_related":"0"}],"override_image_size":"0","image_override":[{"single_post_thumbnail_size":"crop-715","single_post_gallery_size":"crop-715"}],"trending_post":"0","trending_post_position":"meta","trending_post_label":"Trending","sponsored_post":"0","sponsored_post_label":"Sponsored by","sponsored_post_name":"","sponsored_post_url":"","sponsored_post_logo_enable":"0","sponsored_post_logo":"","sponsored_post_desc":"","disable_ad":"0"},"jnews_primary_category":{"id":"763","hide":""},"jnews_social_meta":{"fb_title":"","fb_description":"","fb_image":"","twitter_title":"","twitter_description":"","twitter_image":""},"jnews_override_counter":{"override_view_counter":"0","view_counter_number":"0","override_share_counter":"0","share_counter_number":"0","override_like_counter":"0","like_counter_number":"0","override_dislike_counter":"0","dislike_counter_number":"0"},"footnotes":""},"categories":[763,811],"tags":[19294,19258,5234,28746],"class_list":["post-214190","post","type-post","status-publish","format-standard","has-post-thumbnail","hentry","category-kultur","category-foreground-de","tag-dragqueens","tag-dragshow","tag-gender-ideology-de","tag-universitat-von-notre-dame"],"yoast_head":"<!-- This site is optimized with the Yoast SEO Premium plugin v25.9 (Yoast SEO v27.3) - https:\/\/yoast.com\/product\/yoast-seo-premium-wordpress\/ -->\n<title>Studenten protestieren gegen Drag-Veranstaltung an der Universit\u00e4t von Notre Dame - IFN<\/title>\n<meta name=\"description\" content=\"An der Universit\u00e4t von Notre Dame, einer renommierten katholischen Einrichtung, sind die Studenten in Aufruhr, weil die Schule ein f\u00fcr den 3. November geplantes Drag Queen-Symposium genehmigt hat. Diese Veranstaltung ist Teil eines Kurses mit dem Titel &quot;What a Drag: Drag on Screen - Variations and Meanings&quot;.\" \/>\n<meta name=\"robots\" content=\"index, follow, max-snippet:-1, max-image-preview:large, max-video-preview:-1\" \/>\n<link rel=\"canonical\" href=\"https:\/\/ifamnews.com\/de\/studenten-protestieren-gegen-drag-veranstaltung-an-der-universit-t-von-notre-dame\" \/>\n<meta property=\"og:locale\" content=\"de_DE\" \/>\n<meta property=\"og:type\" content=\"article\" \/>\n<meta property=\"og:title\" content=\"Studenten protestieren gegen Drag-Veranstaltung an der Universit\u00e4t von Notre Dame\" \/>\n<meta property=\"og:description\" content=\"An der Universit\u00e4t von Notre Dame, einer renommierten katholischen Einrichtung, sind die Studenten in Aufruhr, weil die Schule ein f\u00fcr den 3. November geplantes Drag Queen-Symposium genehmigt hat. Diese Veranstaltung ist Teil eines Kurses mit dem Titel &quot;What a Drag: Drag on Screen - Variations and Meanings&quot;.\" \/>\n<meta property=\"og:url\" content=\"https:\/\/ifamnews.com\/de\/studenten-protestieren-gegen-drag-veranstaltung-an-der-universit-t-von-notre-dame\" \/>\n<meta property=\"og:site_name\" content=\"IFN\" \/>\n<meta property=\"article:publisher\" content=\"https:\/\/www.facebook.com\/iFamNews\" \/>\n<meta property=\"article:author\" content=\"https:\/\/www.facebook.com\/iFamNews\/\" \/>\n<meta property=\"article:published_time\" content=\"2023-11-06T14:11:35+00:00\" \/>\n<meta property=\"article:modified_time\" content=\"2023-11-06T14:11:38+00:00\" \/>\n<meta property=\"og:image\" content=\"https:\/\/ifamnews.com\/wp-content\/uploads\/2023\/10\/Untitled-design-2023-10-29T182005.958.png\" \/>\n\t<meta property=\"og:image:width\" content=\"1200\" \/>\n\t<meta property=\"og:image:height\" content=\"675\" \/>\n\t<meta property=\"og:image:type\" content=\"image\/png\" \/>\n<meta name=\"author\" content=\"IFN English\" \/>\n<meta name=\"twitter:card\" content=\"summary_large_image\" \/>\n<meta name=\"twitter:creator\" content=\"@https:\/\/twitter.com\/iFamNewsEN\" \/>\n<meta name=\"twitter:site\" content=\"@iFamNewsEN\" \/>\n<meta name=\"twitter:label1\" content=\"Verfasst von\" \/>\n\t<meta name=\"twitter:data1\" content=\"iFamNews Redaktion\" \/>\n\t<meta name=\"twitter:label2\" content=\"Gesch\u00e4tzte Lesezeit\" \/>\n\t<meta name=\"twitter:data2\" content=\"2\u00a0Minuten\" \/>\n<!-- \/ Yoast SEO Premium plugin. -->","yoast_head_json":{"title":"Studenten protestieren gegen Drag-Veranstaltung an der Universit\u00e4t von Notre Dame - IFN","description":"An der Universit\u00e4t von Notre Dame, einer renommierten katholischen Einrichtung, sind die Studenten in Aufruhr, weil die Schule ein f\u00fcr den 3. November geplantes Drag Queen-Symposium genehmigt hat. Diese Veranstaltung ist Teil eines Kurses mit dem Titel \"What a Drag: Drag on Screen - Variations and Meanings\".","robots":{"index":"index","follow":"follow","max-snippet":"max-snippet:-1","max-image-preview":"max-image-preview:large","max-video-preview":"max-video-preview:-1"},"canonical":"https:\/\/ifamnews.com\/de\/studenten-protestieren-gegen-drag-veranstaltung-an-der-universit-t-von-notre-dame","og_locale":"de_DE","og_type":"article","og_title":"Studenten protestieren gegen Drag-Veranstaltung an der Universit\u00e4t von Notre Dame","og_description":"An der Universit\u00e4t von Notre Dame, einer renommierten katholischen Einrichtung, sind die Studenten in Aufruhr, weil die Schule ein f\u00fcr den 3. November geplantes Drag Queen-Symposium genehmigt hat. Diese Veranstaltung ist Teil eines Kurses mit dem Titel \"What a Drag: Drag on Screen - Variations and Meanings\".","og_url":"https:\/\/ifamnews.com\/de\/studenten-protestieren-gegen-drag-veranstaltung-an-der-universit-t-von-notre-dame","og_site_name":"IFN","article_publisher":"https:\/\/www.facebook.com\/iFamNews","article_author":"https:\/\/www.facebook.com\/iFamNews\/","article_published_time":"2023-11-06T14:11:35+00:00","article_modified_time":"2023-11-06T14:11:38+00:00","og_image":[{"width":1200,"height":675,"url":"https:\/\/ifamnews.com\/wp-content\/uploads\/2023\/10\/Untitled-design-2023-10-29T182005.958.png","type":"image\/png"}],"author":"IFN English","twitter_card":"summary_large_image","twitter_creator":"@https:\/\/twitter.com\/iFamNewsEN","twitter_site":"@iFamNewsEN","twitter_misc":{"Verfasst von":"iFamNews Redaktion","Gesch\u00e4tzte Lesezeit":"2\u00a0Minuten"},"schema":{"@context":"https:\/\/schema.org","@graph":[{"@type":"NewsArticle","@id":"https:\/\/ifamnews.com\/de\/studenten-protestieren-gegen-drag-veranstaltung-an-der-universit-t-von-notre-dame#article","isPartOf":{"@id":"https:\/\/ifamnews.com\/de\/studenten-protestieren-gegen-drag-veranstaltung-an-der-universit-t-von-notre-dame"},"author":{"name":"IFN English","@id":"https:\/\/ifamnews.com\/en\/#\/schema\/person\/633bdb7ac2496c9b9304ce62d071cdfa"},"headline":"Studenten protestieren gegen Drag-Veranstaltung an der Universit\u00e4t von Notre Dame","datePublished":"2023-11-06T14:11:35+00:00","dateModified":"2023-11-06T14:11:38+00:00","mainEntityOfPage":{"@id":"https:\/\/ifamnews.com\/de\/studenten-protestieren-gegen-drag-veranstaltung-an-der-universit-t-von-notre-dame"},"wordCount":315,"commentCount":0,"publisher":{"@id":"https:\/\/ifamnews.com\/en\/#organization"},"image":{"@id":"https:\/\/ifamnews.com\/de\/studenten-protestieren-gegen-drag-veranstaltung-an-der-universit-t-von-notre-dame#primaryimage"},"thumbnailUrl":"https:\/\/ifamnews.com\/wp-content\/uploads\/2023\/10\/Untitled-design-2023-10-29T182005.958.png","keywords":["Dragqueens","Dragshow","gender ideology","Universit\u00e4t von Notre Dame"],"articleSection":["Kultur","Vordergrund"],"inLanguage":"de","potentialAction":[{"@type":"CommentAction","name":"Comment","target":["https:\/\/ifamnews.com\/de\/studenten-protestieren-gegen-drag-veranstaltung-an-der-universit-t-von-notre-dame#respond"]}]},{"@type":"WebPage","@id":"https:\/\/ifamnews.com\/de\/studenten-protestieren-gegen-drag-veranstaltung-an-der-universit-t-von-notre-dame","url":"https:\/\/ifamnews.com\/de\/studenten-protestieren-gegen-drag-veranstaltung-an-der-universit-t-von-notre-dame","name":"Studenten protestieren gegen Drag-Veranstaltung an der Universit\u00e4t von Notre Dame - IFN","isPartOf":{"@id":"https:\/\/ifamnews.com\/en\/#website"},"primaryImageOfPage":{"@id":"https:\/\/ifamnews.com\/de\/studenten-protestieren-gegen-drag-veranstaltung-an-der-universit-t-von-notre-dame#primaryimage"},"image":{"@id":"https:\/\/ifamnews.com\/de\/studenten-protestieren-gegen-drag-veranstaltung-an-der-universit-t-von-notre-dame#primaryimage"},"thumbnailUrl":"https:\/\/ifamnews.com\/wp-content\/uploads\/2023\/10\/Untitled-design-2023-10-29T182005.958.png","datePublished":"2023-11-06T14:11:35+00:00","dateModified":"2023-11-06T14:11:38+00:00","description":"An der Universit\u00e4t von Notre Dame, einer renommierten katholischen Einrichtung, sind die Studenten in Aufruhr, weil die Schule ein f\u00fcr den 3. November geplantes Drag Queen-Symposium genehmigt hat. Diese Veranstaltung ist Teil eines Kurses mit dem Titel \"What a Drag: Drag on Screen - Variations and Meanings\".","breadcrumb":{"@id":"https:\/\/ifamnews.com\/de\/studenten-protestieren-gegen-drag-veranstaltung-an-der-universit-t-von-notre-dame#breadcrumb"},"inLanguage":"de","potentialAction":[{"@type":"ReadAction","target":["https:\/\/ifamnews.com\/de\/studenten-protestieren-gegen-drag-veranstaltung-an-der-universit-t-von-notre-dame"]}]},{"@type":"ImageObject","inLanguage":"de","@id":"https:\/\/ifamnews.com\/de\/studenten-protestieren-gegen-drag-veranstaltung-an-der-universit-t-von-notre-dame#primaryimage","url":"https:\/\/ifamnews.com\/wp-content\/uploads\/2023\/10\/Untitled-design-2023-10-29T182005.958.png","contentUrl":"https:\/\/ifamnews.com\/wp-content\/uploads\/2023\/10\/Untitled-design-2023-10-29T182005.958.png","width":1200,"height":675},{"@type":"BreadcrumbList","@id":"https:\/\/ifamnews.com\/de\/studenten-protestieren-gegen-drag-veranstaltung-an-der-universit-t-von-notre-dame#breadcrumb","itemListElement":[{"@type":"ListItem","position":1,"name":"Home","item":"https:\/\/ifamnews.com\/de"},{"@type":"ListItem","position":2,"name":"\u041a\u0443\u043b\u0442\u0443\u0440\u0430","item":"https:\/\/ifamnews.com\/sr\/kategorija\/kultura-sr"},{"@type":"ListItem","position":3,"name":"Studenten protestieren gegen Drag-Veranstaltung an der Universit\u00e4t von Notre Dame"}]},{"@type":"WebSite","@id":"https:\/\/ifamnews.com\/en\/#website","url":"https:\/\/ifamnews.com\/en\/","name":"IFN","description":"International Family News Network","publisher":{"@id":"https:\/\/ifamnews.com\/en\/#organization"},"potentialAction":[{"@type":"SearchAction","target":{"@type":"EntryPoint","urlTemplate":"https:\/\/ifamnews.com\/en\/?s={search_term_string}"},"query-input":{"@type":"PropertyValueSpecification","valueRequired":true,"valueName":"search_term_string"}}],"inLanguage":"de"},{"@type":"Organization","@id":"https:\/\/ifamnews.com\/en\/#organization","name":"iFamNews","url":"https:\/\/ifamnews.com\/en\/","logo":{"@type":"ImageObject","inLanguage":"de","@id":"https:\/\/ifamnews.com\/en\/#\/schema\/logo\/image\/","url":"https:\/\/ifamnews.com\/wp-content\/uploads\/2020\/01\/Share-logo.png","contentUrl":"https:\/\/ifamnews.com\/wp-content\/uploads\/2020\/01\/Share-logo.png","width":200,"height":200,"caption":"iFamNews"},"image":{"@id":"https:\/\/ifamnews.com\/en\/#\/schema\/logo\/image\/"},"sameAs":["https:\/\/www.facebook.com\/iFamNews","https:\/\/x.com\/iFamNewsEN"]},{"@type":"Person","@id":"https:\/\/ifamnews.com\/en\/#\/schema\/person\/633bdb7ac2496c9b9304ce62d071cdfa","name":"IFN English","image":{"@type":"ImageObject","inLanguage":"de","@id":"https:\/\/secure.gravatar.com\/avatar\/6f16ce95b558ae6f6eb9ae2f68122482a2c61696af2a8fc343c2e10f981a959d?s=96&d=mm&r=g","url":"https:\/\/secure.gravatar.com\/avatar\/6f16ce95b558ae6f6eb9ae2f68122482a2c61696af2a8fc343c2e10f981a959d?s=96&d=mm&r=g","contentUrl":"https:\/\/secure.gravatar.com\/avatar\/6f16ce95b558ae6f6eb9ae2f68122482a2c61696af2a8fc343c2e10f981a959d?s=96&d=mm&r=g","caption":"IFN English"},"description":"Articles published by the English iFamNews editorial team.","sameAs":["https:\/\/ifamnews.com\/en","https:\/\/www.facebook.com\/iFamNews\/","https:\/\/x.com\/https:\/\/twitter.com\/iFamNewsEN","https:\/\/www.youtube.com\/channel\/UCMVyIt4z9BANW3d09kwfUpw"],"url":"https:\/\/ifamnews.com\/de\/author\/ifamnews-staff"}]}},"amp_enabled":true,"_links":{"self":[{"href":"https:\/\/ifamnews.com\/de\/wp-json\/wp\/v2\/posts\/214190","targetHints":{"allow":["GET"]}}],"collection":[{"href":"https:\/\/ifamnews.com\/de\/wp-json\/wp\/v2\/posts"}],"about":[{"href":"https:\/\/ifamnews.com\/de\/wp-json\/wp\/v2\/types\/post"}],"author":[{"embeddable":true,"href":"https:\/\/ifamnews.com\/de\/wp-json\/wp\/v2\/users\/593"}],"replies":[{"embeddable":true,"href":"https:\/\/ifamnews.com\/de\/wp-json\/wp\/v2\/comments?post=214190"}],"version-history":[{"count":2,"href":"https:\/\/ifamnews.com\/de\/wp-json\/wp\/v2\/posts\/214190\/revisions"}],"predecessor-version":[{"id":214192,"href":"https:\/\/ifamnews.com\/de\/wp-json\/wp\/v2\/posts\/214190\/revisions\/214192"}],"wp:featuredmedia":[{"embeddable":true,"href":"https:\/\/ifamnews.com\/de\/wp-json\/wp\/v2\/media\/213965"}],"wp:attachment":[{"href":"https:\/\/ifamnews.com\/de\/wp-json\/wp\/v2\/media?parent=214190"}],"wp:term":[{"taxonomy":"category","embeddable":true,"href":"https:\/\/ifamnews.com\/de\/wp-json\/wp\/v2\/categories?post=214190"},{"taxonomy":"post_tag","embeddable":true,"href":"https:\/\/ifamnews.com\/de\/wp-json\/wp\/v2\/tags?post=214190"}],"curies":[{"name":"wp","href":"https:\/\/api.w.org\/{rel}","templated":true}]}}