{"id":211943,"date":"2023-09-27T01:53:01","date_gmt":"2023-09-27T05:53:01","guid":{"rendered":"https:\/\/ifamnews.com\/?p=211943"},"modified":"2023-10-27T01:53:59","modified_gmt":"2023-10-27T05:53:59","slug":"million-menschen-marschieren-kanadier-setzen-sich-mutig-f-r-kinder-ein-und-wehren-sich-gegen-gender-indoktrination-in-schulen","status":"publish","type":"post","link":"https:\/\/ifamnews.com\/de\/million-menschen-marschieren-kanadier-setzen-sich-mutig-f-r-kinder-ein-und-wehren-sich-gegen-gender-indoktrination-in-schulen","title":{"rendered":"Million Menschen marschieren: Kanadier setzen sich mutig f\u00fcr Kinder ein und wehren sich gegen Gender-Indoktrination in Schulen"},"content":{"rendered":"<p class=\"last-updated\">Last updated on Oktober 27th, 2023 at 01:53 a.m.<\/p>\n<p>Wie bereits <a href=\"https:\/\/ifamnews.com\/de\/muslime-in-kanadamobilisieren-zum-1-million-menschen-marsch-gegen-lgbt-indoktrination-in-schulen\" target=\"_blank\" rel=\"noreferrer noopener\">Anfang August angek\u00fcndigt<\/a> Am 20. September versammelten sich Tausende von Kanadiern, die sich um die Sicherheit der Kinder und die Zukunft der Bildung sorgten, nicht nur in Ottawa, wo sich zwischen 10.000 und 15.000 Menschen outeten, sondern auch in vielen anderen St\u00e4dten Kanadas im Rahmen des &#8222;Million Person March&#8220; gegen die Indoktrination von Kindern mit radikaler LGBT-Ideologie an Schulen.<\/p>\n\n\n\n<p>Von K\u00fcste zu K\u00fcste, von Abbotsford (British Columbia) bis Halifax (Nova Scotia), Calgary, Winnipeg, Windsor, Ottawa, Montreal, Toronto und einigen anderen St\u00e4dten str\u00f6mten die Menschen auf die Stra\u00dfen, um gegen den Versuch der liberalen Regierung von Justin Trudeau zu protestieren, die sexuelle Orientierung und die Geschlechtsidentit\u00e4t (SOGI) in den Schulen durchzusetzen.<\/p>\n\n\n\n<p>Eltern und besorgte B\u00fcrger trugen Schilder mit der Aufschrift &#8222;Lasst unsere Kinder in Ruhe&#8220;, &#8222;Stoppt die Sexualisierung von Kindern&#8220;, &#8222;Sch\u00fctzt die Unschuld der Kinder&#8220;, &#8222;Stoppt SOGI in Schulen&#8220; und dergleichen.<\/p>\n\n\n<div class=\"wp-block-image\">\n<figure class=\"aligncenter size-full\"><img decoding=\"async\" width=\"1020\" height=\"574\" src=\"https:\/\/ifamnews.com\/wp-content\/uploads\/2023\/09\/canada_million_march-01.png\" alt=\"\" class=\"wp-image-211720\" srcset=\"https:\/\/ifamnews.com\/wp-content\/uploads\/2023\/09\/canada_million_march-01.png 1020w, https:\/\/ifamnews.com\/wp-content\/uploads\/2023\/09\/canada_million_march-01-768x432.png 768w, https:\/\/ifamnews.com\/wp-content\/uploads\/2023\/09\/canada_million_march-01-750x422.png 750w\" sizes=\"(max-width: 1020px) 100vw, 1020px\" \/><\/figure>\n<\/div>\n\n\n<p>Kamel El-Cheikh, einer der muslimischen Eltern, die den Protest organisieren, <a href=\"https:\/\/thepostmillennial.com\/massive-crowds-of-parents-march-in-canadian-cities-to-protest-trudeau-liberals-far-left-gender-indoctrination-in-schools\" target=\"_blank\" rel=\"noreferrer noopener\">sagte<\/a>, &#8222;Wir fangen gerade erst an. Der 20. September wird der Tag der Befreiung von Familien und Kindern sein. Wir werden unerbittlich sein. Wir werden unerbittlich sein. Von Victoria, Edmonton, Montreal und Ottawa aus werden wir die Rechte unserer Kinder und Eltern um jeden Preis verteidigen. Denken Sie daran: Wir sind die starke Mehrheit. Wir sind eine Nation unter Gott. Gott bewahre unser Land ruhmreich und frei.&#8220; Er versprach, dass der &#8222;Million Person March&#8220; kein einmaliges Ereignis sein w\u00fcrde, sondern der Beginn einer nationalen Bewegung. Er f\u00fcgte hinzu, dass er seinen politischen Aktivismus auf die Website &#8222;H\u00e4nde weg von unseren Kindern&#8220; unter <a href=\"http:\/\/www.handsoffourkids.com\" target=\"_blank\" rel=\"noreferrer noopener\">www.handsoffourkids.com<\/a> konzentriert hat.<\/p>\n\n\n\n<p>Die wichtigste Botschaft, die die Demonstranten an die Bildungspolitiker und Schulbeh\u00f6rden senden wollten, ist, dass sie die Grenze \u00fcberschritten haben und dass die Eltern dies nicht l\u00e4nger hinnehmen werden. Es liegt in der Verantwortung der Eltern, daf\u00fcr zu sorgen, dass ihre Kinder sicher sind, dass sie zur Schule gehen, um eine Ausbildung zu erhalten, und nicht, um in irgendeine Ideologie indoktriniert zu werden.<\/p>\n\n\n<div class=\"wp-block-image\">\n<figure class=\"aligncenter size-full\"><img decoding=\"async\" width=\"800\" height=\"450\" src=\"https:\/\/ifamnews.com\/wp-content\/uploads\/2023\/09\/canada_ottawa_march.png\" alt=\"\" class=\"wp-image-211751\" srcset=\"https:\/\/ifamnews.com\/wp-content\/uploads\/2023\/09\/canada_ottawa_march.png 800w, https:\/\/ifamnews.com\/wp-content\/uploads\/2023\/09\/canada_ottawa_march-768x432.png 768w, https:\/\/ifamnews.com\/wp-content\/uploads\/2023\/09\/canada_ottawa_march-750x422.png 750w\" sizes=\"(max-width: 800px) 100vw, 800px\" \/><figcaption class=\"wp-element-caption\">Million Menschen marschieren in Ottawa<\/figcaption><\/figure>\n<\/div>\n\n\n<p><a href=\"https:\/\/www.ctvnews.ca\/canada\/cross-country-rallies-against-gender-ideology-in-schools-met-with-counter-protests-1.6569373\" target=\"_blank\" rel=\"noreferrer noopener nofollow\">Laut CTV News<\/a>&#8222;beschuldigten die Eltern die Schulen, junge Sch\u00fcler einer &#8218;Gender-Ideologie&#8216; auszusetzen, und sagten, dass Eltern das Recht haben zu erfahren, ob ihre Kinder ihre Geschlechtsidentit\u00e4t in Frage stellen&#8220;. In vielen kanadischen Provinzen k\u00f6nnen Kinder unter 16 Jahren ohne die Erlaubnis oder das Wissen ihrer Eltern entscheiden, ihr Geschlecht oder Pronomen zu \u00e4ndern, und aufgeweckte Lehrer sagen ihren Sch\u00fclern ganz offen, dass sie ihre Eltern nicht informieren werden, wenn die Sch\u00fcler ihre Namen oder Pronomen \u00e4ndern wollen. Daher ist es nur logisch, dass eines der am meisten verbreiteten Fotos vom Marsch eine Frau zeigt, die ein Schild mit der Aufschrift &#8222;Traue niemals jemandem, der sagt &#8218;Erz\u00e4hle es nicht deinen Eltern'&#8220; h\u00e4lt.<\/p>\n\n\n<div class=\"wp-block-image\">\n<figure class=\"aligncenter size-large\"><img decoding=\"async\" width=\"976\" height=\"1024\" src=\"https:\/\/ifamnews.com\/wp-content\/uploads\/2023\/09\/canada_million_march_04-2-976x1024.jpg\" alt=\"\" class=\"wp-image-211730\" srcset=\"https:\/\/ifamnews.com\/wp-content\/uploads\/2023\/09\/canada_million_march_04-2-976x1024.jpg 976w, https:\/\/ifamnews.com\/wp-content\/uploads\/2023\/09\/canada_million_march_04-2-768x806.jpg 768w, https:\/\/ifamnews.com\/wp-content\/uploads\/2023\/09\/canada_million_march_04-2-1464x1536.jpg 1464w, https:\/\/ifamnews.com\/wp-content\/uploads\/2023\/09\/canada_million_march_04-2-750x787.jpg 750w, https:\/\/ifamnews.com\/wp-content\/uploads\/2023\/09\/canada_million_march_04-2-1140x1196.jpg 1140w, https:\/\/ifamnews.com\/wp-content\/uploads\/2023\/09\/canada_million_march_04-2.jpg 1515w\" sizes=\"(max-width: 976px) 100vw, 976px\" \/><\/figure>\n<\/div>\n\n\n<p>LGBTQ-Radikale veranstalteten Gegenproteste, inspiriert von <a href=\"https:\/\/thepostmillennial.com\/lgbtq-activists-labor-union-organize-to-disrupt-destroy-and-intimidate-canadians-million-march-protest-against-gender-indoctrination\" target=\"_blank\" rel=\"noreferrer noopener\">einem durchgesickerten kontroversen Zoom-Aufruf<\/a>, der zeigt, dass sich die Gewerkschaften des \u00f6ffentlichen Sektors verschworen haben, den Marsch durch Einsch\u00fcchterung zu vereiteln. In dem Aufruf, der vom Pr\u00e4sidenten der Ontario Federation of Labour geleitet wurde, bezeichneten die Gewerkschaftsvertreter die Eltern als &#8222;Faschisten&#8220; und behaupteten, sie seien wegen ihres &#8222;Hasses&#8220; gegen die Gender-Ideologie. Die Gegendemonstranten waren laut, offensiv und gewaltt\u00e4tig, aber die Polizei war vorbereitet und kam in ausreichender Zahl, um die LGBT-Radikalen aufzuhalten und die Teilnehmer des &#8222;Million Person March&#8220; vor ihren Angriffen zu sch\u00fctzen.<\/p>\n\n\n\n<p>Die Aktivistin Celeste Trianon, die den Gegenprotest in Montreal organisiert hat, sagte: &#8222;Wir m\u00fcssen mit den Menschen reden, ihnen das richtige Vokabular, die richtigen Worte beibringen, zu einem altersgerechten Zeitpunkt, um ihnen zu erkl\u00e4ren, dass Inklusion eine gute Sache ist. Wir m\u00fcssen daf\u00fcr sorgen, dass sich ihre transsexuellen und queeren Mitsch\u00fcler in der Schule willkommen f\u00fchlen.&#8220;<\/p>\n\n\n\n<p>Das ist genau der Grund, warum sich die kanadischen Eltern \u00fcberhaupt zu Wort melden. Wenn etwas &#8222;das richtige Vokabular&#8220; erfordert, das mit <a href=\"https:\/\/www.ohrc.on.ca\/en\/questions-and-answers-about-gender-identity-and-pronouns\" target=\"_blank\" rel=\"noreferrer noopener nofollow\">Strafen f\u00fcr die Nichtverwendung der &#8222;richtigen Worte&#8220; einhergeht,<\/a> haben wir ein unbestreitbares Merkmal einer Ideologie, und zwar einer totalit\u00e4ren. Zu allem \u00dcberfluss impliziert diese Ideologie auch noch die Sexualisierung von Kindern, obwohl der Kontakt von Kindern mit sexuell eindeutigen Inhalten gegen das Gesetz verst\u00f6\u00dft. Das <a href=\"https:\/\/www.legalline.ca\/legal-answers\/obscenity-and-protecting-children-on-the-internet\/\" target=\"_blank\" rel=\"noreferrer noopener\">kanadische Zentrum f\u00fcr Kinderschutz<\/a> hat n\u00e4mlich das Mandat, unter anderem in F\u00e4llen zu reagieren, in denen einem Kind sexuell eindeutiges Material zug\u00e4nglich gemacht wird&#8220;, was genau dann geschieht, wenn LGBT-Lehrer mit Kindern \u00fcber ihr pers\u00f6nliches &#8222;Sexualleben&#8220; und ihre Beziehungen, &#8222;Queerness&#8220; und &#8222;Queer Sex&#8220; sprechen.<\/p>\n\n\n\n<p>Auch Artikel 26.3 der Allgemeinen Erkl\u00e4rung der Menschenrechte besagt eindeutig, dass &#8222;die Eltern das Recht haben, die Art der Erziehung zu w\u00e4hlen, die ihren Kindern zuteil werden soll&#8220;. Das bedeutet, dass Eltern durchaus im Recht sind, wenn sie sich gegen Schulinhalte und Materialien aussprechen, die als unangemessen oder explizit angesehen werden, und wollen, dass ihre Kinder die M\u00f6glichkeit haben, sich von solchen Klassen abzuwenden. Sie haben das Recht, die neuen Materialien abzulehnen, die Kindern beibringen, dass sie ihr Geschlecht \u00e4ndern k\u00f6nnen, dass das biologische Geschlecht flie\u00dfend und ver\u00e4nderbar ist und dass es mehr als zwei Geschlechter gibt.<\/p>\n\n\n\n<p>Und bei all ihrem Gerede \u00fcber die &#8222;Verbreitung von Liebe und Toleranz&#8220; und die &#8222;Welle der Liebe und Unterst\u00fctzung und F\u00fcrsorge an diesem Tag&#8220; waren es die Gender-Ideologen und &#8222;Verb\u00fcndeten&#8220;, die schrien, obsz\u00f6ne Worte riefen, drohten und sogar gewaltt\u00e4tig wurden (sie schubsten und schlugen die Demonstranten des Million March, bis hin zum Umwerfen).<\/p>\n\n\n<div class=\"wp-block-image\">\n<figure class=\"aligncenter size-large\"><img decoding=\"async\" width=\"1024\" height=\"768\" src=\"https:\/\/ifamnews.com\/wp-content\/uploads\/2023\/09\/canada_million_march_antifa-02-1024x768.jpg\" alt=\"\" class=\"wp-image-211740\" srcset=\"https:\/\/ifamnews.com\/wp-content\/uploads\/2023\/09\/canada_million_march_antifa-02-1024x768.jpg 1024w, https:\/\/ifamnews.com\/wp-content\/uploads\/2023\/09\/canada_million_march_antifa-02-768x576.jpg 768w, https:\/\/ifamnews.com\/wp-content\/uploads\/2023\/09\/canada_million_march_antifa-02-1536x1152.jpg 1536w, https:\/\/ifamnews.com\/wp-content\/uploads\/2023\/09\/canada_million_march_antifa-02-750x563.jpg 750w, https:\/\/ifamnews.com\/wp-content\/uploads\/2023\/09\/canada_million_march_antifa-02-1140x855.jpg 1140w, https:\/\/ifamnews.com\/wp-content\/uploads\/2023\/09\/canada_million_march_antifa-02.jpg 2048w\" sizes=\"(max-width: 1024px) 100vw, 1024px\" \/><figcaption class=\"wp-element-caption\">Antifa-Mitglieder beim Gegenprotest.<\/figcaption><\/figure>\n<\/div>\n\n\n<p>Um zu veranschaulichen, was Eltern zu einem solch massiven \u00f6ffentlichen Protest veranlasst hat, hier nur zwei Beispiele. Im Juni dieses Jahres beschimpfte <a href=\"https:\/\/thepostmillennial.com\/you-dont-belong-here-teacher-tells-muslim-students-they-cant-be-canadian-if-they-wont-back-pride\" target=\"_blank\" rel=\"noreferrer noopener\">ein Lehrer in Edmonton<\/a> muslimische Sch\u00fcler, weil sie den Pride-Monat nicht ausreichend unterst\u00fctzen. Er sagte ihnen, dass sie &#8222;nicht hierher geh\u00f6ren&#8220; und dass sie &#8222;keine Kanadier sein k\u00f6nnen&#8220;, wenn sie den Pride-Monat nicht unterst\u00fctzen. <a href=\"https:\/\/twitter.com\/elie_mcn\/status\/1681738376762863617?s=20\" target=\"_blank\" rel=\"noreferrer noopener\">Ein anderer Lehrer in Windsor<\/a>, Ontario, sagte Sch\u00fclern, die nicht am &#8222;Pride Day&#8220; teilnahmen, wiederholt, dass sie &#8222;ekelhaft&#8220; seien und dass die Nichtteilnahme an der Veranstaltung &#8222;eine unglaubliche Show des Hasses&#8220; sei. So viel zur Verbreitung von Toleranz und Liebe.<\/p>\n\n\n\n<p>Der Million Person March ist auf X mit dem Hashtag #1MillionMarch4Children in aller Munde.<\/p>\n","protected":false},"excerpt":{"rendered":"<p>Die wichtigste Botschaft, die die Demonstranten an die Bildungspolitiker und Schulbeh\u00f6rden senden wollten, ist, dass sie die Grenze \u00fcberschritten haben und dass die Eltern dies nicht l\u00e4nger hinnehmen werden.  <\/p>\n","protected":false},"author":101,"featured_media":211713,"comment_status":"open","ping_status":"open","sticky":false,"template":"","format":"standard","meta":{"give_campaign_id":0,"om_disable_all_campaigns":false,"_monsterinsights_skip_tracking":false,"_monsterinsights_sitenote_active":false,"_monsterinsights_sitenote_note":"","_monsterinsights_sitenote_category":0,"mc4wp_mailchimp_campaign":[],"jnews-multi-image_gallery":[],"jnews_single_post":{"subtitle":"Die wichtigste Botschaft, die die Demonstranten an die Bildungspolitiker und Schulbeh\u00f6rden senden wollten, ist, dass sie die Grenze \u00fcberschritten haben und dass die Eltern dies nicht l\u00e4nger hinnehmen werden.  ","format":"standard","video":"","gallery":"","source_name":"","source_url":"","via_name":"","via_url":"","override_template":"0","override":[{"template":"2","single_blog_custom":"","parallax":"1","fullscreen":"1","layout":"right-sidebar-narrow","sidebar":"default-sidebar","second_sidebar":"default-sidebar","sticky_sidebar":"1","share_position":"float","share_float_style":"share-normal","show_share_counter":"1","show_view_counter":"1","show_featured":"1","show_post_meta":"1","show_post_author":"1","show_post_author_image":"1","show_post_date":"1","post_date_format":"default","post_date_format_custom":"Y\/m\/d","show_post_category":"1","show_post_reading_time":"1","post_reading_time_wpm":"300","show_zoom_button":"0","zoom_button_out_step":"2","zoom_button_in_step":"3","show_post_tag":"1","show_prev_next_post":"0","show_popup_post":"0","number_popup_post":"1","show_author_box":"1","show_post_related":"0","show_inline_post_related":"0"}],"override_image_size":"0","image_override":[{"single_post_thumbnail_size":"crop-715","single_post_gallery_size":"crop-715"}],"trending_post":"0","trending_post_position":"meta","trending_post_label":"Trending","sponsored_post":"0","sponsored_post_label":"Sponsored by","sponsored_post_name":"","sponsored_post_url":"","sponsored_post_logo_enable":"0","sponsored_post_logo":"","sponsored_post_desc":"","disable_ad":"0"},"jnews_primary_category":{"id":"770","hide":""},"jnews_social_meta":{"fb_title":"","fb_description":"","fb_image":"","twitter_title":"","twitter_description":"","twitter_image":""},"jnews_override_counter":{"override_view_counter":"0","view_counter_number":"0","override_share_counter":"0","share_counter_number":"0","override_like_counter":"0","like_counter_number":"0","override_dislike_counter":"0","dislike_counter_number":"0"},"footnotes":""},"categories":[770,811],"tags":[18705,9376,10603,15348,18706,19485,6941,28515,26698,28514,22638],"class_list":["post-211943","post","type-post","status-publish","format-standard","has-post-thumbnail","hentry","category-familie","category-foreground-de","tag-bildung-de","tag-canada-de","tag-children-de","tag-elterliche-rechte","tag-indoktrination-de","tag-lgbt-agenda-de","tag-lgbt-ideologie","tag-marz","tag-proteste-de","tag-sexualerziehung-de","tag-sogi-de"],"yoast_head":"<!-- This site is optimized with the Yoast SEO Premium plugin v25.9 (Yoast SEO v27.3) - https:\/\/yoast.com\/product\/yoast-seo-premium-wordpress\/ -->\n<title>Million Menschen marschieren: Kanadier setzen sich mutig f\u00fcr Kinder ein und wehren sich gegen Gender-Indoktrination in Schulen - IFN<\/title>\n<meta name=\"description\" content=\"Die wichtigste Botschaft, die die Demonstranten an die Bildungspolitiker und Schulbeh\u00f6rden senden wollten, ist, dass sie die Grenze \u00fcberschritten haben und dass die Eltern dies nicht l\u00e4nger hinnehmen werden.\" \/>\n<meta name=\"robots\" content=\"index, follow, max-snippet:-1, max-image-preview:large, max-video-preview:-1\" \/>\n<link rel=\"canonical\" href=\"https:\/\/ifamnews.com\/de\/million-menschen-marschieren-kanadier-setzen-sich-mutig-f-r-kinder-ein-und-wehren-sich-gegen-gender-indoktrination-in-schulen\" \/>\n<meta property=\"og:locale\" content=\"de_DE\" \/>\n<meta property=\"og:type\" content=\"article\" \/>\n<meta property=\"og:title\" content=\"Million Menschen marschieren: Kanadier setzen sich mutig f\u00fcr Kinder ein und wehren sich gegen Gender-Indoktrination in Schulen\" \/>\n<meta property=\"og:description\" content=\"Die wichtigste Botschaft, die die Demonstranten an die Bildungspolitiker und Schulbeh\u00f6rden senden wollten, ist, dass sie die Grenze \u00fcberschritten haben und dass die Eltern dies nicht l\u00e4nger hinnehmen werden.\" \/>\n<meta property=\"og:url\" content=\"https:\/\/ifamnews.com\/de\/million-menschen-marschieren-kanadier-setzen-sich-mutig-f-r-kinder-ein-und-wehren-sich-gegen-gender-indoktrination-in-schulen\" \/>\n<meta property=\"og:site_name\" content=\"IFN\" \/>\n<meta property=\"article:publisher\" content=\"https:\/\/www.facebook.com\/iFamNews\" \/>\n<meta property=\"article:author\" content=\"https:\/\/facebook.com\/stajic.marija\" \/>\n<meta property=\"article:published_time\" content=\"2023-09-27T05:53:01+00:00\" \/>\n<meta property=\"article:modified_time\" content=\"2023-10-27T05:53:59+00:00\" \/>\n<meta property=\"og:image\" content=\"https:\/\/ifamnews.com\/wp-content\/uploads\/2023\/09\/canada_million_march_02.jpg\" \/>\n\t<meta property=\"og:image:width\" content=\"700\" \/>\n\t<meta property=\"og:image:height\" content=\"365\" \/>\n\t<meta property=\"og:image:type\" content=\"image\/jpeg\" \/>\n<meta name=\"author\" content=\"Marija Staji\u0107\" \/>\n<meta name=\"twitter:card\" content=\"summary_large_image\" \/>\n<meta name=\"twitter:creator\" content=\"@https:\/\/twitter.com\/NienorMaiden\" \/>\n<meta name=\"twitter:site\" content=\"@iFamNewsEN\" \/>\n<meta name=\"twitter:label1\" content=\"Verfasst von\" \/>\n\t<meta name=\"twitter:data1\" content=\"Marija Staji\u0107\" \/>\n\t<meta name=\"twitter:label2\" content=\"Gesch\u00e4tzte Lesezeit\" \/>\n\t<meta name=\"twitter:data2\" content=\"7\u00a0Minuten\" \/>\n<!-- \/ Yoast SEO Premium plugin. -->","yoast_head_json":{"title":"Million Menschen marschieren: Kanadier setzen sich mutig f\u00fcr Kinder ein und wehren sich gegen Gender-Indoktrination in Schulen - IFN","description":"Die wichtigste Botschaft, die die Demonstranten an die Bildungspolitiker und Schulbeh\u00f6rden senden wollten, ist, dass sie die Grenze \u00fcberschritten haben und dass die Eltern dies nicht l\u00e4nger hinnehmen werden.","robots":{"index":"index","follow":"follow","max-snippet":"max-snippet:-1","max-image-preview":"max-image-preview:large","max-video-preview":"max-video-preview:-1"},"canonical":"https:\/\/ifamnews.com\/de\/million-menschen-marschieren-kanadier-setzen-sich-mutig-f-r-kinder-ein-und-wehren-sich-gegen-gender-indoktrination-in-schulen","og_locale":"de_DE","og_type":"article","og_title":"Million Menschen marschieren: Kanadier setzen sich mutig f\u00fcr Kinder ein und wehren sich gegen Gender-Indoktrination in Schulen","og_description":"Die wichtigste Botschaft, die die Demonstranten an die Bildungspolitiker und Schulbeh\u00f6rden senden wollten, ist, dass sie die Grenze \u00fcberschritten haben und dass die Eltern dies nicht l\u00e4nger hinnehmen werden.","og_url":"https:\/\/ifamnews.com\/de\/million-menschen-marschieren-kanadier-setzen-sich-mutig-f-r-kinder-ein-und-wehren-sich-gegen-gender-indoktrination-in-schulen","og_site_name":"IFN","article_publisher":"https:\/\/www.facebook.com\/iFamNews","article_author":"https:\/\/facebook.com\/stajic.marija","article_published_time":"2023-09-27T05:53:01+00:00","article_modified_time":"2023-10-27T05:53:59+00:00","og_image":[{"width":700,"height":365,"url":"https:\/\/ifamnews.com\/wp-content\/uploads\/2023\/09\/canada_million_march_02.jpg","type":"image\/jpeg"}],"author":"Marija Staji\u0107","twitter_card":"summary_large_image","twitter_creator":"@https:\/\/twitter.com\/NienorMaiden","twitter_site":"@iFamNewsEN","twitter_misc":{"Verfasst von":"Marija Staji\u0107","Gesch\u00e4tzte Lesezeit":"7\u00a0Minuten"},"schema":{"@context":"https:\/\/schema.org","@graph":[{"@type":"NewsArticle","@id":"https:\/\/ifamnews.com\/de\/million-menschen-marschieren-kanadier-setzen-sich-mutig-f-r-kinder-ein-und-wehren-sich-gegen-gender-indoktrination-in-schulen#article","isPartOf":{"@id":"https:\/\/ifamnews.com\/de\/million-menschen-marschieren-kanadier-setzen-sich-mutig-f-r-kinder-ein-und-wehren-sich-gegen-gender-indoktrination-in-schulen"},"author":{"name":"Marija Staji\u0107","@id":"https:\/\/ifamnews.com\/en\/#\/schema\/person\/ff55fd7a19a70d5e04f07bd82a306371"},"headline":"Million Menschen marschieren: Kanadier setzen sich mutig f\u00fcr Kinder ein und wehren sich gegen Gender-Indoktrination in Schulen","datePublished":"2023-09-27T05:53:01+00:00","dateModified":"2023-10-27T05:53:59+00:00","mainEntityOfPage":{"@id":"https:\/\/ifamnews.com\/de\/million-menschen-marschieren-kanadier-setzen-sich-mutig-f-r-kinder-ein-und-wehren-sich-gegen-gender-indoktrination-in-schulen"},"wordCount":1029,"commentCount":0,"publisher":{"@id":"https:\/\/ifamnews.com\/en\/#organization"},"image":{"@id":"https:\/\/ifamnews.com\/de\/million-menschen-marschieren-kanadier-setzen-sich-mutig-f-r-kinder-ein-und-wehren-sich-gegen-gender-indoktrination-in-schulen#primaryimage"},"thumbnailUrl":"https:\/\/ifamnews.com\/wp-content\/uploads\/2023\/09\/canada_million_march_02.jpg","keywords":["Bildung","Canada","Children","elterliche Rechte","Indoktrination","LGBT-Agenda","LGBT-Ideologie","M\u00e4rz","Proteste","Sexualerziehung","SOGI"],"articleSection":["Familie","Vordergrund"],"inLanguage":"de","potentialAction":[{"@type":"CommentAction","name":"Comment","target":["https:\/\/ifamnews.com\/de\/million-menschen-marschieren-kanadier-setzen-sich-mutig-f-r-kinder-ein-und-wehren-sich-gegen-gender-indoktrination-in-schulen#respond"]}]},{"@type":"WebPage","@id":"https:\/\/ifamnews.com\/de\/million-menschen-marschieren-kanadier-setzen-sich-mutig-f-r-kinder-ein-und-wehren-sich-gegen-gender-indoktrination-in-schulen","url":"https:\/\/ifamnews.com\/de\/million-menschen-marschieren-kanadier-setzen-sich-mutig-f-r-kinder-ein-und-wehren-sich-gegen-gender-indoktrination-in-schulen","name":"Million Menschen marschieren: Kanadier setzen sich mutig f\u00fcr Kinder ein und wehren sich gegen Gender-Indoktrination in Schulen - IFN","isPartOf":{"@id":"https:\/\/ifamnews.com\/en\/#website"},"primaryImageOfPage":{"@id":"https:\/\/ifamnews.com\/de\/million-menschen-marschieren-kanadier-setzen-sich-mutig-f-r-kinder-ein-und-wehren-sich-gegen-gender-indoktrination-in-schulen#primaryimage"},"image":{"@id":"https:\/\/ifamnews.com\/de\/million-menschen-marschieren-kanadier-setzen-sich-mutig-f-r-kinder-ein-und-wehren-sich-gegen-gender-indoktrination-in-schulen#primaryimage"},"thumbnailUrl":"https:\/\/ifamnews.com\/wp-content\/uploads\/2023\/09\/canada_million_march_02.jpg","datePublished":"2023-09-27T05:53:01+00:00","dateModified":"2023-10-27T05:53:59+00:00","description":"Die wichtigste Botschaft, die die Demonstranten an die Bildungspolitiker und Schulbeh\u00f6rden senden wollten, ist, dass sie die Grenze \u00fcberschritten haben und dass die Eltern dies nicht l\u00e4nger hinnehmen werden.","breadcrumb":{"@id":"https:\/\/ifamnews.com\/de\/million-menschen-marschieren-kanadier-setzen-sich-mutig-f-r-kinder-ein-und-wehren-sich-gegen-gender-indoktrination-in-schulen#breadcrumb"},"inLanguage":"de","potentialAction":[{"@type":"ReadAction","target":["https:\/\/ifamnews.com\/de\/million-menschen-marschieren-kanadier-setzen-sich-mutig-f-r-kinder-ein-und-wehren-sich-gegen-gender-indoktrination-in-schulen"]}]},{"@type":"ImageObject","inLanguage":"de","@id":"https:\/\/ifamnews.com\/de\/million-menschen-marschieren-kanadier-setzen-sich-mutig-f-r-kinder-ein-und-wehren-sich-gegen-gender-indoktrination-in-schulen#primaryimage","url":"https:\/\/ifamnews.com\/wp-content\/uploads\/2023\/09\/canada_million_march_02.jpg","contentUrl":"https:\/\/ifamnews.com\/wp-content\/uploads\/2023\/09\/canada_million_march_02.jpg","width":700,"height":365},{"@type":"BreadcrumbList","@id":"https:\/\/ifamnews.com\/de\/million-menschen-marschieren-kanadier-setzen-sich-mutig-f-r-kinder-ein-und-wehren-sich-gegen-gender-indoktrination-in-schulen#breadcrumb","itemListElement":[{"@type":"ListItem","position":1,"name":"Home","item":"https:\/\/ifamnews.com\/de"},{"@type":"ListItem","position":2,"name":"Familie","item":"https:\/\/ifamnews.com\/de\/kategorie\/familie"},{"@type":"ListItem","position":3,"name":"Million Menschen marschieren: Kanadier setzen sich mutig f\u00fcr Kinder ein und wehren sich gegen Gender-Indoktrination in Schulen"}]},{"@type":"WebSite","@id":"https:\/\/ifamnews.com\/en\/#website","url":"https:\/\/ifamnews.com\/en\/","name":"IFN","description":"International Family News Network","publisher":{"@id":"https:\/\/ifamnews.com\/en\/#organization"},"potentialAction":[{"@type":"SearchAction","target":{"@type":"EntryPoint","urlTemplate":"https:\/\/ifamnews.com\/en\/?s={search_term_string}"},"query-input":{"@type":"PropertyValueSpecification","valueRequired":true,"valueName":"search_term_string"}}],"inLanguage":"de"},{"@type":"Organization","@id":"https:\/\/ifamnews.com\/en\/#organization","name":"iFamNews","url":"https:\/\/ifamnews.com\/en\/","logo":{"@type":"ImageObject","inLanguage":"de","@id":"https:\/\/ifamnews.com\/en\/#\/schema\/logo\/image\/","url":"https:\/\/ifamnews.com\/wp-content\/uploads\/2020\/01\/Share-logo.png","contentUrl":"https:\/\/ifamnews.com\/wp-content\/uploads\/2020\/01\/Share-logo.png","width":200,"height":200,"caption":"iFamNews"},"image":{"@id":"https:\/\/ifamnews.com\/en\/#\/schema\/logo\/image\/"},"sameAs":["https:\/\/www.facebook.com\/iFamNews","https:\/\/x.com\/iFamNewsEN"]},{"@type":"Person","@id":"https:\/\/ifamnews.com\/en\/#\/schema\/person\/ff55fd7a19a70d5e04f07bd82a306371","name":"Marija Staji\u0107","image":{"@type":"ImageObject","inLanguage":"de","@id":"https:\/\/secure.gravatar.com\/avatar\/2829a57bf52a9f1e1c978c15978600970b09b760c2a0057533c0e8598773eacf?s=96&d=mm&r=g","url":"https:\/\/secure.gravatar.com\/avatar\/2829a57bf52a9f1e1c978c15978600970b09b760c2a0057533c0e8598773eacf?s=96&d=mm&r=g","contentUrl":"https:\/\/secure.gravatar.com\/avatar\/2829a57bf52a9f1e1c978c15978600970b09b760c2a0057533c0e8598773eacf?s=96&d=mm&r=g","caption":"Marija Staji\u0107"},"description":"Marija Stajic is a co-editor of The Orthodox Christian Parent web portal, board member at Belgrade-based Pro-Life Centre charitable organisation, and member of the Serbian Scientific Centre. She holds an M.A. in English Language and Literature, and has extensive experience in translation and interpreting. She writes, edits and translates pieces on family-related and human rights issues, including freedom of speech, freedom of religion, and bioethical issues, such as abortion and euthanasia. Marija is the author of Roe v.Wade: social circumstances that led to the legalisation of abortion in the USA, the first published scientific paper in Serbia about the landmark SCOTUS decision. She is very passionate about women\u2019s reproductive health and is the first licenced FEMM educator in Serbia. She launched her personal website on fertility awareness Profemme.","sameAs":["https:\/\/facebook.com\/stajic.marija","https:\/\/x.com\/https:\/\/twitter.com\/NienorMaiden"],"url":"https:\/\/ifamnews.com\/de\/author\/marija-stajic"}]}},"amp_enabled":true,"_links":{"self":[{"href":"https:\/\/ifamnews.com\/de\/wp-json\/wp\/v2\/posts\/211943","targetHints":{"allow":["GET"]}}],"collection":[{"href":"https:\/\/ifamnews.com\/de\/wp-json\/wp\/v2\/posts"}],"about":[{"href":"https:\/\/ifamnews.com\/de\/wp-json\/wp\/v2\/types\/post"}],"author":[{"embeddable":true,"href":"https:\/\/ifamnews.com\/de\/wp-json\/wp\/v2\/users\/101"}],"replies":[{"embeddable":true,"href":"https:\/\/ifamnews.com\/de\/wp-json\/wp\/v2\/comments?post=211943"}],"version-history":[{"count":3,"href":"https:\/\/ifamnews.com\/de\/wp-json\/wp\/v2\/posts\/211943\/revisions"}],"predecessor-version":[{"id":213775,"href":"https:\/\/ifamnews.com\/de\/wp-json\/wp\/v2\/posts\/211943\/revisions\/213775"}],"wp:featuredmedia":[{"embeddable":true,"href":"https:\/\/ifamnews.com\/de\/wp-json\/wp\/v2\/media\/211713"}],"wp:attachment":[{"href":"https:\/\/ifamnews.com\/de\/wp-json\/wp\/v2\/media?parent=211943"}],"wp:term":[{"taxonomy":"category","embeddable":true,"href":"https:\/\/ifamnews.com\/de\/wp-json\/wp\/v2\/categories?post=211943"},{"taxonomy":"post_tag","embeddable":true,"href":"https:\/\/ifamnews.com\/de\/wp-json\/wp\/v2\/tags?post=211943"}],"curies":[{"name":"wp","href":"https:\/\/api.w.org\/{rel}","templated":true}]}}