{"id":20574,"date":"2020-06-30T09:08:46","date_gmt":"2020-06-30T14:08:46","guid":{"rendered":"https:\/\/ifamnews.com\/?p=20574"},"modified":"2020-06-30T09:09:24","modified_gmt":"2020-06-30T14:09:24","slug":"familie-geht-vor-forderung-eines-politikwende-zugunsten-der-familie","status":"publish","type":"post","link":"https:\/\/ifamnews.com\/de\/familie-geht-vor-forderung-eines-politikwende-zugunsten-der-familie","title":{"rendered":"\u201eFamilie geht vor!\u201c: Forderung einer Politikwende zugunsten der Familie"},"content":{"rendered":"\n<p>Ist die Familie ein Auslaufmodell? Ganz und gar nicht. Gerade\nin Zeiten des Lockdowns haben sich viele Familien wieder auf das Eigentliche\nbesinnt und sind enger zusammenger\u00fcckt. <\/p>\n\n\n\n<p>Familien leiden in Deutschland an einer familienfeindlichen\nPolitik \u2013 das muss jetzt aufh\u00f6ren. Dazu vereint eine neue Initiative \u201eFamilie\ngeht vor!\u201c zigtausende Familien, um Politiker zum Umdenken zu bringen.<\/p>\n\n\n\n<p>Geplant war ein gro\u00dfes Familientreffen am 28. Juni, doch die\nCorona-Ma\u00dfnahmen haben den Veranstaltern und den zahllosen Interessierten einen\nStrich durch die Rechnung gemacht. Ohne sich entmutigen zu lassen, wurde die\nDemo einfach ins Netz verlegt. Zudem setzten sie in W\u00fcrzburg ein Zeichen und\ntrugen die \u201eFarben\u201c der Familie in die Stadt, stellvertretend f\u00fcr tausende\nFamilien, die zu Hause bleiben mussten.<\/p>\n\n\n\n<figure class=\"wp-block-embed-youtube alignright wp-block-embed is-type-video is-provider-youtube wp-embed-aspect-16-9 wp-has-aspect-ratio\"><div class=\"wp-block-embed__wrapper\">\n<div class=\"jeg_video_container jeg_video_content\"><iframe loading=\"lazy\" title=\"Familie geht vor: Stra\u00dfenaktion in W\u00fcrzburg\" width=\"500\" height=\"281\" src=\"https:\/\/www.youtube.com\/embed\/olbyXHo_zqg?feature=oembed\" frameborder=\"0\" allow=\"accelerometer; autoplay; clipboard-write; encrypted-media; gyroscope; picture-in-picture; web-share\" referrerpolicy=\"strict-origin-when-cross-origin\" allowfullscreen><\/iframe><\/div>\n<\/div><figcaption>Stra\u00dfenaktion in W\u00fcrzburg\/Bildquelle: Familie geht vor<\/figcaption><\/figure>\n\n\n\n<p>In einer bunten Stra\u00dfenaktion zogen Aktivisten mit\nLuftballons, T-Shirts und Flyern unter den Blicken der Passanten durch die W\u00fcrzburger\nInnenstadt und h\u00e4ngten einen riesen Banner von der Ludwigsbr\u00fccke (siehe Bild).<\/p>\n\n\n\n<p>\u201eDie Familie wird immer weiter in die Enge getrieben.\nFinanziell werden Familien mit Steuern belastet und massiv im Sozialversicherungssystem\nbenachteiligt. Gleichzeitig wird die Erziehungsleistung von M\u00fcttern und V\u00e4tern\nkaum anerkannt und wir erleben, dass Ehe und Familie willk\u00fcrlich umdefiniert\nwerden,\u201c erkl\u00e4rt Hedwig von Beverfoerde vom Aktionsb\u00fcndnis \u201eFamilie geht vor\u201c <a href=\"https:\/\/youtube.com\/watch?time_continue=3&amp;v=Bdb1cYGPSug&amp;feature=emb_logo\">im\nVideo<\/a>.<\/p>\n\n\n\n<p>\u201eUnsere Kinder werden in Schulen und Kitas mit der\nGender-Ideologie indoktriniert und mit einer schamverletzenden Sexualp\u00e4dagogik\nder \u201aVielfalt\u2018 ausgesetzt. Deshalb demonstrieren wir.\u201c<\/p>\n\n\n\n<p>Von Beverfoerde f\u00fcgt hinzu: \u201eFamilienfeindliche Ideen\nbreiten sich immer weiter aus und werden nach und nach politisch umgesetzt \u2013\ngepusht von m\u00e4chtigen Lobbygruppen und Medien. Dagegen fordern wir eine\nPolitikwende zugunsten der Familie. F\u00fcr dieses Ziel gilt es,\n\u00f6ffentlichkeitswirksam Flagge zu zeigen. Genau das haben wir mit unserer Aktion\nin W\u00fcrzburg&nbsp; getan.\u201c<\/p>\n\n\n\n<div class=\"wp-block-image\"><figure class=\"alignleft size-large is-resized\"><img decoding=\"async\" src=\"https:\/\/ifamnews.com\/wp-content\/uploads\/2020\/06\/47434349071_e56c46878c_k-1024x683.jpg\" alt=\"\" class=\"wp-image-20567\" width=\"616\" height=\"411\" srcset=\"https:\/\/ifamnews.com\/wp-content\/uploads\/2020\/06\/47434349071_e56c46878c_k-1024x683.jpg 1024w, https:\/\/ifamnews.com\/wp-content\/uploads\/2020\/06\/47434349071_e56c46878c_k-768x512.jpg 768w, https:\/\/ifamnews.com\/wp-content\/uploads\/2020\/06\/47434349071_e56c46878c_k-1536x1025.jpg 1536w, https:\/\/ifamnews.com\/wp-content\/uploads\/2020\/06\/47434349071_e56c46878c_k-750x500.jpg 750w, https:\/\/ifamnews.com\/wp-content\/uploads\/2020\/06\/47434349071_e56c46878c_k-1140x760.jpg 1140w, https:\/\/ifamnews.com\/wp-content\/uploads\/2020\/06\/47434349071_e56c46878c_k.jpg 2048w\" sizes=\"(max-width: 616px) 100vw, 616px\" \/><figcaption>Hedwig von Beverfoerde\/Demo f\u00fcr Alle<\/figcaption><\/figure><\/div>\n\n\n\n<p>\u201eDaher fordern wir einen Politikwechsel f\u00fcr die Familie!\u201c<\/p>\n\n\n\n<p>Bis man wieder auf die Stra\u00dfe gehen kann, versammeln sich\ndie Unterst\u00fctzer im Netz.<\/p>\n\n\n\n<p>\u201eWegen der Corona-Einschr\u00e4nkungen haben wir zwar den\nDemonstrations-Modus ge\u00e4ndert, wir lassen uns aber keineswegs zum Schweigen\nbringen. Denn gerade der Lockdown hat mehr denn je bewiesen: Ohne die\nHerkulesarbeit der Familien &#8211; unbezahlt, wohlgemerkt &#8211; w\u00e4re der Staat\naufgeschmissen. Familie ist die systemrelevante Institution schlechthin,\u201c so\nvon Beverfoerde.<\/p>\n\n\n\n<p>Die <a href=\"https:\/\/familie-geht-vor.com\/was-wollen-wir\/?fbclid=IwAR2UETz68hmmvGHqy7svwkEKCjDxE6K7UInn-NabbEzijYfyfrBxR0nNCl4\">Forderungen<\/a>\nsind so simpel wie unentbehrlich:<\/p>\n\n\n\n<p>Zun\u00e4chst sollen Ehen und Familien gesch\u00fctzt werden, die dem christlichen\nMenschen- und Familienbild entsprechen, d.h. als Lebensbund von einem Mann und\neiner Frau mit ihren Kindern. \u201eDie Ehe und Familie ist als unabh\u00e4ngige,\neigenverantwortliche Gemeinschaft unverzichtbare Keimzelle unserer Gesellschaft\u201c.\nEine Umdefinierung muss stoppen.<\/p>\n\n\n\n<p>Das Erziehungsrecht der Eltern muss zudem geachtet werden,\ndie von Natur aus die Pflicht und das Recht haben, ihre Kinder nach ihren\nweltanschaulichen und religi\u00f6sen \u00dcberzeugungen zu erziehen. Dieses Recht muss\nbesonderen Schutz vom Staat genie\u00dfen.<\/p>\n\n\n\n<p>Au\u00dferdem soll das Recht des Kindes auf Mutter und Vater verteidigt\nwerden. Eizellspende und Leihmutterschaft m\u00fcssen verboten bleiben.<\/p>\n\n\n\n<p>Kinder m\u00fcssen vor der LSBT-Ideologie gesch\u00fctzt werden, die\nvon allen Seiten auf sie einprasselt. Geschlecht darf nicht zu einem \u201esozialen\nKonstrukt\u201c reduziert werden, sondern muss als biologische und wissenschaftlich\nerwiesene Tatsache gelten. Vor allem muss die Gender-Ideologie aus Schulb\u00fcchern\nund KiTa-P\u00e4dagogik herausgehalten werden.<\/p>\n\n\n\n<p>Und <em>last but not least<\/em>,\nmuss die finanzielle Gerechtigkeit f\u00fcr Familien hergestellt werden, vor allem\ndamit Familien durch Steuer und Sozialversicherung nicht strukturell\nbenachteiligt werden.<\/p>\n\n\n\n<p>Der Petition kann man sich <a href=\"https:\/\/citizengo.org\/de\/fm\/178712-ich-demonstriere-im-netz-familie-geht-vor?fbclid=IwAR0fNuEcdF5eXAV4sV3jRyoD3cdHtEPPq9BBbJSALeTMN4hIJX0GPbGvLhg\">hier\nmit seiner Unterschrift anschlie\u00dfen<\/a>.<\/p>\n\n\n\n<p>Die Forderungen entsprechen der Arbeit und dem Ehe- und\nFamilienbild der IOF und von IFN. Daher unterst\u00fctzen wir diese Initiative und\nlegen unseren Lesern nahe, es auch zu tun.<\/p>\n","protected":false},"excerpt":{"rendered":"<p>Von allen Seiten wird die Familie bedr\u00e4ngt, das muss sich \u00e4ndern. Online-Demonstration mit klaren Forderungen f\u00fcr eine neue Familienpolitik in Deutschland.<\/p>\n","protected":false},"author":94,"featured_media":20559,"comment_status":"open","ping_status":"open","sticky":false,"template":"","format":"standard","meta":{"give_campaign_id":0,"om_disable_all_campaigns":false,"_monsterinsights_skip_tracking":false,"_monsterinsights_sitenote_active":false,"_monsterinsights_sitenote_note":"","_monsterinsights_sitenote_category":0,"mc4wp_mailchimp_campaign":[],"jnews-multi-image_gallery":[],"jnews_single_post":{"subtitle":"Von allen Seiten wird die Familie bedr\u00e4ngt, das muss sich \u00e4ndern. Online-Demonstration mit klaren Forderungen f\u00fcr eine neue Familienpolitik in Deutschland.","format":"standard","video":"","gallery":"","source_name":"","source_url":"","via_name":"","via_url":"","override":[{"single_blog_custom":"","sidebar":"","second_sidebar":"","share_position":"","share_float_style":"","post_date_format":"","post_date_format_custom":"","post_reading_time_wpm":"","zoom_button_out_step":"1","zoom_button_in_step":"1","number_popup_post":"1"}],"image_override":[{"single_post_thumbnail_size":"","single_post_gallery_size":""}],"trending_post_position":"","trending_post_label":""},"jnews_primary_category":{"id":"770"},"jnews_social_meta":{"fb_title":"","fb_description":"","fb_image":"","twitter_title":"","twitter_description":"","twitter_image":""},"jnews_override_counter":{"view_counter_number":"0","share_counter_number":"0","like_counter_number":"0","dislike_counter_number":"0"},"footnotes":""},"categories":[816,770,811],"tags":[4548,1876,4540,1673],"class_list":["post-20574","post","type-post","status-publish","format-standard","has-post-thumbnail","hentry","category-breaking-news-de","category-familie","category-foreground-de","tag-demonstration","tag-familie","tag-familie-geht-vor","tag-politik"],"yoast_head":"<!-- This site is optimized with the Yoast SEO Premium plugin v25.9 (Yoast SEO v27.3) - https:\/\/yoast.com\/product\/yoast-seo-premium-wordpress\/ -->\n<title>\u201eFamilie geht vor!\u201c: Forderung einer Politikwende zugunsten der Familie - IFN<\/title>\n<meta name=\"robots\" content=\"index, follow, max-snippet:-1, max-image-preview:large, max-video-preview:-1\" \/>\n<link rel=\"canonical\" href=\"https:\/\/ifamnews.com\/de\/familie-geht-vor-forderung-eines-politikwende-zugunsten-der-familie\" \/>\n<meta property=\"og:locale\" content=\"de_DE\" \/>\n<meta property=\"og:type\" content=\"article\" \/>\n<meta property=\"og:title\" content=\"\u201eFamilie geht vor!\u201c: Forderung einer Politikwende zugunsten der Familie\" \/>\n<meta property=\"og:description\" content=\"Von allen Seiten wird die Familie bedr\u00e4ngt, das muss sich \u00e4ndern. Online-Demonstration mit klaren Forderungen f\u00fcr eine neue Familienpolitik in Deutschland.\" \/>\n<meta property=\"og:url\" content=\"https:\/\/ifamnews.com\/de\/familie-geht-vor-forderung-eines-politikwende-zugunsten-der-familie\" \/>\n<meta property=\"og:site_name\" content=\"IFN\" \/>\n<meta property=\"article:publisher\" content=\"https:\/\/www.facebook.com\/iFamNews\" \/>\n<meta property=\"article:published_time\" content=\"2020-06-30T14:08:46+00:00\" \/>\n<meta property=\"article:modified_time\" content=\"2020-06-30T14:09:24+00:00\" \/>\n<meta property=\"og:image\" content=\"https:\/\/ifamnews.com\/wp-content\/uploads\/2020\/06\/106376697_276116707064050_5591372192745641566_n.png\" \/>\n\t<meta property=\"og:image:width\" content=\"960\" \/>\n\t<meta property=\"og:image:height\" content=\"640\" \/>\n\t<meta property=\"og:image:type\" content=\"image\/png\" \/>\n<meta name=\"author\" content=\"Jan Bentz\" \/>\n<meta name=\"twitter:card\" content=\"summary_large_image\" \/>\n<meta name=\"twitter:creator\" content=\"@iFamNewsEN\" \/>\n<meta name=\"twitter:site\" content=\"@iFamNewsEN\" \/>\n<meta name=\"twitter:label1\" content=\"Verfasst von\" \/>\n\t<meta name=\"twitter:data1\" content=\"Jan Bentz\" \/>\n\t<meta name=\"twitter:label2\" content=\"Gesch\u00e4tzte Lesezeit\" \/>\n\t<meta name=\"twitter:data2\" content=\"3\u00a0Minuten\" \/>\n<!-- \/ Yoast SEO Premium plugin. -->","yoast_head_json":{"title":"\u201eFamilie geht vor!\u201c: Forderung einer Politikwende zugunsten der Familie - IFN","robots":{"index":"index","follow":"follow","max-snippet":"max-snippet:-1","max-image-preview":"max-image-preview:large","max-video-preview":"max-video-preview:-1"},"canonical":"https:\/\/ifamnews.com\/de\/familie-geht-vor-forderung-eines-politikwende-zugunsten-der-familie","og_locale":"de_DE","og_type":"article","og_title":"\u201eFamilie geht vor!\u201c: Forderung einer Politikwende zugunsten der Familie","og_description":"Von allen Seiten wird die Familie bedr\u00e4ngt, das muss sich \u00e4ndern. Online-Demonstration mit klaren Forderungen f\u00fcr eine neue Familienpolitik in Deutschland.","og_url":"https:\/\/ifamnews.com\/de\/familie-geht-vor-forderung-eines-politikwende-zugunsten-der-familie","og_site_name":"IFN","article_publisher":"https:\/\/www.facebook.com\/iFamNews","article_published_time":"2020-06-30T14:08:46+00:00","article_modified_time":"2020-06-30T14:09:24+00:00","og_image":[{"width":960,"height":640,"url":"https:\/\/ifamnews.com\/wp-content\/uploads\/2020\/06\/106376697_276116707064050_5591372192745641566_n.png","type":"image\/png"}],"author":"Jan Bentz","twitter_card":"summary_large_image","twitter_creator":"@iFamNewsEN","twitter_site":"@iFamNewsEN","twitter_misc":{"Verfasst von":"Jan Bentz","Gesch\u00e4tzte Lesezeit":"3\u00a0Minuten"},"schema":{"@context":"https:\/\/schema.org","@graph":[{"@type":"NewsArticle","@id":"https:\/\/ifamnews.com\/de\/familie-geht-vor-forderung-eines-politikwende-zugunsten-der-familie#article","isPartOf":{"@id":"https:\/\/ifamnews.com\/de\/familie-geht-vor-forderung-eines-politikwende-zugunsten-der-familie"},"author":{"name":"Jan Bentz","@id":"https:\/\/ifamnews.com\/en\/#\/schema\/person\/ab41b70fafcdfd12a7774eb96573cc72"},"headline":"\u201eFamilie geht vor!\u201c: Forderung einer Politikwende zugunsten der Familie","datePublished":"2020-06-30T14:08:46+00:00","dateModified":"2020-06-30T14:09:24+00:00","mainEntityOfPage":{"@id":"https:\/\/ifamnews.com\/de\/familie-geht-vor-forderung-eines-politikwende-zugunsten-der-familie"},"wordCount":624,"commentCount":0,"publisher":{"@id":"https:\/\/ifamnews.com\/en\/#organization"},"image":{"@id":"https:\/\/ifamnews.com\/de\/familie-geht-vor-forderung-eines-politikwende-zugunsten-der-familie#primaryimage"},"thumbnailUrl":"https:\/\/ifamnews.com\/wp-content\/uploads\/2020\/06\/106376697_276116707064050_5591372192745641566_n.png","keywords":["Demonstration","Familie","Familie geht vor","Politik"],"articleSection":["Breaking News","Familie","Vordergrund"],"inLanguage":"de","potentialAction":[{"@type":"CommentAction","name":"Comment","target":["https:\/\/ifamnews.com\/de\/familie-geht-vor-forderung-eines-politikwende-zugunsten-der-familie#respond"]}]},{"@type":"WebPage","@id":"https:\/\/ifamnews.com\/de\/familie-geht-vor-forderung-eines-politikwende-zugunsten-der-familie","url":"https:\/\/ifamnews.com\/de\/familie-geht-vor-forderung-eines-politikwende-zugunsten-der-familie","name":"\u201eFamilie geht vor!\u201c: Forderung einer Politikwende zugunsten der Familie - IFN","isPartOf":{"@id":"https:\/\/ifamnews.com\/en\/#website"},"primaryImageOfPage":{"@id":"https:\/\/ifamnews.com\/de\/familie-geht-vor-forderung-eines-politikwende-zugunsten-der-familie#primaryimage"},"image":{"@id":"https:\/\/ifamnews.com\/de\/familie-geht-vor-forderung-eines-politikwende-zugunsten-der-familie#primaryimage"},"thumbnailUrl":"https:\/\/ifamnews.com\/wp-content\/uploads\/2020\/06\/106376697_276116707064050_5591372192745641566_n.png","datePublished":"2020-06-30T14:08:46+00:00","dateModified":"2020-06-30T14:09:24+00:00","breadcrumb":{"@id":"https:\/\/ifamnews.com\/de\/familie-geht-vor-forderung-eines-politikwende-zugunsten-der-familie#breadcrumb"},"inLanguage":"de","potentialAction":[{"@type":"ReadAction","target":["https:\/\/ifamnews.com\/de\/familie-geht-vor-forderung-eines-politikwende-zugunsten-der-familie"]}]},{"@type":"ImageObject","inLanguage":"de","@id":"https:\/\/ifamnews.com\/de\/familie-geht-vor-forderung-eines-politikwende-zugunsten-der-familie#primaryimage","url":"https:\/\/ifamnews.com\/wp-content\/uploads\/2020\/06\/106376697_276116707064050_5591372192745641566_n.png","contentUrl":"https:\/\/ifamnews.com\/wp-content\/uploads\/2020\/06\/106376697_276116707064050_5591372192745641566_n.png","width":960,"height":640,"caption":"Stra\u00dfenaktion\/Bildquelle: Familie geht vor"},{"@type":"BreadcrumbList","@id":"https:\/\/ifamnews.com\/de\/familie-geht-vor-forderung-eines-politikwende-zugunsten-der-familie#breadcrumb","itemListElement":[{"@type":"ListItem","position":1,"name":"Home","item":"https:\/\/ifamnews.com\/de"},{"@type":"ListItem","position":2,"name":"Familie","item":"https:\/\/ifamnews.com\/de\/kategorie\/familie"},{"@type":"ListItem","position":3,"name":"\u201eFamilie geht vor!\u201c: Forderung einer Politikwende zugunsten der Familie"}]},{"@type":"WebSite","@id":"https:\/\/ifamnews.com\/en\/#website","url":"https:\/\/ifamnews.com\/en\/","name":"IFN","description":"International Family News Network","publisher":{"@id":"https:\/\/ifamnews.com\/en\/#organization"},"potentialAction":[{"@type":"SearchAction","target":{"@type":"EntryPoint","urlTemplate":"https:\/\/ifamnews.com\/en\/?s={search_term_string}"},"query-input":{"@type":"PropertyValueSpecification","valueRequired":true,"valueName":"search_term_string"}}],"inLanguage":"de"},{"@type":"Organization","@id":"https:\/\/ifamnews.com\/en\/#organization","name":"iFamNews","url":"https:\/\/ifamnews.com\/en\/","logo":{"@type":"ImageObject","inLanguage":"de","@id":"https:\/\/ifamnews.com\/en\/#\/schema\/logo\/image\/","url":"https:\/\/ifamnews.com\/wp-content\/uploads\/2020\/01\/Share-logo.png","contentUrl":"https:\/\/ifamnews.com\/wp-content\/uploads\/2020\/01\/Share-logo.png","width":200,"height":200,"caption":"iFamNews"},"image":{"@id":"https:\/\/ifamnews.com\/en\/#\/schema\/logo\/image\/"},"sameAs":["https:\/\/www.facebook.com\/iFamNews","https:\/\/x.com\/iFamNewsEN"]},{"@type":"Person","@id":"https:\/\/ifamnews.com\/en\/#\/schema\/person\/ab41b70fafcdfd12a7774eb96573cc72","name":"Jan Bentz","image":{"@type":"ImageObject","inLanguage":"de","@id":"https:\/\/secure.gravatar.com\/avatar\/bb3fc3e4fb197942a1cfea0d80ee06db641796022af0fb8bf02c8651eac05980?s=96&d=mm&r=g","url":"https:\/\/secure.gravatar.com\/avatar\/bb3fc3e4fb197942a1cfea0d80ee06db641796022af0fb8bf02c8651eac05980?s=96&d=mm&r=g","contentUrl":"https:\/\/secure.gravatar.com\/avatar\/bb3fc3e4fb197942a1cfea0d80ee06db641796022af0fb8bf02c8651eac05980?s=96&d=mm&r=g","caption":"Jan Bentz"},"description":"Dr. phil. Jan C. Bentz was born and raised in Germany, and graduated from High School in St. Louis (MI) as a foreign exchange student. Professor Bentz holds a doctorate in Philosophy (Dr. phil.) from the Pontifical Athenaeum Regina Apostolorum in Rome, a Master\u2019s in Sacred Art, Architecture, and Liturgy and a Master\u2019s in Church and Religious Studies. During his career as a journalist he has contributed to EWTN in English and German,\u00a0Inside the Vatican,\u00a0The Catholic Herald,\u00a0Catholic News Agency,\u00a0J\u00fcdische Rundschau,\u00a0and\u00a0Nasze Slowo. He worked as a producer for EWTN focusing on the Vatican, the Pope, and Rome in general. His fields of expertise in Philosophy include the history of philosophy and the history of philosophy of art. Prof. Bentz teaches Philosophy for\u00a0The Catholic University of America,\u00a0Christendom College, and\u00a0IES Study Abroad\u00a0in Rome.","url":"https:\/\/ifamnews.com\/de\/author\/jbentzifamnews-com"}]}},"amp_enabled":true,"_links":{"self":[{"href":"https:\/\/ifamnews.com\/de\/wp-json\/wp\/v2\/posts\/20574","targetHints":{"allow":["GET"]}}],"collection":[{"href":"https:\/\/ifamnews.com\/de\/wp-json\/wp\/v2\/posts"}],"about":[{"href":"https:\/\/ifamnews.com\/de\/wp-json\/wp\/v2\/types\/post"}],"author":[{"embeddable":true,"href":"https:\/\/ifamnews.com\/de\/wp-json\/wp\/v2\/users\/94"}],"replies":[{"embeddable":true,"href":"https:\/\/ifamnews.com\/de\/wp-json\/wp\/v2\/comments?post=20574"}],"version-history":[{"count":2,"href":"https:\/\/ifamnews.com\/de\/wp-json\/wp\/v2\/posts\/20574\/revisions"}],"predecessor-version":[{"id":20576,"href":"https:\/\/ifamnews.com\/de\/wp-json\/wp\/v2\/posts\/20574\/revisions\/20576"}],"wp:featuredmedia":[{"embeddable":true,"href":"https:\/\/ifamnews.com\/de\/wp-json\/wp\/v2\/media\/20559"}],"wp:attachment":[{"href":"https:\/\/ifamnews.com\/de\/wp-json\/wp\/v2\/media?parent=20574"}],"wp:term":[{"taxonomy":"category","embeddable":true,"href":"https:\/\/ifamnews.com\/de\/wp-json\/wp\/v2\/categories?post=20574"},{"taxonomy":"post_tag","embeddable":true,"href":"https:\/\/ifamnews.com\/de\/wp-json\/wp\/v2\/tags?post=20574"}],"curies":[{"name":"wp","href":"https:\/\/api.w.org\/{rel}","templated":true}]}}