{"id":203715,"date":"2023-07-19T06:56:16","date_gmt":"2023-07-19T10:56:16","guid":{"rendered":"https:\/\/ifamnews.com\/?p=203715"},"modified":"2023-07-14T07:40:07","modified_gmt":"2023-07-14T11:40:07","slug":"abtreibungsaktivist-wird-wegen-vandalismus-an-schwangerschaftszentrum-in-ohio-angeklagt","status":"publish","type":"post","link":"https:\/\/ifamnews.com\/de\/abtreibungsaktivist-wird-wegen-vandalismus-an-schwangerschaftszentrum-in-ohio-angeklagt","title":{"rendered":"Abtreibungsaktivist wird wegen Vandalismus an Schwangerschaftszentrum in Ohio angeklagt"},"content":{"rendered":"\n<p>Ein studentischer Abtreibungsaktivist aus Ohio steht unter Anklage, weil er angeblich ein Schwangerschaftsberatungszentrum in Bowling Green verw\u00fcstet haben soll. Whitney M. Durant, auch bekannt als Soren Monroe, wird beschuldigt, die Worte &#8222;Fake-Klinik&#8220;, &#8222;L\u00fcgner&#8220;, &#8222;Gott abtreiben&#8220; und &#8222;Jane&#8217;s Revenge&#8220; auf die Au\u00dfenseite des Geb\u00e4udes gespr\u00fcht zu haben. Die Bundesanklage st\u00fctzt sich auf das Gesetz \u00fcber den freien Zugang zu Kliniken (Freedom of Access to Clinic Entrances &#8211; F.A.C.E.), das die vors\u00e4tzliche Besch\u00e4digung von Einrichtungen, die reproduktive Gesundheitsdienste anbieten, verbietet. Im Falle einer Verurteilung droht Durant eine Gef\u00e4ngnisstrafe von bis zu einem Jahr.<\/p>\n\n\n\n<p>Der Vandalismus ereignete sich bei HerChoice, einer Non-Profit-Organisation, die Beratung und Unterst\u00fctzung f\u00fcr schwangere und elterliche Familien anbietet. Dieses Gesetz ist eines von vielen, die sich in den letzten Jahren gegen Pro-Life-Organisationen und Bef\u00fcrworter gerichtet haben. Obwohl es in einigen F\u00e4llen zu Verhaftungen gekommen ist, gab es Bedenken \u00fcber die zunehmende Feindseligkeit gegen\u00fcber Abtreibungsgegnern und die Unt\u00e4tigkeit der Beh\u00f6rden und der Regierung Biden.<\/p>\n\n\n\n<p>Der Vorfall wirft ein Schlaglicht auf die anhaltenden Spannungen zwischen Abtreibungsaktivisten und Pro-Life-Organisationen. Viele Pro-Life-Gruppen haben aufgrund der Zunahme von Drohungen und Gewalttaten die Sicherheitsma\u00dfnahmen erh\u00f6ht. Republikanische Gesetzgeber fordern Ma\u00dfnahmen gegen den wachsenden Abtreibungs-Terrorismus im Inland. Doch trotz dieser zunehmenden Gewalt hat sich die Regierung Biden auf die Ausweitung des Zugangs zu Abtreibungen konzentriert, anstatt sich mit den Anfeindungen gegen Abtreibungsbef\u00fcrworter auseinanderzusetzen.<\/p>\n\n\n\n<p>Angesichts der anhaltenden Angriffe auf Organisationen, die sich f\u00fcr das Leben einsetzen, ist es von entscheidender Bedeutung, die Gewalt und Schikanen gegen diejenigen, die sich f\u00fcr die Rechte des ungeborenen Lebens einsetzen, anzuerkennen und zu verurteilen. Wachsamkeit und Schutz von Personen und Organisationen, die sich f\u00fcr das Leben einsetzen, sind unerl\u00e4sslich, um ihre Sicherheit zu gew\u00e4hrleisten und ihr Recht auf friedliche Verteidigung aufrechtzuerhalten.<\/p>\n","protected":false},"excerpt":{"rendered":"<p>Ein studentischer Abtreibungsaktivist aus Ohio steht unter Anklage, weil er angeblich ein Schwangerschaftsberatungszentrum in Bowling Green verw\u00fcstet haben soll.<\/p>\n","protected":false},"author":593,"featured_media":203560,"comment_status":"open","ping_status":"open","sticky":false,"template":"","format":"standard","meta":{"give_campaign_id":0,"om_disable_all_campaigns":false,"_monsterinsights_skip_tracking":false,"_monsterinsights_sitenote_active":false,"_monsterinsights_sitenote_note":"","_monsterinsights_sitenote_category":0,"mc4wp_mailchimp_campaign":[],"jnews-multi-image_gallery":[],"jnews_single_post":{"subtitle":"Republikanische Gesetzgeber fordern Ma\u00dfnahmen gegen den wachsenden Abtreibungs-Terrorismus im Inland.  ","format":"standard","video":"","gallery":"","source_name":"","source_url":"","via_name":"","via_url":"","override_template":"0","override":[{"template":"2","single_blog_custom":"","parallax":"1","fullscreen":"1","layout":"right-sidebar-narrow","sidebar":"default-sidebar","second_sidebar":"default-sidebar","sticky_sidebar":"1","share_position":"float","share_float_style":"share-normal","show_share_counter":"1","show_view_counter":"1","show_featured":"1","show_post_meta":"1","show_post_author":"1","show_post_author_image":"1","show_post_date":"1","post_date_format":"default","post_date_format_custom":"Y\/m\/d","show_post_category":"1","show_post_reading_time":"1","post_reading_time_wpm":"300","show_zoom_button":"0","zoom_button_out_step":"2","zoom_button_in_step":"3","show_post_tag":"1","show_prev_next_post":"0","show_popup_post":"0","number_popup_post":"1","show_author_box":"1","show_post_related":"0","show_inline_post_related":"0"}],"override_image_size":"0","image_override":[{"single_post_thumbnail_size":"crop-715","single_post_gallery_size":"crop-715"}],"trending_post":"0","trending_post_position":"meta","trending_post_label":"Trending","sponsored_post":"0","sponsored_post_label":"Sponsored by","sponsored_post_name":"","sponsored_post_url":"","sponsored_post_logo_enable":"0","sponsored_post_logo":"","sponsored_post_desc":"","disable_ad":"0"},"jnews_primary_category":{"id":"820","hide":""},"jnews_social_meta":{"fb_title":"","fb_description":"","fb_image":"","twitter_title":"","twitter_description":"","twitter_image":""},"jnews_override_counter":{"override_view_counter":"0","view_counter_number":"0","override_share_counter":"0","share_counter_number":"0","override_like_counter":"0","like_counter_number":"0","override_dislike_counter":"0","dislike_counter_number":"0"},"footnotes":""},"categories":[816,820],"tags":[12089,27479,27387,6836,27388],"class_list":["post-203715","post","type-post","status-publish","format-standard","has-post-thumbnail","hentry","category-breaking-news-de","category-leben","tag-abortion-de","tag-culture-of-death-de","tag-krisenschwangerschaftszentrum","tag-linke-gewalt","tag-zentrum-fur-schwangerschaftsfragen"],"yoast_head":"<!-- This site is optimized with the Yoast SEO Premium plugin v25.9 (Yoast SEO v27.3) - https:\/\/yoast.com\/product\/yoast-seo-premium-wordpress\/ -->\n<title>Abtreibungsaktivist wird wegen Vandalismus an Schwangerschaftszentrum in Ohio angeklagt - IFN<\/title>\n<meta name=\"description\" content=\"Ein studentischer Abtreibungsaktivist aus Ohio steht unter Anklage, weil er ein Schwangerschaftsberatungszentrum in Bowling Green verw\u00fcstet haben soll.\" \/>\n<meta name=\"robots\" content=\"index, follow, max-snippet:-1, max-image-preview:large, max-video-preview:-1\" \/>\n<link rel=\"canonical\" href=\"https:\/\/ifamnews.com\/de\/abtreibungsaktivist-wird-wegen-vandalismus-an-schwangerschaftszentrum-in-ohio-angeklagt\" \/>\n<meta property=\"og:locale\" content=\"de_DE\" \/>\n<meta property=\"og:type\" content=\"article\" \/>\n<meta property=\"og:title\" content=\"Abtreibungsaktivist wird wegen Vandalismus an Schwangerschaftszentrum in Ohio angeklagt\" \/>\n<meta property=\"og:description\" content=\"Ein studentischer Abtreibungsaktivist aus Ohio steht unter Anklage, weil er ein Schwangerschaftsberatungszentrum in Bowling Green verw\u00fcstet haben soll.\" \/>\n<meta property=\"og:url\" content=\"https:\/\/ifamnews.com\/de\/abtreibungsaktivist-wird-wegen-vandalismus-an-schwangerschaftszentrum-in-ohio-angeklagt\" \/>\n<meta property=\"og:site_name\" content=\"IFN\" \/>\n<meta property=\"article:publisher\" content=\"https:\/\/www.facebook.com\/iFamNews\" \/>\n<meta property=\"article:author\" content=\"https:\/\/www.facebook.com\/iFamNews\/\" \/>\n<meta property=\"article:published_time\" content=\"2023-07-19T10:56:16+00:00\" \/>\n<meta property=\"og:image\" content=\"https:\/\/ifamnews.com\/wp-content\/uploads\/2023\/07\/Untitled-design-2023-07-07T204903.630.png\" \/>\n\t<meta property=\"og:image:width\" content=\"1200\" \/>\n\t<meta property=\"og:image:height\" content=\"675\" \/>\n\t<meta property=\"og:image:type\" content=\"image\/png\" \/>\n<meta name=\"author\" content=\"IFN English\" \/>\n<meta name=\"twitter:card\" content=\"summary_large_image\" \/>\n<meta name=\"twitter:creator\" content=\"@https:\/\/twitter.com\/iFamNewsEN\" \/>\n<meta name=\"twitter:site\" content=\"@iFamNewsEN\" \/>\n<meta name=\"twitter:label1\" content=\"Verfasst von\" \/>\n\t<meta name=\"twitter:data1\" content=\"iFamNews Redaktion\" \/>\n\t<meta name=\"twitter:label2\" content=\"Gesch\u00e4tzte Lesezeit\" \/>\n\t<meta name=\"twitter:data2\" content=\"2\u00a0Minuten\" \/>\n<!-- \/ Yoast SEO Premium plugin. -->","yoast_head_json":{"title":"Abtreibungsaktivist wird wegen Vandalismus an Schwangerschaftszentrum in Ohio angeklagt - IFN","description":"Ein studentischer Abtreibungsaktivist aus Ohio steht unter Anklage, weil er ein Schwangerschaftsberatungszentrum in Bowling Green verw\u00fcstet haben soll.","robots":{"index":"index","follow":"follow","max-snippet":"max-snippet:-1","max-image-preview":"max-image-preview:large","max-video-preview":"max-video-preview:-1"},"canonical":"https:\/\/ifamnews.com\/de\/abtreibungsaktivist-wird-wegen-vandalismus-an-schwangerschaftszentrum-in-ohio-angeklagt","og_locale":"de_DE","og_type":"article","og_title":"Abtreibungsaktivist wird wegen Vandalismus an Schwangerschaftszentrum in Ohio angeklagt","og_description":"Ein studentischer Abtreibungsaktivist aus Ohio steht unter Anklage, weil er ein Schwangerschaftsberatungszentrum in Bowling Green verw\u00fcstet haben soll.","og_url":"https:\/\/ifamnews.com\/de\/abtreibungsaktivist-wird-wegen-vandalismus-an-schwangerschaftszentrum-in-ohio-angeklagt","og_site_name":"IFN","article_publisher":"https:\/\/www.facebook.com\/iFamNews","article_author":"https:\/\/www.facebook.com\/iFamNews\/","article_published_time":"2023-07-19T10:56:16+00:00","og_image":[{"width":1200,"height":675,"url":"https:\/\/ifamnews.com\/wp-content\/uploads\/2023\/07\/Untitled-design-2023-07-07T204903.630.png","type":"image\/png"}],"author":"IFN English","twitter_card":"summary_large_image","twitter_creator":"@https:\/\/twitter.com\/iFamNewsEN","twitter_site":"@iFamNewsEN","twitter_misc":{"Verfasst von":"iFamNews Redaktion","Gesch\u00e4tzte Lesezeit":"2\u00a0Minuten"},"schema":{"@context":"https:\/\/schema.org","@graph":[{"@type":"NewsArticle","@id":"https:\/\/ifamnews.com\/de\/abtreibungsaktivist-wird-wegen-vandalismus-an-schwangerschaftszentrum-in-ohio-angeklagt#article","isPartOf":{"@id":"https:\/\/ifamnews.com\/de\/abtreibungsaktivist-wird-wegen-vandalismus-an-schwangerschaftszentrum-in-ohio-angeklagt"},"author":{"name":"IFN English","@id":"https:\/\/ifamnews.com\/en\/#\/schema\/person\/633bdb7ac2496c9b9304ce62d071cdfa"},"headline":"Abtreibungsaktivist wird wegen Vandalismus an Schwangerschaftszentrum in Ohio angeklagt","datePublished":"2023-07-19T10:56:16+00:00","mainEntityOfPage":{"@id":"https:\/\/ifamnews.com\/de\/abtreibungsaktivist-wird-wegen-vandalismus-an-schwangerschaftszentrum-in-ohio-angeklagt"},"wordCount":317,"commentCount":0,"publisher":{"@id":"https:\/\/ifamnews.com\/en\/#organization"},"image":{"@id":"https:\/\/ifamnews.com\/de\/abtreibungsaktivist-wird-wegen-vandalismus-an-schwangerschaftszentrum-in-ohio-angeklagt#primaryimage"},"thumbnailUrl":"https:\/\/ifamnews.com\/wp-content\/uploads\/2023\/07\/Untitled-design-2023-07-07T204903.630.png","keywords":["abortion","culture of death","Krisenschwangerschaftszentrum","Linke Gewalt","Zentrum f\u00fcr Schwangerschaftsfragen"],"articleSection":["Breaking News","Leben"],"inLanguage":"de","potentialAction":[{"@type":"CommentAction","name":"Comment","target":["https:\/\/ifamnews.com\/de\/abtreibungsaktivist-wird-wegen-vandalismus-an-schwangerschaftszentrum-in-ohio-angeklagt#respond"]}]},{"@type":"WebPage","@id":"https:\/\/ifamnews.com\/de\/abtreibungsaktivist-wird-wegen-vandalismus-an-schwangerschaftszentrum-in-ohio-angeklagt","url":"https:\/\/ifamnews.com\/de\/abtreibungsaktivist-wird-wegen-vandalismus-an-schwangerschaftszentrum-in-ohio-angeklagt","name":"Abtreibungsaktivist wird wegen Vandalismus an Schwangerschaftszentrum in Ohio angeklagt - IFN","isPartOf":{"@id":"https:\/\/ifamnews.com\/en\/#website"},"primaryImageOfPage":{"@id":"https:\/\/ifamnews.com\/de\/abtreibungsaktivist-wird-wegen-vandalismus-an-schwangerschaftszentrum-in-ohio-angeklagt#primaryimage"},"image":{"@id":"https:\/\/ifamnews.com\/de\/abtreibungsaktivist-wird-wegen-vandalismus-an-schwangerschaftszentrum-in-ohio-angeklagt#primaryimage"},"thumbnailUrl":"https:\/\/ifamnews.com\/wp-content\/uploads\/2023\/07\/Untitled-design-2023-07-07T204903.630.png","datePublished":"2023-07-19T10:56:16+00:00","description":"Ein studentischer Abtreibungsaktivist aus Ohio steht unter Anklage, weil er ein Schwangerschaftsberatungszentrum in Bowling Green verw\u00fcstet haben soll.","breadcrumb":{"@id":"https:\/\/ifamnews.com\/de\/abtreibungsaktivist-wird-wegen-vandalismus-an-schwangerschaftszentrum-in-ohio-angeklagt#breadcrumb"},"inLanguage":"de","potentialAction":[{"@type":"ReadAction","target":["https:\/\/ifamnews.com\/de\/abtreibungsaktivist-wird-wegen-vandalismus-an-schwangerschaftszentrum-in-ohio-angeklagt"]}]},{"@type":"ImageObject","inLanguage":"de","@id":"https:\/\/ifamnews.com\/de\/abtreibungsaktivist-wird-wegen-vandalismus-an-schwangerschaftszentrum-in-ohio-angeklagt#primaryimage","url":"https:\/\/ifamnews.com\/wp-content\/uploads\/2023\/07\/Untitled-design-2023-07-07T204903.630.png","contentUrl":"https:\/\/ifamnews.com\/wp-content\/uploads\/2023\/07\/Untitled-design-2023-07-07T204903.630.png","width":1200,"height":675},{"@type":"BreadcrumbList","@id":"https:\/\/ifamnews.com\/de\/abtreibungsaktivist-wird-wegen-vandalismus-an-schwangerschaftszentrum-in-ohio-angeklagt#breadcrumb","itemListElement":[{"@type":"ListItem","position":1,"name":"Home","item":"https:\/\/ifamnews.com\/de"},{"@type":"ListItem","position":2,"name":"Life","item":"https:\/\/ifamnews.com\/en\/category\/life"},{"@type":"ListItem","position":3,"name":"Abtreibungsaktivist wird wegen Vandalismus an Schwangerschaftszentrum in Ohio angeklagt"}]},{"@type":"WebSite","@id":"https:\/\/ifamnews.com\/en\/#website","url":"https:\/\/ifamnews.com\/en\/","name":"IFN","description":"International Family News Network","publisher":{"@id":"https:\/\/ifamnews.com\/en\/#organization"},"potentialAction":[{"@type":"SearchAction","target":{"@type":"EntryPoint","urlTemplate":"https:\/\/ifamnews.com\/en\/?s={search_term_string}"},"query-input":{"@type":"PropertyValueSpecification","valueRequired":true,"valueName":"search_term_string"}}],"inLanguage":"de"},{"@type":"Organization","@id":"https:\/\/ifamnews.com\/en\/#organization","name":"iFamNews","url":"https:\/\/ifamnews.com\/en\/","logo":{"@type":"ImageObject","inLanguage":"de","@id":"https:\/\/ifamnews.com\/en\/#\/schema\/logo\/image\/","url":"https:\/\/ifamnews.com\/wp-content\/uploads\/2020\/01\/Share-logo.png","contentUrl":"https:\/\/ifamnews.com\/wp-content\/uploads\/2020\/01\/Share-logo.png","width":200,"height":200,"caption":"iFamNews"},"image":{"@id":"https:\/\/ifamnews.com\/en\/#\/schema\/logo\/image\/"},"sameAs":["https:\/\/www.facebook.com\/iFamNews","https:\/\/x.com\/iFamNewsEN"]},{"@type":"Person","@id":"https:\/\/ifamnews.com\/en\/#\/schema\/person\/633bdb7ac2496c9b9304ce62d071cdfa","name":"IFN English","image":{"@type":"ImageObject","inLanguage":"de","@id":"https:\/\/secure.gravatar.com\/avatar\/6f16ce95b558ae6f6eb9ae2f68122482a2c61696af2a8fc343c2e10f981a959d?s=96&d=mm&r=g","url":"https:\/\/secure.gravatar.com\/avatar\/6f16ce95b558ae6f6eb9ae2f68122482a2c61696af2a8fc343c2e10f981a959d?s=96&d=mm&r=g","contentUrl":"https:\/\/secure.gravatar.com\/avatar\/6f16ce95b558ae6f6eb9ae2f68122482a2c61696af2a8fc343c2e10f981a959d?s=96&d=mm&r=g","caption":"IFN English"},"description":"Articles published by the English iFamNews editorial team.","sameAs":["https:\/\/ifamnews.com\/en","https:\/\/www.facebook.com\/iFamNews\/","https:\/\/x.com\/https:\/\/twitter.com\/iFamNewsEN","https:\/\/www.youtube.com\/channel\/UCMVyIt4z9BANW3d09kwfUpw"],"url":"https:\/\/ifamnews.com\/de\/author\/ifamnews-staff"}]}},"amp_enabled":true,"_links":{"self":[{"href":"https:\/\/ifamnews.com\/de\/wp-json\/wp\/v2\/posts\/203715","targetHints":{"allow":["GET"]}}],"collection":[{"href":"https:\/\/ifamnews.com\/de\/wp-json\/wp\/v2\/posts"}],"about":[{"href":"https:\/\/ifamnews.com\/de\/wp-json\/wp\/v2\/types\/post"}],"author":[{"embeddable":true,"href":"https:\/\/ifamnews.com\/de\/wp-json\/wp\/v2\/users\/593"}],"replies":[{"embeddable":true,"href":"https:\/\/ifamnews.com\/de\/wp-json\/wp\/v2\/comments?post=203715"}],"version-history":[{"count":2,"href":"https:\/\/ifamnews.com\/de\/wp-json\/wp\/v2\/posts\/203715\/revisions"}],"predecessor-version":[{"id":204320,"href":"https:\/\/ifamnews.com\/de\/wp-json\/wp\/v2\/posts\/203715\/revisions\/204320"}],"wp:featuredmedia":[{"embeddable":true,"href":"https:\/\/ifamnews.com\/de\/wp-json\/wp\/v2\/media\/203560"}],"wp:attachment":[{"href":"https:\/\/ifamnews.com\/de\/wp-json\/wp\/v2\/media?parent=203715"}],"wp:term":[{"taxonomy":"category","embeddable":true,"href":"https:\/\/ifamnews.com\/de\/wp-json\/wp\/v2\/categories?post=203715"},{"taxonomy":"post_tag","embeddable":true,"href":"https:\/\/ifamnews.com\/de\/wp-json\/wp\/v2\/tags?post=203715"}],"curies":[{"name":"wp","href":"https:\/\/api.w.org\/{rel}","templated":true}]}}