{"id":203241,"date":"2023-07-21T02:00:00","date_gmt":"2023-07-21T06:00:00","guid":{"rendered":"https:\/\/ifamnews.com\/?p=203241"},"modified":"2023-07-14T08:15:25","modified_gmt":"2023-07-14T12:15:25","slug":"irische-pro-life-aktivisten-marschieren-gegen-die-kultur-des-todes","status":"publish","type":"post","link":"https:\/\/ifamnews.com\/de\/irische-pro-life-aktivisten-marschieren-gegen-die-kultur-des-todes","title":{"rendered":"Irische Pro-Life-Aktivisten marschieren gegen die Kultur des Todes"},"content":{"rendered":"\n<p>Angesichts der bedeutenden Entwicklung in den Vereinigten Staaten, dass die Entscheidung Roe v. Wade gekippt wurde, versammelten sich mehr als 10.000 Bef\u00fcrworter des Lebensschutzes in Dublin, Irland, um sich f\u00fcr die Wiedereinf\u00fchrung des Schutzes des ungeborenen Lebens in ihrem Land einzusetzen. Diese Bef\u00fcrworter sahen sich zu weiteren Protesten veranlasst, da Berichte auf eine starke Zunahme von Abtreibungsf\u00e4llen hindeuten, verbunden mit einer m\u00f6glichen Gesetzgebung, die die Abtreibungsgesetze weiter liberalisieren k\u00f6nnte. Die Organisatoren der Kundgebung dr\u00fcckten die Dringlichkeit aus, den Frauen echte Wahlm\u00f6glichkeiten zu bieten, die das Leben respektieren und f\u00f6rdern, anstatt es zu beenden. Die Botschaft steht im Einklang mit dem j\u00fcngsten Sieg der Abtreibungsgegner in den USA und verdeutlicht, wie wichtig Beharrlichkeit bei der Verfolgung lebensbejahender Ma\u00dfnahmen ist.<\/p>\n\n\n\n<p>Niamh U\u00ed Bhriain, eine Vertreterin von The Life Institute, brachte die sp\u00fcrbare Frustration und das Bedauern vieler irischer B\u00fcrger \u00fcber den Anstieg der Abtreibungszahlen zum Ausdruck. Anfang dieses Jahres wurde berichtet, dass im Jahr 2022 mehr als 8.500 Abtreibungen stattfanden, was einen besorgniserregenden Anstieg von 27% seit 2019 bedeutet. W\u00e4hrend ihres Auftritts im Niall Boylan Podcast erz\u00e4hlte U\u00ed Bhriain, dass viele Menschen, die 2018 gegen den achten Zusatzartikel f\u00fcr das Leben gestimmt haben, dies bedauern und zugeben, dass sie nicht mit einem so dramatischen Wandel hin zu uneingeschr\u00e4nkten Abtreibungen gerechnet haben.<\/p>\n\n\n\n<p>Auf der Kundgebung f\u00fcr das Leben war ein breites Spektrum von Bef\u00fcrwortern des Lebens zu sehen. Auf Plakaten und Bannern forderten sie ein Eingreifen der Regierung, um die massenhaften Abtreibungen einzud\u00e4mmen, die sie als eine tiefe Trag\u00f6die f\u00fcr ihre Zukunft betrachten. Es gab einen energischen Aufruf an Irland, dem Weg der Vereinigten Staaten zu folgen, die vor kurzem Roe v. Wade nach fast f\u00fcnf Jahrzehnten unerm\u00fcdlicher Kampagnen von Pro-Life-Aktivisten gekippt haben. Die j\u00fcngste Entscheidung des Obersten Gerichtshofs der USA hat den Weg f\u00fcr mehr als ein Dutzend Staaten geebnet, den Schutz des ungeborenen Lebens wieder einzuf\u00fchren.<\/p>\n\n\n\n<p>Derzeit erlauben die irischen Gesetze Abtreibungen aus jedem Grund w\u00e4hrend des ersten Trimesters, mit begrenzten Erlaubnissen in sp\u00e4teren Phasen der Schwangerschaft. Trotz der dreit\u00e4gigen Wartezeit und des Gewissensschutzes f\u00fcr Mitarbeiter im Gesundheitswesen, die sich f\u00fcr das Leben einsetzen, sind f\u00fchrende Vertreter der Abtreibungsgegner sehr besorgt. Sie sehen die m\u00f6gliche Ausl\u00f6schung dieser minimalen Schutzvorkehrungen voraus, da in der Gesetzgebungsdiskussion erwogen wird, Abtreibungen aus jedem Grund auf bis zu sechs Monate auszudehnen und die Wartezeit zu beseitigen. Gleichzeitig k\u00f6nnen Angeh\u00f6rige der Gesundheitsberufe gezwungen werden, an Verfahren teilzunehmen, die mit ihrer Einstellung zum Leben in Konflikt stehen.<\/p>\n\n\n\n<p>Peadar T\u00f3ib\u00edn, Vorsitzender von Aont\u00fa [political party], brachte den heftigen politischen Kampf in Irland zum Ausdruck, bei dem sich die Mehrheit der politischen Fraktionen f\u00fcr einen besseren Zugang zu Abtreibungen ausspricht. Dr. Trevor Hayes, ein Facharzt f\u00fcr Gyn\u00e4kologie und Geburtshilfe in Irland, schloss sich dieser Meinung an und wies auf die nachteiligen Auswirkungen einer Verw\u00e4sserung des Gewissensschutzes auf das Gesundheitspersonal hin. Hayes warnte davor, dass der Zwang zur Durchf\u00fchrung von Abtreibungen zu einer Abwanderung von Talenten aus dem medizinischen Bereich f\u00fchren k\u00f6nnte, was den bereits bestehenden Mangel noch versch\u00e4rfen und sich negativ auf die Gesundheitsversorgung von Frauen auswirken w\u00fcrde. In einer eindringlichen Anklageschrift sagte Hayes: &#8222;Abtreibung dient nicht den Frauen. Sie ist ein Zeichen daf\u00fcr, dass wir sie v\u00f6llig im Stich gelassen haben.&#8220;<\/p>\n","protected":false},"excerpt":{"rendered":"<p>Angesichts der bedeutenden Entwicklung in den Vereinigten Staaten, dass die Entscheidung Roe v. Wade gekippt wurde, versammelten sich mehr als 10.000 Bef\u00fcrworter des Lebensschutzes in Dublin, Irland, um sich f\u00fcr die Wiedereinf\u00fchrung des Schutzes des ungeborenen Lebens in ihrem Land einzusetzen.<\/p>\n","protected":false},"author":593,"featured_media":203148,"comment_status":"open","ping_status":"open","sticky":false,"template":"","format":"standard","meta":{"give_campaign_id":0,"om_disable_all_campaigns":false,"_monsterinsights_skip_tracking":false,"_monsterinsights_sitenote_active":false,"_monsterinsights_sitenote_note":"","_monsterinsights_sitenote_category":0,"mc4wp_mailchimp_campaign":[],"jnews-multi-image_gallery":[],"jnews_single_post":{"subtitle":"Angesichts der bedeutenden Entwicklung in den Vereinigten Staaten, dass die Entscheidung Roe v. Wade gekippt wurde, versammelten sich mehr als 10.000 Bef\u00fcrworter des Lebensschutzes in Dublin, Irland, um sich f\u00fcr die Wiedereinf\u00fchrung des Schutzes des ungeborenen Lebens in ihrem Land einzusetzen.","format":"standard","video":"","gallery":"","source_name":"","source_url":"","via_name":"","via_url":"","override_template":"0","override":[{"template":"2","single_blog_custom":"","parallax":"1","fullscreen":"1","layout":"right-sidebar-narrow","sidebar":"default-sidebar","second_sidebar":"default-sidebar","sticky_sidebar":"1","share_position":"float","share_float_style":"share-normal","show_share_counter":"1","show_view_counter":"1","show_featured":"1","show_post_meta":"1","show_post_author":"1","show_post_author_image":"1","show_post_date":"1","post_date_format":"default","post_date_format_custom":"Y\/m\/d","show_post_category":"1","show_post_reading_time":"1","post_reading_time_wpm":"300","show_zoom_button":"0","zoom_button_out_step":"2","zoom_button_in_step":"3","show_post_tag":"1","show_prev_next_post":"0","show_popup_post":"0","number_popup_post":"1","show_author_box":"1","show_post_related":"0","show_inline_post_related":"0"}],"override_image_size":"0","image_override":[{"single_post_thumbnail_size":"crop-715","single_post_gallery_size":"crop-715"}],"trending_post":"0","trending_post_position":"meta","trending_post_label":"Trending","sponsored_post":"0","sponsored_post_label":"Sponsored by","sponsored_post_name":"","sponsored_post_url":"","sponsored_post_logo_enable":"0","sponsored_post_logo":"","sponsored_post_desc":"","disable_ad":"0"},"jnews_primary_category":{"id":"820","hide":""},"jnews_social_meta":{"fb_title":"","fb_description":"","fb_image":"","twitter_title":"","twitter_description":"","twitter_image":""},"jnews_override_counter":{"override_view_counter":"0","view_counter_number":"0","override_share_counter":"0","share_counter_number":"0","override_like_counter":"0","like_counter_number":"0","override_dislike_counter":"0","dislike_counter_number":"0"},"footnotes":""},"categories":[816,820,811],"tags":[10545,8682,16757,5705,13206,16765],"class_list":["post-203241","post","type-post","status-publish","format-standard","has-post-thumbnail","hentry","category-breaking-news-de","category-leben","category-foreground-de","tag-abtreibung-de","tag-family-de-2","tag-irland-de","tag-marsch-fuer-das-leben","tag-pro-life-de-2","tag-recht-auf-leben-de"],"yoast_head":"<!-- This site is optimized with the Yoast SEO Premium plugin v25.9 (Yoast SEO v27.3) - https:\/\/yoast.com\/product\/yoast-seo-premium-wordpress\/ -->\n<title>Irische Pro-Life-Aktivisten marschieren gegen die Kultur des Todes - IFN<\/title>\n<meta name=\"description\" content=\"Angesichts der bedeutenden Entwicklung in den Vereinigten Staaten, dass die Entscheidung Roe v. Wade gekippt wurde, versammelten sich mehr als 10.000 Bef\u00fcrworter des Lebensschutzes in Dublin, Irland, um sich f\u00fcr die Wiedereinf\u00fchrung des Schutzes des ungeborenen Lebens in ihrem Land einzusetzen.\" \/>\n<meta name=\"robots\" content=\"index, follow, max-snippet:-1, max-image-preview:large, max-video-preview:-1\" \/>\n<link rel=\"canonical\" href=\"https:\/\/ifamnews.com\/de\/irische-pro-life-aktivisten-marschieren-gegen-die-kultur-des-todes\" \/>\n<meta property=\"og:locale\" content=\"de_DE\" \/>\n<meta property=\"og:type\" content=\"article\" \/>\n<meta property=\"og:title\" content=\"Irische Pro-Life-Aktivisten marschieren gegen die Kultur des Todes\" \/>\n<meta property=\"og:description\" content=\"Angesichts der bedeutenden Entwicklung in den Vereinigten Staaten, dass die Entscheidung Roe v. Wade gekippt wurde, versammelten sich mehr als 10.000 Bef\u00fcrworter des Lebensschutzes in Dublin, Irland, um sich f\u00fcr die Wiedereinf\u00fchrung des Schutzes des ungeborenen Lebens in ihrem Land einzusetzen.\" \/>\n<meta property=\"og:url\" content=\"https:\/\/ifamnews.com\/de\/irische-pro-life-aktivisten-marschieren-gegen-die-kultur-des-todes\" \/>\n<meta property=\"og:site_name\" content=\"IFN\" \/>\n<meta property=\"article:publisher\" content=\"https:\/\/www.facebook.com\/iFamNews\" \/>\n<meta property=\"article:author\" content=\"https:\/\/www.facebook.com\/iFamNews\/\" \/>\n<meta property=\"article:published_time\" content=\"2023-07-21T06:00:00+00:00\" \/>\n<meta property=\"og:image\" content=\"https:\/\/ifamnews.com\/wp-content\/uploads\/2023\/07\/Untitled-design-2023-07-05T113422.939.png\" \/>\n\t<meta property=\"og:image:width\" content=\"1200\" \/>\n\t<meta property=\"og:image:height\" content=\"675\" \/>\n\t<meta property=\"og:image:type\" content=\"image\/png\" \/>\n<meta name=\"author\" content=\"IFN English\" \/>\n<meta name=\"twitter:card\" content=\"summary_large_image\" \/>\n<meta name=\"twitter:creator\" content=\"@https:\/\/twitter.com\/iFamNewsEN\" \/>\n<meta name=\"twitter:site\" content=\"@iFamNewsEN\" \/>\n<meta name=\"twitter:label1\" content=\"Verfasst von\" \/>\n\t<meta name=\"twitter:data1\" content=\"iFamNews Redaktion\" \/>\n\t<meta name=\"twitter:label2\" content=\"Gesch\u00e4tzte Lesezeit\" \/>\n\t<meta name=\"twitter:data2\" content=\"3\u00a0Minuten\" \/>\n<!-- \/ Yoast SEO Premium plugin. -->","yoast_head_json":{"title":"Irische Pro-Life-Aktivisten marschieren gegen die Kultur des Todes - IFN","description":"Angesichts der bedeutenden Entwicklung in den Vereinigten Staaten, dass die Entscheidung Roe v. Wade gekippt wurde, versammelten sich mehr als 10.000 Bef\u00fcrworter des Lebensschutzes in Dublin, Irland, um sich f\u00fcr die Wiedereinf\u00fchrung des Schutzes des ungeborenen Lebens in ihrem Land einzusetzen.","robots":{"index":"index","follow":"follow","max-snippet":"max-snippet:-1","max-image-preview":"max-image-preview:large","max-video-preview":"max-video-preview:-1"},"canonical":"https:\/\/ifamnews.com\/de\/irische-pro-life-aktivisten-marschieren-gegen-die-kultur-des-todes","og_locale":"de_DE","og_type":"article","og_title":"Irische Pro-Life-Aktivisten marschieren gegen die Kultur des Todes","og_description":"Angesichts der bedeutenden Entwicklung in den Vereinigten Staaten, dass die Entscheidung Roe v. Wade gekippt wurde, versammelten sich mehr als 10.000 Bef\u00fcrworter des Lebensschutzes in Dublin, Irland, um sich f\u00fcr die Wiedereinf\u00fchrung des Schutzes des ungeborenen Lebens in ihrem Land einzusetzen.","og_url":"https:\/\/ifamnews.com\/de\/irische-pro-life-aktivisten-marschieren-gegen-die-kultur-des-todes","og_site_name":"IFN","article_publisher":"https:\/\/www.facebook.com\/iFamNews","article_author":"https:\/\/www.facebook.com\/iFamNews\/","article_published_time":"2023-07-21T06:00:00+00:00","og_image":[{"width":1200,"height":675,"url":"https:\/\/ifamnews.com\/wp-content\/uploads\/2023\/07\/Untitled-design-2023-07-05T113422.939.png","type":"image\/png"}],"author":"IFN English","twitter_card":"summary_large_image","twitter_creator":"@https:\/\/twitter.com\/iFamNewsEN","twitter_site":"@iFamNewsEN","twitter_misc":{"Verfasst von":"iFamNews Redaktion","Gesch\u00e4tzte Lesezeit":"3\u00a0Minuten"},"schema":{"@context":"https:\/\/schema.org","@graph":[{"@type":"NewsArticle","@id":"https:\/\/ifamnews.com\/de\/irische-pro-life-aktivisten-marschieren-gegen-die-kultur-des-todes#article","isPartOf":{"@id":"https:\/\/ifamnews.com\/de\/irische-pro-life-aktivisten-marschieren-gegen-die-kultur-des-todes"},"author":{"name":"IFN English","@id":"https:\/\/ifamnews.com\/en\/#\/schema\/person\/633bdb7ac2496c9b9304ce62d071cdfa"},"headline":"Irische Pro-Life-Aktivisten marschieren gegen die Kultur des Todes","datePublished":"2023-07-21T06:00:00+00:00","mainEntityOfPage":{"@id":"https:\/\/ifamnews.com\/de\/irische-pro-life-aktivisten-marschieren-gegen-die-kultur-des-todes"},"wordCount":575,"commentCount":0,"publisher":{"@id":"https:\/\/ifamnews.com\/en\/#organization"},"image":{"@id":"https:\/\/ifamnews.com\/de\/irische-pro-life-aktivisten-marschieren-gegen-die-kultur-des-todes#primaryimage"},"thumbnailUrl":"https:\/\/ifamnews.com\/wp-content\/uploads\/2023\/07\/Untitled-design-2023-07-05T113422.939.png","keywords":["Abtreibung","family","Irland","Marsch f\u00fcr das Leben","Pro-Life","Recht auf Leben"],"articleSection":["Breaking News","Leben","Vordergrund"],"inLanguage":"de","potentialAction":[{"@type":"CommentAction","name":"Comment","target":["https:\/\/ifamnews.com\/de\/irische-pro-life-aktivisten-marschieren-gegen-die-kultur-des-todes#respond"]}]},{"@type":"WebPage","@id":"https:\/\/ifamnews.com\/de\/irische-pro-life-aktivisten-marschieren-gegen-die-kultur-des-todes","url":"https:\/\/ifamnews.com\/de\/irische-pro-life-aktivisten-marschieren-gegen-die-kultur-des-todes","name":"Irische Pro-Life-Aktivisten marschieren gegen die Kultur des Todes - IFN","isPartOf":{"@id":"https:\/\/ifamnews.com\/en\/#website"},"primaryImageOfPage":{"@id":"https:\/\/ifamnews.com\/de\/irische-pro-life-aktivisten-marschieren-gegen-die-kultur-des-todes#primaryimage"},"image":{"@id":"https:\/\/ifamnews.com\/de\/irische-pro-life-aktivisten-marschieren-gegen-die-kultur-des-todes#primaryimage"},"thumbnailUrl":"https:\/\/ifamnews.com\/wp-content\/uploads\/2023\/07\/Untitled-design-2023-07-05T113422.939.png","datePublished":"2023-07-21T06:00:00+00:00","description":"Angesichts der bedeutenden Entwicklung in den Vereinigten Staaten, dass die Entscheidung Roe v. Wade gekippt wurde, versammelten sich mehr als 10.000 Bef\u00fcrworter des Lebensschutzes in Dublin, Irland, um sich f\u00fcr die Wiedereinf\u00fchrung des Schutzes des ungeborenen Lebens in ihrem Land einzusetzen.","breadcrumb":{"@id":"https:\/\/ifamnews.com\/de\/irische-pro-life-aktivisten-marschieren-gegen-die-kultur-des-todes#breadcrumb"},"inLanguage":"de","potentialAction":[{"@type":"ReadAction","target":["https:\/\/ifamnews.com\/de\/irische-pro-life-aktivisten-marschieren-gegen-die-kultur-des-todes"]}]},{"@type":"ImageObject","inLanguage":"de","@id":"https:\/\/ifamnews.com\/de\/irische-pro-life-aktivisten-marschieren-gegen-die-kultur-des-todes#primaryimage","url":"https:\/\/ifamnews.com\/wp-content\/uploads\/2023\/07\/Untitled-design-2023-07-05T113422.939.png","contentUrl":"https:\/\/ifamnews.com\/wp-content\/uploads\/2023\/07\/Untitled-design-2023-07-05T113422.939.png","width":1200,"height":675},{"@type":"BreadcrumbList","@id":"https:\/\/ifamnews.com\/de\/irische-pro-life-aktivisten-marschieren-gegen-die-kultur-des-todes#breadcrumb","itemListElement":[{"@type":"ListItem","position":1,"name":"Home","item":"https:\/\/ifamnews.com\/de"},{"@type":"ListItem","position":2,"name":"Life","item":"https:\/\/ifamnews.com\/en\/category\/life"},{"@type":"ListItem","position":3,"name":"Irische Pro-Life-Aktivisten marschieren gegen die Kultur des Todes"}]},{"@type":"WebSite","@id":"https:\/\/ifamnews.com\/en\/#website","url":"https:\/\/ifamnews.com\/en\/","name":"IFN","description":"International Family News Network","publisher":{"@id":"https:\/\/ifamnews.com\/en\/#organization"},"potentialAction":[{"@type":"SearchAction","target":{"@type":"EntryPoint","urlTemplate":"https:\/\/ifamnews.com\/en\/?s={search_term_string}"},"query-input":{"@type":"PropertyValueSpecification","valueRequired":true,"valueName":"search_term_string"}}],"inLanguage":"de"},{"@type":"Organization","@id":"https:\/\/ifamnews.com\/en\/#organization","name":"iFamNews","url":"https:\/\/ifamnews.com\/en\/","logo":{"@type":"ImageObject","inLanguage":"de","@id":"https:\/\/ifamnews.com\/en\/#\/schema\/logo\/image\/","url":"https:\/\/ifamnews.com\/wp-content\/uploads\/2020\/01\/Share-logo.png","contentUrl":"https:\/\/ifamnews.com\/wp-content\/uploads\/2020\/01\/Share-logo.png","width":200,"height":200,"caption":"iFamNews"},"image":{"@id":"https:\/\/ifamnews.com\/en\/#\/schema\/logo\/image\/"},"sameAs":["https:\/\/www.facebook.com\/iFamNews","https:\/\/x.com\/iFamNewsEN"]},{"@type":"Person","@id":"https:\/\/ifamnews.com\/en\/#\/schema\/person\/633bdb7ac2496c9b9304ce62d071cdfa","name":"IFN English","image":{"@type":"ImageObject","inLanguage":"de","@id":"https:\/\/secure.gravatar.com\/avatar\/6f16ce95b558ae6f6eb9ae2f68122482a2c61696af2a8fc343c2e10f981a959d?s=96&d=mm&r=g","url":"https:\/\/secure.gravatar.com\/avatar\/6f16ce95b558ae6f6eb9ae2f68122482a2c61696af2a8fc343c2e10f981a959d?s=96&d=mm&r=g","contentUrl":"https:\/\/secure.gravatar.com\/avatar\/6f16ce95b558ae6f6eb9ae2f68122482a2c61696af2a8fc343c2e10f981a959d?s=96&d=mm&r=g","caption":"IFN English"},"description":"Articles published by the English iFamNews editorial team.","sameAs":["https:\/\/ifamnews.com\/en","https:\/\/www.facebook.com\/iFamNews\/","https:\/\/x.com\/https:\/\/twitter.com\/iFamNewsEN","https:\/\/www.youtube.com\/channel\/UCMVyIt4z9BANW3d09kwfUpw"],"url":"https:\/\/ifamnews.com\/de\/author\/ifamnews-staff"}]}},"amp_enabled":true,"_links":{"self":[{"href":"https:\/\/ifamnews.com\/de\/wp-json\/wp\/v2\/posts\/203241","targetHints":{"allow":["GET"]}}],"collection":[{"href":"https:\/\/ifamnews.com\/de\/wp-json\/wp\/v2\/posts"}],"about":[{"href":"https:\/\/ifamnews.com\/de\/wp-json\/wp\/v2\/types\/post"}],"author":[{"embeddable":true,"href":"https:\/\/ifamnews.com\/de\/wp-json\/wp\/v2\/users\/593"}],"replies":[{"embeddable":true,"href":"https:\/\/ifamnews.com\/de\/wp-json\/wp\/v2\/comments?post=203241"}],"version-history":[{"count":2,"href":"https:\/\/ifamnews.com\/de\/wp-json\/wp\/v2\/posts\/203241\/revisions"}],"predecessor-version":[{"id":204508,"href":"https:\/\/ifamnews.com\/de\/wp-json\/wp\/v2\/posts\/203241\/revisions\/204508"}],"wp:featuredmedia":[{"embeddable":true,"href":"https:\/\/ifamnews.com\/de\/wp-json\/wp\/v2\/media\/203148"}],"wp:attachment":[{"href":"https:\/\/ifamnews.com\/de\/wp-json\/wp\/v2\/media?parent=203241"}],"wp:term":[{"taxonomy":"category","embeddable":true,"href":"https:\/\/ifamnews.com\/de\/wp-json\/wp\/v2\/categories?post=203241"},{"taxonomy":"post_tag","embeddable":true,"href":"https:\/\/ifamnews.com\/de\/wp-json\/wp\/v2\/tags?post=203241"}],"curies":[{"name":"wp","href":"https:\/\/api.w.org\/{rel}","templated":true}]}}