{"id":200834,"date":"2023-07-06T02:00:00","date_gmt":"2023-07-06T06:00:00","guid":{"rendered":"https:\/\/ifamnews.com\/?p=200834"},"modified":"2023-07-05T03:18:03","modified_gmt":"2023-07-05T07:18:03","slug":"umfrage-unterst-tzung-f-r-das-leben-in-den-usa-w-chst","status":"publish","type":"post","link":"https:\/\/ifamnews.com\/de\/umfrage-unterst-tzung-f-r-das-leben-in-den-usa-w-chst","title":{"rendered":"Umfrage: Unterst\u00fctzung f\u00fcr das Leben in den USA w\u00e4chst"},"content":{"rendered":"\n<p>Gallup hat k\u00fcrzlich die Ergebnisse einer Umfrage zum Thema Abtreibung ver\u00f6ffentlicht, die Teil seiner j\u00e4hrlichen Umfrage zu den Werten und \u00dcberzeugungen der amerikanischen B\u00fcrger ist. Insgesamt enthalten die Ergebnisse einige gute Nachrichten f\u00fcr Abtreibungsbef\u00fcrworter. Die Ergebnisse zeigen, dass 41% der Amerikaner sich als &#8218;Pro-Life&#8216; bezeichnen. Das ist ein Anstieg von vier Prozentpunkten im Vergleich zur letztj\u00e4hrigen Gallup-Umfrage.<\/p>\n\n\n\n<p>Die Umfrage enth\u00e4lt einige Hinweise darauf, dass die Abtreibungsbef\u00fcrworter in einigen politischen Einzelfragen an Boden verloren haben k\u00f6nnten. Der <a href=\"https:\/\/www.lifenews.com\/2023\/06\/14\/gallup-poll-more-americans-want-all-or-most-abortions-made-illegal\/\" target=\"_blank\" rel=\"noreferrer noopener\">Anteil der Amerikaner<\/a>, die der Meinung sind, dass Abtreibung in den ersten drei Monaten legal sein sollte, ist um zwei Prozentpunkte gestiegen. Die Gallup-Umfrage erg\u00e4nzt jedoch die Reihe der Daten, die eine starke \u00f6ffentliche Ablehnung der Abtreibung nach dem ersten Trimester zeigen. Wie Gallup feststellt, &#8222;ist fast die H\u00e4lfte der Amerikaner, 47%, der Meinung, dass Abtreibung unter allen (34%) oder den meisten (13%) Umst\u00e4nden legal sein sollte, w\u00e4hrend ein \u00e4hnlicher Prozentsatz, 49%, daf\u00fcr ist, dass sie nur unter einigen (36%) oder unter allen (13%) Umst\u00e4nden illegal sein sollte&#8220;. Das bedeutet, dass 49% der Amerikaner eine Pro-Life-Position haben, die alle oder die meisten Abtreibungen ablehnt, w\u00e4hrend 47% eine Pro-Abtreibungs-Position haben, die alle oder die meisten Abtreibungen unterst\u00fctzt.<\/p>\n\n\n\n<p>Wie <a href=\"https:\/\/www.usccb.org\/news\/2023\/us-bishops-pro-life-chairman-anniversary-dobbs-v-jackson-womens-health\" target=\"_blank\" rel=\"noreferrer noopener\">die Gallup-Umfrage zeigt<\/a>, nahm die Unterst\u00fctzung f\u00fcr die Abtreibung nach <a href=\"https:\/\/www.usccb.org\/news\/2023\/us-bishops-pro-life-chairman-anniversary-dobbs-v-jackson-womens-health\" target=\"_blank\" rel=\"noreferrer noopener\">Dobbs<\/a> ab und die Ablehnung der Abtreibung nach Dobbs zu. Die Gallup-Umfrage aus dem Jahr 2022 ergab, dass 53% der Amerikaner alle oder die meisten Abtreibungen unterst\u00fctzen, w\u00e4hrend 45% der Amerikaner alle oder die meisten Abtreibungen ablehnen. Das bedeutet, dass die Unterst\u00fctzung f\u00fcr die Abtreibung seit Dobbs um 6% gesunken ist und die Ablehnung der Abtreibung seit Dobbs um 4% zugenommen hat. Dies bringt die Amerikaner n\u00e4her an den historischen Durchschnitt der Gallup-Umfragen.<\/p>\n\n\n\n<p>In 42 Gallup-Umfragen zwischen September 1994 und Mai 2021 antwortete die Mehrheit der Befragten, dass Abtreibung &#8217;nur unter bestimmten Umst\u00e4nden legal&#8216; oder &#8218;unter allen Umst\u00e4nden illegal&#8216; sein sollte. Die kombinierte Unterst\u00fctzung f\u00fcr die beiden Pro-Life-Optionen in diesen 42 Gallup-Umfragen reichte von 52% bis 63%. In dem Jahr, in dem die Dobbs-Entscheidung ver\u00f6ffentlicht wurde, ist die Medienberichterstattung \u00fcber Fragen der Unantastbarkeit des Lebens au\u00dfergew\u00f6hnlich verzerrt worden. Es gibt zahllose Geschichten \u00fcber die Gesundheitsprobleme, die angeblich durch Pro-Life-Gesetze verursacht werden. \u00dcber die Arbeit der Schwangerenberatungsstellen und die Ma\u00dfnahmen, die viele Staaten zur Unterst\u00fctzung schwangerer Frauen ergriffen haben, wurde jedoch nur sehr wenig berichtet.<\/p>\n\n\n\n<p>Wenn sich <a href=\"https:\/\/www.nationalreview.com\/corner\/a-new-gallup-poll-shows-gain-in-pro-life-sentiment\/\" target=\"_blank\" rel=\"noreferrer noopener\">die Abtreibungsgegner<\/a> n\u00e4chstes Wochenende in Washington versammeln, um Dobbs&#8216; Jubil\u00e4um zu feiern, sollten wir Mut fassen. Trotz der<a href=\"https:\/\/news.gallup.com\/poll\/506759\/broader-support-abortion-rights-continues-post-dobbs.aspx\" target=\"_blank\" rel=\"noreferrer noopener\">Feindseligkeit der Medien<\/a> und der F\u00f6rderung der Abtreibung durch Gouverneur Biden und viele Landesregierungen sind viele Amerikaner immer noch bereit, Kinder im Mutterleib zu sch\u00fctzen. Bei all dem hat <a href=\"https:\/\/news.gallup.com\/poll\/506759\/broader-support-abortion-rights-continues-post-dobbs.aspx\" target=\"_blank\" rel=\"noreferrer noopener\">Gallup selbst<\/a> vielleicht nicht einmal die Ergebnisse seiner Umfrage bemerkt und l\u00fcgt: &#8218;Breite Unterst\u00fctzung f\u00fcr Abtreibung h\u00e4lt nach Dobbs-Urteil an&#8216;.<\/p>\n","protected":false},"excerpt":{"rendered":"<p>Die Ergebnisse einer Galup-Umfrage zeigen, dass 41% der Amerikaner sich als &#8218;Pro-Life&#8216; bezeichnen. Das ist ein Anstieg von vier Prozentpunkten im Vergleich zum letzten Jahr.<\/p>\n","protected":false},"author":54,"featured_media":203071,"comment_status":"open","ping_status":"open","sticky":false,"template":"","format":"standard","meta":{"give_campaign_id":0,"om_disable_all_campaigns":false,"_monsterinsights_skip_tracking":false,"_monsterinsights_sitenote_active":false,"_monsterinsights_sitenote_note":"","_monsterinsights_sitenote_category":0,"mc4wp_mailchimp_campaign":[],"jnews-multi-image_gallery":[],"jnews_single_post":{"subtitle":"Die Ergebnisse einer Galup-Umfrage zeigen, dass 41% der Amerikaner sich als 'Pro-Life' bezeichnen. Das ist ein Anstieg von vier Prozentpunkten im Vergleich zum letzten Jahr.","format":"standard","video":"","gallery":"","source_name":"","source_url":"","via_name":"","via_url":"","override_template":"0","override":[{"template":"2","single_blog_custom":"","parallax":"1","fullscreen":"1","layout":"right-sidebar-narrow","sidebar":"default-sidebar","second_sidebar":"default-sidebar","sticky_sidebar":"1","share_position":"float","share_float_style":"share-normal","show_share_counter":"1","show_view_counter":"1","show_featured":"1","show_post_meta":"1","show_post_author":"1","show_post_author_image":"1","show_post_date":"1","post_date_format":"default","post_date_format_custom":"Y\/m\/d","show_post_category":"1","show_post_reading_time":"1","post_reading_time_wpm":"300","show_zoom_button":"0","zoom_button_out_step":"2","zoom_button_in_step":"3","show_post_tag":"1","show_prev_next_post":"0","show_popup_post":"0","number_popup_post":"1","show_author_box":"1","show_post_related":"0","show_inline_post_related":"0"}],"override_image_size":"0","image_override":[{"single_post_thumbnail_size":"crop-715","single_post_gallery_size":"crop-715"}],"trending_post":"0","trending_post_position":"meta","trending_post_label":"Trending","sponsored_post":"0","sponsored_post_label":"Sponsored by","sponsored_post_name":"","sponsored_post_url":"","sponsored_post_logo_enable":"0","sponsored_post_logo":"","sponsored_post_desc":"","disable_ad":"0"},"jnews_primary_category":{"id":"820","hide":""},"jnews_social_meta":{"fb_title":"","fb_description":"","fb_image":"","twitter_title":"","twitter_description":"","twitter_image":""},"jnews_override_counter":{"override_view_counter":"0","view_counter_number":"0","override_share_counter":"0","share_counter_number":"0","override_like_counter":"0","like_counter_number":"0","override_dislike_counter":"0","dislike_counter_number":"0"},"footnotes":""},"categories":[816,820,811],"tags":[1906,26981,26980,13206,4001],"class_list":["post-200834","post","type-post","status-publish","format-standard","has-post-thumbnail","hentry","category-breaking-news-de","category-leben","category-foreground-de","tag-abtreibung","tag-dobbs-de","tag-gallup-de","tag-pro-life-de-2","tag-usa-3"],"yoast_head":"<!-- This site is optimized with the Yoast SEO Premium plugin v25.9 (Yoast SEO v27.3) - https:\/\/yoast.com\/product\/yoast-seo-premium-wordpress\/ -->\n<title>Umfrage: Unterst\u00fctzung f\u00fcr das Leben in den USA w\u00e4chst - IFN<\/title>\n<meta name=\"description\" content=\"Seit letztem Jahr ist der Prozentsatz der Amerikaner, die Abtreibung f\u00fcr &#039;moralisch falsch&#039; halten, von 38% auf 41% gestiegen.\" \/>\n<meta name=\"robots\" content=\"index, follow, max-snippet:-1, max-image-preview:large, max-video-preview:-1\" \/>\n<link rel=\"canonical\" href=\"https:\/\/ifamnews.com\/de\/umfrage-unterst-tzung-f-r-das-leben-in-den-usa-w-chst\" \/>\n<meta property=\"og:locale\" content=\"de_DE\" \/>\n<meta property=\"og:type\" content=\"article\" \/>\n<meta property=\"og:title\" content=\"Umfrage: Unterst\u00fctzung f\u00fcr das Leben in den USA w\u00e4chst\" \/>\n<meta property=\"og:description\" content=\"Seit letztem Jahr ist der Prozentsatz der Amerikaner, die Abtreibung f\u00fcr &#039;moralisch falsch&#039; halten, von 38% auf 41% gestiegen.\" \/>\n<meta property=\"og:url\" content=\"https:\/\/ifamnews.com\/de\/umfrage-unterst-tzung-f-r-das-leben-in-den-usa-w-chst\" \/>\n<meta property=\"og:site_name\" content=\"IFN\" \/>\n<meta property=\"article:publisher\" content=\"https:\/\/www.facebook.com\/iFamNews\" \/>\n<meta property=\"article:author\" content=\"https:\/\/facebook.com\/lvolonte1\" \/>\n<meta property=\"article:published_time\" content=\"2023-07-06T06:00:00+00:00\" \/>\n<meta property=\"og:image\" content=\"https:\/\/ifamnews.com\/wp-content\/uploads\/2023\/06\/Familie-scaled.jpg\" \/>\n\t<meta property=\"og:image:width\" content=\"2560\" \/>\n\t<meta property=\"og:image:height\" content=\"1385\" \/>\n\t<meta property=\"og:image:type\" content=\"image\/jpeg\" \/>\n<meta name=\"author\" content=\"Luca Volont\u00e8\" \/>\n<meta name=\"twitter:card\" content=\"summary_large_image\" \/>\n<meta name=\"twitter:creator\" content=\"@https:\/\/twitter.com\/l_volonte\" \/>\n<meta name=\"twitter:site\" content=\"@iFamNewsEN\" \/>\n<meta name=\"twitter:label1\" content=\"Verfasst von\" \/>\n\t<meta name=\"twitter:data1\" content=\"Luca Volont\u00e8\" \/>\n\t<meta name=\"twitter:label2\" content=\"Gesch\u00e4tzte Lesezeit\" \/>\n\t<meta name=\"twitter:data2\" content=\"3\u00a0Minuten\" \/>\n<!-- \/ Yoast SEO Premium plugin. -->","yoast_head_json":{"title":"Umfrage: Unterst\u00fctzung f\u00fcr das Leben in den USA w\u00e4chst - IFN","description":"Seit letztem Jahr ist der Prozentsatz der Amerikaner, die Abtreibung f\u00fcr 'moralisch falsch' halten, von 38% auf 41% gestiegen.","robots":{"index":"index","follow":"follow","max-snippet":"max-snippet:-1","max-image-preview":"max-image-preview:large","max-video-preview":"max-video-preview:-1"},"canonical":"https:\/\/ifamnews.com\/de\/umfrage-unterst-tzung-f-r-das-leben-in-den-usa-w-chst","og_locale":"de_DE","og_type":"article","og_title":"Umfrage: Unterst\u00fctzung f\u00fcr das Leben in den USA w\u00e4chst","og_description":"Seit letztem Jahr ist der Prozentsatz der Amerikaner, die Abtreibung f\u00fcr 'moralisch falsch' halten, von 38% auf 41% gestiegen.","og_url":"https:\/\/ifamnews.com\/de\/umfrage-unterst-tzung-f-r-das-leben-in-den-usa-w-chst","og_site_name":"IFN","article_publisher":"https:\/\/www.facebook.com\/iFamNews","article_author":"https:\/\/facebook.com\/lvolonte1","article_published_time":"2023-07-06T06:00:00+00:00","og_image":[{"width":2560,"height":1385,"url":"https:\/\/ifamnews.com\/wp-content\/uploads\/2023\/06\/Familie-scaled.jpg","type":"image\/jpeg"}],"author":"Luca Volont\u00e8","twitter_card":"summary_large_image","twitter_creator":"@https:\/\/twitter.com\/l_volonte","twitter_site":"@iFamNewsEN","twitter_misc":{"Verfasst von":"Luca Volont\u00e8","Gesch\u00e4tzte Lesezeit":"3\u00a0Minuten"},"schema":{"@context":"https:\/\/schema.org","@graph":[{"@type":"NewsArticle","@id":"https:\/\/ifamnews.com\/de\/umfrage-unterst-tzung-f-r-das-leben-in-den-usa-w-chst#article","isPartOf":{"@id":"https:\/\/ifamnews.com\/de\/umfrage-unterst-tzung-f-r-das-leben-in-den-usa-w-chst"},"author":{"name":"Luca Volont\u00e8","@id":"https:\/\/ifamnews.com\/en\/#\/schema\/person\/bed5b7c6161f317421caa94dc3be6a53"},"headline":"Umfrage: Unterst\u00fctzung f\u00fcr das Leben in den USA w\u00e4chst","datePublished":"2023-07-06T06:00:00+00:00","mainEntityOfPage":{"@id":"https:\/\/ifamnews.com\/de\/umfrage-unterst-tzung-f-r-das-leben-in-den-usa-w-chst"},"wordCount":479,"commentCount":0,"publisher":{"@id":"https:\/\/ifamnews.com\/en\/#organization"},"image":{"@id":"https:\/\/ifamnews.com\/de\/umfrage-unterst-tzung-f-r-das-leben-in-den-usa-w-chst#primaryimage"},"thumbnailUrl":"https:\/\/ifamnews.com\/wp-content\/uploads\/2023\/06\/Familie-scaled.jpg","keywords":["Abtreibung","Dobbs","Gallup","Pro-Life","USA"],"articleSection":["Breaking News","Leben","Vordergrund"],"inLanguage":"de","potentialAction":[{"@type":"CommentAction","name":"Comment","target":["https:\/\/ifamnews.com\/de\/umfrage-unterst-tzung-f-r-das-leben-in-den-usa-w-chst#respond"]}]},{"@type":"WebPage","@id":"https:\/\/ifamnews.com\/de\/umfrage-unterst-tzung-f-r-das-leben-in-den-usa-w-chst","url":"https:\/\/ifamnews.com\/de\/umfrage-unterst-tzung-f-r-das-leben-in-den-usa-w-chst","name":"Umfrage: Unterst\u00fctzung f\u00fcr das Leben in den USA w\u00e4chst - IFN","isPartOf":{"@id":"https:\/\/ifamnews.com\/en\/#website"},"primaryImageOfPage":{"@id":"https:\/\/ifamnews.com\/de\/umfrage-unterst-tzung-f-r-das-leben-in-den-usa-w-chst#primaryimage"},"image":{"@id":"https:\/\/ifamnews.com\/de\/umfrage-unterst-tzung-f-r-das-leben-in-den-usa-w-chst#primaryimage"},"thumbnailUrl":"https:\/\/ifamnews.com\/wp-content\/uploads\/2023\/06\/Familie-scaled.jpg","datePublished":"2023-07-06T06:00:00+00:00","description":"Seit letztem Jahr ist der Prozentsatz der Amerikaner, die Abtreibung f\u00fcr 'moralisch falsch' halten, von 38% auf 41% gestiegen.","breadcrumb":{"@id":"https:\/\/ifamnews.com\/de\/umfrage-unterst-tzung-f-r-das-leben-in-den-usa-w-chst#breadcrumb"},"inLanguage":"de","potentialAction":[{"@type":"ReadAction","target":["https:\/\/ifamnews.com\/de\/umfrage-unterst-tzung-f-r-das-leben-in-den-usa-w-chst"]}]},{"@type":"ImageObject","inLanguage":"de","@id":"https:\/\/ifamnews.com\/de\/umfrage-unterst-tzung-f-r-das-leben-in-den-usa-w-chst#primaryimage","url":"https:\/\/ifamnews.com\/wp-content\/uploads\/2023\/06\/Familie-scaled.jpg","contentUrl":"https:\/\/ifamnews.com\/wp-content\/uploads\/2023\/06\/Familie-scaled.jpg","width":2560,"height":1385,"caption":"Bild: Ascension Press"},{"@type":"BreadcrumbList","@id":"https:\/\/ifamnews.com\/de\/umfrage-unterst-tzung-f-r-das-leben-in-den-usa-w-chst#breadcrumb","itemListElement":[{"@type":"ListItem","position":1,"name":"Home","item":"https:\/\/ifamnews.com\/de"},{"@type":"ListItem","position":2,"name":"Life","item":"https:\/\/ifamnews.com\/en\/category\/life"},{"@type":"ListItem","position":3,"name":"Umfrage: Unterst\u00fctzung f\u00fcr das Leben in den USA w\u00e4chst"}]},{"@type":"WebSite","@id":"https:\/\/ifamnews.com\/en\/#website","url":"https:\/\/ifamnews.com\/en\/","name":"IFN","description":"International Family News Network","publisher":{"@id":"https:\/\/ifamnews.com\/en\/#organization"},"potentialAction":[{"@type":"SearchAction","target":{"@type":"EntryPoint","urlTemplate":"https:\/\/ifamnews.com\/en\/?s={search_term_string}"},"query-input":{"@type":"PropertyValueSpecification","valueRequired":true,"valueName":"search_term_string"}}],"inLanguage":"de"},{"@type":"Organization","@id":"https:\/\/ifamnews.com\/en\/#organization","name":"iFamNews","url":"https:\/\/ifamnews.com\/en\/","logo":{"@type":"ImageObject","inLanguage":"de","@id":"https:\/\/ifamnews.com\/en\/#\/schema\/logo\/image\/","url":"https:\/\/ifamnews.com\/wp-content\/uploads\/2020\/01\/Share-logo.png","contentUrl":"https:\/\/ifamnews.com\/wp-content\/uploads\/2020\/01\/Share-logo.png","width":200,"height":200,"caption":"iFamNews"},"image":{"@id":"https:\/\/ifamnews.com\/en\/#\/schema\/logo\/image\/"},"sameAs":["https:\/\/www.facebook.com\/iFamNews","https:\/\/x.com\/iFamNewsEN"]},{"@type":"Person","@id":"https:\/\/ifamnews.com\/en\/#\/schema\/person\/bed5b7c6161f317421caa94dc3be6a53","name":"Luca Volont\u00e8","image":{"@type":"ImageObject","inLanguage":"de","@id":"https:\/\/secure.gravatar.com\/avatar\/354ed6bca06f9968278e6eb25fa8a123306c69f5c50f711836cf12e6c8ecbbf6?s=96&d=mm&r=g","url":"https:\/\/secure.gravatar.com\/avatar\/354ed6bca06f9968278e6eb25fa8a123306c69f5c50f711836cf12e6c8ecbbf6?s=96&d=mm&r=g","contentUrl":"https:\/\/secure.gravatar.com\/avatar\/354ed6bca06f9968278e6eb25fa8a123306c69f5c50f711836cf12e6c8ecbbf6?s=96&d=mm&r=g","caption":"Luca Volont\u00e8"},"description":"Luca Volont\u00e8 was an Italian parliamentarian from 1996 to 2013, and served as president of the PPE-CD at the Assembly of the Council of Europe. Publicly engaged for decades in the promotion of life, family and religious and educational freedom, Luca\u00a0 has served as a board member for various international organizations promoting Christian values and human rights, including his current role as a board member of the International Organization for the Family. He has authored books and essays for the Novae Terrae series by the publisher Rubbettino; he has been a correspondent for several Italian newspapers, and currently collaborates with La nuova Bussola Quotidiana, an online newspaper. He is a also a great bicycle enthusiast.","sameAs":["https:\/\/facebook.com\/lvolonte1","https:\/\/x.com\/https:\/\/twitter.com\/l_volonte"],"url":"https:\/\/ifamnews.com\/de\/author\/lvolonte"}]}},"amp_enabled":true,"_links":{"self":[{"href":"https:\/\/ifamnews.com\/de\/wp-json\/wp\/v2\/posts\/200834","targetHints":{"allow":["GET"]}}],"collection":[{"href":"https:\/\/ifamnews.com\/de\/wp-json\/wp\/v2\/posts"}],"about":[{"href":"https:\/\/ifamnews.com\/de\/wp-json\/wp\/v2\/types\/post"}],"author":[{"embeddable":true,"href":"https:\/\/ifamnews.com\/de\/wp-json\/wp\/v2\/users\/54"}],"replies":[{"embeddable":true,"href":"https:\/\/ifamnews.com\/de\/wp-json\/wp\/v2\/comments?post=200834"}],"version-history":[{"count":3,"href":"https:\/\/ifamnews.com\/de\/wp-json\/wp\/v2\/posts\/200834\/revisions"}],"predecessor-version":[{"id":203080,"href":"https:\/\/ifamnews.com\/de\/wp-json\/wp\/v2\/posts\/200834\/revisions\/203080"}],"wp:featuredmedia":[{"embeddable":true,"href":"https:\/\/ifamnews.com\/de\/wp-json\/wp\/v2\/media\/203071"}],"wp:attachment":[{"href":"https:\/\/ifamnews.com\/de\/wp-json\/wp\/v2\/media?parent=200834"}],"wp:term":[{"taxonomy":"category","embeddable":true,"href":"https:\/\/ifamnews.com\/de\/wp-json\/wp\/v2\/categories?post=200834"},{"taxonomy":"post_tag","embeddable":true,"href":"https:\/\/ifamnews.com\/de\/wp-json\/wp\/v2\/tags?post=200834"}],"curies":[{"name":"wp","href":"https:\/\/api.w.org\/{rel}","templated":true}]}}