{"id":199831,"date":"2023-06-20T05:36:10","date_gmt":"2023-06-20T09:36:10","guid":{"rendered":"https:\/\/ifamnews.com\/?p=199831"},"modified":"2023-06-20T05:36:13","modified_gmt":"2023-06-20T09:36:13","slug":"ein-hoch-auf-die-m-rtyrer","status":"publish","type":"post","link":"https:\/\/ifamnews.com\/de\/ein-hoch-auf-die-m-rtyrer","title":{"rendered":"Ein Hoch auf die M\u00e4rtyrer!"},"content":{"rendered":"\n<p>&#8222;Das Blut der M\u00e4rtyrer ist der Same der Kirche&#8220;, erkl\u00e4rte der gro\u00dfe christliche Theologe Tertullian im dritten Jahrhundert n. Chr. Als das R\u00f6mische Reich immer mehr Christen zu M\u00e4rtyrern machte, die sich weigerten, ihren Glauben zu verleugnen, wuchs die Zahl der Kirche exponentiell. Wie konnte das passieren? Wenn jemand bereit ist, lieber den Tod zu erleiden, als auf etwas zu verzichten, an das er glaubt, ermutigt das die Zuschauer, weiter zu untersuchen, woran der Sterbende glaubt. Wenn der Mann einer L\u00fcge folgte, warum bestraften die Beh\u00f6rden ihn dann so hart? Und wer w\u00e4re schon bereit, f\u00fcr eine L\u00fcge zu sterben? Vielleicht sind diese Christen an etwas dran&#8230; Tats\u00e4chlich war es das Zeugnis der M\u00e4rtyrer, das dazu beitrug, dass der gro\u00dfe Apologet des zweiten Jahrhunderts, Justin Martyr, unter anderem Christ wurde.<\/p>\n\n\n\n<p>Was f\u00fcr die Kirche in den Tagen des R\u00f6mischen Reiches galt, kann auch f\u00fcr uns gelten, die wir gegen das wache Reich von heute k\u00e4mpfen. Die Verfechter der politischen Korrektheit und der Weltoffenheit fordern heute das Blut von jedem, der auch nur im Geringsten von ihren falschen Lehren abweicht. Warum? Denn sie wissen im Grunde ihres Herzens, dass ihre Ideologie ein Kartenhaus ist, das einst\u00fcrzen wird, wenn auch nur ein bisschen Wahrheit auf dem \u00f6ffentlichen Platz ausgesprochen werden darf. Ihre Ideologie kann dem Zeugnis der Wahrheit einfach nicht standhalten.<\/p>\n\n\n\n<p>In der Tat leben wir heute im Westen in einer Zeit, die an das Leben unter dem Kommunismus in Osteuropa im letzten Jahrhundert erinnert, wo die Regierung und ihre Verb\u00fcndeten in der Wirtschaft, den Medien, den Handelsverb\u00e4nden und der Wissenschaft jedes Wort der Wahrheit, das der offiziellen Regierungslinie widerspricht, hart bestrafen w\u00fcrden. Wer es wagte, die Wahrheit zu verteidigen und sich den L\u00fcgen der kommunistischen Regime zu widersetzen, konnte unter anderem gefeuert, nicht bef\u00f6rdert, verhaftet, eingesperrt und zu einer &#8222;Umerziehungsma\u00dfnahme&#8220; gezwungen werden.<\/p>\n\n\n\n<p>Wie unterscheidet sich diese Behandlung von dem, was heute geschieht, wenn man es wagt, die Wahrheit zu sagen und sich den L\u00fcgen der radikalen LGBT-Bewegung, der radikalen Umweltbewegung oder jeder anderen radikalen Bewegung entgegenzustellen, die von wachen Ideologen unterst\u00fctzt wird? Schauen Sie sich nur zwei aktuelle F\u00e4lle an. Betrachten wir zun\u00e4chst Pr\u00e4sident Trump. Weil er es wagt, die Wahrheit zu sagen, wurde Pr\u00e4sident Trump sowohl von einem korrupten Staatsanwalt als auch von einem korrupten US-Justizministerium angeklagt, war Gegenstand anderer unseri\u00f6ser staatlicher Ermittlungen und Klagen, wurde in den sozialen Medien gesperrt und seine Markenartikel wurden aus den Gesch\u00e4ften entfernt, um nur einige Beispiele zu nennen. Nachdem Bass ein Video ver\u00f6ffentlicht hatte, in dem er den Boykott von Target und Bud Light unterst\u00fctzte, weil diese die radikale LGBT-Agenda und die Korruption von Kindern bef\u00fcrworten, wurde die Linke sofort auf ihn aufmerksam. Sie zwangen Bass, sich auf Knien zu entschuldigen und ein &#8222;Sensibilit\u00e4tstraining&#8220; zu absolvieren. Und selbst nachdem er diese Dinge getan hatte, feuerten ihn die wachen Toronto Blue Jays immer noch.<\/p>\n\n\n\n<p>In seinem Buch <em>Live Not by Lies<\/em> sagt Rod Dreher, dass Christen und andere Menschen, die sich weigern, die L\u00fcgen der Linken zu akzeptieren, viel von den osteurop\u00e4ischen Dissidenten von vor f\u00fcnfzig Jahren lernen k\u00f6nnen, die sich dem Kommunismus widersetzten. Erstens hielten diese Dissidenten unersch\u00fctterlich an der Wahrheit fest; sie wussten, dass sowohl die Vernunft als auch die westliche Zivilisation davon abhingen. Zweitens, und das ist ebenso wichtig, waren sie bereit, die Konsequenzen zu tragen, wenn sie die Wahrheit sagten. Und durch diese beiden Dinge konnten diese osteurop\u00e4ischen Dissidenten 1989-91 das sowjetische Imperium des B\u00f6sen zu Fall bringen, was nur wenige Jahre zuvor niemand f\u00fcr m\u00f6glich gehalten hatte. Dreher sagt, dass wir heute das Gleiche tun m\u00fcssen, d.h. furchtlos die Wahrheit sagen und leben und dann bereit sein, daf\u00fcr zu leiden. Und wenn sich die Zahl der M\u00e4rtyrer, die f\u00fcr die Wahrheit bestraft werden, erh\u00f6ht, werden unsere Reihen exponentiell wachsen, und wir k\u00f6nnten das Woke Evil Empire von heute st\u00fcrzen.<\/p>\n\n\n\n<p>Die Wahrheit ist attraktiv, und nichts zwingt die Menschen so sehr dazu, sich mit ihr auseinanderzusetzen wie das Zeugnis der M\u00e4rtyrer. Lasst uns also Hymnen singen, bevor sich die wachen L\u00f6wen n\u00e4hern, denn wir wissen, dass unser Zeugnis f\u00fcr die Wahrheit am Ende \u00fcber den Westen siegen wird. Bleibt standhaft, M\u00e4nner und Frauen des Westens! Der Sieg wird unser sein, wenn wir nur den Mut haben&#8230;.<\/p>\n\n\n\n<p>Bild: <em>Das letzte Gebet der christlichen M\u00e4rtyrer<\/em>, von <a href=\"https:\/\/en.wikipedia.org\/wiki\/Jean-L%C3%A9on_G%C3%A9r%C3%B4me\" target=\"_blank\" rel=\"noreferrer noopener\">Jean-L\u00e9on G\u00e9r\u00f4me<\/a> (1883)<\/p>\n","protected":false},"excerpt":{"rendered":"<p>Die Wahrheit ist attraktiv und nichts zwingt die Menschen so sehr, sich mit ihr auseinanderzusetzen wie das Zeugnis der M\u00e4rtyrer.<\/p>\n","protected":false},"author":1070,"featured_media":198855,"comment_status":"open","ping_status":"open","sticky":false,"template":"","format":"standard","meta":{"give_campaign_id":0,"om_disable_all_campaigns":false,"_monsterinsights_skip_tracking":false,"_monsterinsights_sitenote_active":false,"_monsterinsights_sitenote_note":"","_monsterinsights_sitenote_category":0,"mc4wp_mailchimp_campaign":[],"jnews-multi-image_gallery":[],"jnews_single_post":{"subtitle":"Die Wahrheit ist attraktiv, und nichts zwingt die Menschen so sehr dazu, sich mit ihr auseinanderzusetzen wie das Zeugnis der M\u00e4rtyrer","format":"standard","video":"","gallery":"","source_name":"","source_url":"","via_name":"","via_url":"","override_template":"0","override":[{"template":"2","single_blog_custom":"","parallax":"1","fullscreen":"1","layout":"right-sidebar-narrow","sidebar":"default-sidebar","second_sidebar":"default-sidebar","sticky_sidebar":"1","share_position":"float","share_float_style":"share-normal","show_share_counter":"1","show_view_counter":"1","show_featured":"1","show_post_meta":"1","show_post_author":"1","show_post_author_image":"1","show_post_date":"1","post_date_format":"default","post_date_format_custom":"Y\/m\/d","show_post_category":"1","show_post_reading_time":"1","post_reading_time_wpm":"300","show_zoom_button":"0","zoom_button_out_step":"2","zoom_button_in_step":"3","show_post_tag":"1","show_prev_next_post":"0","show_popup_post":"0","number_popup_post":"1","show_author_box":"1","show_post_related":"0","show_inline_post_related":"0"}],"override_image_size":"0","image_override":[{"single_post_thumbnail_size":"crop-715","single_post_gallery_size":"crop-715"}],"trending_post":"0","trending_post_position":"meta","trending_post_label":"Trending","sponsored_post":"0","sponsored_post_label":"Sponsored by","sponsored_post_name":"","sponsored_post_url":"","sponsored_post_logo_enable":"0","sponsored_post_logo":"","sponsored_post_desc":"","disable_ad":"0"},"jnews_primary_category":{"id":"768","hide":""},"jnews_social_meta":{"fb_title":"","fb_description":"","fb_image":"","twitter_title":"","twitter_description":"","twitter_image":""},"jnews_override_counter":{"override_view_counter":"0","view_counter_number":"0","override_share_counter":"0","share_counter_number":"0","override_like_counter":"0","like_counter_number":"0","override_dislike_counter":"0","dislike_counter_number":"0"},"footnotes":""},"categories":[816,511,768,811],"tags":[17871,26838,6941,26826,26837,18472],"class_list":["post-199831","post","type-post","status-publish","format-standard","has-post-thumbnail","hentry","category-breaking-news-de","category-culture","category-politik","category-foreground-de","tag-environmentalism-2","tag-justin-martyrer","tag-lgbt-ideologie","tag-rod-dreher-de","tag-tertullian-de","tag-umweltbewusstsein"],"yoast_head":"<!-- This site is optimized with the Yoast SEO Premium plugin v25.9 (Yoast SEO v27.3) - https:\/\/yoast.com\/product\/yoast-seo-premium-wordpress\/ -->\n<title>Ein Hoch auf die M\u00e4rtyrer! - IFN<\/title>\n<meta name=\"description\" content=\"Die Wahrheit ist attraktiv und nichts zwingt die Menschen so sehr, sich mit ihr auseinanderzusetzen wie das Zeugnis der M\u00e4rtyrer.\" \/>\n<meta name=\"robots\" content=\"index, follow, max-snippet:-1, max-image-preview:large, max-video-preview:-1\" \/>\n<link rel=\"canonical\" href=\"https:\/\/ifamnews.com\/de\/ein-hoch-auf-die-m-rtyrer\" \/>\n<meta property=\"og:locale\" content=\"de_DE\" \/>\n<meta property=\"og:type\" content=\"article\" \/>\n<meta property=\"og:title\" content=\"Ein Hoch auf die M\u00e4rtyrer!\" \/>\n<meta property=\"og:description\" content=\"Die Wahrheit ist attraktiv und nichts zwingt die Menschen so sehr, sich mit ihr auseinanderzusetzen wie das Zeugnis der M\u00e4rtyrer.\" \/>\n<meta property=\"og:url\" content=\"https:\/\/ifamnews.com\/de\/ein-hoch-auf-die-m-rtyrer\" \/>\n<meta property=\"og:site_name\" content=\"IFN\" \/>\n<meta property=\"article:publisher\" content=\"https:\/\/www.facebook.com\/iFamNews\" \/>\n<meta property=\"article:published_time\" content=\"2023-06-20T09:36:10+00:00\" \/>\n<meta property=\"article:modified_time\" content=\"2023-06-20T09:36:13+00:00\" \/>\n<meta property=\"og:image\" content=\"https:\/\/ifamnews.com\/wp-content\/uploads\/2023\/06\/Martyrs.jpg\" \/>\n\t<meta property=\"og:image:width\" content=\"1800\" \/>\n\t<meta property=\"og:image:height\" content=\"1050\" \/>\n\t<meta property=\"og:image:type\" content=\"image\/jpeg\" \/>\n<meta name=\"author\" content=\"Robert Siedlecki\" \/>\n<meta name=\"twitter:card\" content=\"summary_large_image\" \/>\n<meta name=\"twitter:creator\" content=\"@jkiprijanovic@ifamnews.com\" \/>\n<meta name=\"twitter:site\" content=\"@iFamNewsEN\" \/>\n<meta name=\"twitter:label1\" content=\"Verfasst von\" \/>\n\t<meta name=\"twitter:data1\" content=\"Robert Siedlecki\" \/>\n\t<meta name=\"twitter:label2\" content=\"Gesch\u00e4tzte Lesezeit\" \/>\n\t<meta name=\"twitter:data2\" content=\"4\u00a0Minuten\" \/>\n<!-- \/ Yoast SEO Premium plugin. -->","yoast_head_json":{"title":"Ein Hoch auf die M\u00e4rtyrer! - IFN","description":"Die Wahrheit ist attraktiv und nichts zwingt die Menschen so sehr, sich mit ihr auseinanderzusetzen wie das Zeugnis der M\u00e4rtyrer.","robots":{"index":"index","follow":"follow","max-snippet":"max-snippet:-1","max-image-preview":"max-image-preview:large","max-video-preview":"max-video-preview:-1"},"canonical":"https:\/\/ifamnews.com\/de\/ein-hoch-auf-die-m-rtyrer","og_locale":"de_DE","og_type":"article","og_title":"Ein Hoch auf die M\u00e4rtyrer!","og_description":"Die Wahrheit ist attraktiv und nichts zwingt die Menschen so sehr, sich mit ihr auseinanderzusetzen wie das Zeugnis der M\u00e4rtyrer.","og_url":"https:\/\/ifamnews.com\/de\/ein-hoch-auf-die-m-rtyrer","og_site_name":"IFN","article_publisher":"https:\/\/www.facebook.com\/iFamNews","article_published_time":"2023-06-20T09:36:10+00:00","article_modified_time":"2023-06-20T09:36:13+00:00","og_image":[{"width":1800,"height":1050,"url":"https:\/\/ifamnews.com\/wp-content\/uploads\/2023\/06\/Martyrs.jpg","type":"image\/jpeg"}],"author":"Robert Siedlecki","twitter_card":"summary_large_image","twitter_creator":"@jkiprijanovic@ifamnews.com","twitter_site":"@iFamNewsEN","twitter_misc":{"Verfasst von":"Robert Siedlecki","Gesch\u00e4tzte Lesezeit":"4\u00a0Minuten"},"schema":{"@context":"https:\/\/schema.org","@graph":[{"@type":"NewsArticle","@id":"https:\/\/ifamnews.com\/de\/ein-hoch-auf-die-m-rtyrer#article","isPartOf":{"@id":"https:\/\/ifamnews.com\/de\/ein-hoch-auf-die-m-rtyrer"},"author":{"name":"Robert Siedlecki","@id":"https:\/\/ifamnews.com\/en\/#\/schema\/person\/7eb02d02783f902fc6b6bfd9c1f783a8"},"headline":"Ein Hoch auf die M\u00e4rtyrer!","datePublished":"2023-06-20T09:36:10+00:00","dateModified":"2023-06-20T09:36:13+00:00","mainEntityOfPage":{"@id":"https:\/\/ifamnews.com\/de\/ein-hoch-auf-die-m-rtyrer"},"wordCount":774,"commentCount":0,"publisher":{"@id":"https:\/\/ifamnews.com\/en\/#organization"},"image":{"@id":"https:\/\/ifamnews.com\/de\/ein-hoch-auf-die-m-rtyrer#primaryimage"},"thumbnailUrl":"https:\/\/ifamnews.com\/wp-content\/uploads\/2023\/06\/Martyrs.jpg","keywords":["Environmentalism","Justin M\u00e4rtyrer","LGBT-Ideologie","Rod Dreher","Tertullian","Umweltbewusstsein"],"articleSection":["Breaking News","Culture","Politik","Vordergrund"],"inLanguage":"de","potentialAction":[{"@type":"CommentAction","name":"Comment","target":["https:\/\/ifamnews.com\/de\/ein-hoch-auf-die-m-rtyrer#respond"]}]},{"@type":"WebPage","@id":"https:\/\/ifamnews.com\/de\/ein-hoch-auf-die-m-rtyrer","url":"https:\/\/ifamnews.com\/de\/ein-hoch-auf-die-m-rtyrer","name":"Ein Hoch auf die M\u00e4rtyrer! - IFN","isPartOf":{"@id":"https:\/\/ifamnews.com\/en\/#website"},"primaryImageOfPage":{"@id":"https:\/\/ifamnews.com\/de\/ein-hoch-auf-die-m-rtyrer#primaryimage"},"image":{"@id":"https:\/\/ifamnews.com\/de\/ein-hoch-auf-die-m-rtyrer#primaryimage"},"thumbnailUrl":"https:\/\/ifamnews.com\/wp-content\/uploads\/2023\/06\/Martyrs.jpg","datePublished":"2023-06-20T09:36:10+00:00","dateModified":"2023-06-20T09:36:13+00:00","description":"Die Wahrheit ist attraktiv und nichts zwingt die Menschen so sehr, sich mit ihr auseinanderzusetzen wie das Zeugnis der M\u00e4rtyrer.","breadcrumb":{"@id":"https:\/\/ifamnews.com\/de\/ein-hoch-auf-die-m-rtyrer#breadcrumb"},"inLanguage":"de","potentialAction":[{"@type":"ReadAction","target":["https:\/\/ifamnews.com\/de\/ein-hoch-auf-die-m-rtyrer"]}]},{"@type":"ImageObject","inLanguage":"de","@id":"https:\/\/ifamnews.com\/de\/ein-hoch-auf-die-m-rtyrer#primaryimage","url":"https:\/\/ifamnews.com\/wp-content\/uploads\/2023\/06\/Martyrs.jpg","contentUrl":"https:\/\/ifamnews.com\/wp-content\/uploads\/2023\/06\/Martyrs.jpg","width":1800,"height":1050},{"@type":"BreadcrumbList","@id":"https:\/\/ifamnews.com\/de\/ein-hoch-auf-die-m-rtyrer#breadcrumb","itemListElement":[{"@type":"ListItem","position":1,"name":"Home","item":"https:\/\/ifamnews.com\/de"},{"@type":"ListItem","position":2,"name":"\u041a\u0443\u043b\u0442\u0443\u0440\u0430","item":"https:\/\/ifamnews.com\/sr\/kategorija\/kultura-sr"},{"@type":"ListItem","position":3,"name":"Ein Hoch auf die M\u00e4rtyrer!"}]},{"@type":"WebSite","@id":"https:\/\/ifamnews.com\/en\/#website","url":"https:\/\/ifamnews.com\/en\/","name":"IFN","description":"International Family News Network","publisher":{"@id":"https:\/\/ifamnews.com\/en\/#organization"},"potentialAction":[{"@type":"SearchAction","target":{"@type":"EntryPoint","urlTemplate":"https:\/\/ifamnews.com\/en\/?s={search_term_string}"},"query-input":{"@type":"PropertyValueSpecification","valueRequired":true,"valueName":"search_term_string"}}],"inLanguage":"de"},{"@type":"Organization","@id":"https:\/\/ifamnews.com\/en\/#organization","name":"iFamNews","url":"https:\/\/ifamnews.com\/en\/","logo":{"@type":"ImageObject","inLanguage":"de","@id":"https:\/\/ifamnews.com\/en\/#\/schema\/logo\/image\/","url":"https:\/\/ifamnews.com\/wp-content\/uploads\/2020\/01\/Share-logo.png","contentUrl":"https:\/\/ifamnews.com\/wp-content\/uploads\/2020\/01\/Share-logo.png","width":200,"height":200,"caption":"iFamNews"},"image":{"@id":"https:\/\/ifamnews.com\/en\/#\/schema\/logo\/image\/"},"sameAs":["https:\/\/www.facebook.com\/iFamNews","https:\/\/x.com\/iFamNewsEN"]},{"@type":"Person","@id":"https:\/\/ifamnews.com\/en\/#\/schema\/person\/7eb02d02783f902fc6b6bfd9c1f783a8","name":"Robert Siedlecki","image":{"@type":"ImageObject","inLanguage":"de","@id":"https:\/\/secure.gravatar.com\/avatar\/8f309f6a58da0bc4e5e4b71aafd957cbd76aa73c6cd517886f67eaf7401da29c?s=96&d=mm&r=g","url":"https:\/\/secure.gravatar.com\/avatar\/8f309f6a58da0bc4e5e4b71aafd957cbd76aa73c6cd517886f67eaf7401da29c?s=96&d=mm&r=g","contentUrl":"https:\/\/secure.gravatar.com\/avatar\/8f309f6a58da0bc4e5e4b71aafd957cbd76aa73c6cd517886f67eaf7401da29c?s=96&d=mm&r=g","caption":"Robert Siedlecki"},"description":"Robert Siedlecki","sameAs":["https:\/\/x.com\/jkiprijanovic@ifamnews.com"],"url":"https:\/\/ifamnews.com\/de\/author\/robsiedlecki"}]}},"amp_enabled":true,"_links":{"self":[{"href":"https:\/\/ifamnews.com\/de\/wp-json\/wp\/v2\/posts\/199831","targetHints":{"allow":["GET"]}}],"collection":[{"href":"https:\/\/ifamnews.com\/de\/wp-json\/wp\/v2\/posts"}],"about":[{"href":"https:\/\/ifamnews.com\/de\/wp-json\/wp\/v2\/types\/post"}],"author":[{"embeddable":true,"href":"https:\/\/ifamnews.com\/de\/wp-json\/wp\/v2\/users\/1070"}],"replies":[{"embeddable":true,"href":"https:\/\/ifamnews.com\/de\/wp-json\/wp\/v2\/comments?post=199831"}],"version-history":[{"count":2,"href":"https:\/\/ifamnews.com\/de\/wp-json\/wp\/v2\/posts\/199831\/revisions"}],"predecessor-version":[{"id":200129,"href":"https:\/\/ifamnews.com\/de\/wp-json\/wp\/v2\/posts\/199831\/revisions\/200129"}],"wp:featuredmedia":[{"embeddable":true,"href":"https:\/\/ifamnews.com\/de\/wp-json\/wp\/v2\/media\/198855"}],"wp:attachment":[{"href":"https:\/\/ifamnews.com\/de\/wp-json\/wp\/v2\/media?parent=199831"}],"wp:term":[{"taxonomy":"category","embeddable":true,"href":"https:\/\/ifamnews.com\/de\/wp-json\/wp\/v2\/categories?post=199831"},{"taxonomy":"post_tag","embeddable":true,"href":"https:\/\/ifamnews.com\/de\/wp-json\/wp\/v2\/tags?post=199831"}],"curies":[{"name":"wp","href":"https:\/\/api.w.org\/{rel}","templated":true}]}}