{"id":199802,"date":"2023-06-29T01:30:00","date_gmt":"2023-06-29T05:30:00","guid":{"rendered":"https:\/\/ifamnews.com\/?p=199802"},"modified":"2023-06-22T04:56:11","modified_gmt":"2023-06-22T08:56:11","slug":"eine-gesunde-ehe-f-hrt-zu-einer-gesunden-gesellschaft-und-nicht-andersherum","status":"publish","type":"post","link":"https:\/\/ifamnews.com\/de\/eine-gesunde-ehe-f-hrt-zu-einer-gesunden-gesellschaft-und-nicht-andersherum","title":{"rendered":"Eine gesunde Ehe f\u00fchrt zu einer gesunden Gesellschaft&#8230; und nicht andersherum!"},"content":{"rendered":"\n<p><a href=\"http:\/\/www.linkedin.com\/in\/tom%C3%A1s-melendo-granados-04750a234\"><\/a>&#8222;Wie die Familie, so die Gesellschaft, denn so ist der Mensch&#8220; (Johannes Paul II.).<\/p>\n\n\n\n<p>Die Beziehung zwischen Familie und Gesellschaft ist ein fester Bestandteil der menschlichen Geschichte. Das Neue an Johannes Paul II. ist die Feststellung, dass der wichtigste Einfluss derjenige ist, den <strong>die Familie auf die Gesellschaft<\/strong> aus\u00fcbt &#8211; und aus\u00fcben sollte -, und nicht umgekehrt.<\/p>\n\n\n\n<p>Der Mensch wird in der Tat Tag f\u00fcr Tag in der Familie geschaffen und &#8222;umgestaltet&#8220;.<\/p>\n\n\n\n<p>Das Leben geht von innen nach au\u00dfen: In jeder Ehe wird die gesamte Menschheit neu geboren.  <\/p>\n\n\n\n<p>Die Frage lautet also <strong>nicht<\/strong>: &#8222;Was sollte die Gesellschaft tun &#8211; was sollte ich in der Gesellschaft tun, wenn Sie so wollen -, um die Familie und meine Familie zu verbessern&#8220;, sondern <strong>: &#8222;Was sollte ich in meiner Familie tun, um die Gesellschaft als Ganzes zu verbessern&#8220;<\/strong>.<\/p>\n\n\n\n<p>Die Familie sollte sich nicht in die Defensive begeben und Schaden von au\u00dfen abwenden. Wir brauchen heute <strong>&#8222;freundlich-aggressive&#8220;<\/strong>Familien <strong><em>. <\/em><\/strong>Die Familie, Ihre Familie, hat eine Menge zu bieten. Sie muss das Einzige vorschlagen, was wirklich z\u00e4hlt: die Liebe.<strong><em> <\/em><\/strong><\/p>\n\n\n\n<p><strong>Die Frage ist nicht, was die Gesellschaft f\u00fcr die Familie tun sollte, sondern was ich in meiner Familie tun sollte, um die Gesellschaft zu verbessern.<\/strong><\/p>\n\n\n\n<h2 class=\"wp-block-heading\" id=\"h-el-enemigo-numero-uno\">Feind Nummer eins  <\/h2>\n\n\n\n<p>Wie Chesterton uns daran erinnerte, &#8222;ist der Hauptfeind der Familie <strong>nicht<\/strong> <strong>im Au\u00dfen<\/strong> zu suchen <strong>,<\/strong> in diesen gewaltigen und \u00fcberm\u00e4chtigen Kr\u00e4ften, die ganze Gesellschaften zu Fall bringen [&#8230;]. Der <strong>Feind der Liebe und der Familie ist man selbst<\/strong> [&#8230;]. Es ist das &#8222;Ich&#8220;, das sich in seiner egoistischen Feigheit unf\u00e4hig zeigt, das wunderbare Szenario des Hauses mit seiner epischen, tragischen und komischen kompositorischen Gr\u00f6\u00dfe zu akzeptieren&#8230;, in dem jeder Mensch die Hauptrolle spielen kann!&#8220;<\/p>\n\n\n\n<p>Ich \u00fcbersetze: <strong>der gr\u00f6\u00dfte Feind meiner Familie bin ich,<\/strong> Tom\u00e1s Melendo, mit meinen 71 Jahren, jedes Mal, wenn ich den Tag <strong>nicht<\/strong> <strong>mit der Illusion<\/strong> beginne <strong>, den Tag mit mehr Liebe zu Lourdes, meiner Frau, zu beenden<\/strong>.<\/p>\n\n\n\n<p>\u00dcbersetzen Sie auch sich selbst, mit den Eigennamen Ihrer Ehe: Ihre und die Ihres Ehepartners. Und \u00fcbernehmen Sie mit Freude Ihre Verantwortung.<\/p>\n\n\n\n<h2 class=\"wp-block-heading\" id=\"h-mi-matrimonio-la-humanidad-mi-matrimonio\">Meine Ehe, die Menschheit, meine Ehe<\/h2>\n\n\n\n<p><strong>&#8222;Das ganze<\/strong> gro\u00dfe Netz menschlicher Beziehungen entsteht und erneuert sich st\u00e4ndig aus der Beziehung, in der ein Mann und eine Frau erkennen, dass sie f\u00fcreinander geschaffen sind, und sich entschlie\u00dfen, ihr Leben in einem einzigen Lebensprojekt zu vereinen&#8220; (Johannes Paul II.).<\/p>\n\n\n\n<p><strong>Man beachte die Unterstreichung<\/strong>, die aus dem Original stammt: Die Qualit\u00e4t des <strong>gesamten <\/strong>gro\u00dfen Netzes menschlicher Beziehungen &#8211; des <strong>gesamten Netzes &#8211; <\/strong>h\u00e4ngt von der Beziehung ab, die Sie und ich in unserer Ehe eingehen.<\/p>\n\n\n\n<p>Das ist es, was Johannes Paul II. unmissverst\u00e4ndlich bekr\u00e4ftigt.<\/p>\n\n\n\n<p>\u00dcbertreibung?  <\/p>\n\n\n\n<p>Denken Sie mit mir.  <\/p>\n\n\n\n<ol class=\"wp-block-list\">\n<li>Die Qualit\u00e4t jeder zwischenmenschlichen Beziehung (famili\u00e4r, sozial, freundschaftlich, beruflich, gesch\u00e4ftlich, egal!) h\u00e4ngt von der  <strong>echte Liebe<\/strong>  Das Ziel ist nicht Sentimentalit\u00e4t oder Schulterklopfen, H\u00e4ndesch\u00fctteln oder Umarmungen oder Feiern und Z\u00e4rtlichkeiten, sondern ein echtes und wirksames Engagement f\u00fcr  <strong>wollen und suchen  <\/strong>so effektiv wie m\u00f6glich<strong>  das Gute<\/strong>  der Person oder der Personen, mit denen ich zu tun habe.<\/li>\n\n\n\n<li>Mit anderen Worten: Die Qualit\u00e4t jeder menschlichen Beziehung, aller menschlichen Beziehungen, h\u00e4ngt von der <strong>wahren Liebe<\/strong> ab, die in ihr schwingt.  <\/li>\n\n\n\n<li>Und die einzige &#8222;Institution&#8220;, die geschaffen wurde, um Liebe hervorzubringen und zu f\u00f6rdern, ist die Ehe (und alles, was sich daraus ableitet).<\/li>\n\n\n\n<li>Ergo&#8230;<\/li>\n<\/ol>\n\n\n\n<p><strong><em>Die Qualit\u00e4t aller menschlichen Beziehungen h\u00e4ngt von der Beziehung ab, die Sie und ich in unserer Ehe eingehen.<\/em><\/strong><\/p>\n\n\n\n<h2 class=\"wp-block-heading\" id=\"h-nada-menos\">Nicht weniger!<\/h2>\n\n\n\n<p><strong>Deshalb<\/strong> &#8222;, so Johannes Paul II. weiter, &#8222;wird ein Mann Vater und Mutter verlassen und sich an seine Frau binden, und die beiden werden ein Fleisch werden&#8220;.<\/p>\n\n\n\n<p>Warum ist das so, warum? Weil das <strong>ganze <\/strong>gro\u00dfe Netz der menschlichen Beziehungen&#8230; <strong>das ganze Netz!<\/strong><\/p>\n\n\n\n<p><strong>Jede Ehe,<\/strong> Ihre und meine, hat eine Tragweite, eine <strong>universelle<\/strong> Dimension <strong>:<\/strong> die Gesundheit der Menschheit steht auf dem Spiel. Die Qualit\u00e4t aller zwischenmenschlichen Beziehungen h\u00e4ngt davon ab, was Sie und ich in unserer Ehe tun, Minute f\u00fcr Minute, Tag f\u00fcr Tag, Detail f\u00fcr Detail.<\/p>\n\n\n\n<p>Die Erziehung der Kinder zum Beispiel leitet sich unmittelbar aus der ehelichen Liebe ab: Um Kinder zu erziehen, <strong>gen\u00fcgt <\/strong>es, dass die Eheleute einander tief und aufrichtig lieben (was keine Kleinigkeit ist, im Gegenteil).<\/p>\n\n\n\n<p>Fazit: Das <strong>Gr\u00f6\u00dfte, was ich f\u00fcr die Menschheit tun kann, ist, mich in jedem Augenblick &#8211; jetzt &#8211; zu bem\u00fchen, meinen Ehepartner mehr zu lieben<\/strong>.<\/p>\n\n\n\n<p>Und Sie auch.<\/p>\n\n\n\n<p><\/p>\n","protected":false},"excerpt":{"rendered":"<p>Jede Ehe, Ihre und meine, hat eine Tragweite, eine universelle Dimension: die Gesundheit der Menschheit steht auf dem Spiel. Die Qualit\u00e4t aller zwischenmenschlichen Beziehungen h\u00e4ngt davon ab, was Sie und ich in unserer Ehe tun, Minute f\u00fcr Minute, Tag f\u00fcr Tag, Detail f\u00fcr Detail.<\/p>\n","protected":false},"author":1102,"featured_media":197907,"comment_status":"open","ping_status":"open","sticky":false,"template":"","format":"standard","meta":{"give_campaign_id":0,"om_disable_all_campaigns":false,"_monsterinsights_skip_tracking":false,"_monsterinsights_sitenote_active":false,"_monsterinsights_sitenote_note":"","_monsterinsights_sitenote_category":0,"mc4wp_mailchimp_campaign":[],"jnews-multi-image_gallery":[],"jnews_single_post":{"subtitle":"Die Frage ist nicht, was die Gesellschaft f\u00fcr die Familie tun sollte, sondern was ich in meiner Familie tun sollte, um die Gesellschaft zu verbessern.","format":"standard","video":"","gallery":"","source_name":"","source_url":"","via_name":"","via_url":"","override_template":"0","override":[{"template":"2","single_blog_custom":"","parallax":"1","fullscreen":"1","layout":"right-sidebar-narrow","sidebar":"default-sidebar","second_sidebar":"default-sidebar","sticky_sidebar":"1","share_position":"float","share_float_style":"share-normal","show_share_counter":"1","show_view_counter":"1","show_featured":"1","show_post_meta":"1","show_post_author":"1","show_post_author_image":"1","show_post_date":"1","post_date_format":"default","post_date_format_custom":"Y\/m\/d","show_post_category":"1","show_post_reading_time":"1","post_reading_time_wpm":"300","show_zoom_button":"0","zoom_button_out_step":"2","zoom_button_in_step":"3","show_post_tag":"1","show_prev_next_post":"0","show_popup_post":"0","number_popup_post":"1","show_author_box":"1","show_post_related":"0","show_inline_post_related":"0"}],"override_image_size":"0","image_override":[{"single_post_thumbnail_size":"crop-715","single_post_gallery_size":"crop-715"}],"trending_post":"0","trending_post_position":"meta","trending_post_label":"Trending","sponsored_post":"0","sponsored_post_label":"Sponsored by","sponsored_post_name":"","sponsored_post_url":"","sponsored_post_logo_enable":"0","sponsored_post_logo":"","sponsored_post_desc":"","disable_ad":"0"},"jnews_primary_category":{"id":"770","hide":""},"jnews_social_meta":{"fb_title":"","fb_description":"","fb_image":"","twitter_title":"","twitter_description":"","twitter_image":""},"jnews_override_counter":{"override_view_counter":"0","view_counter_number":"0","override_share_counter":"0","share_counter_number":"0","override_like_counter":"0","like_counter_number":"0","override_dislike_counter":"0","dislike_counter_number":"0"},"footnotes":""},"categories":[816,770,811],"tags":[17759,22432,26824,6800],"class_list":["post-199802","post","type-post","status-publish","format-standard","has-post-thumbnail","hentry","category-breaking-news-de","category-familie","category-foreground-de","tag-familie-de","tag-johannes-paul-ii-de","tag-liebe-im-ehebett","tag-marriage-de"],"yoast_head":"<!-- This site is optimized with the Yoast SEO Premium plugin v25.9 (Yoast SEO v27.3) - https:\/\/yoast.com\/product\/yoast-seo-premium-wordpress\/ -->\n<title>Eine gesunde Ehe f\u00fchrt zu einer gesunden Gesellschaft... und nicht andersherum! - IFN<\/title>\n<meta name=\"description\" content=\"Die einzige &quot;Institution&quot;, die geschaffen wurde, um Liebe hervorzubringen und zu f\u00f6rdern, ist die Ehe (und alles, was sich daraus ableitet).\" \/>\n<meta name=\"robots\" content=\"index, follow, max-snippet:-1, max-image-preview:large, max-video-preview:-1\" \/>\n<link rel=\"canonical\" href=\"https:\/\/ifamnews.com\/de\/eine-gesunde-ehe-f-hrt-zu-einer-gesunden-gesellschaft-und-nicht-andersherum\" \/>\n<meta property=\"og:locale\" content=\"de_DE\" \/>\n<meta property=\"og:type\" content=\"article\" \/>\n<meta property=\"og:title\" content=\"Eine gesunde Ehe f\u00fchrt zu einer gesunden Gesellschaft... und nicht andersherum!\" \/>\n<meta property=\"og:description\" content=\"Die einzige &quot;Institution&quot;, die geschaffen wurde, um Liebe hervorzubringen und zu f\u00f6rdern, ist die Ehe (und alles, was sich daraus ableitet).\" \/>\n<meta property=\"og:url\" content=\"https:\/\/ifamnews.com\/de\/eine-gesunde-ehe-f-hrt-zu-einer-gesunden-gesellschaft-und-nicht-andersherum\" \/>\n<meta property=\"og:site_name\" content=\"IFN\" \/>\n<meta property=\"article:publisher\" content=\"https:\/\/www.facebook.com\/iFamNews\" \/>\n<meta property=\"article:author\" content=\"https:\/\/www.facebook.com\/TomasMelendo\" \/>\n<meta property=\"article:published_time\" content=\"2023-06-29T05:30:00+00:00\" \/>\n<meta property=\"og:image\" content=\"https:\/\/ifamnews.com\/wp-content\/uploads\/2023\/06\/image-35.png\" \/>\n\t<meta property=\"og:image:width\" content=\"1200\" \/>\n\t<meta property=\"og:image:height\" content=\"674\" \/>\n\t<meta property=\"og:image:type\" content=\"image\/png\" \/>\n<meta name=\"author\" content=\"Tomas Melendo Granados\" \/>\n<meta name=\"twitter:card\" content=\"summary_large_image\" \/>\n<meta name=\"twitter:creator\" content=\"@iFamNewsEN\" \/>\n<meta name=\"twitter:site\" content=\"@iFamNewsEN\" \/>\n<meta name=\"twitter:label1\" content=\"Verfasst von\" \/>\n\t<meta name=\"twitter:data1\" content=\"Tomas Melendo Granados\" \/>\n\t<meta name=\"twitter:label2\" content=\"Gesch\u00e4tzte Lesezeit\" \/>\n\t<meta name=\"twitter:data2\" content=\"4\u00a0Minuten\" \/>\n<!-- \/ Yoast SEO Premium plugin. -->","yoast_head_json":{"title":"Eine gesunde Ehe f\u00fchrt zu einer gesunden Gesellschaft... und nicht andersherum! - IFN","description":"Die einzige \"Institution\", die geschaffen wurde, um Liebe hervorzubringen und zu f\u00f6rdern, ist die Ehe (und alles, was sich daraus ableitet).","robots":{"index":"index","follow":"follow","max-snippet":"max-snippet:-1","max-image-preview":"max-image-preview:large","max-video-preview":"max-video-preview:-1"},"canonical":"https:\/\/ifamnews.com\/de\/eine-gesunde-ehe-f-hrt-zu-einer-gesunden-gesellschaft-und-nicht-andersherum","og_locale":"de_DE","og_type":"article","og_title":"Eine gesunde Ehe f\u00fchrt zu einer gesunden Gesellschaft... und nicht andersherum!","og_description":"Die einzige \"Institution\", die geschaffen wurde, um Liebe hervorzubringen und zu f\u00f6rdern, ist die Ehe (und alles, was sich daraus ableitet).","og_url":"https:\/\/ifamnews.com\/de\/eine-gesunde-ehe-f-hrt-zu-einer-gesunden-gesellschaft-und-nicht-andersherum","og_site_name":"IFN","article_publisher":"https:\/\/www.facebook.com\/iFamNews","article_author":"https:\/\/www.facebook.com\/TomasMelendo","article_published_time":"2023-06-29T05:30:00+00:00","og_image":[{"width":1200,"height":674,"url":"https:\/\/ifamnews.com\/wp-content\/uploads\/2023\/06\/image-35.png","type":"image\/png"}],"author":"Tomas Melendo Granados","twitter_card":"summary_large_image","twitter_creator":"@iFamNewsEN","twitter_site":"@iFamNewsEN","twitter_misc":{"Verfasst von":"Tomas Melendo Granados","Gesch\u00e4tzte Lesezeit":"4\u00a0Minuten"},"schema":{"@context":"https:\/\/schema.org","@graph":[{"@type":"NewsArticle","@id":"https:\/\/ifamnews.com\/de\/eine-gesunde-ehe-f-hrt-zu-einer-gesunden-gesellschaft-und-nicht-andersherum#article","isPartOf":{"@id":"https:\/\/ifamnews.com\/de\/eine-gesunde-ehe-f-hrt-zu-einer-gesunden-gesellschaft-und-nicht-andersherum"},"author":{"name":"Tomas Melendo Granados","@id":"https:\/\/ifamnews.com\/en\/#\/schema\/person\/6a80884ea62cd6f678cb6e329b1d18d0"},"headline":"Eine gesunde Ehe f\u00fchrt zu einer gesunden Gesellschaft&#8230; und nicht andersherum!","datePublished":"2023-06-29T05:30:00+00:00","mainEntityOfPage":{"@id":"https:\/\/ifamnews.com\/de\/eine-gesunde-ehe-f-hrt-zu-einer-gesunden-gesellschaft-und-nicht-andersherum"},"wordCount":755,"commentCount":0,"publisher":{"@id":"https:\/\/ifamnews.com\/en\/#organization"},"image":{"@id":"https:\/\/ifamnews.com\/de\/eine-gesunde-ehe-f-hrt-zu-einer-gesunden-gesellschaft-und-nicht-andersherum#primaryimage"},"thumbnailUrl":"https:\/\/ifamnews.com\/wp-content\/uploads\/2023\/06\/image-35.png","keywords":["Familie","Johannes Paul II.","Liebe im Ehebett","Marriage"],"articleSection":["Breaking News","Familie","Vordergrund"],"inLanguage":"de","potentialAction":[{"@type":"CommentAction","name":"Comment","target":["https:\/\/ifamnews.com\/de\/eine-gesunde-ehe-f-hrt-zu-einer-gesunden-gesellschaft-und-nicht-andersherum#respond"]}]},{"@type":"WebPage","@id":"https:\/\/ifamnews.com\/de\/eine-gesunde-ehe-f-hrt-zu-einer-gesunden-gesellschaft-und-nicht-andersherum","url":"https:\/\/ifamnews.com\/de\/eine-gesunde-ehe-f-hrt-zu-einer-gesunden-gesellschaft-und-nicht-andersherum","name":"Eine gesunde Ehe f\u00fchrt zu einer gesunden Gesellschaft... und nicht andersherum! - IFN","isPartOf":{"@id":"https:\/\/ifamnews.com\/en\/#website"},"primaryImageOfPage":{"@id":"https:\/\/ifamnews.com\/de\/eine-gesunde-ehe-f-hrt-zu-einer-gesunden-gesellschaft-und-nicht-andersherum#primaryimage"},"image":{"@id":"https:\/\/ifamnews.com\/de\/eine-gesunde-ehe-f-hrt-zu-einer-gesunden-gesellschaft-und-nicht-andersherum#primaryimage"},"thumbnailUrl":"https:\/\/ifamnews.com\/wp-content\/uploads\/2023\/06\/image-35.png","datePublished":"2023-06-29T05:30:00+00:00","description":"Die einzige \"Institution\", die geschaffen wurde, um Liebe hervorzubringen und zu f\u00f6rdern, ist die Ehe (und alles, was sich daraus ableitet).","breadcrumb":{"@id":"https:\/\/ifamnews.com\/de\/eine-gesunde-ehe-f-hrt-zu-einer-gesunden-gesellschaft-und-nicht-andersherum#breadcrumb"},"inLanguage":"de","potentialAction":[{"@type":"ReadAction","target":["https:\/\/ifamnews.com\/de\/eine-gesunde-ehe-f-hrt-zu-einer-gesunden-gesellschaft-und-nicht-andersherum"]}]},{"@type":"ImageObject","inLanguage":"de","@id":"https:\/\/ifamnews.com\/de\/eine-gesunde-ehe-f-hrt-zu-einer-gesunden-gesellschaft-und-nicht-andersherum#primaryimage","url":"https:\/\/ifamnews.com\/wp-content\/uploads\/2023\/06\/image-35.png","contentUrl":"https:\/\/ifamnews.com\/wp-content\/uploads\/2023\/06\/image-35.png","width":1200,"height":674},{"@type":"BreadcrumbList","@id":"https:\/\/ifamnews.com\/de\/eine-gesunde-ehe-f-hrt-zu-einer-gesunden-gesellschaft-und-nicht-andersherum#breadcrumb","itemListElement":[{"@type":"ListItem","position":1,"name":"Home","item":"https:\/\/ifamnews.com\/de"},{"@type":"ListItem","position":2,"name":"\u041f\u043e\u0440\u043e\u0434\u0438\u0446\u0430","item":"https:\/\/ifamnews.com\/sr\/kategorija\/poroditsa"},{"@type":"ListItem","position":3,"name":"Eine gesunde Ehe f\u00fchrt zu einer gesunden Gesellschaft&#8230; und nicht andersherum!"}]},{"@type":"WebSite","@id":"https:\/\/ifamnews.com\/en\/#website","url":"https:\/\/ifamnews.com\/en\/","name":"IFN","description":"International Family News Network","publisher":{"@id":"https:\/\/ifamnews.com\/en\/#organization"},"potentialAction":[{"@type":"SearchAction","target":{"@type":"EntryPoint","urlTemplate":"https:\/\/ifamnews.com\/en\/?s={search_term_string}"},"query-input":{"@type":"PropertyValueSpecification","valueRequired":true,"valueName":"search_term_string"}}],"inLanguage":"de"},{"@type":"Organization","@id":"https:\/\/ifamnews.com\/en\/#organization","name":"iFamNews","url":"https:\/\/ifamnews.com\/en\/","logo":{"@type":"ImageObject","inLanguage":"de","@id":"https:\/\/ifamnews.com\/en\/#\/schema\/logo\/image\/","url":"https:\/\/ifamnews.com\/wp-content\/uploads\/2020\/01\/Share-logo.png","contentUrl":"https:\/\/ifamnews.com\/wp-content\/uploads\/2020\/01\/Share-logo.png","width":200,"height":200,"caption":"iFamNews"},"image":{"@id":"https:\/\/ifamnews.com\/en\/#\/schema\/logo\/image\/"},"sameAs":["https:\/\/www.facebook.com\/iFamNews","https:\/\/x.com\/iFamNewsEN"]},{"@type":"Person","@id":"https:\/\/ifamnews.com\/en\/#\/schema\/person\/6a80884ea62cd6f678cb6e329b1d18d0","name":"Tomas Melendo Granados","image":{"@type":"ImageObject","inLanguage":"de","@id":"https:\/\/secure.gravatar.com\/avatar\/5f9633e77b5867b7d148cb81c262b053e30e6ab681748aa56bfb9c0f6c109328?s=96&d=mm&r=g","url":"https:\/\/secure.gravatar.com\/avatar\/5f9633e77b5867b7d148cb81c262b053e30e6ab681748aa56bfb9c0f6c109328?s=96&d=mm&r=g","contentUrl":"https:\/\/secure.gravatar.com\/avatar\/5f9633e77b5867b7d148cb81c262b053e30e6ab681748aa56bfb9c0f6c109328?s=96&d=mm&r=g","caption":"Tomas Melendo Granados"},"description":"Tom\u00e1s Melendo Granados was born in Melilla, Spain in 1951. PhD in Science Education and PhD in Philosophy. He carried out undergraduate and graduate studies at Navarra\u2019s University and completed them in Italy and Germany. Until his retirement in September 2021, he was Director of the Study of the Family at Malaga\u2019s University. Now, they are taught by Edufamilia (a nonprofit organization he runs) and can be done completely online. Together with his wife, he was appointed as member of the Pontifical Council for the Family by Pope Benedict XVI. He is father of seven children, grandfather of thirteen grandchildren and, above all, as he defines himself, a husband who is deeply and increasingly in love of his wife.","sameAs":["http:\/\/www.edufamilia.com","https:\/\/www.facebook.com\/TomasMelendo","https:\/\/www.instagram.com\/tomasmelendo\/","www.linkedin.com\/in\/tom\u00e1s-melendo-granados-04750a234","https:\/\/www.youtube.com\/channel\/UCU- 7o2eQZJuHNtXB8AMMc1Q?view_as=subscriber"],"url":"https:\/\/ifamnews.com\/de\/author\/tomas-melendo-granados"}]}},"amp_enabled":true,"_links":{"self":[{"href":"https:\/\/ifamnews.com\/de\/wp-json\/wp\/v2\/posts\/199802","targetHints":{"allow":["GET"]}}],"collection":[{"href":"https:\/\/ifamnews.com\/de\/wp-json\/wp\/v2\/posts"}],"about":[{"href":"https:\/\/ifamnews.com\/de\/wp-json\/wp\/v2\/types\/post"}],"author":[{"embeddable":true,"href":"https:\/\/ifamnews.com\/de\/wp-json\/wp\/v2\/users\/1102"}],"replies":[{"embeddable":true,"href":"https:\/\/ifamnews.com\/de\/wp-json\/wp\/v2\/comments?post=199802"}],"version-history":[{"count":2,"href":"https:\/\/ifamnews.com\/de\/wp-json\/wp\/v2\/posts\/199802\/revisions"}],"predecessor-version":[{"id":200634,"href":"https:\/\/ifamnews.com\/de\/wp-json\/wp\/v2\/posts\/199802\/revisions\/200634"}],"wp:featuredmedia":[{"embeddable":true,"href":"https:\/\/ifamnews.com\/de\/wp-json\/wp\/v2\/media\/197907"}],"wp:attachment":[{"href":"https:\/\/ifamnews.com\/de\/wp-json\/wp\/v2\/media?parent=199802"}],"wp:term":[{"taxonomy":"category","embeddable":true,"href":"https:\/\/ifamnews.com\/de\/wp-json\/wp\/v2\/categories?post=199802"},{"taxonomy":"post_tag","embeddable":true,"href":"https:\/\/ifamnews.com\/de\/wp-json\/wp\/v2\/tags?post=199802"}],"curies":[{"name":"wp","href":"https:\/\/api.w.org\/{rel}","templated":true}]}}