{"id":198323,"date":"2023-06-13T02:00:00","date_gmt":"2023-06-13T06:00:00","guid":{"rendered":"https:\/\/ifamnews.com\/?p=198323"},"modified":"2023-06-12T09:19:35","modified_gmt":"2023-06-12T13:19:35","slug":"erzbischof-paglias-aussagen-ber-euthanasie-lassen-katholiken-besorgt-zur-ck","status":"publish","type":"post","link":"https:\/\/ifamnews.com\/de\/erzbischof-paglias-aussagen-ber-euthanasie-lassen-katholiken-besorgt-zur-ck","title":{"rendered":"Erzbischof Paglias Aussagen \u00fcber Euthanasie lassen Katholiken besorgt zur\u00fcck"},"content":{"rendered":"\n<p>Die j\u00fcngsten \u00c4u\u00dferungen von Erzbischof Vincenzo Paglia, dem Pr\u00e4sidenten der P\u00e4pstlichen Akademie f\u00fcr das Leben, zum assistierten Suizid haben eine Kontroverse ausgel\u00f6st und Besorgnis unter gl\u00e4ubigen Katholiken und der Pro-Life-Bewegung hervorgerufen, wie <em><a href=\"https:\/\/voiceofthefamily.com\/assisted-suicide-calling-evil-good\/?vgo_ee=nXhzf1CmDSs2Pr4qr%2BcOJuqa4HZj0Uvee4Tgc0N7Vy68ww%3D%3D%3AZbYjhwPEdFya9Q3f%2BCOVE5HyieANSBJ0\">Voice of the Family berichtet.<\/a><\/em><\/p>\n\n\n\n<p>Erzbischof Paglia vertrat die Ansicht, dass eine rechtliche Vermittlung, die den assistierten Suizid erm\u00f6glicht, das \u201egr\u00f6\u00dfte gemeinsame Gut\u201c in der Gesellschaft sein k\u00f6nnte. Dieser Standpunkt vernachl\u00e4ssigt jedoch die m\u00f6glichen Folgen einer Entkriminalisierung. Untersuchungen zeigen, dass in L\u00e4ndern mit strafrechtlichen Sanktionen f\u00fcr Selbstmord die Selbstmordrate tendenziell niedriger ist, insbesondere bei M\u00e4nnern. Die Entkriminalisierung der Beihilfe zum Suizid k\u00f6nnte den Akt legitimieren und die abschreckende Wirkung der strafrechtlichen Verfolgung verringern, was zu einem Anstieg der Euthanasief\u00e4lle f\u00fchren w\u00fcrde.<\/p>\n\n\n\n<p>Dar\u00fcber hinaus offenbart Erzbischof Paglias Verteidigung seiner \u00c4u\u00dferungen eine beunruhigende Trennung von Recht und Moral. Dieses positivistische Verst\u00e4ndnis widerspricht der Morallehre der Kirche, die auf der Philosophie des Naturrechts beruht. Das katholische Verst\u00e4ndnis betont das grundlegende Gut der Existenz und die Pflicht, das menschliche Leben zu erhalten. Durch die Entkriminalisierung der Suizidbeihilfe w\u00fcrde das Gesetz das Leben nicht mehr bedingungslos sch\u00fctzen und das inh\u00e4rente Recht auf Leben und Menschenw\u00fcrde untergraben.<\/p>\n\n\n\n<p>Die \u00c4u\u00dferungen des Erzbischofs haben gl\u00e4ubige Katholiken und Bef\u00fcrworter des Lebensschutzes alarmiert, da sie eine Schw\u00e4chung des kirchlichen Widerstands gegen die Kultur des Todes wahrnehmen. Der fast v\u00f6llige Zusammenbruch des Widerstands gegen den assistierten Suizid in der italienischen Region Venetien und die j\u00fcngste Verabschiedung eines Gesetzes zur Einf\u00fchrung des assistierten Suizids in Portugal zeigen die wachsende Akzeptanz dieser Praktiken.<\/p>\n\n\n\n<p>W\u00e4hrend Papst Franziskus seine Trauer \u00fcber die Ausweitung der Euthanasie zum Ausdruck brachte, ist er f\u00fcr die Leitung der P\u00e4pstlichen Akademie f\u00fcr das Leben seit ihrer Umstrukturierung im Jahr 2017 verantwortlich. Einige Mitglieder der Pro-Life-Gemeinschaft haben die Entlassung von Erzbischof Paglia gefordert und auf die Ernennung eines Pr\u00e4sidenten gedr\u00e4ngt, der die katholische Lehre \u00fcber die Heiligkeit des Lebens unmissverst\u00e4ndlich aufrechterhalten wird.<\/p>\n\n\n\n<p>Angesichts der Tatsache, dass die Welt weiterhin die Kultur des Todes umarmt, werden die Bekundungen der Trauer des Papstes hohl klingen, wenn nicht entschiedene Ma\u00dfnahmen ergriffen werden, um die Lehren der Kirche aufrechtzuerhalten und die Schwachen zu sch\u00fctzen. Der Kampf gegen den assistierten Suizid erfordert ein unersch\u00fctterliches Bekenntnis zum Eigenwert jedes menschlichen Lebens und die Erkenntnis, dass die Legalisierung der T\u00f6tung, unabh\u00e4ngig von den Absichten, zur Aush\u00f6hlung der Menschenw\u00fcrde f\u00fchrt.<\/p>\n","protected":false},"excerpt":{"rendered":"<p>Erzbischof Paglia vertrat die Ansicht, dass eine rechtliche Vermittlung, die den assistierten Suizid erm\u00f6glicht, das \u201egr\u00f6\u00dfte gemeinsame Gut\u201c in der Gesellschaft sein k\u00f6nnte. <\/p>\n","protected":false},"author":623,"featured_media":198324,"comment_status":"open","ping_status":"open","sticky":false,"template":"","format":"standard","meta":{"give_campaign_id":0,"om_disable_all_campaigns":false,"_monsterinsights_skip_tracking":false,"_monsterinsights_sitenote_active":false,"_monsterinsights_sitenote_note":"","_monsterinsights_sitenote_category":0,"mc4wp_mailchimp_campaign":[],"jnews-multi-image_gallery":[],"jnews_single_post":{"subtitle":"Erzbischof Paglia vertrat die Ansicht, dass eine rechtliche Vermittlung, die den assistierten Suizid erm\u00f6glicht, das \u201egr\u00f6\u00dfte gemeinsame Gut\u201c in der Gesellschaft sein k\u00f6nnte. ","format":"standard","video":"","gallery":"","source_name":"","source_url":"","via_name":"","via_url":"","override_template":"0","override":[{"template":"2","single_blog_custom":"","parallax":"1","fullscreen":"1","layout":"right-sidebar-narrow","sidebar":"default-sidebar","second_sidebar":"default-sidebar","sticky_sidebar":"1","share_position":"float","share_float_style":"share-normal","show_share_counter":"1","show_view_counter":"1","show_featured":"1","show_post_meta":"1","show_post_author":"1","show_post_author_image":"1","show_post_date":"1","post_date_format":"default","post_date_format_custom":"Y\/m\/d","show_post_category":"1","show_post_reading_time":"1","post_reading_time_wpm":"300","show_zoom_button":"0","zoom_button_out_step":"2","zoom_button_in_step":"3","show_post_tag":"1","show_prev_next_post":"0","show_popup_post":"0","number_popup_post":"1","show_author_box":"1","show_post_related":"0","show_inline_post_related":"0"}],"override_image_size":"0","image_override":[{"single_post_thumbnail_size":"crop-715","single_post_gallery_size":"crop-715"}],"trending_post":"0","trending_post_position":"meta","trending_post_label":"Trending","sponsored_post":"0","sponsored_post_label":"Sponsored by","sponsored_post_name":"","sponsored_post_url":"","sponsored_post_logo_enable":"0","sponsored_post_logo":"","sponsored_post_desc":"","disable_ad":"0"},"jnews_primary_category":{"id":"763"},"jnews_social_meta":{"fb_title":"","fb_description":"","fb_image":"","twitter_title":"","twitter_description":"","twitter_image":""},"jnews_override_counter":{"override_view_counter":"0","view_counter_number":"0","override_share_counter":"0","share_counter_number":"0","override_like_counter":"0","like_counter_number":"0","override_dislike_counter":"0","dislike_counter_number":"0"},"footnotes":""},"categories":[816,763,811],"tags":[26681,1666,2733,9214],"class_list":["post-198323","post","type-post","status-publish","format-standard","has-post-thumbnail","hentry","category-breaking-news-de","category-kultur","category-foreground-de","tag-erzbischof-paglia","tag-euthanasie-2","tag-katholische-kirche","tag-paepstliche-akademie-fuer-das-leben"],"yoast_head":"<!-- This site is optimized with the Yoast SEO Premium plugin v25.9 (Yoast SEO v27.3) - https:\/\/yoast.com\/product\/yoast-seo-premium-wordpress\/ -->\n<title>Erzbischof Paglias Aussagen \u00fcber Euthanasie lassen Katholiken besorgt zur\u00fcck - IFN<\/title>\n<meta name=\"robots\" content=\"index, follow, max-snippet:-1, max-image-preview:large, max-video-preview:-1\" \/>\n<link rel=\"canonical\" href=\"https:\/\/ifamnews.com\/de\/erzbischof-paglias-aussagen-ber-euthanasie-lassen-katholiken-besorgt-zur-ck\" \/>\n<meta property=\"og:locale\" content=\"de_DE\" \/>\n<meta property=\"og:type\" content=\"article\" \/>\n<meta property=\"og:title\" content=\"Erzbischof Paglias Aussagen \u00fcber Euthanasie lassen Katholiken besorgt zur\u00fcck\" \/>\n<meta property=\"og:description\" content=\"Erzbischof Paglia vertrat die Ansicht, dass eine rechtliche Vermittlung, die den assistierten Suizid erm\u00f6glicht, das \u201egr\u00f6\u00dfte gemeinsame Gut\u201c in der Gesellschaft sein k\u00f6nnte.\" \/>\n<meta property=\"og:url\" content=\"https:\/\/ifamnews.com\/de\/erzbischof-paglias-aussagen-ber-euthanasie-lassen-katholiken-besorgt-zur-ck\" \/>\n<meta property=\"og:site_name\" content=\"IFN\" \/>\n<meta property=\"article:publisher\" content=\"https:\/\/www.facebook.com\/iFamNews\" \/>\n<meta property=\"article:author\" content=\"https:\/\/www.facebook.com\/iFamNews\/\" \/>\n<meta property=\"article:published_time\" content=\"2023-06-13T06:00:00+00:00\" \/>\n<meta property=\"og:image\" content=\"https:\/\/ifamnews.com\/wp-content\/uploads\/2023\/06\/Erzbischof-Vincenzo-Paglia-VatNews.jpeg\" \/>\n\t<meta property=\"og:image:width\" content=\"750\" \/>\n\t<meta property=\"og:image:height\" content=\"421\" \/>\n\t<meta property=\"og:image:type\" content=\"image\/jpeg\" \/>\n<meta name=\"author\" content=\"iFamNews Germany\" \/>\n<meta name=\"twitter:card\" content=\"summary_large_image\" \/>\n<meta name=\"twitter:creator\" content=\"@https:\/\/twitter.com\/iFamNewsDE\" \/>\n<meta name=\"twitter:site\" content=\"@iFamNewsEN\" \/>\n<meta name=\"twitter:label1\" content=\"Verfasst von\" \/>\n\t<meta name=\"twitter:data1\" content=\"IFN Deutschland\" \/>\n\t<meta name=\"twitter:label2\" content=\"Gesch\u00e4tzte Lesezeit\" \/>\n\t<meta name=\"twitter:data2\" content=\"3\u00a0Minuten\" \/>\n<!-- \/ Yoast SEO Premium plugin. -->","yoast_head_json":{"title":"Erzbischof Paglias Aussagen \u00fcber Euthanasie lassen Katholiken besorgt zur\u00fcck - IFN","robots":{"index":"index","follow":"follow","max-snippet":"max-snippet:-1","max-image-preview":"max-image-preview:large","max-video-preview":"max-video-preview:-1"},"canonical":"https:\/\/ifamnews.com\/de\/erzbischof-paglias-aussagen-ber-euthanasie-lassen-katholiken-besorgt-zur-ck","og_locale":"de_DE","og_type":"article","og_title":"Erzbischof Paglias Aussagen \u00fcber Euthanasie lassen Katholiken besorgt zur\u00fcck","og_description":"Erzbischof Paglia vertrat die Ansicht, dass eine rechtliche Vermittlung, die den assistierten Suizid erm\u00f6glicht, das \u201egr\u00f6\u00dfte gemeinsame Gut\u201c in der Gesellschaft sein k\u00f6nnte.","og_url":"https:\/\/ifamnews.com\/de\/erzbischof-paglias-aussagen-ber-euthanasie-lassen-katholiken-besorgt-zur-ck","og_site_name":"IFN","article_publisher":"https:\/\/www.facebook.com\/iFamNews","article_author":"https:\/\/www.facebook.com\/iFamNews\/","article_published_time":"2023-06-13T06:00:00+00:00","og_image":[{"width":750,"height":421,"url":"https:\/\/ifamnews.com\/wp-content\/uploads\/2023\/06\/Erzbischof-Vincenzo-Paglia-VatNews.jpeg","type":"image\/jpeg"}],"author":"iFamNews Germany","twitter_card":"summary_large_image","twitter_creator":"@https:\/\/twitter.com\/iFamNewsDE","twitter_site":"@iFamNewsEN","twitter_misc":{"Verfasst von":"IFN Deutschland","Gesch\u00e4tzte Lesezeit":"3\u00a0Minuten"},"schema":{"@context":"https:\/\/schema.org","@graph":[{"@type":"NewsArticle","@id":"https:\/\/ifamnews.com\/de\/erzbischof-paglias-aussagen-ber-euthanasie-lassen-katholiken-besorgt-zur-ck#article","isPartOf":{"@id":"https:\/\/ifamnews.com\/de\/erzbischof-paglias-aussagen-ber-euthanasie-lassen-katholiken-besorgt-zur-ck"},"author":{"name":"iFamNews Germany","@id":"https:\/\/ifamnews.com\/en\/#\/schema\/person\/82ec6d77f1c630266e2c3a9e8643b439"},"headline":"Erzbischof Paglias Aussagen \u00fcber Euthanasie lassen Katholiken besorgt zur\u00fcck","datePublished":"2023-06-13T06:00:00+00:00","mainEntityOfPage":{"@id":"https:\/\/ifamnews.com\/de\/erzbischof-paglias-aussagen-ber-euthanasie-lassen-katholiken-besorgt-zur-ck"},"wordCount":431,"commentCount":0,"publisher":{"@id":"https:\/\/ifamnews.com\/en\/#organization"},"image":{"@id":"https:\/\/ifamnews.com\/de\/erzbischof-paglias-aussagen-ber-euthanasie-lassen-katholiken-besorgt-zur-ck#primaryimage"},"thumbnailUrl":"https:\/\/ifamnews.com\/wp-content\/uploads\/2023\/06\/Erzbischof-Vincenzo-Paglia-VatNews.jpeg","keywords":["Erzbischof Paglia","Euthanasie","Katholische Kirche","P\u00e4pstliche Akademie f\u00fcr das Leben"],"articleSection":["Breaking News","Kultur","Vordergrund"],"inLanguage":"de","potentialAction":[{"@type":"CommentAction","name":"Comment","target":["https:\/\/ifamnews.com\/de\/erzbischof-paglias-aussagen-ber-euthanasie-lassen-katholiken-besorgt-zur-ck#respond"]}]},{"@type":"WebPage","@id":"https:\/\/ifamnews.com\/de\/erzbischof-paglias-aussagen-ber-euthanasie-lassen-katholiken-besorgt-zur-ck","url":"https:\/\/ifamnews.com\/de\/erzbischof-paglias-aussagen-ber-euthanasie-lassen-katholiken-besorgt-zur-ck","name":"Erzbischof Paglias Aussagen \u00fcber Euthanasie lassen Katholiken besorgt zur\u00fcck - IFN","isPartOf":{"@id":"https:\/\/ifamnews.com\/en\/#website"},"primaryImageOfPage":{"@id":"https:\/\/ifamnews.com\/de\/erzbischof-paglias-aussagen-ber-euthanasie-lassen-katholiken-besorgt-zur-ck#primaryimage"},"image":{"@id":"https:\/\/ifamnews.com\/de\/erzbischof-paglias-aussagen-ber-euthanasie-lassen-katholiken-besorgt-zur-ck#primaryimage"},"thumbnailUrl":"https:\/\/ifamnews.com\/wp-content\/uploads\/2023\/06\/Erzbischof-Vincenzo-Paglia-VatNews.jpeg","datePublished":"2023-06-13T06:00:00+00:00","breadcrumb":{"@id":"https:\/\/ifamnews.com\/de\/erzbischof-paglias-aussagen-ber-euthanasie-lassen-katholiken-besorgt-zur-ck#breadcrumb"},"inLanguage":"de","potentialAction":[{"@type":"ReadAction","target":["https:\/\/ifamnews.com\/de\/erzbischof-paglias-aussagen-ber-euthanasie-lassen-katholiken-besorgt-zur-ck"]}]},{"@type":"ImageObject","inLanguage":"de","@id":"https:\/\/ifamnews.com\/de\/erzbischof-paglias-aussagen-ber-euthanasie-lassen-katholiken-besorgt-zur-ck#primaryimage","url":"https:\/\/ifamnews.com\/wp-content\/uploads\/2023\/06\/Erzbischof-Vincenzo-Paglia-VatNews.jpeg","contentUrl":"https:\/\/ifamnews.com\/wp-content\/uploads\/2023\/06\/Erzbischof-Vincenzo-Paglia-VatNews.jpeg","width":750,"height":421,"caption":"Erzbischof Vincenzo Paglia\/Bild: Vatican News"},{"@type":"BreadcrumbList","@id":"https:\/\/ifamnews.com\/de\/erzbischof-paglias-aussagen-ber-euthanasie-lassen-katholiken-besorgt-zur-ck#breadcrumb","itemListElement":[{"@type":"ListItem","position":1,"name":"Home","item":"https:\/\/ifamnews.com\/de"},{"@type":"ListItem","position":2,"name":"Culture","item":"https:\/\/ifamnews.com\/en\/category\/culture"},{"@type":"ListItem","position":3,"name":"Erzbischof Paglias Aussagen \u00fcber Euthanasie lassen Katholiken besorgt zur\u00fcck"}]},{"@type":"WebSite","@id":"https:\/\/ifamnews.com\/en\/#website","url":"https:\/\/ifamnews.com\/en\/","name":"IFN","description":"International Family News Network","publisher":{"@id":"https:\/\/ifamnews.com\/en\/#organization"},"potentialAction":[{"@type":"SearchAction","target":{"@type":"EntryPoint","urlTemplate":"https:\/\/ifamnews.com\/en\/?s={search_term_string}"},"query-input":{"@type":"PropertyValueSpecification","valueRequired":true,"valueName":"search_term_string"}}],"inLanguage":"de"},{"@type":"Organization","@id":"https:\/\/ifamnews.com\/en\/#organization","name":"iFamNews","url":"https:\/\/ifamnews.com\/en\/","logo":{"@type":"ImageObject","inLanguage":"de","@id":"https:\/\/ifamnews.com\/en\/#\/schema\/logo\/image\/","url":"https:\/\/ifamnews.com\/wp-content\/uploads\/2020\/01\/Share-logo.png","contentUrl":"https:\/\/ifamnews.com\/wp-content\/uploads\/2020\/01\/Share-logo.png","width":200,"height":200,"caption":"iFamNews"},"image":{"@id":"https:\/\/ifamnews.com\/en\/#\/schema\/logo\/image\/"},"sameAs":["https:\/\/www.facebook.com\/iFamNews","https:\/\/x.com\/iFamNewsEN"]},{"@type":"Person","@id":"https:\/\/ifamnews.com\/en\/#\/schema\/person\/82ec6d77f1c630266e2c3a9e8643b439","name":"iFamNews Germany","image":{"@type":"ImageObject","inLanguage":"de","@id":"https:\/\/secure.gravatar.com\/avatar\/c51b977100a05a1448d61b80953be1e3192e0be236d631062ca6a59c6f9a879b?s=96&d=mm&r=g","url":"https:\/\/secure.gravatar.com\/avatar\/c51b977100a05a1448d61b80953be1e3192e0be236d631062ca6a59c6f9a879b?s=96&d=mm&r=g","contentUrl":"https:\/\/secure.gravatar.com\/avatar\/c51b977100a05a1448d61b80953be1e3192e0be236d631062ca6a59c6f9a879b?s=96&d=mm&r=g","caption":"iFamNews Germany"},"description":"Articles published by the German iFamNews editorial team.","sameAs":["https:\/\/ifamnews.com\/de","https:\/\/www.facebook.com\/iFamNews\/","https:\/\/x.com\/https:\/\/twitter.com\/iFamNewsDE","https:\/\/www.youtube.com\/channel\/UCMVyIt4z9BANW3d09kwfUpw"],"url":"https:\/\/ifamnews.com\/de\/author\/redaktion"}]}},"amp_enabled":true,"_links":{"self":[{"href":"https:\/\/ifamnews.com\/de\/wp-json\/wp\/v2\/posts\/198323","targetHints":{"allow":["GET"]}}],"collection":[{"href":"https:\/\/ifamnews.com\/de\/wp-json\/wp\/v2\/posts"}],"about":[{"href":"https:\/\/ifamnews.com\/de\/wp-json\/wp\/v2\/types\/post"}],"author":[{"embeddable":true,"href":"https:\/\/ifamnews.com\/de\/wp-json\/wp\/v2\/users\/623"}],"replies":[{"embeddable":true,"href":"https:\/\/ifamnews.com\/de\/wp-json\/wp\/v2\/comments?post=198323"}],"version-history":[{"count":1,"href":"https:\/\/ifamnews.com\/de\/wp-json\/wp\/v2\/posts\/198323\/revisions"}],"predecessor-version":[{"id":198333,"href":"https:\/\/ifamnews.com\/de\/wp-json\/wp\/v2\/posts\/198323\/revisions\/198333"}],"wp:featuredmedia":[{"embeddable":true,"href":"https:\/\/ifamnews.com\/de\/wp-json\/wp\/v2\/media\/198324"}],"wp:attachment":[{"href":"https:\/\/ifamnews.com\/de\/wp-json\/wp\/v2\/media?parent=198323"}],"wp:term":[{"taxonomy":"category","embeddable":true,"href":"https:\/\/ifamnews.com\/de\/wp-json\/wp\/v2\/categories?post=198323"},{"taxonomy":"post_tag","embeddable":true,"href":"https:\/\/ifamnews.com\/de\/wp-json\/wp\/v2\/tags?post=198323"}],"curies":[{"name":"wp","href":"https:\/\/api.w.org\/{rel}","templated":true}]}}