{"id":198264,"date":"2023-06-12T08:39:24","date_gmt":"2023-06-12T12:39:24","guid":{"rendered":"https:\/\/ifamnews.com\/?p=198264"},"modified":"2023-06-12T08:39:26","modified_gmt":"2023-06-12T12:39:26","slug":"polen-abtreibungslobby-scheitert-grandios-vor-dem-egmr","status":"publish","type":"post","link":"https:\/\/ifamnews.com\/de\/polen-abtreibungslobby-scheitert-grandios-vor-dem-egmr","title":{"rendered":"Polen: Abtreibungslobby scheitert grandios vor dem EGMR"},"content":{"rendered":"\n<p>Am 8. Juni 2023 wies der Europ\u00e4ische Gerichtshof f\u00fcr Menschenrechte (EGMR) im Fall A.M. und andere gegen Polen (Nr. 4188\/21) eine Reihe von Beschwerden gegen die Abschaffung der eugenischen Abtreibung in Polen ab.<\/p>\n\n\n\n<p>Ohne in der Sache zu entscheiden, wies das Gericht die Antr\u00e4ge mit der Begr\u00fcndung ab, dass die Antragstellerinnen nicht pers\u00f6nlich behaupten k\u00f6nnten, &#8222;Opfer&#8220; dieser Abschaffung zu sein, da sie weder schwanger seien noch ein Kind mit einer Behinderung erwarteten. Es ging um die Entscheidung des polnischen Verfassungsgerichts vom 22. Oktober 2020, in der festgestellt wurde, dass die eugenische Abtreibung gegen die Verfassungsgrunds\u00e4tze der Achtung des menschlichen Lebens und der Menschenw\u00fcrde verst\u00f6\u00dft, die jedem Menschen von der Geburt an zukommt.<\/p>\n\n\n\n<p>Die ECLJ ist erfreut \u00fcber diese Entscheidung und stellt mit Genugtuung fest, dass das Gericht den Argumenten, die wir in unseren schriftlichen Stellungnahmen vorgebracht haben, zustimmt; diese Entscheidung ist umso bemerkenswerter, als die Abtreibungslobbyisten erheblichen Druck auf das Gericht &#8211; und sogar innerhalb des Gerichts &#8211; ausge\u00fcbt haben. Tats\u00e4chlich wurde der Fall von der Polnischen F\u00f6deration f\u00fcr Frauen und Familienplanung (FEDERA) eingef\u00e4delt und erhielt massive Unterst\u00fctzung von globalen Abtreibungslobbyisten. Fast alle gro\u00dfen Abtreibungsbef\u00fcrworter haben sich an dem Verfahren beteiligt: Amnesty International, Human Rights Watch, Center for Reproductive Rights, International Commission of Jurists, International Federation for Human Rights, International Planned Parenthood Federation European Network, Women Enabled International, Women&#8217;s Link Worldwide und World Organisation against Torture.  <\/p>\n\n\n\n<p>Die Arbeitsgruppe der Vereinten Nationen f\u00fcr die Diskriminierung von Frauen und M\u00e4dchen, deren Vorsitzende (Melissa Upreti) eine Mitarbeiterin des Zentrums f\u00fcr reproduktive Rechte war, schaltete sich ebenfalls ein, ebenso wie der Menschenrechtskommissar des Europarats. Die Kommissarin st\u00fctzte sich auf einen Bericht, der 2017 vom Center for Reproductive Rights erstellt wurde. Die Internationale Vereinigung f\u00fcr Gyn\u00e4kologie und Geburtshilfe (FIGO) unterst\u00fctzte die Abtreibung ebenso wie die Aktivistin Fiona de Londras. Alle Abtreibungsbef\u00fcrworter pl\u00e4dierten daf\u00fcr, dass der EGMR ein neues &#8222;Recht&#8220; auf europ\u00e4ischer Ebene einf\u00fchrt: das Recht, ein Kind abzutreiben, weil es behindert ist, insbesondere, wenn es das Down-Syndrom hat.1 Angesichts dieser Lobbyarbeit erhielt der EuGH die Unterst\u00fctzung bedeutender Pers\u00f6nlichkeiten, die seine schriftlichen Stellungnahmen mit unterzeichneten. Neben uns intervenierten auch ehemalige Richter des EGMR bei ihrer ehemaligen Gerichtsbarkeit; diese Art von Intervention ist unseres Wissens eine Premiere.  <\/p>\n\n\n\n<p>Andere folgten: Experten der Vereinten Nationen, ein ehemaliger EU-Kommissar f\u00fcr Gesundheit, ein ehemaliger Pr\u00e4sident des Interamerikanischen Gerichtshofs f\u00fcr Menschenrechte, Richter, Akademiker, usw. Wir f\u00fchlten uns auch geehrt, Unterst\u00fctzung von Verb\u00e4nden von Menschen mit Down-Syndrom sowie von zwei jungen Frauen zu erhalten, die sich per Video direkt an die Richter des EGMR wandten und erkl\u00e4rten, was das Down-Syndrom ist, wie sie damit leben und sie baten, sie mit einer positiven Entscheidung zu verteidigen. Die Menschen mit Down-Syndrom, die sich f\u00fcr diesen Fall eingesetzt haben, k\u00f6nnen sich nun mit uns \u00fcber diesen Sieg freuen: Trotz all ihrer Bem\u00fchungen und ihres Ansehens in der Welt ist es den Abtreibungsbef\u00fcrwortern nicht gelungen, das Gericht zu \u00fcberzeugen, das sich nicht f\u00fcr rein politische Zwecke missbrauchen und erniedrigen lie\u00df.<\/p>\n\n\n\n<p>  In der Vergangenheit war der Gerichtshof nicht immer so vorsichtig und entschied in \u00e4hnlichen F\u00e4llen gegen Irland und Polen, die von demselben Zentrum f\u00fcr reproduktive Rechte unterst\u00fctzt wurden, zugunsten der Abtreibungslobbyisten. In der Tat sollten wir uns nichts vormachen. Es ist m\u00f6glich &#8211; und sogar wahrscheinlich -, dass der Gerichtshof weiterhin eine abtreibungsfreundliche Haltung vertritt. Der gef\u00e4hrlichste Fall zu diesem Thema steht noch aus, und sein Urteil k\u00f6nnte in K\u00fcrze ver\u00f6ffentlicht werden (M.L. gegen Polen, Nr. 40119\/21).  <\/p>\n\n\n\n<p>Es geht um eine polnische Frau, die sich einer Form von Folter und einer Verletzung ihrer Privatsph\u00e4re ausgesetzt sieht, weil sie in die Niederlande reisen und 1 220 Euro ausgeben musste, um ihr Kind mit Down-Syndrom im siebten Schwangerschaftsmonat abtreiben zu lassen&#8230; Seltsamerweise stellen sich diese gro\u00dfen Menschenrechtsorganisationen nicht die Frage, ob die Abtreibung eines Kindes im siebten Schwangerschaftsmonat aufgrund des Down-Syndroms nicht eigentlich eine Verletzung der Menschenrechte darstellt.<\/p>\n","protected":false},"excerpt":{"rendered":"<p>Ohne in der Sache zu entscheiden, wies das Gericht die Antr\u00e4ge mit der Begr\u00fcndung ab, dass die Antragstellerinnen nicht pers\u00f6nlich behaupten k\u00f6nnten, &#8222;Opfer&#8220; dieser Abschaffung zu sein, da sie weder schwanger seien noch ein Kind mit einer Behinderung erwarteten.<\/p>\n","protected":false},"author":593,"featured_media":198290,"comment_status":"open","ping_status":"open","sticky":false,"template":"","format":"standard","meta":{"give_campaign_id":0,"om_disable_all_campaigns":false,"_monsterinsights_skip_tracking":false,"_monsterinsights_sitenote_active":false,"_monsterinsights_sitenote_note":"","_monsterinsights_sitenote_category":0,"mc4wp_mailchimp_campaign":[],"jnews-multi-image_gallery":[],"jnews_single_post":{"subtitle":"Ohne in der Sache zu entscheiden, wies das Gericht die Antr\u00e4ge mit der Begr\u00fcndung ab, dass die Antragstellerinnen nicht pers\u00f6nlich behaupten k\u00f6nnten, \"Opfer\" dieser Abschaffung zu sein, da sie weder schwanger seien noch ein Kind mit einer Behinderung erwarteten.","format":"standard","video":"","gallery":"","source_name":"","source_url":"","via_name":"","via_url":"","override_template":"0","override":[{"template":"2","single_blog_custom":"","parallax":"1","fullscreen":"1","layout":"right-sidebar-narrow","sidebar":"default-sidebar","second_sidebar":"default-sidebar","sticky_sidebar":"1","share_position":"float","share_float_style":"share-normal","show_share_counter":"1","show_view_counter":"1","show_featured":"1","show_post_meta":"1","show_post_author":"1","show_post_author_image":"1","show_post_date":"1","post_date_format":"default","post_date_format_custom":"Y\/m\/d","show_post_category":"1","show_post_reading_time":"1","post_reading_time_wpm":"300","show_zoom_button":"0","zoom_button_out_step":"2","zoom_button_in_step":"3","show_post_tag":"1","show_prev_next_post":"0","show_popup_post":"0","number_popup_post":"1","show_author_box":"1","show_post_related":"0","show_inline_post_related":"0"}],"override_image_size":"0","image_override":[{"single_post_thumbnail_size":"crop-715","single_post_gallery_size":"crop-715"}],"trending_post":"0","trending_post_position":"meta","trending_post_label":"Trending","sponsored_post":"0","sponsored_post_label":"Sponsored by","sponsored_post_name":"","sponsored_post_url":"","sponsored_post_logo_enable":"0","sponsored_post_logo":"","sponsored_post_desc":"","disable_ad":"0"},"jnews_primary_category":{"id":"763"},"jnews_social_meta":{"fb_title":"","fb_description":"","fb_image":"","twitter_title":"","twitter_description":"","twitter_image":""},"jnews_override_counter":{"override_view_counter":"0","view_counter_number":"0","override_share_counter":"0","share_counter_number":"0","override_like_counter":"0","like_counter_number":"0","override_dislike_counter":"0","dislike_counter_number":"0"},"footnotes":""},"categories":[816,763,811],"tags":[10545,26674,5016],"class_list":["post-198264","post","type-post","status-publish","format-standard","has-post-thumbnail","hentry","category-breaking-news-de","category-kultur","category-foreground-de","tag-abtreibung-de","tag-europaisches-zentrum-fur-recht-und-justiz-de","tag-poland-de"],"yoast_head":"<!-- This site is optimized with the Yoast SEO Premium plugin v25.9 (Yoast SEO v27.3) - https:\/\/yoast.com\/product\/yoast-seo-premium-wordpress\/ -->\n<title>Polen: Abtreibungslobby scheitert grandios vor dem EGMR - IFN<\/title>\n<meta name=\"robots\" content=\"index, follow, max-snippet:-1, max-image-preview:large, max-video-preview:-1\" \/>\n<link rel=\"canonical\" href=\"https:\/\/ifamnews.com\/de\/polen-abtreibungslobby-scheitert-grandios-vor-dem-egmr\" \/>\n<meta property=\"og:locale\" content=\"de_DE\" \/>\n<meta property=\"og:type\" content=\"article\" \/>\n<meta property=\"og:title\" content=\"Polen: Abtreibungslobby scheitert grandios vor dem EGMR\" \/>\n<meta property=\"og:description\" content=\"Ohne in der Sache zu entscheiden, wies das Gericht die Antr\u00e4ge mit der Begr\u00fcndung ab, dass die Antragstellerinnen nicht pers\u00f6nlich behaupten k\u00f6nnten, &quot;Opfer&quot; dieser Abschaffung zu sein, da sie weder schwanger seien noch ein Kind mit einer Behinderung erwarteten.\" \/>\n<meta property=\"og:url\" content=\"https:\/\/ifamnews.com\/de\/polen-abtreibungslobby-scheitert-grandios-vor-dem-egmr\" \/>\n<meta property=\"og:site_name\" content=\"IFN\" \/>\n<meta property=\"article:publisher\" content=\"https:\/\/www.facebook.com\/iFamNews\" \/>\n<meta property=\"article:author\" content=\"https:\/\/www.facebook.com\/iFamNews\/\" \/>\n<meta property=\"article:published_time\" content=\"2023-06-12T12:39:24+00:00\" \/>\n<meta property=\"article:modified_time\" content=\"2023-06-12T12:39:26+00:00\" \/>\n<meta property=\"og:image\" content=\"https:\/\/ifamnews.com\/wp-content\/uploads\/2023\/06\/Pregnant-Ultrasound.jpg\" \/>\n\t<meta property=\"og:image:width\" content=\"750\" \/>\n\t<meta property=\"og:image:height\" content=\"536\" \/>\n\t<meta property=\"og:image:type\" content=\"image\/jpeg\" \/>\n<meta name=\"author\" content=\"IFN English\" \/>\n<meta name=\"twitter:card\" content=\"summary_large_image\" \/>\n<meta name=\"twitter:creator\" content=\"@https:\/\/twitter.com\/iFamNewsEN\" \/>\n<meta name=\"twitter:site\" content=\"@iFamNewsEN\" \/>\n<meta name=\"twitter:label1\" content=\"Verfasst von\" \/>\n\t<meta name=\"twitter:data1\" content=\"iFamNews Redaktion\" \/>\n\t<meta name=\"twitter:label2\" content=\"Gesch\u00e4tzte Lesezeit\" \/>\n\t<meta name=\"twitter:data2\" content=\"4\u00a0Minuten\" \/>\n<!-- \/ Yoast SEO Premium plugin. -->","yoast_head_json":{"title":"Polen: Abtreibungslobby scheitert grandios vor dem EGMR - IFN","robots":{"index":"index","follow":"follow","max-snippet":"max-snippet:-1","max-image-preview":"max-image-preview:large","max-video-preview":"max-video-preview:-1"},"canonical":"https:\/\/ifamnews.com\/de\/polen-abtreibungslobby-scheitert-grandios-vor-dem-egmr","og_locale":"de_DE","og_type":"article","og_title":"Polen: Abtreibungslobby scheitert grandios vor dem EGMR","og_description":"Ohne in der Sache zu entscheiden, wies das Gericht die Antr\u00e4ge mit der Begr\u00fcndung ab, dass die Antragstellerinnen nicht pers\u00f6nlich behaupten k\u00f6nnten, \"Opfer\" dieser Abschaffung zu sein, da sie weder schwanger seien noch ein Kind mit einer Behinderung erwarteten.","og_url":"https:\/\/ifamnews.com\/de\/polen-abtreibungslobby-scheitert-grandios-vor-dem-egmr","og_site_name":"IFN","article_publisher":"https:\/\/www.facebook.com\/iFamNews","article_author":"https:\/\/www.facebook.com\/iFamNews\/","article_published_time":"2023-06-12T12:39:24+00:00","article_modified_time":"2023-06-12T12:39:26+00:00","og_image":[{"width":750,"height":536,"url":"https:\/\/ifamnews.com\/wp-content\/uploads\/2023\/06\/Pregnant-Ultrasound.jpg","type":"image\/jpeg"}],"author":"IFN English","twitter_card":"summary_large_image","twitter_creator":"@https:\/\/twitter.com\/iFamNewsEN","twitter_site":"@iFamNewsEN","twitter_misc":{"Verfasst von":"iFamNews Redaktion","Gesch\u00e4tzte Lesezeit":"4\u00a0Minuten"},"schema":{"@context":"https:\/\/schema.org","@graph":[{"@type":"NewsArticle","@id":"https:\/\/ifamnews.com\/de\/polen-abtreibungslobby-scheitert-grandios-vor-dem-egmr#article","isPartOf":{"@id":"https:\/\/ifamnews.com\/de\/polen-abtreibungslobby-scheitert-grandios-vor-dem-egmr"},"author":{"name":"IFN English","@id":"https:\/\/ifamnews.com\/en\/#\/schema\/person\/633bdb7ac2496c9b9304ce62d071cdfa"},"headline":"Polen: Abtreibungslobby scheitert grandios vor dem EGMR","datePublished":"2023-06-12T12:39:24+00:00","dateModified":"2023-06-12T12:39:26+00:00","mainEntityOfPage":{"@id":"https:\/\/ifamnews.com\/de\/polen-abtreibungslobby-scheitert-grandios-vor-dem-egmr"},"wordCount":683,"commentCount":0,"publisher":{"@id":"https:\/\/ifamnews.com\/en\/#organization"},"image":{"@id":"https:\/\/ifamnews.com\/de\/polen-abtreibungslobby-scheitert-grandios-vor-dem-egmr#primaryimage"},"thumbnailUrl":"https:\/\/ifamnews.com\/wp-content\/uploads\/2023\/06\/Pregnant-Ultrasound.jpg","keywords":["Abtreibung","europ\u00e4isches zentrum f\u00fcr recht und justiz","Poland"],"articleSection":["Breaking News","Kultur","Vordergrund"],"inLanguage":"de","potentialAction":[{"@type":"CommentAction","name":"Comment","target":["https:\/\/ifamnews.com\/de\/polen-abtreibungslobby-scheitert-grandios-vor-dem-egmr#respond"]}]},{"@type":"WebPage","@id":"https:\/\/ifamnews.com\/de\/polen-abtreibungslobby-scheitert-grandios-vor-dem-egmr","url":"https:\/\/ifamnews.com\/de\/polen-abtreibungslobby-scheitert-grandios-vor-dem-egmr","name":"Polen: Abtreibungslobby scheitert grandios vor dem EGMR - IFN","isPartOf":{"@id":"https:\/\/ifamnews.com\/en\/#website"},"primaryImageOfPage":{"@id":"https:\/\/ifamnews.com\/de\/polen-abtreibungslobby-scheitert-grandios-vor-dem-egmr#primaryimage"},"image":{"@id":"https:\/\/ifamnews.com\/de\/polen-abtreibungslobby-scheitert-grandios-vor-dem-egmr#primaryimage"},"thumbnailUrl":"https:\/\/ifamnews.com\/wp-content\/uploads\/2023\/06\/Pregnant-Ultrasound.jpg","datePublished":"2023-06-12T12:39:24+00:00","dateModified":"2023-06-12T12:39:26+00:00","breadcrumb":{"@id":"https:\/\/ifamnews.com\/de\/polen-abtreibungslobby-scheitert-grandios-vor-dem-egmr#breadcrumb"},"inLanguage":"de","potentialAction":[{"@type":"ReadAction","target":["https:\/\/ifamnews.com\/de\/polen-abtreibungslobby-scheitert-grandios-vor-dem-egmr"]}]},{"@type":"ImageObject","inLanguage":"de","@id":"https:\/\/ifamnews.com\/de\/polen-abtreibungslobby-scheitert-grandios-vor-dem-egmr#primaryimage","url":"https:\/\/ifamnews.com\/wp-content\/uploads\/2023\/06\/Pregnant-Ultrasound.jpg","contentUrl":"https:\/\/ifamnews.com\/wp-content\/uploads\/2023\/06\/Pregnant-Ultrasound.jpg","width":750,"height":536,"caption":"Bild: Ordo Iuris"},{"@type":"BreadcrumbList","@id":"https:\/\/ifamnews.com\/de\/polen-abtreibungslobby-scheitert-grandios-vor-dem-egmr#breadcrumb","itemListElement":[{"@type":"ListItem","position":1,"name":"Home","item":"https:\/\/ifamnews.com\/de"},{"@type":"ListItem","position":2,"name":"\u0413\u043b\u0430\u0432\u043d\u0430 \u0432\u0435\u0441\u0442","item":"https:\/\/ifamnews.com\/sr\/kategorija\/glavna-vest"},{"@type":"ListItem","position":3,"name":"Polen: Abtreibungslobby scheitert grandios vor dem EGMR"}]},{"@type":"WebSite","@id":"https:\/\/ifamnews.com\/en\/#website","url":"https:\/\/ifamnews.com\/en\/","name":"IFN","description":"International Family News Network","publisher":{"@id":"https:\/\/ifamnews.com\/en\/#organization"},"potentialAction":[{"@type":"SearchAction","target":{"@type":"EntryPoint","urlTemplate":"https:\/\/ifamnews.com\/en\/?s={search_term_string}"},"query-input":{"@type":"PropertyValueSpecification","valueRequired":true,"valueName":"search_term_string"}}],"inLanguage":"de"},{"@type":"Organization","@id":"https:\/\/ifamnews.com\/en\/#organization","name":"iFamNews","url":"https:\/\/ifamnews.com\/en\/","logo":{"@type":"ImageObject","inLanguage":"de","@id":"https:\/\/ifamnews.com\/en\/#\/schema\/logo\/image\/","url":"https:\/\/ifamnews.com\/wp-content\/uploads\/2020\/01\/Share-logo.png","contentUrl":"https:\/\/ifamnews.com\/wp-content\/uploads\/2020\/01\/Share-logo.png","width":200,"height":200,"caption":"iFamNews"},"image":{"@id":"https:\/\/ifamnews.com\/en\/#\/schema\/logo\/image\/"},"sameAs":["https:\/\/www.facebook.com\/iFamNews","https:\/\/x.com\/iFamNewsEN"]},{"@type":"Person","@id":"https:\/\/ifamnews.com\/en\/#\/schema\/person\/633bdb7ac2496c9b9304ce62d071cdfa","name":"IFN English","image":{"@type":"ImageObject","inLanguage":"de","@id":"https:\/\/secure.gravatar.com\/avatar\/6f16ce95b558ae6f6eb9ae2f68122482a2c61696af2a8fc343c2e10f981a959d?s=96&d=mm&r=g","url":"https:\/\/secure.gravatar.com\/avatar\/6f16ce95b558ae6f6eb9ae2f68122482a2c61696af2a8fc343c2e10f981a959d?s=96&d=mm&r=g","contentUrl":"https:\/\/secure.gravatar.com\/avatar\/6f16ce95b558ae6f6eb9ae2f68122482a2c61696af2a8fc343c2e10f981a959d?s=96&d=mm&r=g","caption":"IFN English"},"description":"Articles published by the English iFamNews editorial team.","sameAs":["https:\/\/ifamnews.com\/en","https:\/\/www.facebook.com\/iFamNews\/","https:\/\/x.com\/https:\/\/twitter.com\/iFamNewsEN","https:\/\/www.youtube.com\/channel\/UCMVyIt4z9BANW3d09kwfUpw"],"url":"https:\/\/ifamnews.com\/de\/author\/ifamnews-staff"}]}},"amp_enabled":true,"_links":{"self":[{"href":"https:\/\/ifamnews.com\/de\/wp-json\/wp\/v2\/posts\/198264","targetHints":{"allow":["GET"]}}],"collection":[{"href":"https:\/\/ifamnews.com\/de\/wp-json\/wp\/v2\/posts"}],"about":[{"href":"https:\/\/ifamnews.com\/de\/wp-json\/wp\/v2\/types\/post"}],"author":[{"embeddable":true,"href":"https:\/\/ifamnews.com\/de\/wp-json\/wp\/v2\/users\/593"}],"replies":[{"embeddable":true,"href":"https:\/\/ifamnews.com\/de\/wp-json\/wp\/v2\/comments?post=198264"}],"version-history":[{"count":2,"href":"https:\/\/ifamnews.com\/de\/wp-json\/wp\/v2\/posts\/198264\/revisions"}],"predecessor-version":[{"id":198299,"href":"https:\/\/ifamnews.com\/de\/wp-json\/wp\/v2\/posts\/198264\/revisions\/198299"}],"wp:featuredmedia":[{"embeddable":true,"href":"https:\/\/ifamnews.com\/de\/wp-json\/wp\/v2\/media\/198290"}],"wp:attachment":[{"href":"https:\/\/ifamnews.com\/de\/wp-json\/wp\/v2\/media?parent=198264"}],"wp:term":[{"taxonomy":"category","embeddable":true,"href":"https:\/\/ifamnews.com\/de\/wp-json\/wp\/v2\/categories?post=198264"},{"taxonomy":"post_tag","embeddable":true,"href":"https:\/\/ifamnews.com\/de\/wp-json\/wp\/v2\/tags?post=198264"}],"curies":[{"name":"wp","href":"https:\/\/api.w.org\/{rel}","templated":true}]}}