{"id":194681,"date":"2023-05-31T01:00:00","date_gmt":"2023-05-31T05:00:00","guid":{"rendered":"https:\/\/ifamnews.com\/?p=194681"},"modified":"2023-05-25T04:59:19","modified_gmt":"2023-05-25T08:59:19","slug":"frank-furedi-was-ist-woke-und-was-ist-es-nicht","status":"publish","type":"post","link":"https:\/\/ifamnews.com\/de\/frank-furedi-was-ist-woke-und-was-ist-es-nicht","title":{"rendered":"Frank Furedi: Was ist &#8222;woke&#8220; und was ist es nicht?"},"content":{"rendered":"\n<p>In einer Welt, die zunehmend von polarisierenden Ideologien gepr\u00e4gt ist, hat der Begriff \u00bbwoke\u00ab an Bedeutung gewonnen. Seine Bedeutung ist jedoch verworren und verzerrt, was zu weit verbreiteter Verwirrung gef\u00fchrt hat. In einem <a href=\"https:\/\/frankfuredi.substack.com\/p\/what-is-woke-and-what-it-isnt?r=lrdfg&amp;utm_campaign=post&amp;utm_medium=web\">nachdenklich stimmenden Artikel von Frank Furedi<\/a> mit dem Titel \u00bbWas ist \u201aWoke\u2018 und was ist es nicht?\u00ab liefert er wertvolle Einsichten, die helfen, die Komplexit\u00e4t dieses Konzepts zu entwirren. Wir wollen uns mit den drei wichtigsten Erkenntnissen aus seiner Analyse befassen.<\/p>\n\n\n\n<p>Woke als ideologische Bewegung:<\/p>\n\n\n\n<p>Entgegen der landl\u00e4ufigen Meinung argumentiert Furedi, dass woke nicht einfach ein Begriff ist, der soziales Bewusstsein oder Mitgef\u00fchl beschreibt. Vielmehr handelt es sich um eine ideologische Bewegung, die in einer bestimmten Reihe von \u00dcberzeugungen und Werten verwurzelt ist. Sie umfasst eine Reihe von Themen, darunter Identit\u00e4tspolitik, kulturelle Sensibilit\u00e4t und die Betonung von systemischen Machtungleichgewichten. Furedi betont, dass woke zu sein \u00fcber das pers\u00f6nliche Bewusstsein hinausgeht; es beinhaltet das Festhalten an einer bestimmten Weltanschauung, die darauf abzielt, die Gesellschaft durch radikale Mittel herauszufordern und zu ver\u00e4ndern.<\/p>\n\n\n\n<p>Die problematische Natur der \u00bbwachen\u00ab Kultur:<\/p>\n\n\n\n<p>Furedi weist auf die m\u00f6glichen Fallstricke und Gefahren hin, die mit der Woke-Bewegung verbunden sind. Er stellt fest, dass die Bewegung zwar behauptet, f\u00fcr Inklusivit\u00e4t und soziale Gerechtigkeit einzutreten, sich aber oft auf spaltende Taktiken verl\u00e4sst und den offenen Dialog unterdr\u00fcckt. Das Streben nach einer vermeintlichen moralischen \u00dcberlegenheit kann zu einem Klima der Intoleranz f\u00fchren, in dem abweichende Meinungen abgetan und Personen als \u00bbproblematisch\u00ab bezeichnet werden. Furedi argumentiert, dass ein solches Umfeld die Grunds\u00e4tze der freien Meinungs\u00e4u\u00dferung und der intellektuellen Vielfalt untergr\u00e4bt und echten Fortschritt und Verst\u00e4ndnis behindert.<\/p>\n\n\n\n<p>Die Auswirkungen auf Bildung und Gesellschaft:<\/p>\n\n\n\n<p>Ein Bereich, der von der Woke-Ideologie zutiefst beeinflusst wird, ist die Bildung. Furedi untersucht, wie Schulen und Universit\u00e4ten zunehmend einen Lehrplan angenommen haben, der sich auf Identit\u00e4tspolitik und Woke-Narrative konzentriert. Dieser Wandel hat zu einer Verengung des intellektuellen Diskurses gef\u00fchrt, in dem bestimmte Ideen und Standpunkte als inakzeptabel gelten. Furedi weist auf die Gefahren eines Bildungssystems hin, das der Indoktrination Vorrang vor kritischem Denken einr\u00e4umt, da es die Entwicklung von Menschen untergr\u00e4bt, die in der Lage sind, einen konstruktiven Dialog zu f\u00fchren.<\/p>\n\n\n\n<p>Zusammenfassend l\u00e4sst sich sagen, dass Furedis Artikel wertvolle Einblicke in die Bedeutung und die Implikationen der Woke-Kultur bietet. Er r\u00e4umt mit Missverst\u00e4ndnissen rund um den Begriff auf und verdeutlicht seinen ideologischen Charakter sowie die potenziellen Probleme, die mit seiner Umsetzung verbunden sind. Wenn wir die Komplexit\u00e4t des Begriffs Woke verstehen, k\u00f6nnen wir differenziertere Diskussionen f\u00fchren und ein Umfeld schaffen, das unterschiedliche Perspektiven und einen offenen Dialog f\u00f6rdert.<\/p>\n","protected":false},"excerpt":{"rendered":"<p>Der Soziologe Frank Furedi erkl\u00e4rt die Woke-Ideologie, ihre Auswirkungen auf Bidlung und Kultur und die Implikationen f\u00fcr die Gesellschaft allgemein.<\/p>\n","protected":false},"author":623,"featured_media":192143,"comment_status":"open","ping_status":"open","sticky":false,"template":"","format":"standard","meta":{"give_campaign_id":0,"om_disable_all_campaigns":false,"_monsterinsights_skip_tracking":false,"_monsterinsights_sitenote_active":false,"_monsterinsights_sitenote_note":"","_monsterinsights_sitenote_category":0,"mc4wp_mailchimp_campaign":[],"jnews-multi-image_gallery":[],"jnews_single_post":{"subtitle":"Der Soziologe Frank Furedi erkl\u00e4rt die Woke-Ideologie, ihre Auswirkungen auf Bidlung und Kultur und die Implikationen f\u00fcr die Gesellschaft allgemein.","format":"standard","video":"","gallery":"","source_name":"","source_url":"","via_name":"","via_url":"","override_template":"0","override":[{"template":"2","single_blog_custom":"","parallax":"1","fullscreen":"1","layout":"right-sidebar-narrow","sidebar":"default-sidebar","second_sidebar":"default-sidebar","sticky_sidebar":"1","share_position":"float","share_float_style":"share-normal","show_share_counter":"1","show_view_counter":"1","show_featured":"1","show_post_meta":"1","show_post_author":"1","show_post_author_image":"1","show_post_date":"1","post_date_format":"default","post_date_format_custom":"Y\/m\/d","show_post_category":"1","show_post_reading_time":"1","post_reading_time_wpm":"300","show_zoom_button":"0","zoom_button_out_step":"2","zoom_button_in_step":"3","show_post_tag":"1","show_prev_next_post":"0","show_popup_post":"0","number_popup_post":"1","show_author_box":"1","show_post_related":"0","show_inline_post_related":"0"}],"override_image_size":"0","image_override":[{"single_post_thumbnail_size":"crop-715","single_post_gallery_size":"crop-715"}],"trending_post":"0","trending_post_position":"meta","trending_post_label":"Trending","sponsored_post":"0","sponsored_post_label":"Sponsored by","sponsored_post_name":"","sponsored_post_url":"","sponsored_post_logo_enable":"0","sponsored_post_logo":"","sponsored_post_desc":"","disable_ad":"0"},"jnews_primary_category":{"id":"767"},"jnews_social_meta":{"fb_title":"","fb_description":"","fb_image":"","twitter_title":"","twitter_description":"","twitter_image":""},"jnews_override_counter":{"override_view_counter":"0","view_counter_number":"0","override_share_counter":"0","share_counter_number":"0","override_like_counter":"0","like_counter_number":"0","override_dislike_counter":"0","dislike_counter_number":"0"},"footnotes":""},"categories":[816,767,811],"tags":[26304,25678,11894,18492,9756],"class_list":["post-194681","post","type-post","status-publish","format-standard","has-post-thumbnail","hentry","category-breaking-news-de","category-meinung","category-foreground-de","tag-frank-furedi","tag-soziologie","tag-woke-2","tag-woke-kultur","tag-wokeness-2"],"yoast_head":"<!-- This site is optimized with the Yoast SEO Premium plugin v25.9 (Yoast SEO v27.3) - https:\/\/yoast.com\/product\/yoast-seo-premium-wordpress\/ -->\n<title>Frank Furedi: Was ist &quot;woke&quot; und was ist es nicht? - IFN<\/title>\n<meta name=\"robots\" content=\"index, follow, max-snippet:-1, max-image-preview:large, max-video-preview:-1\" \/>\n<link rel=\"canonical\" href=\"https:\/\/ifamnews.com\/de\/frank-furedi-was-ist-woke-und-was-ist-es-nicht\" \/>\n<meta property=\"og:locale\" content=\"de_DE\" \/>\n<meta property=\"og:type\" content=\"article\" \/>\n<meta property=\"og:title\" content=\"Frank Furedi: Was ist &quot;woke&quot; und was ist es nicht?\" \/>\n<meta property=\"og:description\" content=\"Der Soziologe Frank Furedi erkl\u00e4rt die Woke-Ideologie, ihre Auswirkungen auf Bidlung und Kultur und die Implikationen f\u00fcr die Gesellschaft allgemein.\" \/>\n<meta property=\"og:url\" content=\"https:\/\/ifamnews.com\/de\/frank-furedi-was-ist-woke-und-was-ist-es-nicht\" \/>\n<meta property=\"og:site_name\" content=\"IFN\" \/>\n<meta property=\"article:publisher\" content=\"https:\/\/www.facebook.com\/iFamNews\" \/>\n<meta property=\"article:author\" content=\"https:\/\/www.facebook.com\/iFamNews\/\" \/>\n<meta property=\"article:published_time\" content=\"2023-05-31T05:00:00+00:00\" \/>\n<meta property=\"og:image\" content=\"https:\/\/ifamnews.com\/wp-content\/uploads\/2023\/05\/Woke.jpg\" \/>\n\t<meta property=\"og:image:width\" content=\"1333\" \/>\n\t<meta property=\"og:image:height\" content=\"752\" \/>\n\t<meta property=\"og:image:type\" content=\"image\/jpeg\" \/>\n<meta name=\"author\" content=\"iFamNews Germany\" \/>\n<meta name=\"twitter:card\" content=\"summary_large_image\" \/>\n<meta name=\"twitter:creator\" content=\"@https:\/\/twitter.com\/iFamNewsDE\" \/>\n<meta name=\"twitter:site\" content=\"@iFamNewsEN\" \/>\n<meta name=\"twitter:label1\" content=\"Verfasst von\" \/>\n\t<meta name=\"twitter:data1\" content=\"IFN Deutschland\" \/>\n\t<meta name=\"twitter:label2\" content=\"Gesch\u00e4tzte Lesezeit\" \/>\n\t<meta name=\"twitter:data2\" content=\"3\u00a0Minuten\" \/>\n<!-- \/ Yoast SEO Premium plugin. -->","yoast_head_json":{"title":"Frank Furedi: Was ist \"woke\" und was ist es nicht? - IFN","robots":{"index":"index","follow":"follow","max-snippet":"max-snippet:-1","max-image-preview":"max-image-preview:large","max-video-preview":"max-video-preview:-1"},"canonical":"https:\/\/ifamnews.com\/de\/frank-furedi-was-ist-woke-und-was-ist-es-nicht","og_locale":"de_DE","og_type":"article","og_title":"Frank Furedi: Was ist \"woke\" und was ist es nicht?","og_description":"Der Soziologe Frank Furedi erkl\u00e4rt die Woke-Ideologie, ihre Auswirkungen auf Bidlung und Kultur und die Implikationen f\u00fcr die Gesellschaft allgemein.","og_url":"https:\/\/ifamnews.com\/de\/frank-furedi-was-ist-woke-und-was-ist-es-nicht","og_site_name":"IFN","article_publisher":"https:\/\/www.facebook.com\/iFamNews","article_author":"https:\/\/www.facebook.com\/iFamNews\/","article_published_time":"2023-05-31T05:00:00+00:00","og_image":[{"width":1333,"height":752,"url":"https:\/\/ifamnews.com\/wp-content\/uploads\/2023\/05\/Woke.jpg","type":"image\/jpeg"}],"author":"iFamNews Germany","twitter_card":"summary_large_image","twitter_creator":"@https:\/\/twitter.com\/iFamNewsDE","twitter_site":"@iFamNewsEN","twitter_misc":{"Verfasst von":"IFN Deutschland","Gesch\u00e4tzte Lesezeit":"3\u00a0Minuten"},"schema":{"@context":"https:\/\/schema.org","@graph":[{"@type":"NewsArticle","@id":"https:\/\/ifamnews.com\/de\/frank-furedi-was-ist-woke-und-was-ist-es-nicht#article","isPartOf":{"@id":"https:\/\/ifamnews.com\/de\/frank-furedi-was-ist-woke-und-was-ist-es-nicht"},"author":{"name":"iFamNews Germany","@id":"https:\/\/ifamnews.com\/en\/#\/schema\/person\/82ec6d77f1c630266e2c3a9e8643b439"},"headline":"Frank Furedi: Was ist &#8222;woke&#8220; und was ist es nicht?","datePublished":"2023-05-31T05:00:00+00:00","mainEntityOfPage":{"@id":"https:\/\/ifamnews.com\/de\/frank-furedi-was-ist-woke-und-was-ist-es-nicht"},"wordCount":455,"commentCount":0,"publisher":{"@id":"https:\/\/ifamnews.com\/en\/#organization"},"image":{"@id":"https:\/\/ifamnews.com\/de\/frank-furedi-was-ist-woke-und-was-ist-es-nicht#primaryimage"},"thumbnailUrl":"https:\/\/ifamnews.com\/wp-content\/uploads\/2023\/05\/Woke.jpg","keywords":["Frank Furedi","Soziologie","Woke","Woke-Kultur","Wokeness"],"articleSection":["Breaking News","Meinung","Vordergrund"],"inLanguage":"de","potentialAction":[{"@type":"CommentAction","name":"Comment","target":["https:\/\/ifamnews.com\/de\/frank-furedi-was-ist-woke-und-was-ist-es-nicht#respond"]}]},{"@type":"WebPage","@id":"https:\/\/ifamnews.com\/de\/frank-furedi-was-ist-woke-und-was-ist-es-nicht","url":"https:\/\/ifamnews.com\/de\/frank-furedi-was-ist-woke-und-was-ist-es-nicht","name":"Frank Furedi: Was ist \"woke\" und was ist es nicht? - IFN","isPartOf":{"@id":"https:\/\/ifamnews.com\/en\/#website"},"primaryImageOfPage":{"@id":"https:\/\/ifamnews.com\/de\/frank-furedi-was-ist-woke-und-was-ist-es-nicht#primaryimage"},"image":{"@id":"https:\/\/ifamnews.com\/de\/frank-furedi-was-ist-woke-und-was-ist-es-nicht#primaryimage"},"thumbnailUrl":"https:\/\/ifamnews.com\/wp-content\/uploads\/2023\/05\/Woke.jpg","datePublished":"2023-05-31T05:00:00+00:00","breadcrumb":{"@id":"https:\/\/ifamnews.com\/de\/frank-furedi-was-ist-woke-und-was-ist-es-nicht#breadcrumb"},"inLanguage":"de","potentialAction":[{"@type":"ReadAction","target":["https:\/\/ifamnews.com\/de\/frank-furedi-was-ist-woke-und-was-ist-es-nicht"]}]},{"@type":"ImageObject","inLanguage":"de","@id":"https:\/\/ifamnews.com\/de\/frank-furedi-was-ist-woke-und-was-ist-es-nicht#primaryimage","url":"https:\/\/ifamnews.com\/wp-content\/uploads\/2023\/05\/Woke.jpg","contentUrl":"https:\/\/ifamnews.com\/wp-content\/uploads\/2023\/05\/Woke.jpg","width":1333,"height":752,"caption":"Bildquelle: The Centennial Institute"},{"@type":"BreadcrumbList","@id":"https:\/\/ifamnews.com\/de\/frank-furedi-was-ist-woke-und-was-ist-es-nicht#breadcrumb","itemListElement":[{"@type":"ListItem","position":1,"name":"Home","item":"https:\/\/ifamnews.com\/de"},{"@type":"ListItem","position":2,"name":"Nouvelles r\u00e9centes","item":"https:\/\/ifamnews.com\/fr\/categorie\/breaking-news-fr"},{"@type":"ListItem","position":3,"name":"Frank Furedi: Was ist &#8220;woke&#8221; und was ist es nicht?"}]},{"@type":"WebSite","@id":"https:\/\/ifamnews.com\/en\/#website","url":"https:\/\/ifamnews.com\/en\/","name":"IFN","description":"International Family News Network","publisher":{"@id":"https:\/\/ifamnews.com\/en\/#organization"},"potentialAction":[{"@type":"SearchAction","target":{"@type":"EntryPoint","urlTemplate":"https:\/\/ifamnews.com\/en\/?s={search_term_string}"},"query-input":{"@type":"PropertyValueSpecification","valueRequired":true,"valueName":"search_term_string"}}],"inLanguage":"de"},{"@type":"Organization","@id":"https:\/\/ifamnews.com\/en\/#organization","name":"iFamNews","url":"https:\/\/ifamnews.com\/en\/","logo":{"@type":"ImageObject","inLanguage":"de","@id":"https:\/\/ifamnews.com\/en\/#\/schema\/logo\/image\/","url":"https:\/\/ifamnews.com\/wp-content\/uploads\/2020\/01\/Share-logo.png","contentUrl":"https:\/\/ifamnews.com\/wp-content\/uploads\/2020\/01\/Share-logo.png","width":200,"height":200,"caption":"iFamNews"},"image":{"@id":"https:\/\/ifamnews.com\/en\/#\/schema\/logo\/image\/"},"sameAs":["https:\/\/www.facebook.com\/iFamNews","https:\/\/x.com\/iFamNewsEN"]},{"@type":"Person","@id":"https:\/\/ifamnews.com\/en\/#\/schema\/person\/82ec6d77f1c630266e2c3a9e8643b439","name":"iFamNews Germany","image":{"@type":"ImageObject","inLanguage":"de","@id":"https:\/\/secure.gravatar.com\/avatar\/c51b977100a05a1448d61b80953be1e3192e0be236d631062ca6a59c6f9a879b?s=96&d=mm&r=g","url":"https:\/\/secure.gravatar.com\/avatar\/c51b977100a05a1448d61b80953be1e3192e0be236d631062ca6a59c6f9a879b?s=96&d=mm&r=g","contentUrl":"https:\/\/secure.gravatar.com\/avatar\/c51b977100a05a1448d61b80953be1e3192e0be236d631062ca6a59c6f9a879b?s=96&d=mm&r=g","caption":"iFamNews Germany"},"description":"Articles published by the German iFamNews editorial team.","sameAs":["https:\/\/ifamnews.com\/de","https:\/\/www.facebook.com\/iFamNews\/","https:\/\/x.com\/https:\/\/twitter.com\/iFamNewsDE","https:\/\/www.youtube.com\/channel\/UCMVyIt4z9BANW3d09kwfUpw"],"url":"https:\/\/ifamnews.com\/de\/author\/redaktion"}]}},"amp_enabled":true,"_links":{"self":[{"href":"https:\/\/ifamnews.com\/de\/wp-json\/wp\/v2\/posts\/194681","targetHints":{"allow":["GET"]}}],"collection":[{"href":"https:\/\/ifamnews.com\/de\/wp-json\/wp\/v2\/posts"}],"about":[{"href":"https:\/\/ifamnews.com\/de\/wp-json\/wp\/v2\/types\/post"}],"author":[{"embeddable":true,"href":"https:\/\/ifamnews.com\/de\/wp-json\/wp\/v2\/users\/623"}],"replies":[{"embeddable":true,"href":"https:\/\/ifamnews.com\/de\/wp-json\/wp\/v2\/comments?post=194681"}],"version-history":[{"count":1,"href":"https:\/\/ifamnews.com\/de\/wp-json\/wp\/v2\/posts\/194681\/revisions"}],"predecessor-version":[{"id":194683,"href":"https:\/\/ifamnews.com\/de\/wp-json\/wp\/v2\/posts\/194681\/revisions\/194683"}],"wp:featuredmedia":[{"embeddable":true,"href":"https:\/\/ifamnews.com\/de\/wp-json\/wp\/v2\/media\/192143"}],"wp:attachment":[{"href":"https:\/\/ifamnews.com\/de\/wp-json\/wp\/v2\/media?parent=194681"}],"wp:term":[{"taxonomy":"category","embeddable":true,"href":"https:\/\/ifamnews.com\/de\/wp-json\/wp\/v2\/categories?post=194681"},{"taxonomy":"post_tag","embeddable":true,"href":"https:\/\/ifamnews.com\/de\/wp-json\/wp\/v2\/tags?post=194681"}],"curies":[{"name":"wp","href":"https:\/\/api.w.org\/{rel}","templated":true}]}}