{"id":193165,"date":"2023-05-26T01:00:00","date_gmt":"2023-05-26T05:00:00","guid":{"rendered":"https:\/\/ifamnews.com\/?p=193165"},"modified":"2023-05-11T06:20:21","modified_gmt":"2023-05-11T10:20:21","slug":"stopp-der-indoktrination-in-den-klassenzimmern","status":"publish","type":"post","link":"https:\/\/ifamnews.com\/de\/stopp-der-indoktrination-in-den-klassenzimmern","title":{"rendered":"STOPP der Indoktrination in den Klassenzimmern"},"content":{"rendered":"\n<p>Was tun sie unseren Kindern an, frage ich mich entsetzt, und was steckt dahinter? <\/p>\n\n\n\n<p>Alle Eltern sind besorgt (und sehr besorgt) \u00fcber die Bildung ihrer Kinder. Deshalb sind wir uns als Eltern bewusst, dass sie den Angriffen und ideologischen Wutausbr\u00fcchen einiger zunehmend schutzlos ausgeliefert sind.  <\/p>\n\n\n\n<p>Die LGTB-Lobbys und die Parteien, Organisationen und Verb\u00e4nde, die sie unterst\u00fctzen und die Verbreitung der Gender-Ideologie vorantreiben, f\u00fchren seit Jahren einen Kreuzzug, um den Kindern ihre Ideen einzutrichtern. Wenn unsere Kinder Tag f\u00fcr Tag und Jahr f\u00fcr Jahr mit diesen Ideen konfrontiert werden, werden sie am Ende alle so denken, wie sie es wollen.  <\/p>\n\n\n\n<p>Sie sind die Zukunft. Doch die Zukunft ist zunehmend ungewiss. Wir haben wieder einmal erlebt, wie unsere Kinder, Sch\u00fcler einer \u00f6ffentlichen Schule in M\u00f3stoles, diesem ideologischen Hammer ausgesetzt wurden.  <\/p>\n\n\n\n<p>Sie gehen in eine \u00f6ffentliche Schule, in der man (nat\u00fcrlich) eine Erlaubnis braucht, um mit ihnen Ausfl\u00fcge zu machen, die sie nur in Begleitung verlassen d\u00fcrfen usw., in die aber jeder (ohne Erlaubnis oder Wissen der Eltern!) eindringen kann, um sie davon zu \u00fcberzeugen, dass M\u00e4nner Unterdr\u00fccker sind, von deren Joch sie sich befreien m\u00fcssen, oder dass sie so schnell wie m\u00f6glich Hormone bekommen m\u00fcssen, um sie selbst zu sein.<\/p>\n\n\n\n<p>In diesem Jahr wurde mein Sohn (der im zweiten Jahr der ESO ist) diesem Vortrag ausgesetzt, der voller Gewalt und mit Schimpfw\u00f6rtern und Slogans gespickt ist, die f\u00fcr die Person zerst\u00f6rerisch sind.  <\/p>\n\n\n\n<p>Schon die Einleitung der Frau war eine Absichtserkl\u00e4rung: &#8222;Mein Name ist &#8230; und ich bin lesbisch&#8220;. K\u00fcmmert sich mein Kind (oder sonst jemand) um die sexuelle Orientierung dieser Frau?<br>Letztes Jahr musste ein anderes meiner Kinder diesen Vortrag \u00fcber sich ergehen lassen. Ich habe mich daraufhin an den Schulleiter gewandt und um Erkl\u00e4rungen gebeten: Warum werden die Familien nicht \u00fcber den Inhalt der &#8222;Tutorien&#8220; informiert, wissen sie, wer als Redner kommt und wor\u00fcber er sprechen wird, wer entscheidet \u00fcber die Themen und die Redner, k\u00f6nnen wir Eltern die Themen vorschlagen, Redner vorschlagen oder entscheiden, dass unsere Kinder keine dieser &#8222;Tutorien&#8220; erhalten sollen, und k\u00f6nnen die Kinder \u00fcberhaupt etwas entscheiden?<\/p>\n\n\n\n<p>Nach vielen Diskussionen und viel Hin und Her konnte ich eines klarstellen: die F\u00e4cher (vor allem diese Art von F\u00e4chern) und wer sie unterrichtet, werden von der Stadtverwaltung diktiert und auferlegt! Es gibt keine Alternativen. Und es gibt keinen Ausweg.<br>Die Jungen sind sich bereits bewusst, dass ein Kampf unm\u00f6glich ist. Sie wissen, dass sie ihre Anwesenheit nicht vermeiden k\u00f6nnen. Sie sagen, dass sie versuchen, an andere Dinge zu denken, w\u00e4hrend die Person spricht.<\/p>\n\n\n\n<p>Sie sind sich bewusst, dass sie nicht widersprechen oder sich \u00e4u\u00dfern k\u00f6nnen, wenn sie nicht von der Schule ausgesondert und sanktioniert werden wollen. Und da sagt jemand, wir leben in einer Demokratie?<br>Ich w\u00fcrde gerne glauben, dass die L\u00f6sung darin besteht, die Schule meiner Kinder zu wechseln. Aber so einfach ist es nicht. Leider sind die Schulen, zu denen diese ideologische Dampfwalze keinen Zutritt hat, privat und daher teuer. Wir w\u00fcrden sie gerne \u00e4ndern, ja, ihnen einen Hauch von frischer Luft und Freiheit geben, aber wir k\u00f6nnen es nicht.<\/p>\n\n\n\n<p>Die Frage, die sich f\u00fcr uns alle stellen muss, lautet: Warum werden \u00f6ffentliche Mittel zur F\u00f6rderung und Durchsetzung einer politischen oder ideologischen Agenda verwendet? Ist dies nicht ein eklatanter Versto\u00df gegen das Recht der Eltern, ihre Kinder gem\u00e4\u00df ihren Grunds\u00e4tzen, \u00dcberzeugungen und Werten zu erziehen, oder zumindest eine unvoreingenommene und objektive Erziehung zu gew\u00e4hrleisten?<br><\/p>\n","protected":false},"excerpt":{"rendered":"<p>Ist dies nicht ein eklatanter Versto\u00df gegen das Recht der Eltern, ihre Kinder gem\u00e4\u00df ihren Grunds\u00e4tzen, \u00dcberzeugungen und Werten zu erziehen, oder zumindest eine unvoreingenommene und objektive Erziehung zu gew\u00e4hrleisten?<\/p>\n","protected":false},"author":635,"featured_media":191222,"comment_status":"open","ping_status":"open","sticky":false,"template":"","format":"standard","meta":{"give_campaign_id":0,"om_disable_all_campaigns":false,"_monsterinsights_skip_tracking":false,"_monsterinsights_sitenote_active":false,"_monsterinsights_sitenote_note":"","_monsterinsights_sitenote_category":0,"mc4wp_mailchimp_campaign":[],"jnews-multi-image_gallery":[],"jnews_single_post":{"subtitle":"Warum werden \u00f6ffentliche Mittel verwendet, um eine politische oder ideologische Agenda zu f\u00f6rdern und durchzusetzen?","format":"standard","video":"","gallery":"","source_name":"","source_url":"","via_name":"","via_url":"","override_template":"0","override":[{"template":"2","single_blog_custom":"","parallax":"1","fullscreen":"1","layout":"right-sidebar-narrow","sidebar":"default-sidebar","second_sidebar":"default-sidebar","sticky_sidebar":"1","share_position":"float","share_float_style":"share-normal","show_share_counter":"1","show_view_counter":"1","show_featured":"1","show_post_meta":"1","show_post_author":"1","show_post_author_image":"1","show_post_date":"1","post_date_format":"default","post_date_format_custom":"Y\/m\/d","show_post_category":"1","show_post_reading_time":"1","post_reading_time_wpm":"300","show_zoom_button":"0","zoom_button_out_step":"2","zoom_button_in_step":"3","show_post_tag":"1","show_prev_next_post":"0","show_popup_post":"0","number_popup_post":"1","show_author_box":"1","show_post_related":"0","show_inline_post_related":"0"}],"override_image_size":"0","image_override":[{"single_post_thumbnail_size":"crop-715","single_post_gallery_size":"crop-715"}],"trending_post":"0","trending_post_position":"meta","trending_post_label":"Trending","sponsored_post":"0","sponsored_post_label":"Sponsored by","sponsored_post_name":"","sponsored_post_url":"","sponsored_post_logo_enable":"0","sponsored_post_logo":"","sponsored_post_desc":"","disable_ad":"0"},"jnews_primary_category":{"id":"770"},"jnews_social_meta":{"fb_title":"","fb_description":"","fb_image":"","twitter_title":"","twitter_description":"","twitter_image":""},"jnews_override_counter":{"override_view_counter":"0","view_counter_number":"0","override_share_counter":"0","share_counter_number":"0","override_like_counter":"0","like_counter_number":"0","override_dislike_counter":"0","dislike_counter_number":"0"},"footnotes":""},"categories":[816,770,811],"tags":[25921,22408,25920],"class_list":["post-193165","post","type-post","status-publish","format-standard","has-post-thumbnail","hentry","category-breaking-news-de","category-familie","category-foreground-de","tag-ideologie-im-klassenzimmer","tag-indoktrination-von-kindern","tag-lgtbi-agenda-de"],"yoast_head":"<!-- This site is optimized with the Yoast SEO Premium plugin v25.9 (Yoast SEO v27.3) - https:\/\/yoast.com\/product\/yoast-seo-premium-wordpress\/ -->\n<title>STOPP der Indoktrination in den Klassenzimmern - IFN<\/title>\n<meta name=\"description\" content=\"Ist dies nicht ein eklatanter Versto\u00df gegen das Recht der Eltern, ihre Kinder nach ihren Prinzipien zu erziehen?\" \/>\n<meta name=\"robots\" content=\"index, follow, max-snippet:-1, max-image-preview:large, max-video-preview:-1\" \/>\n<link rel=\"canonical\" href=\"https:\/\/ifamnews.com\/de\/stopp-der-indoktrination-in-den-klassenzimmern\" \/>\n<meta property=\"og:locale\" content=\"de_DE\" \/>\n<meta property=\"og:type\" content=\"article\" \/>\n<meta property=\"og:title\" content=\"STOPP der Indoktrination in den Klassenzimmern\" \/>\n<meta property=\"og:description\" content=\"Ist dies nicht ein eklatanter Versto\u00df gegen das Recht der Eltern, ihre Kinder nach ihren Prinzipien zu erziehen?\" \/>\n<meta property=\"og:url\" content=\"https:\/\/ifamnews.com\/de\/stopp-der-indoktrination-in-den-klassenzimmern\" \/>\n<meta property=\"og:site_name\" content=\"IFN\" \/>\n<meta property=\"article:publisher\" content=\"https:\/\/www.facebook.com\/iFamNews\" \/>\n<meta property=\"article:published_time\" content=\"2023-05-26T05:00:00+00:00\" \/>\n<meta property=\"og:image\" content=\"https:\/\/ifamnews.com\/wp-content\/uploads\/2023\/05\/image-6.png\" \/>\n\t<meta property=\"og:image:width\" content=\"1200\" \/>\n\t<meta property=\"og:image:height\" content=\"674\" \/>\n\t<meta property=\"og:image:type\" content=\"image\/png\" \/>\n<meta name=\"author\" content=\"Mar\u00eda Men\u00e9ndez de Zubillaga\" \/>\n<meta name=\"twitter:card\" content=\"summary_large_image\" \/>\n<meta name=\"twitter:creator\" content=\"@iFamNewsEN\" \/>\n<meta name=\"twitter:site\" content=\"@iFamNewsEN\" \/>\n<meta name=\"twitter:label1\" content=\"Verfasst von\" \/>\n\t<meta name=\"twitter:data1\" content=\"Mar\u00eda Men\u00e9ndez de Zubillaga\" \/>\n\t<meta name=\"twitter:label2\" content=\"Gesch\u00e4tzte Lesezeit\" \/>\n\t<meta name=\"twitter:data2\" content=\"4\u00a0Minuten\" \/>\n<!-- \/ Yoast SEO Premium plugin. -->","yoast_head_json":{"title":"STOPP der Indoktrination in den Klassenzimmern - IFN","description":"Ist dies nicht ein eklatanter Versto\u00df gegen das Recht der Eltern, ihre Kinder nach ihren Prinzipien zu erziehen?","robots":{"index":"index","follow":"follow","max-snippet":"max-snippet:-1","max-image-preview":"max-image-preview:large","max-video-preview":"max-video-preview:-1"},"canonical":"https:\/\/ifamnews.com\/de\/stopp-der-indoktrination-in-den-klassenzimmern","og_locale":"de_DE","og_type":"article","og_title":"STOPP der Indoktrination in den Klassenzimmern","og_description":"Ist dies nicht ein eklatanter Versto\u00df gegen das Recht der Eltern, ihre Kinder nach ihren Prinzipien zu erziehen?","og_url":"https:\/\/ifamnews.com\/de\/stopp-der-indoktrination-in-den-klassenzimmern","og_site_name":"IFN","article_publisher":"https:\/\/www.facebook.com\/iFamNews","article_published_time":"2023-05-26T05:00:00+00:00","og_image":[{"width":1200,"height":674,"url":"https:\/\/ifamnews.com\/wp-content\/uploads\/2023\/05\/image-6.png","type":"image\/png"}],"author":"Mar\u00eda Men\u00e9ndez de Zubillaga","twitter_card":"summary_large_image","twitter_creator":"@iFamNewsEN","twitter_site":"@iFamNewsEN","twitter_misc":{"Verfasst von":"Mar\u00eda Men\u00e9ndez de Zubillaga","Gesch\u00e4tzte Lesezeit":"4\u00a0Minuten"},"schema":{"@context":"https:\/\/schema.org","@graph":[{"@type":"NewsArticle","@id":"https:\/\/ifamnews.com\/de\/stopp-der-indoktrination-in-den-klassenzimmern#article","isPartOf":{"@id":"https:\/\/ifamnews.com\/de\/stopp-der-indoktrination-in-den-klassenzimmern"},"author":{"name":"Mar\u00eda Men\u00e9ndez de Zubillaga","@id":"https:\/\/ifamnews.com\/en\/#\/schema\/person\/ea55167aa394b5297d20c1dab2387c08"},"headline":"STOPP der Indoktrination in den Klassenzimmern","datePublished":"2023-05-26T05:00:00+00:00","mainEntityOfPage":{"@id":"https:\/\/ifamnews.com\/de\/stopp-der-indoktrination-in-den-klassenzimmern"},"wordCount":601,"commentCount":0,"publisher":{"@id":"https:\/\/ifamnews.com\/en\/#organization"},"image":{"@id":"https:\/\/ifamnews.com\/de\/stopp-der-indoktrination-in-den-klassenzimmern#primaryimage"},"thumbnailUrl":"https:\/\/ifamnews.com\/wp-content\/uploads\/2023\/05\/image-6.png","keywords":["Ideologie im Klassenzimmer","Indoktrination von Kindern","LGTBI-Agenda"],"articleSection":["Breaking News","Familie","Vordergrund"],"inLanguage":"de","potentialAction":[{"@type":"CommentAction","name":"Comment","target":["https:\/\/ifamnews.com\/de\/stopp-der-indoktrination-in-den-klassenzimmern#respond"]}]},{"@type":"WebPage","@id":"https:\/\/ifamnews.com\/de\/stopp-der-indoktrination-in-den-klassenzimmern","url":"https:\/\/ifamnews.com\/de\/stopp-der-indoktrination-in-den-klassenzimmern","name":"STOPP der Indoktrination in den Klassenzimmern - IFN","isPartOf":{"@id":"https:\/\/ifamnews.com\/en\/#website"},"primaryImageOfPage":{"@id":"https:\/\/ifamnews.com\/de\/stopp-der-indoktrination-in-den-klassenzimmern#primaryimage"},"image":{"@id":"https:\/\/ifamnews.com\/de\/stopp-der-indoktrination-in-den-klassenzimmern#primaryimage"},"thumbnailUrl":"https:\/\/ifamnews.com\/wp-content\/uploads\/2023\/05\/image-6.png","datePublished":"2023-05-26T05:00:00+00:00","description":"Ist dies nicht ein eklatanter Versto\u00df gegen das Recht der Eltern, ihre Kinder nach ihren Prinzipien zu erziehen?","breadcrumb":{"@id":"https:\/\/ifamnews.com\/de\/stopp-der-indoktrination-in-den-klassenzimmern#breadcrumb"},"inLanguage":"de","potentialAction":[{"@type":"ReadAction","target":["https:\/\/ifamnews.com\/de\/stopp-der-indoktrination-in-den-klassenzimmern"]}]},{"@type":"ImageObject","inLanguage":"de","@id":"https:\/\/ifamnews.com\/de\/stopp-der-indoktrination-in-den-klassenzimmern#primaryimage","url":"https:\/\/ifamnews.com\/wp-content\/uploads\/2023\/05\/image-6.png","contentUrl":"https:\/\/ifamnews.com\/wp-content\/uploads\/2023\/05\/image-6.png","width":1200,"height":674},{"@type":"BreadcrumbList","@id":"https:\/\/ifamnews.com\/de\/stopp-der-indoktrination-in-den-klassenzimmern#breadcrumb","itemListElement":[{"@type":"ListItem","position":1,"name":"Home","item":"https:\/\/ifamnews.com\/de"},{"@type":"ListItem","position":2,"name":"\u041f\u043e\u0440\u043e\u0434\u0438\u0446\u0430","item":"https:\/\/ifamnews.com\/sr\/kategorija\/poroditsa"},{"@type":"ListItem","position":3,"name":"STOPP der Indoktrination in den Klassenzimmern"}]},{"@type":"WebSite","@id":"https:\/\/ifamnews.com\/en\/#website","url":"https:\/\/ifamnews.com\/en\/","name":"IFN","description":"International Family News Network","publisher":{"@id":"https:\/\/ifamnews.com\/en\/#organization"},"potentialAction":[{"@type":"SearchAction","target":{"@type":"EntryPoint","urlTemplate":"https:\/\/ifamnews.com\/en\/?s={search_term_string}"},"query-input":{"@type":"PropertyValueSpecification","valueRequired":true,"valueName":"search_term_string"}}],"inLanguage":"de"},{"@type":"Organization","@id":"https:\/\/ifamnews.com\/en\/#organization","name":"iFamNews","url":"https:\/\/ifamnews.com\/en\/","logo":{"@type":"ImageObject","inLanguage":"de","@id":"https:\/\/ifamnews.com\/en\/#\/schema\/logo\/image\/","url":"https:\/\/ifamnews.com\/wp-content\/uploads\/2020\/01\/Share-logo.png","contentUrl":"https:\/\/ifamnews.com\/wp-content\/uploads\/2020\/01\/Share-logo.png","width":200,"height":200,"caption":"iFamNews"},"image":{"@id":"https:\/\/ifamnews.com\/en\/#\/schema\/logo\/image\/"},"sameAs":["https:\/\/www.facebook.com\/iFamNews","https:\/\/x.com\/iFamNewsEN"]},{"@type":"Person","@id":"https:\/\/ifamnews.com\/en\/#\/schema\/person\/ea55167aa394b5297d20c1dab2387c08","name":"Mar\u00eda Men\u00e9ndez de Zubillaga","image":{"@type":"ImageObject","inLanguage":"de","@id":"https:\/\/secure.gravatar.com\/avatar\/cdd8d7e9f85af1ddf6db36575de85fbafa3e659bdabd813c57666d04014d98b9?s=96&d=mm&r=g","url":"https:\/\/secure.gravatar.com\/avatar\/cdd8d7e9f85af1ddf6db36575de85fbafa3e659bdabd813c57666d04014d98b9?s=96&d=mm&r=g","contentUrl":"https:\/\/secure.gravatar.com\/avatar\/cdd8d7e9f85af1ddf6db36575de85fbafa3e659bdabd813c57666d04014d98b9?s=96&d=mm&r=g","caption":"Mar\u00eda Men\u00e9ndez de Zubillaga"},"description":"Mar\u00eda Men\u00e9ndez de Zubillaga is President of the Large Families Association of Madrid. Reference of the family movement in Spain and leading legislative initiatives in favor of the protection and promotion of the family institution. Tireless worker and mother of a large family.","sameAs":["https:\/\/familiasnumerosasdemadrid.es"],"url":"https:\/\/ifamnews.com\/de\/author\/maria-menendez"}]}},"amp_enabled":true,"_links":{"self":[{"href":"https:\/\/ifamnews.com\/de\/wp-json\/wp\/v2\/posts\/193165","targetHints":{"allow":["GET"]}}],"collection":[{"href":"https:\/\/ifamnews.com\/de\/wp-json\/wp\/v2\/posts"}],"about":[{"href":"https:\/\/ifamnews.com\/de\/wp-json\/wp\/v2\/types\/post"}],"author":[{"embeddable":true,"href":"https:\/\/ifamnews.com\/de\/wp-json\/wp\/v2\/users\/635"}],"replies":[{"embeddable":true,"href":"https:\/\/ifamnews.com\/de\/wp-json\/wp\/v2\/comments?post=193165"}],"version-history":[{"count":2,"href":"https:\/\/ifamnews.com\/de\/wp-json\/wp\/v2\/posts\/193165\/revisions"}],"predecessor-version":[{"id":193373,"href":"https:\/\/ifamnews.com\/de\/wp-json\/wp\/v2\/posts\/193165\/revisions\/193373"}],"wp:featuredmedia":[{"embeddable":true,"href":"https:\/\/ifamnews.com\/de\/wp-json\/wp\/v2\/media\/191222"}],"wp:attachment":[{"href":"https:\/\/ifamnews.com\/de\/wp-json\/wp\/v2\/media?parent=193165"}],"wp:term":[{"taxonomy":"category","embeddable":true,"href":"https:\/\/ifamnews.com\/de\/wp-json\/wp\/v2\/categories?post=193165"},{"taxonomy":"post_tag","embeddable":true,"href":"https:\/\/ifamnews.com\/de\/wp-json\/wp\/v2\/tags?post=193165"}],"curies":[{"name":"wp","href":"https:\/\/api.w.org\/{rel}","templated":true}]}}