{"id":192131,"date":"2023-05-10T01:00:00","date_gmt":"2023-05-10T05:00:00","guid":{"rendered":"https:\/\/ifamnews.com\/?p=192131"},"modified":"2023-05-01T11:38:27","modified_gmt":"2023-05-01T15:38:27","slug":"polens-bev-lkerung-wird-bis-2100-um-23-schrumpfen-und-der-altersabh-ngigkeitsquotient-wird-sich-verdoppeln","status":"publish","type":"post","link":"https:\/\/ifamnews.com\/de\/polens-bev-lkerung-wird-bis-2100-um-23-schrumpfen-und-der-altersabh-ngigkeitsquotient-wird-sich-verdoppeln","title":{"rendered":"Polens Bev\u00f6lkerung wird bis 2100 um 23% schrumpfen und der Altersabh\u00e4ngigkeitsquotient wird sich verdoppeln"},"content":{"rendered":"\n<p>Nach Angaben von <a href=\"https:\/\/notesfrompoland.com\/2023\/04\/20\/polands-population-to-shrink-23-by-2060-and-old-age-dependency-ratio-to-double\/\">Eurostat<\/a> wird die Bev\u00f6lkerung Polens bis 2060 um 23 % schrumpfen. Auch der Altenquotient des Landes, der die Anzahl der Menschen im Alter von 65 Jahren und \u00e4lter im Verh\u00e4ltnis zur Bev\u00f6lkerung im erwerbsf\u00e4higen Alter misst, wird sich bis dahin voraussichtlich verdoppeln.<\/p>\n\n\n\n<p>Diese demografischen Ver\u00e4nderungen stellen Polens Wirtschaft, das Gesundheitssystem und die Sozialversicherungsprogramme vor gro\u00dfe Herausforderungen. In <em><a href=\"https:\/\/notesfrompoland.com\/2023\/04\/20\/polands-population-to-shrink-23-by-2060-and-old-age-dependency-ratio-to-double\/\">Notes from Poland<\/a><\/em> hei\u00dft es: \u201eDie schrumpfende Erwerbsbev\u00f6lkerung wird die Steuerbemessungsgrundlage und den Geldbetrag verringern, der in das Sozialversicherungssystem flie\u00dft, das auf den Beitr\u00e4gen von Arbeitnehmern und Arbeitgebern beruht.\u201c<\/p>\n\n\n\n<p>Die Daten unterstreichen auch die Notwendigkeit einer Politik, die sich mit der Alterung der Bev\u00f6lkerung befasst und das Bev\u00f6lkerungswachstum f\u00f6rdert. Nach Angaben von Eurostat liegt die Gesamtfruchtbarkeitsrate Polens derzeit bei 1,3 Kindern pro Frau und damit unter der Ersatzrate von 2,1 Kindern pro Frau, die f\u00fcr die Erhaltung einer stabilen Bev\u00f6lkerung erforderlich ist.<\/p>\n\n\n\n<p>Mit der Alterung der Bev\u00f6lkerung wird auch die Nachfrage nach Gesundheits- und Pflegedienstleistungen steigen. Wie <em><a href=\"https:\/\/notesfrompoland.com\/2023\/04\/20\/polands-population-to-shrink-23-by-2060-and-old-age-dependency-ratio-to-double\/\">Notes from Poland<\/a><\/em> berichtet, gibt es in Polen derzeit etwa f\u00fcnf Millionen Menschen, die 65 Jahre oder \u00e4lter sind, und diese Zahl wird bis 2060 voraussichtlich auf 10 Millionen ansteigen.<\/p>\n\n\n\n<p>Diese demografischen Ver\u00e4nderungen sind nicht nur in Polen zu beobachten, sondern auch in vielen anderen L\u00e4ndern in Europa und anderen Teilen der Welt. Ein Umdenken und eine nachhaltige Familienplanung \u2013 wie in Ungarn beispielsweise \u2013 werden n\u00f6tig sein, um den Trend nicht zu demographischen Winter, sondern zu einem neuen Fr\u00fchling zu wenden.<\/p>\n","protected":false},"excerpt":{"rendered":"<p>\u00dcberalterung und demographischer Winter: keine Kinder hei\u00dft gro\u00dfe Sorgen in der Zukunft. <\/p>\n","protected":false},"author":623,"featured_media":192132,"comment_status":"open","ping_status":"open","sticky":false,"template":"","format":"standard","meta":{"give_campaign_id":0,"om_disable_all_campaigns":false,"_monsterinsights_skip_tracking":false,"_monsterinsights_sitenote_active":false,"_monsterinsights_sitenote_note":"","_monsterinsights_sitenote_category":0,"mc4wp_mailchimp_campaign":[],"jnews-multi-image_gallery":[],"jnews_single_post":{"subtitle":"\u00dcberalterung und demographischer Winter: keine Kinder hei\u00dft gro\u00dfe Sorgen in der Zukunft. ","format":"standard","video":"","gallery":"","source_name":"","source_url":"","via_name":"","via_url":"","override_template":"0","override":[{"template":"2","single_blog_custom":"","parallax":"1","fullscreen":"1","layout":"right-sidebar-narrow","sidebar":"default-sidebar","second_sidebar":"default-sidebar","sticky_sidebar":"1","share_position":"float","share_float_style":"share-normal","show_share_counter":"1","show_view_counter":"1","show_featured":"1","show_post_meta":"1","show_post_author":"1","show_post_author_image":"1","show_post_date":"1","post_date_format":"default","post_date_format_custom":"Y\/m\/d","show_post_category":"1","show_post_reading_time":"1","post_reading_time_wpm":"300","show_zoom_button":"0","zoom_button_out_step":"2","zoom_button_in_step":"3","show_post_tag":"1","show_prev_next_post":"0","show_popup_post":"0","number_popup_post":"1","show_author_box":"1","show_post_related":"0","show_inline_post_related":"0"}],"override_image_size":"0","image_override":[{"single_post_thumbnail_size":"crop-715","single_post_gallery_size":"crop-715"}],"trending_post":"0","trending_post_position":"meta","trending_post_label":"Trending","sponsored_post":"0","sponsored_post_label":"Sponsored by","sponsored_post_name":"","sponsored_post_url":"","sponsored_post_logo_enable":"0","sponsored_post_logo":"","sponsored_post_desc":"","disable_ad":"0"},"jnews_primary_category":{"id":"770"},"jnews_social_meta":{"fb_title":"","fb_description":"","fb_image":"","twitter_title":"","twitter_description":"","twitter_image":""},"jnews_override_counter":{"override_view_counter":"0","view_counter_number":"0","override_share_counter":"0","share_counter_number":"0","override_like_counter":"0","like_counter_number":"0","override_dislike_counter":"0","dislike_counter_number":"0"},"footnotes":""},"categories":[816,770,811],"tags":[24830,4867,1837,25677],"class_list":["post-192131","post","type-post","status-publish","format-standard","has-post-thumbnail","hentry","category-breaking-news-de","category-familie","category-foreground-de","tag-demografiepolitik","tag-demographie","tag-polen","tag-ueberalterung"],"yoast_head":"<!-- This site is optimized with the Yoast SEO Premium plugin v25.9 (Yoast SEO v27.3) - https:\/\/yoast.com\/product\/yoast-seo-premium-wordpress\/ -->\n<title>Polens Bev\u00f6lkerung wird bis 2100 um 23% schrumpfen und der Altersabh\u00e4ngigkeitsquotient wird sich verdoppeln - IFN<\/title>\n<meta name=\"robots\" content=\"index, follow, max-snippet:-1, max-image-preview:large, max-video-preview:-1\" \/>\n<link rel=\"canonical\" href=\"https:\/\/ifamnews.com\/de\/polens-bev-lkerung-wird-bis-2100-um-23-schrumpfen-und-der-altersabh-ngigkeitsquotient-wird-sich-verdoppeln\" \/>\n<meta property=\"og:locale\" content=\"de_DE\" \/>\n<meta property=\"og:type\" content=\"article\" \/>\n<meta property=\"og:title\" content=\"Polens Bev\u00f6lkerung wird bis 2100 um 23% schrumpfen und der Altersabh\u00e4ngigkeitsquotient wird sich verdoppeln\" \/>\n<meta property=\"og:description\" content=\"\u00dcberalterung und demographischer Winter: keine Kinder hei\u00dft gro\u00dfe Sorgen in der Zukunft.\" \/>\n<meta property=\"og:url\" content=\"https:\/\/ifamnews.com\/de\/polens-bev-lkerung-wird-bis-2100-um-23-schrumpfen-und-der-altersabh-ngigkeitsquotient-wird-sich-verdoppeln\" \/>\n<meta property=\"og:site_name\" content=\"IFN\" \/>\n<meta property=\"article:publisher\" content=\"https:\/\/www.facebook.com\/iFamNews\" \/>\n<meta property=\"article:author\" content=\"https:\/\/www.facebook.com\/iFamNews\/\" \/>\n<meta property=\"article:published_time\" content=\"2023-05-10T05:00:00+00:00\" \/>\n<meta property=\"og:image\" content=\"https:\/\/ifamnews.com\/wp-content\/uploads\/2023\/05\/Senior-Wallpaper-Flare.jpg\" \/>\n\t<meta property=\"og:image:width\" content=\"910\" \/>\n\t<meta property=\"og:image:height\" content=\"607\" \/>\n\t<meta property=\"og:image:type\" content=\"image\/jpeg\" \/>\n<meta name=\"author\" content=\"iFamNews Germany\" \/>\n<meta name=\"twitter:card\" content=\"summary_large_image\" \/>\n<meta name=\"twitter:creator\" content=\"@https:\/\/twitter.com\/iFamNewsDE\" \/>\n<meta name=\"twitter:site\" content=\"@iFamNewsEN\" \/>\n<meta name=\"twitter:label1\" content=\"Verfasst von\" \/>\n\t<meta name=\"twitter:data1\" content=\"IFN Deutschland\" \/>\n\t<meta name=\"twitter:label2\" content=\"Gesch\u00e4tzte Lesezeit\" \/>\n\t<meta name=\"twitter:data2\" content=\"2\u00a0Minuten\" \/>\n<!-- \/ Yoast SEO Premium plugin. -->","yoast_head_json":{"title":"Polens Bev\u00f6lkerung wird bis 2100 um 23% schrumpfen und der Altersabh\u00e4ngigkeitsquotient wird sich verdoppeln - IFN","robots":{"index":"index","follow":"follow","max-snippet":"max-snippet:-1","max-image-preview":"max-image-preview:large","max-video-preview":"max-video-preview:-1"},"canonical":"https:\/\/ifamnews.com\/de\/polens-bev-lkerung-wird-bis-2100-um-23-schrumpfen-und-der-altersabh-ngigkeitsquotient-wird-sich-verdoppeln","og_locale":"de_DE","og_type":"article","og_title":"Polens Bev\u00f6lkerung wird bis 2100 um 23% schrumpfen und der Altersabh\u00e4ngigkeitsquotient wird sich verdoppeln","og_description":"\u00dcberalterung und demographischer Winter: keine Kinder hei\u00dft gro\u00dfe Sorgen in der Zukunft.","og_url":"https:\/\/ifamnews.com\/de\/polens-bev-lkerung-wird-bis-2100-um-23-schrumpfen-und-der-altersabh-ngigkeitsquotient-wird-sich-verdoppeln","og_site_name":"IFN","article_publisher":"https:\/\/www.facebook.com\/iFamNews","article_author":"https:\/\/www.facebook.com\/iFamNews\/","article_published_time":"2023-05-10T05:00:00+00:00","og_image":[{"width":910,"height":607,"url":"https:\/\/ifamnews.com\/wp-content\/uploads\/2023\/05\/Senior-Wallpaper-Flare.jpg","type":"image\/jpeg"}],"author":"iFamNews Germany","twitter_card":"summary_large_image","twitter_creator":"@https:\/\/twitter.com\/iFamNewsDE","twitter_site":"@iFamNewsEN","twitter_misc":{"Verfasst von":"IFN Deutschland","Gesch\u00e4tzte Lesezeit":"2\u00a0Minuten"},"schema":{"@context":"https:\/\/schema.org","@graph":[{"@type":"NewsArticle","@id":"https:\/\/ifamnews.com\/de\/polens-bev-lkerung-wird-bis-2100-um-23-schrumpfen-und-der-altersabh-ngigkeitsquotient-wird-sich-verdoppeln#article","isPartOf":{"@id":"https:\/\/ifamnews.com\/de\/polens-bev-lkerung-wird-bis-2100-um-23-schrumpfen-und-der-altersabh-ngigkeitsquotient-wird-sich-verdoppeln"},"author":{"name":"iFamNews Germany","@id":"https:\/\/ifamnews.com\/en\/#\/schema\/person\/82ec6d77f1c630266e2c3a9e8643b439"},"headline":"Polens Bev\u00f6lkerung wird bis 2100 um 23% schrumpfen und der Altersabh\u00e4ngigkeitsquotient wird sich verdoppeln","datePublished":"2023-05-10T05:00:00+00:00","mainEntityOfPage":{"@id":"https:\/\/ifamnews.com\/de\/polens-bev-lkerung-wird-bis-2100-um-23-schrumpfen-und-der-altersabh-ngigkeitsquotient-wird-sich-verdoppeln"},"wordCount":263,"commentCount":0,"publisher":{"@id":"https:\/\/ifamnews.com\/en\/#organization"},"image":{"@id":"https:\/\/ifamnews.com\/de\/polens-bev-lkerung-wird-bis-2100-um-23-schrumpfen-und-der-altersabh-ngigkeitsquotient-wird-sich-verdoppeln#primaryimage"},"thumbnailUrl":"https:\/\/ifamnews.com\/wp-content\/uploads\/2023\/05\/Senior-Wallpaper-Flare.jpg","keywords":["Demografiepolitik","Demographie","Polen","\u00dcberalterung"],"articleSection":["Breaking News","Familie","Vordergrund"],"inLanguage":"de","potentialAction":[{"@type":"CommentAction","name":"Comment","target":["https:\/\/ifamnews.com\/de\/polens-bev-lkerung-wird-bis-2100-um-23-schrumpfen-und-der-altersabh-ngigkeitsquotient-wird-sich-verdoppeln#respond"]}]},{"@type":"WebPage","@id":"https:\/\/ifamnews.com\/de\/polens-bev-lkerung-wird-bis-2100-um-23-schrumpfen-und-der-altersabh-ngigkeitsquotient-wird-sich-verdoppeln","url":"https:\/\/ifamnews.com\/de\/polens-bev-lkerung-wird-bis-2100-um-23-schrumpfen-und-der-altersabh-ngigkeitsquotient-wird-sich-verdoppeln","name":"Polens Bev\u00f6lkerung wird bis 2100 um 23% schrumpfen und der Altersabh\u00e4ngigkeitsquotient wird sich verdoppeln - IFN","isPartOf":{"@id":"https:\/\/ifamnews.com\/en\/#website"},"primaryImageOfPage":{"@id":"https:\/\/ifamnews.com\/de\/polens-bev-lkerung-wird-bis-2100-um-23-schrumpfen-und-der-altersabh-ngigkeitsquotient-wird-sich-verdoppeln#primaryimage"},"image":{"@id":"https:\/\/ifamnews.com\/de\/polens-bev-lkerung-wird-bis-2100-um-23-schrumpfen-und-der-altersabh-ngigkeitsquotient-wird-sich-verdoppeln#primaryimage"},"thumbnailUrl":"https:\/\/ifamnews.com\/wp-content\/uploads\/2023\/05\/Senior-Wallpaper-Flare.jpg","datePublished":"2023-05-10T05:00:00+00:00","breadcrumb":{"@id":"https:\/\/ifamnews.com\/de\/polens-bev-lkerung-wird-bis-2100-um-23-schrumpfen-und-der-altersabh-ngigkeitsquotient-wird-sich-verdoppeln#breadcrumb"},"inLanguage":"de","potentialAction":[{"@type":"ReadAction","target":["https:\/\/ifamnews.com\/de\/polens-bev-lkerung-wird-bis-2100-um-23-schrumpfen-und-der-altersabh-ngigkeitsquotient-wird-sich-verdoppeln"]}]},{"@type":"ImageObject","inLanguage":"de","@id":"https:\/\/ifamnews.com\/de\/polens-bev-lkerung-wird-bis-2100-um-23-schrumpfen-und-der-altersabh-ngigkeitsquotient-wird-sich-verdoppeln#primaryimage","url":"https:\/\/ifamnews.com\/wp-content\/uploads\/2023\/05\/Senior-Wallpaper-Flare.jpg","contentUrl":"https:\/\/ifamnews.com\/wp-content\/uploads\/2023\/05\/Senior-Wallpaper-Flare.jpg","width":910,"height":607,"caption":"Bild: Wallpaper Flare"},{"@type":"BreadcrumbList","@id":"https:\/\/ifamnews.com\/de\/polens-bev-lkerung-wird-bis-2100-um-23-schrumpfen-und-der-altersabh-ngigkeitsquotient-wird-sich-verdoppeln#breadcrumb","itemListElement":[{"@type":"ListItem","position":1,"name":"Home","item":"https:\/\/ifamnews.com\/de"},{"@type":"ListItem","position":2,"name":"Familie","item":"https:\/\/ifamnews.com\/de\/kategorie\/familie"},{"@type":"ListItem","position":3,"name":"Polens Bev\u00f6lkerung wird bis 2100 um 23% schrumpfen und der Altersabh\u00e4ngigkeitsquotient wird sich verdoppeln"}]},{"@type":"WebSite","@id":"https:\/\/ifamnews.com\/en\/#website","url":"https:\/\/ifamnews.com\/en\/","name":"IFN","description":"International Family News Network","publisher":{"@id":"https:\/\/ifamnews.com\/en\/#organization"},"potentialAction":[{"@type":"SearchAction","target":{"@type":"EntryPoint","urlTemplate":"https:\/\/ifamnews.com\/en\/?s={search_term_string}"},"query-input":{"@type":"PropertyValueSpecification","valueRequired":true,"valueName":"search_term_string"}}],"inLanguage":"de"},{"@type":"Organization","@id":"https:\/\/ifamnews.com\/en\/#organization","name":"iFamNews","url":"https:\/\/ifamnews.com\/en\/","logo":{"@type":"ImageObject","inLanguage":"de","@id":"https:\/\/ifamnews.com\/en\/#\/schema\/logo\/image\/","url":"https:\/\/ifamnews.com\/wp-content\/uploads\/2020\/01\/Share-logo.png","contentUrl":"https:\/\/ifamnews.com\/wp-content\/uploads\/2020\/01\/Share-logo.png","width":200,"height":200,"caption":"iFamNews"},"image":{"@id":"https:\/\/ifamnews.com\/en\/#\/schema\/logo\/image\/"},"sameAs":["https:\/\/www.facebook.com\/iFamNews","https:\/\/x.com\/iFamNewsEN"]},{"@type":"Person","@id":"https:\/\/ifamnews.com\/en\/#\/schema\/person\/82ec6d77f1c630266e2c3a9e8643b439","name":"iFamNews Germany","image":{"@type":"ImageObject","inLanguage":"de","@id":"https:\/\/secure.gravatar.com\/avatar\/c51b977100a05a1448d61b80953be1e3192e0be236d631062ca6a59c6f9a879b?s=96&d=mm&r=g","url":"https:\/\/secure.gravatar.com\/avatar\/c51b977100a05a1448d61b80953be1e3192e0be236d631062ca6a59c6f9a879b?s=96&d=mm&r=g","contentUrl":"https:\/\/secure.gravatar.com\/avatar\/c51b977100a05a1448d61b80953be1e3192e0be236d631062ca6a59c6f9a879b?s=96&d=mm&r=g","caption":"iFamNews Germany"},"description":"Articles published by the German iFamNews editorial team.","sameAs":["https:\/\/ifamnews.com\/de","https:\/\/www.facebook.com\/iFamNews\/","https:\/\/x.com\/https:\/\/twitter.com\/iFamNewsDE","https:\/\/www.youtube.com\/channel\/UCMVyIt4z9BANW3d09kwfUpw"],"url":"https:\/\/ifamnews.com\/de\/author\/redaktion"}]}},"amp_enabled":true,"_links":{"self":[{"href":"https:\/\/ifamnews.com\/de\/wp-json\/wp\/v2\/posts\/192131","targetHints":{"allow":["GET"]}}],"collection":[{"href":"https:\/\/ifamnews.com\/de\/wp-json\/wp\/v2\/posts"}],"about":[{"href":"https:\/\/ifamnews.com\/de\/wp-json\/wp\/v2\/types\/post"}],"author":[{"embeddable":true,"href":"https:\/\/ifamnews.com\/de\/wp-json\/wp\/v2\/users\/623"}],"replies":[{"embeddable":true,"href":"https:\/\/ifamnews.com\/de\/wp-json\/wp\/v2\/comments?post=192131"}],"version-history":[{"count":1,"href":"https:\/\/ifamnews.com\/de\/wp-json\/wp\/v2\/posts\/192131\/revisions"}],"predecessor-version":[{"id":192141,"href":"https:\/\/ifamnews.com\/de\/wp-json\/wp\/v2\/posts\/192131\/revisions\/192141"}],"wp:featuredmedia":[{"embeddable":true,"href":"https:\/\/ifamnews.com\/de\/wp-json\/wp\/v2\/media\/192132"}],"wp:attachment":[{"href":"https:\/\/ifamnews.com\/de\/wp-json\/wp\/v2\/media?parent=192131"}],"wp:term":[{"taxonomy":"category","embeddable":true,"href":"https:\/\/ifamnews.com\/de\/wp-json\/wp\/v2\/categories?post=192131"},{"taxonomy":"post_tag","embeddable":true,"href":"https:\/\/ifamnews.com\/de\/wp-json\/wp\/v2\/tags?post=192131"}],"curies":[{"name":"wp","href":"https:\/\/api.w.org\/{rel}","templated":true}]}}