{"id":192087,"date":"2023-05-04T02:15:00","date_gmt":"2023-05-04T06:15:00","guid":{"rendered":"https:\/\/ifamnews.com\/?p=192087"},"modified":"2023-05-01T11:39:36","modified_gmt":"2023-05-01T15:39:36","slug":"mattel-bringt-neue-barbie-mit-down-syndrom-auf-den-markt","status":"publish","type":"post","link":"https:\/\/ifamnews.com\/de\/mattel-bringt-neue-barbie-mit-down-syndrom-auf-den-markt","title":{"rendered":"Mattel bringt neue Barbie mit Down Syndrom auf den Markt"},"content":{"rendered":"\n<p>Mattel, der Hersteller von Barbie, hat eine neue Puppenserie vorgestellt, die \u201ek\u00f6rperliche Behinderungen widerspiegeln\u201c soll. Die Linie, zu der auch Puppen mit Prothesen und Rollst\u00fchlen geh\u00f6ren, soll eine \u201emehrdimensionale Sichtweise von Sch\u00f6nheit und Mode\u201c vermitteln.<\/p>\n\n\n\n<p>Laut BBC sind die neuen Puppen Teil von Mattels \u201efortlaufenden Bem\u00fchungen, das Puppensortiment zu erweitern, um ein breiteres Spektrum an Erscheinungsbildern, Hintergr\u00fcnden und Lebensstilen widerzuspiegeln\u201c. Lisa McKnight, Senior Vice President und Global Head of Barbie and Dolls Portfolio bei Mattel, erkl\u00e4rte, dass das Unternehmen \u201eneu definiert, wie eine Barbie- oder Ken-Puppe f\u00fcr diese Generation aussieht.\u201c<\/p>\n\n\n\n<p>Die neue Puppenserie wurde von vielen positiv aufgenommen. Ein Twitter-Nutzer schrieb: \u201eIch liebe das. Als ich mit einer Behinderung aufgewachsen bin, hatte ich nie das Gef\u00fchl, dass es jemanden gibt, der mich im Spielzeug repr\u00e4sentiert. Kinder m\u00fcssen sehen, dass es in Ordnung ist, anders zu sein, und dass sie alles schaffen k\u00f6nnen.\u201c<\/p>\n\n\n\n<p>Ein anderer Twitter-Nutzer lobte die Linie f\u00fcr ihre Inklusivit\u00e4t und schrieb: \u201eDas ist unglaublich! Diese Inklusivit\u00e4t ist genau das, was wir in den Medien und im Marketing brauchen.\u201c<\/p>\n\n\n\n<p>Die Entscheidung von Mattel, diese neue Puppenserie herauszubringen, ist ein wichtiger Schritt zur F\u00f6rderung von Aufmerksamkeit auf k\u00f6rperliche Behinderungen bei Kinderspielzeug. Lisa McKnight erkl\u00e4rte: \u201eWir sind stolz darauf, Eltern und Kindern eine noch breitere Palette von Puppen anbieten zu k\u00f6nnen, die die Vielfalt in der Welt um uns herum repr\u00e4sentieren.\u201c Oftmals schl\u00e4gt dieses Streben zur \u201eVielfalt\u201c in eine normalisierende Darstellung von Transsexuellen oder Transvestiten.<\/p>\n","protected":false},"excerpt":{"rendered":"<p>Die neue Serie soll \u201ek\u00f6rperliche Behinderungen&#8220; widerspiegeln.<\/p>\n","protected":false},"author":623,"featured_media":192088,"comment_status":"open","ping_status":"open","sticky":false,"template":"","format":"standard","meta":{"give_campaign_id":0,"om_disable_all_campaigns":false,"_monsterinsights_skip_tracking":false,"_monsterinsights_sitenote_active":false,"_monsterinsights_sitenote_note":"","_monsterinsights_sitenote_category":0,"mc4wp_mailchimp_campaign":[],"jnews-multi-image_gallery":[],"jnews_single_post":{"subtitle":"Die neue Serie soll \u201ek\u00f6rperliche Behinderungen\" widerspiegeln.","format":"standard","video":"","gallery":"","source_name":"","source_url":"","via_name":"","via_url":"","override_template":"0","override":[{"template":"2","single_blog_custom":"","parallax":"1","fullscreen":"1","layout":"right-sidebar-narrow","sidebar":"default-sidebar","second_sidebar":"default-sidebar","sticky_sidebar":"1","share_position":"float","share_float_style":"share-normal","show_share_counter":"1","show_view_counter":"1","show_featured":"1","show_post_meta":"1","show_post_author":"1","show_post_author_image":"1","show_post_date":"1","post_date_format":"default","post_date_format_custom":"Y\/m\/d","show_post_category":"1","show_post_reading_time":"1","post_reading_time_wpm":"300","show_zoom_button":"0","zoom_button_out_step":"2","zoom_button_in_step":"3","show_post_tag":"1","show_prev_next_post":"0","show_popup_post":"0","number_popup_post":"1","show_author_box":"1","show_post_related":"0","show_inline_post_related":"0"}],"override_image_size":"0","image_override":[{"single_post_thumbnail_size":"crop-715","single_post_gallery_size":"crop-715"}],"trending_post":"0","trending_post_position":"meta","trending_post_label":"Trending","sponsored_post":"0","sponsored_post_label":"Sponsored by","sponsored_post_name":"","sponsored_post_url":"","sponsored_post_logo_enable":"0","sponsored_post_logo":"","sponsored_post_desc":"","disable_ad":"0"},"jnews_primary_category":{"id":"820"},"jnews_social_meta":{"fb_title":"","fb_description":"","fb_image":"","twitter_title":"","twitter_description":"","twitter_image":""},"jnews_override_counter":{"override_view_counter":"0","view_counter_number":"0","override_share_counter":"0","share_counter_number":"0","override_like_counter":"0","like_counter_number":"0","override_dislike_counter":"0","dislike_counter_number":"0"},"footnotes":""},"categories":[816,820,811],"tags":[19506,25671,15110,19172,10461],"class_list":["post-192087","post","type-post","status-publish","format-standard","has-post-thumbnail","hentry","category-breaking-news-de","category-leben","category-foreground-de","tag-barbie-de","tag-inklusivitaet","tag-kinder-de-2","tag-mattel-de","tag-spielzeug"],"yoast_head":"<!-- This site is optimized with the Yoast SEO Premium plugin v25.9 (Yoast SEO v27.3) - https:\/\/yoast.com\/product\/yoast-seo-premium-wordpress\/ -->\n<title>Mattel bringt neue Barbie mit Down Syndrom auf den Markt - IFN<\/title>\n<meta name=\"robots\" content=\"index, follow, max-snippet:-1, max-image-preview:large, max-video-preview:-1\" \/>\n<link rel=\"canonical\" href=\"https:\/\/ifamnews.com\/de\/mattel-bringt-neue-barbie-mit-down-syndrom-auf-den-markt\" \/>\n<meta property=\"og:locale\" content=\"de_DE\" \/>\n<meta property=\"og:type\" content=\"article\" \/>\n<meta property=\"og:title\" content=\"Mattel bringt neue Barbie mit Down Syndrom auf den Markt\" \/>\n<meta property=\"og:description\" content=\"Die neue Serie soll \u201ek\u00f6rperliche Behinderungen&quot; widerspiegeln.\" \/>\n<meta property=\"og:url\" content=\"https:\/\/ifamnews.com\/de\/mattel-bringt-neue-barbie-mit-down-syndrom-auf-den-markt\" \/>\n<meta property=\"og:site_name\" content=\"IFN\" \/>\n<meta property=\"article:publisher\" content=\"https:\/\/www.facebook.com\/iFamNews\" \/>\n<meta property=\"article:author\" content=\"https:\/\/www.facebook.com\/iFamNews\/\" \/>\n<meta property=\"article:published_time\" content=\"2023-05-04T06:15:00+00:00\" \/>\n<meta property=\"og:image\" content=\"https:\/\/ifamnews.com\/wp-content\/uploads\/2023\/05\/Mattel-Down-Dyndrome-Barbie.jpg\" \/>\n\t<meta property=\"og:image:width\" content=\"976\" \/>\n\t<meta property=\"og:image:height\" content=\"549\" \/>\n\t<meta property=\"og:image:type\" content=\"image\/jpeg\" \/>\n<meta name=\"author\" content=\"iFamNews Germany\" \/>\n<meta name=\"twitter:card\" content=\"summary_large_image\" \/>\n<meta name=\"twitter:creator\" content=\"@https:\/\/twitter.com\/iFamNewsDE\" \/>\n<meta name=\"twitter:site\" content=\"@iFamNewsEN\" \/>\n<meta name=\"twitter:label1\" content=\"Verfasst von\" \/>\n\t<meta name=\"twitter:data1\" content=\"IFN Deutschland\" \/>\n\t<meta name=\"twitter:label2\" content=\"Gesch\u00e4tzte Lesezeit\" \/>\n\t<meta name=\"twitter:data2\" content=\"2\u00a0Minuten\" \/>\n<!-- \/ Yoast SEO Premium plugin. -->","yoast_head_json":{"title":"Mattel bringt neue Barbie mit Down Syndrom auf den Markt - IFN","robots":{"index":"index","follow":"follow","max-snippet":"max-snippet:-1","max-image-preview":"max-image-preview:large","max-video-preview":"max-video-preview:-1"},"canonical":"https:\/\/ifamnews.com\/de\/mattel-bringt-neue-barbie-mit-down-syndrom-auf-den-markt","og_locale":"de_DE","og_type":"article","og_title":"Mattel bringt neue Barbie mit Down Syndrom auf den Markt","og_description":"Die neue Serie soll \u201ek\u00f6rperliche Behinderungen\" widerspiegeln.","og_url":"https:\/\/ifamnews.com\/de\/mattel-bringt-neue-barbie-mit-down-syndrom-auf-den-markt","og_site_name":"IFN","article_publisher":"https:\/\/www.facebook.com\/iFamNews","article_author":"https:\/\/www.facebook.com\/iFamNews\/","article_published_time":"2023-05-04T06:15:00+00:00","og_image":[{"width":976,"height":549,"url":"https:\/\/ifamnews.com\/wp-content\/uploads\/2023\/05\/Mattel-Down-Dyndrome-Barbie.jpg","type":"image\/jpeg"}],"author":"iFamNews Germany","twitter_card":"summary_large_image","twitter_creator":"@https:\/\/twitter.com\/iFamNewsDE","twitter_site":"@iFamNewsEN","twitter_misc":{"Verfasst von":"IFN Deutschland","Gesch\u00e4tzte Lesezeit":"2\u00a0Minuten"},"schema":{"@context":"https:\/\/schema.org","@graph":[{"@type":"NewsArticle","@id":"https:\/\/ifamnews.com\/de\/mattel-bringt-neue-barbie-mit-down-syndrom-auf-den-markt#article","isPartOf":{"@id":"https:\/\/ifamnews.com\/de\/mattel-bringt-neue-barbie-mit-down-syndrom-auf-den-markt"},"author":{"name":"iFamNews Germany","@id":"https:\/\/ifamnews.com\/en\/#\/schema\/person\/82ec6d77f1c630266e2c3a9e8643b439"},"headline":"Mattel bringt neue Barbie mit Down Syndrom auf den Markt","datePublished":"2023-05-04T06:15:00+00:00","mainEntityOfPage":{"@id":"https:\/\/ifamnews.com\/de\/mattel-bringt-neue-barbie-mit-down-syndrom-auf-den-markt"},"wordCount":265,"commentCount":0,"publisher":{"@id":"https:\/\/ifamnews.com\/en\/#organization"},"image":{"@id":"https:\/\/ifamnews.com\/de\/mattel-bringt-neue-barbie-mit-down-syndrom-auf-den-markt#primaryimage"},"thumbnailUrl":"https:\/\/ifamnews.com\/wp-content\/uploads\/2023\/05\/Mattel-Down-Dyndrome-Barbie.jpg","keywords":["Barbie","Inklusivit\u00e4t","Kinder","Mattel","Spielzeug"],"articleSection":["Breaking News","Leben","Vordergrund"],"inLanguage":"de","potentialAction":[{"@type":"CommentAction","name":"Comment","target":["https:\/\/ifamnews.com\/de\/mattel-bringt-neue-barbie-mit-down-syndrom-auf-den-markt#respond"]}]},{"@type":"WebPage","@id":"https:\/\/ifamnews.com\/de\/mattel-bringt-neue-barbie-mit-down-syndrom-auf-den-markt","url":"https:\/\/ifamnews.com\/de\/mattel-bringt-neue-barbie-mit-down-syndrom-auf-den-markt","name":"Mattel bringt neue Barbie mit Down Syndrom auf den Markt - IFN","isPartOf":{"@id":"https:\/\/ifamnews.com\/en\/#website"},"primaryImageOfPage":{"@id":"https:\/\/ifamnews.com\/de\/mattel-bringt-neue-barbie-mit-down-syndrom-auf-den-markt#primaryimage"},"image":{"@id":"https:\/\/ifamnews.com\/de\/mattel-bringt-neue-barbie-mit-down-syndrom-auf-den-markt#primaryimage"},"thumbnailUrl":"https:\/\/ifamnews.com\/wp-content\/uploads\/2023\/05\/Mattel-Down-Dyndrome-Barbie.jpg","datePublished":"2023-05-04T06:15:00+00:00","breadcrumb":{"@id":"https:\/\/ifamnews.com\/de\/mattel-bringt-neue-barbie-mit-down-syndrom-auf-den-markt#breadcrumb"},"inLanguage":"de","potentialAction":[{"@type":"ReadAction","target":["https:\/\/ifamnews.com\/de\/mattel-bringt-neue-barbie-mit-down-syndrom-auf-den-markt"]}]},{"@type":"ImageObject","inLanguage":"de","@id":"https:\/\/ifamnews.com\/de\/mattel-bringt-neue-barbie-mit-down-syndrom-auf-den-markt#primaryimage","url":"https:\/\/ifamnews.com\/wp-content\/uploads\/2023\/05\/Mattel-Down-Dyndrome-Barbie.jpg","contentUrl":"https:\/\/ifamnews.com\/wp-content\/uploads\/2023\/05\/Mattel-Down-Dyndrome-Barbie.jpg","width":976,"height":549,"caption":"Bild: Mattel Webseite"},{"@type":"BreadcrumbList","@id":"https:\/\/ifamnews.com\/de\/mattel-bringt-neue-barbie-mit-down-syndrom-auf-den-markt#breadcrumb","itemListElement":[{"@type":"ListItem","position":1,"name":"Home","item":"https:\/\/ifamnews.com\/de"},{"@type":"ListItem","position":2,"name":"Leben","item":"https:\/\/ifamnews.com\/de\/kategorie\/leben"},{"@type":"ListItem","position":3,"name":"Mattel bringt neue Barbie mit Down Syndrom auf den Markt"}]},{"@type":"WebSite","@id":"https:\/\/ifamnews.com\/en\/#website","url":"https:\/\/ifamnews.com\/en\/","name":"IFN","description":"International Family News Network","publisher":{"@id":"https:\/\/ifamnews.com\/en\/#organization"},"potentialAction":[{"@type":"SearchAction","target":{"@type":"EntryPoint","urlTemplate":"https:\/\/ifamnews.com\/en\/?s={search_term_string}"},"query-input":{"@type":"PropertyValueSpecification","valueRequired":true,"valueName":"search_term_string"}}],"inLanguage":"de"},{"@type":"Organization","@id":"https:\/\/ifamnews.com\/en\/#organization","name":"iFamNews","url":"https:\/\/ifamnews.com\/en\/","logo":{"@type":"ImageObject","inLanguage":"de","@id":"https:\/\/ifamnews.com\/en\/#\/schema\/logo\/image\/","url":"https:\/\/ifamnews.com\/wp-content\/uploads\/2020\/01\/Share-logo.png","contentUrl":"https:\/\/ifamnews.com\/wp-content\/uploads\/2020\/01\/Share-logo.png","width":200,"height":200,"caption":"iFamNews"},"image":{"@id":"https:\/\/ifamnews.com\/en\/#\/schema\/logo\/image\/"},"sameAs":["https:\/\/www.facebook.com\/iFamNews","https:\/\/x.com\/iFamNewsEN"]},{"@type":"Person","@id":"https:\/\/ifamnews.com\/en\/#\/schema\/person\/82ec6d77f1c630266e2c3a9e8643b439","name":"iFamNews Germany","image":{"@type":"ImageObject","inLanguage":"de","@id":"https:\/\/secure.gravatar.com\/avatar\/c51b977100a05a1448d61b80953be1e3192e0be236d631062ca6a59c6f9a879b?s=96&d=mm&r=g","url":"https:\/\/secure.gravatar.com\/avatar\/c51b977100a05a1448d61b80953be1e3192e0be236d631062ca6a59c6f9a879b?s=96&d=mm&r=g","contentUrl":"https:\/\/secure.gravatar.com\/avatar\/c51b977100a05a1448d61b80953be1e3192e0be236d631062ca6a59c6f9a879b?s=96&d=mm&r=g","caption":"iFamNews Germany"},"description":"Articles published by the German iFamNews editorial team.","sameAs":["https:\/\/ifamnews.com\/de","https:\/\/www.facebook.com\/iFamNews\/","https:\/\/x.com\/https:\/\/twitter.com\/iFamNewsDE","https:\/\/www.youtube.com\/channel\/UCMVyIt4z9BANW3d09kwfUpw"],"url":"https:\/\/ifamnews.com\/de\/author\/redaktion"}]}},"amp_enabled":true,"_links":{"self":[{"href":"https:\/\/ifamnews.com\/de\/wp-json\/wp\/v2\/posts\/192087","targetHints":{"allow":["GET"]}}],"collection":[{"href":"https:\/\/ifamnews.com\/de\/wp-json\/wp\/v2\/posts"}],"about":[{"href":"https:\/\/ifamnews.com\/de\/wp-json\/wp\/v2\/types\/post"}],"author":[{"embeddable":true,"href":"https:\/\/ifamnews.com\/de\/wp-json\/wp\/v2\/users\/623"}],"replies":[{"embeddable":true,"href":"https:\/\/ifamnews.com\/de\/wp-json\/wp\/v2\/comments?post=192087"}],"version-history":[{"count":1,"href":"https:\/\/ifamnews.com\/de\/wp-json\/wp\/v2\/posts\/192087\/revisions"}],"predecessor-version":[{"id":192097,"href":"https:\/\/ifamnews.com\/de\/wp-json\/wp\/v2\/posts\/192087\/revisions\/192097"}],"wp:featuredmedia":[{"embeddable":true,"href":"https:\/\/ifamnews.com\/de\/wp-json\/wp\/v2\/media\/192088"}],"wp:attachment":[{"href":"https:\/\/ifamnews.com\/de\/wp-json\/wp\/v2\/media?parent=192087"}],"wp:term":[{"taxonomy":"category","embeddable":true,"href":"https:\/\/ifamnews.com\/de\/wp-json\/wp\/v2\/categories?post=192087"},{"taxonomy":"post_tag","embeddable":true,"href":"https:\/\/ifamnews.com\/de\/wp-json\/wp\/v2\/tags?post=192087"}],"curies":[{"name":"wp","href":"https:\/\/api.w.org\/{rel}","templated":true}]}}