{"id":191633,"date":"2023-05-04T02:00:00","date_gmt":"2023-05-04T06:00:00","guid":{"rendered":"https:\/\/ifamnews.com\/?p=191633"},"modified":"2023-04-27T05:22:04","modified_gmt":"2023-04-27T09:22:04","slug":"ungarisches-parlament-verabschiedet-gesetz-zum-schutz-gegen-lgbti-ideologie-novak-fordert-reform","status":"publish","type":"post","link":"https:\/\/ifamnews.com\/de\/ungarisches-parlament-verabschiedet-gesetz-zum-schutz-gegen-lgbti-ideologie-novak-fordert-reform","title":{"rendered":"Ungarisches Parlament verabschiedet Gesetz zum Schutz gegen LGBTI-Ideologie; Novak fordert Reform"},"content":{"rendered":"\n<p>Vor etwa zehn Tagen <a href=\"https:\/\/hungarytoday.hu\/government-aims-to-protect-children-with-most-effective-means-possible\/\" target=\"_blank\" rel=\"noreferrer noopener\">verabschiedeten<\/a> die ungarischen Parlamentarier ein Gesetz, das eine Bestimmung enth\u00e4lt, die es den B\u00fcrgern erm\u00f6glicht, gleichgeschlechtliche Paare, die Kinder aufziehen, anonym zu melden. In dem Text hei\u00dft es, dass die Ungarn diejenigen anprangern k\u00f6nnen, die die &#8222;verfassungsm\u00e4\u00dfig anerkannte Rolle von Ehe und Familie&#8220; in Frage stellen, sowie diejenigen, die das Recht der Kinder &#8222;auf eine ihrem Geburtsgeschlecht entsprechende Identit\u00e4t&#8220; in Frage stellen. In der Verfassung des Landes hei\u00dft es, dass die Institution der Ehe &#8222;zwischen einem Mann und einer Frau&#8220; besteht, und es wird anerkannt, dass &#8222;die Mutter eine Frau und der Vater ein Mann ist&#8220;. Die<a href=\"https:\/\/hungarytoday.hu\/government-reveals-plans-to-tighten-child-protection\/\" target=\"_blank\" rel=\"noreferrer noopener\">Verabschiedung<\/a> dieses Gesetzes erfolgt, nachdem das ungarische Verfassungsgericht im vergangenen Februar ein Urteil erlassen hatte, in dem das Verbot der rechtlichen Anerkennung der Geschlechtsumwandlung von Transgender-Personen bekr\u00e4ftigt wurde.  <\/p>\n\n\n\n<p>Anfang des Monats schlossen sich auch Deutschland und Frankreich der Klage der <a href=\"https:\/\/www.losangelesblade.com\/2022\/07\/15\/european-union-sues-hungary-over-its-lgbtq-rights-violations\/\" target=\"_blank\" rel=\"noreferrer noopener\">Europ\u00e4ischen Kommission<\/a> gegen ein ungarisches Anti-P\u00e4dophilie-Gesetz an, das nach Ansicht der Kommission und von LGBTI-Gruppen gegen ihre Forderungen und Privilegien verst\u00f6\u00dft. 14 EU-Mitgliedstaaten haben sich der<a href=\"https:\/\/ec.europa.eu\/commission\/presscorner\/detail\/en\/IP_22_2689\"> Klage<\/a> angeschlossen: Belgien, die Niederlande, Luxemburg, D\u00e4nemark, Portugal, Irland, Spanien, Malta, <a href=\"https:\/\/hungarytoday.hu\/austria-to-join-lgbtq-lawsuit-against-hungary-while-facing-homophobic-crime-epidemic-at-home\/\" target=\"_blank\" rel=\"noreferrer noopener\">\u00d6sterreich<\/a>, Schweden, Slowenien, Finnland und jetzt auch Frankreich und Deutschland. Der Beschwerde der Kommission und vieler europ\u00e4ischer L\u00e4nder gegen Ungarn steht auch eine <a href=\"https:\/\/hungarytoday.hu\/justice-minister-files-counterclaim-at-eu-court-of-justice-on-child-protection-act\/\" target=\"_blank\" rel=\"noreferrer noopener\">Gegenbeschwerde<\/a> Budapests gegen die Einmischung der Kommission <a href=\"https:\/\/hungarytoday.hu\/justice-minister-files-counterclaim-at-eu-court-of-justice-on-child-protection-act\/\" target=\"_blank\" rel=\"noreferrer noopener\">gegen\u00fcber<\/a>.<\/p>\n\n\n\n<p>Obwohl sie mit den Stimmen der Regierungskoalition gew\u00e4hlt wurde, in der sie das Ministerium und die familienfreundliche Politik leitete und den kulturellen Kampf gegen die LGBTI-Lobbys teilte, legte die ungarische Pr\u00e4sidentin Katalin Novak ihr Veto gegen den Gesetzentwurf ein und forderte das Parlament auf, einen umstrittenen Absatz zu streichen, der es LGBTI-Paaren, die Kinder haben, erm\u00f6glichen w\u00fcrde, sich anonym zu melden. Wie die ungarische Staatspr\u00e4sidentin Katalin Novak am 21. April in einem <a href=\"https:\/\/www.parlament.hu\/irom42\/03089\/03089-0013.pdf\" target=\"_blank\" rel=\"noreferrer noopener\">Schreiben an die National<\/a> versammlung erkl\u00e4rte, geht dies \u00fcber die Umsetzung von EU-Recht hinaus, da das umstrittene Kapitel &#8222;den Schutz der Grundwerte nicht st\u00e4rkt, sondern eher schw\u00e4cht&#8220;. Laut <a href=\"https:\/\/www.bloomberg.com\/news\/articles\/2023-04-22\/hungary-s-president-vetoes-bill-on-reporting-same-sex-families\" target=\"_blank\" rel=\"noreferrer noopener\">Bloomberg<\/a> k\u00f6nnen die Gesetzgeber Novaks Veto noch \u00fcberstimmen&#8230;<\/p>\n\n\n\n<p>Die Entschlossenheit der politischen und parlamentarischen Mehrheit und des Pr\u00e4sidenten der Republik Novak selbst, die Rechte der Eltern zu verteidigen, die Kinder vor LGBTI-Indoktrination und Konditionierung zu sch\u00fctzen und die grundlegenden christlichen und menschlichen Wurzeln der nat\u00fcrlichen Familie zu bewahren, die auf der Ehe zwischen einem Mann und einer Frau beruht und f\u00fcr das Leben offen ist, kann auf jeden Fall nicht bezweifelt werden. Sie gaukeln den Magazinen der globalistischen Linken<a href=\"https:\/\/www.politico.eu\/article\/hungary-president-katalin-novak-vetoes-viktor-orban-anti-lgbtq-law\/\" target=\"_blank\" rel=\"noreferrer noopener\">(Politico<\/a>) und den LGBTI-Lobbys<a href=\"https:\/\/www.losangelesblade.com\/2023\/04\/22\/hungarys-president-vetoes-snitch-on-your-gay-neighbor-law\/\" target=\"_blank\" rel=\"noreferrer noopener\">(Blade<\/a> oder <a href=\"https:\/\/www.thepinknews.com\/2023\/04\/22\/hungary-katalin-novak-same-sex-parents-lgbtq\/\" target=\"_blank\" rel=\"noreferrer noopener\">PInkNews<\/a>) vor, dass die ungarische politische und institutionelle Welt in diesen Fragen und Werten definitiv gespalten ist. Pr\u00e4sident Novak, das Parlament und die Regierung werden mit institutionellem Respekt und unter voller Achtung der verfassungsm\u00e4\u00dfigen Befugnisse intelligente und prophetische L\u00f6sungen f\u00f6rdern, wie dies bereits in der Vergangenheit in der Familienpolitik unter Beweis gestellt wurde.<\/p>\n","protected":false},"excerpt":{"rendered":"<p>Ungarische Pr\u00e4sidentin Katalin Novak legte ihr Veto gegen den Gesetzentwurf ein und forderte das Parlament auf, einen umstrittenen Absatz zu streichen, der eine anonyme Anzeige f\u00fcr LGBTI-Paare, die Kinder haben, legal machen w\u00fcrde.<\/p>\n","protected":false},"author":54,"featured_media":191484,"comment_status":"open","ping_status":"open","sticky":false,"template":"","format":"standard","meta":{"give_campaign_id":0,"om_disable_all_campaigns":false,"_monsterinsights_skip_tracking":false,"_monsterinsights_sitenote_active":false,"_monsterinsights_sitenote_note":"","_monsterinsights_sitenote_category":0,"mc4wp_mailchimp_campaign":[],"jnews-multi-image_gallery":[],"jnews_single_post":{"subtitle":"Ungarische Pr\u00e4sidentin Katalin Novak legte ihr Veto gegen den Gesetzentwurf ein und forderte das Parlament auf, einen umstrittenen Absatz zu streichen, der eine anonyme Anzeige f\u00fcr LGBTI-Paare, die Kinder haben, legal machen w\u00fcrde.","format":"standard","video":"","gallery":"","source_name":"","source_url":"","via_name":"","via_url":"","override_template":"0","override":[{"template":"2","single_blog_custom":"","parallax":"1","fullscreen":"1","layout":"right-sidebar-narrow","sidebar":"default-sidebar","second_sidebar":"default-sidebar","sticky_sidebar":"1","share_position":"float","share_float_style":"share-normal","show_share_counter":"1","show_view_counter":"1","show_featured":"1","show_post_meta":"1","show_post_author":"1","show_post_author_image":"1","show_post_date":"1","post_date_format":"default","post_date_format_custom":"Y\/m\/d","show_post_category":"1","show_post_reading_time":"1","post_reading_time_wpm":"300","show_zoom_button":"0","zoom_button_out_step":"2","zoom_button_in_step":"3","show_post_tag":"1","show_prev_next_post":"0","show_popup_post":"0","number_popup_post":"1","show_author_box":"1","show_post_related":"0","show_inline_post_related":"0"}],"override_image_size":"0","image_override":[{"single_post_thumbnail_size":"crop-715","single_post_gallery_size":"crop-715"}],"trending_post":"0","trending_post_position":"meta","trending_post_label":"Trending","sponsored_post":"0","sponsored_post_label":"Sponsored by","sponsored_post_name":"","sponsored_post_url":"","sponsored_post_logo_enable":"0","sponsored_post_logo":"","sponsored_post_desc":"","disable_ad":"0"},"jnews_primary_category":{"id":"768"},"jnews_social_meta":{"fb_title":"","fb_description":"","fb_image":"","twitter_title":"","twitter_description":"","twitter_image":""},"jnews_override_counter":{"override_view_counter":"0","view_counter_number":"0","override_share_counter":"0","share_counter_number":"0","override_like_counter":"0","like_counter_number":"0","override_dislike_counter":"0","dislike_counter_number":"0"},"footnotes":""},"categories":[816,768,811],"tags":[25538,25537,17493,23912,1832],"class_list":["post-191633","post","type-post","status-publish","format-standard","has-post-thumbnail","hentry","category-breaking-news-de","category-politik","category-foreground-de","tag-das-recht-der-kinder","tag-europaische-kommission","tag-katalin-novak-de-2","tag-lgbti-de","tag-ungarn"],"yoast_head":"<!-- This site is optimized with the Yoast SEO Premium plugin v25.9 (Yoast SEO v27.3) - https:\/\/yoast.com\/product\/yoast-seo-premium-wordpress\/ -->\n<title>Ungarisches Parlament verabschiedet Gesetz zum Schutz gegen LGBTI-Ideologie; Novak fordert Reform - IFN<\/title>\n<meta name=\"description\" content=\"Die ungarische Pr\u00e4sidentin Katalin Novak legte ihr Veto gegen den Gesetzentwurf ein und forderte das Parlament auf, einen umstrittenen Absatz zu streichen, der eine anonyme Anzeige f\u00fcr LGBTI-Paare, die Kinder haben, legal machen w\u00fcrde.\" \/>\n<meta name=\"robots\" content=\"index, follow, max-snippet:-1, max-image-preview:large, max-video-preview:-1\" \/>\n<link rel=\"canonical\" href=\"https:\/\/ifamnews.com\/de\/ungarisches-parlament-verabschiedet-gesetz-zum-schutz-gegen-lgbti-ideologie-novak-fordert-reform\" \/>\n<meta property=\"og:locale\" content=\"de_DE\" \/>\n<meta property=\"og:type\" content=\"article\" \/>\n<meta property=\"og:title\" content=\"Ungarisches Parlament verabschiedet Gesetz zum Schutz gegen LGBTI-Ideologie; Novak fordert Reform\" \/>\n<meta property=\"og:description\" content=\"Die ungarische Pr\u00e4sidentin Katalin Novak legte ihr Veto gegen den Gesetzentwurf ein und forderte das Parlament auf, einen umstrittenen Absatz zu streichen, der eine anonyme Anzeige f\u00fcr LGBTI-Paare, die Kinder haben, legal machen w\u00fcrde.\" \/>\n<meta property=\"og:url\" content=\"https:\/\/ifamnews.com\/de\/ungarisches-parlament-verabschiedet-gesetz-zum-schutz-gegen-lgbti-ideologie-novak-fordert-reform\" \/>\n<meta property=\"og:site_name\" content=\"IFN\" \/>\n<meta property=\"article:publisher\" content=\"https:\/\/www.facebook.com\/iFamNews\" \/>\n<meta property=\"article:author\" content=\"https:\/\/facebook.com\/lvolonte1\" \/>\n<meta property=\"article:published_time\" content=\"2023-05-04T06:00:00+00:00\" \/>\n<meta property=\"og:image\" content=\"https:\/\/ifamnews.com\/wp-content\/uploads\/2023\/04\/GettyImages-1403677447-scaled-1.png\" \/>\n\t<meta property=\"og:image:width\" content=\"1024\" \/>\n\t<meta property=\"og:image:height\" content=\"682\" \/>\n\t<meta property=\"og:image:type\" content=\"image\/png\" \/>\n<meta name=\"author\" content=\"Luca Volont\u00e8\" \/>\n<meta name=\"twitter:card\" content=\"summary_large_image\" \/>\n<meta name=\"twitter:creator\" content=\"@https:\/\/twitter.com\/l_volonte\" \/>\n<meta name=\"twitter:site\" content=\"@iFamNewsEN\" \/>\n<meta name=\"twitter:label1\" content=\"Verfasst von\" \/>\n\t<meta name=\"twitter:data1\" content=\"Luca Volont\u00e8\" \/>\n\t<meta name=\"twitter:label2\" content=\"Gesch\u00e4tzte Lesezeit\" \/>\n\t<meta name=\"twitter:data2\" content=\"3\u00a0Minuten\" \/>\n<!-- \/ Yoast SEO Premium plugin. -->","yoast_head_json":{"title":"Ungarisches Parlament verabschiedet Gesetz zum Schutz gegen LGBTI-Ideologie; Novak fordert Reform - IFN","description":"Die ungarische Pr\u00e4sidentin Katalin Novak legte ihr Veto gegen den Gesetzentwurf ein und forderte das Parlament auf, einen umstrittenen Absatz zu streichen, der eine anonyme Anzeige f\u00fcr LGBTI-Paare, die Kinder haben, legal machen w\u00fcrde.","robots":{"index":"index","follow":"follow","max-snippet":"max-snippet:-1","max-image-preview":"max-image-preview:large","max-video-preview":"max-video-preview:-1"},"canonical":"https:\/\/ifamnews.com\/de\/ungarisches-parlament-verabschiedet-gesetz-zum-schutz-gegen-lgbti-ideologie-novak-fordert-reform","og_locale":"de_DE","og_type":"article","og_title":"Ungarisches Parlament verabschiedet Gesetz zum Schutz gegen LGBTI-Ideologie; Novak fordert Reform","og_description":"Die ungarische Pr\u00e4sidentin Katalin Novak legte ihr Veto gegen den Gesetzentwurf ein und forderte das Parlament auf, einen umstrittenen Absatz zu streichen, der eine anonyme Anzeige f\u00fcr LGBTI-Paare, die Kinder haben, legal machen w\u00fcrde.","og_url":"https:\/\/ifamnews.com\/de\/ungarisches-parlament-verabschiedet-gesetz-zum-schutz-gegen-lgbti-ideologie-novak-fordert-reform","og_site_name":"IFN","article_publisher":"https:\/\/www.facebook.com\/iFamNews","article_author":"https:\/\/facebook.com\/lvolonte1","article_published_time":"2023-05-04T06:00:00+00:00","og_image":[{"width":1024,"height":682,"url":"https:\/\/ifamnews.com\/wp-content\/uploads\/2023\/04\/GettyImages-1403677447-scaled-1.png","type":"image\/png"}],"author":"Luca Volont\u00e8","twitter_card":"summary_large_image","twitter_creator":"@https:\/\/twitter.com\/l_volonte","twitter_site":"@iFamNewsEN","twitter_misc":{"Verfasst von":"Luca Volont\u00e8","Gesch\u00e4tzte Lesezeit":"3\u00a0Minuten"},"schema":{"@context":"https:\/\/schema.org","@graph":[{"@type":"NewsArticle","@id":"https:\/\/ifamnews.com\/de\/ungarisches-parlament-verabschiedet-gesetz-zum-schutz-gegen-lgbti-ideologie-novak-fordert-reform#article","isPartOf":{"@id":"https:\/\/ifamnews.com\/de\/ungarisches-parlament-verabschiedet-gesetz-zum-schutz-gegen-lgbti-ideologie-novak-fordert-reform"},"author":{"name":"Luca Volont\u00e8","@id":"https:\/\/ifamnews.com\/en\/#\/schema\/person\/bed5b7c6161f317421caa94dc3be6a53"},"headline":"Ungarisches Parlament verabschiedet Gesetz zum Schutz gegen LGBTI-Ideologie; Novak fordert Reform","datePublished":"2023-05-04T06:00:00+00:00","mainEntityOfPage":{"@id":"https:\/\/ifamnews.com\/de\/ungarisches-parlament-verabschiedet-gesetz-zum-schutz-gegen-lgbti-ideologie-novak-fordert-reform"},"wordCount":488,"commentCount":0,"publisher":{"@id":"https:\/\/ifamnews.com\/en\/#organization"},"image":{"@id":"https:\/\/ifamnews.com\/de\/ungarisches-parlament-verabschiedet-gesetz-zum-schutz-gegen-lgbti-ideologie-novak-fordert-reform#primaryimage"},"thumbnailUrl":"https:\/\/ifamnews.com\/wp-content\/uploads\/2023\/04\/GettyImages-1403677447-scaled-1.png","keywords":["das Recht der Kinder","Europ\u00e4ische Kommission","Katalin Nov\u00e1k","LGBTI","Ungarn"],"articleSection":["Breaking News","Politik","Vordergrund"],"inLanguage":"de","potentialAction":[{"@type":"CommentAction","name":"Comment","target":["https:\/\/ifamnews.com\/de\/ungarisches-parlament-verabschiedet-gesetz-zum-schutz-gegen-lgbti-ideologie-novak-fordert-reform#respond"]}]},{"@type":"WebPage","@id":"https:\/\/ifamnews.com\/de\/ungarisches-parlament-verabschiedet-gesetz-zum-schutz-gegen-lgbti-ideologie-novak-fordert-reform","url":"https:\/\/ifamnews.com\/de\/ungarisches-parlament-verabschiedet-gesetz-zum-schutz-gegen-lgbti-ideologie-novak-fordert-reform","name":"Ungarisches Parlament verabschiedet Gesetz zum Schutz gegen LGBTI-Ideologie; Novak fordert Reform - IFN","isPartOf":{"@id":"https:\/\/ifamnews.com\/en\/#website"},"primaryImageOfPage":{"@id":"https:\/\/ifamnews.com\/de\/ungarisches-parlament-verabschiedet-gesetz-zum-schutz-gegen-lgbti-ideologie-novak-fordert-reform#primaryimage"},"image":{"@id":"https:\/\/ifamnews.com\/de\/ungarisches-parlament-verabschiedet-gesetz-zum-schutz-gegen-lgbti-ideologie-novak-fordert-reform#primaryimage"},"thumbnailUrl":"https:\/\/ifamnews.com\/wp-content\/uploads\/2023\/04\/GettyImages-1403677447-scaled-1.png","datePublished":"2023-05-04T06:00:00+00:00","description":"Die ungarische Pr\u00e4sidentin Katalin Novak legte ihr Veto gegen den Gesetzentwurf ein und forderte das Parlament auf, einen umstrittenen Absatz zu streichen, der eine anonyme Anzeige f\u00fcr LGBTI-Paare, die Kinder haben, legal machen w\u00fcrde.","breadcrumb":{"@id":"https:\/\/ifamnews.com\/de\/ungarisches-parlament-verabschiedet-gesetz-zum-schutz-gegen-lgbti-ideologie-novak-fordert-reform#breadcrumb"},"inLanguage":"de","potentialAction":[{"@type":"ReadAction","target":["https:\/\/ifamnews.com\/de\/ungarisches-parlament-verabschiedet-gesetz-zum-schutz-gegen-lgbti-ideologie-novak-fordert-reform"]}]},{"@type":"ImageObject","inLanguage":"de","@id":"https:\/\/ifamnews.com\/de\/ungarisches-parlament-verabschiedet-gesetz-zum-schutz-gegen-lgbti-ideologie-novak-fordert-reform#primaryimage","url":"https:\/\/ifamnews.com\/wp-content\/uploads\/2023\/04\/GettyImages-1403677447-scaled-1.png","contentUrl":"https:\/\/ifamnews.com\/wp-content\/uploads\/2023\/04\/GettyImages-1403677447-scaled-1.png","width":1024,"height":682,"caption":"Die ungarische Pr\u00e4sidentin Katalin Novak GettyImages"},{"@type":"BreadcrumbList","@id":"https:\/\/ifamnews.com\/de\/ungarisches-parlament-verabschiedet-gesetz-zum-schutz-gegen-lgbti-ideologie-novak-fordert-reform#breadcrumb","itemListElement":[{"@type":"ListItem","position":1,"name":"Home","item":"https:\/\/ifamnews.com\/de"},{"@type":"ListItem","position":2,"name":"Politics","item":"https:\/\/ifamnews.com\/en\/category\/politics"},{"@type":"ListItem","position":3,"name":"Ungarisches Parlament verabschiedet Gesetz zum Schutz gegen LGBTI-Ideologie; Novak fordert Reform"}]},{"@type":"WebSite","@id":"https:\/\/ifamnews.com\/en\/#website","url":"https:\/\/ifamnews.com\/en\/","name":"IFN","description":"International Family News Network","publisher":{"@id":"https:\/\/ifamnews.com\/en\/#organization"},"potentialAction":[{"@type":"SearchAction","target":{"@type":"EntryPoint","urlTemplate":"https:\/\/ifamnews.com\/en\/?s={search_term_string}"},"query-input":{"@type":"PropertyValueSpecification","valueRequired":true,"valueName":"search_term_string"}}],"inLanguage":"de"},{"@type":"Organization","@id":"https:\/\/ifamnews.com\/en\/#organization","name":"iFamNews","url":"https:\/\/ifamnews.com\/en\/","logo":{"@type":"ImageObject","inLanguage":"de","@id":"https:\/\/ifamnews.com\/en\/#\/schema\/logo\/image\/","url":"https:\/\/ifamnews.com\/wp-content\/uploads\/2020\/01\/Share-logo.png","contentUrl":"https:\/\/ifamnews.com\/wp-content\/uploads\/2020\/01\/Share-logo.png","width":200,"height":200,"caption":"iFamNews"},"image":{"@id":"https:\/\/ifamnews.com\/en\/#\/schema\/logo\/image\/"},"sameAs":["https:\/\/www.facebook.com\/iFamNews","https:\/\/x.com\/iFamNewsEN"]},{"@type":"Person","@id":"https:\/\/ifamnews.com\/en\/#\/schema\/person\/bed5b7c6161f317421caa94dc3be6a53","name":"Luca Volont\u00e8","image":{"@type":"ImageObject","inLanguage":"de","@id":"https:\/\/secure.gravatar.com\/avatar\/354ed6bca06f9968278e6eb25fa8a123306c69f5c50f711836cf12e6c8ecbbf6?s=96&d=mm&r=g","url":"https:\/\/secure.gravatar.com\/avatar\/354ed6bca06f9968278e6eb25fa8a123306c69f5c50f711836cf12e6c8ecbbf6?s=96&d=mm&r=g","contentUrl":"https:\/\/secure.gravatar.com\/avatar\/354ed6bca06f9968278e6eb25fa8a123306c69f5c50f711836cf12e6c8ecbbf6?s=96&d=mm&r=g","caption":"Luca Volont\u00e8"},"description":"Luca Volont\u00e8 was an Italian parliamentarian from 1996 to 2013, and served as president of the PPE-CD at the Assembly of the Council of Europe. Publicly engaged for decades in the promotion of life, family and religious and educational freedom, Luca\u00a0 has served as a board member for various international organizations promoting Christian values and human rights, including his current role as a board member of the International Organization for the Family. He has authored books and essays for the Novae Terrae series by the publisher Rubbettino; he has been a correspondent for several Italian newspapers, and currently collaborates with La nuova Bussola Quotidiana, an online newspaper. He is a also a great bicycle enthusiast.","sameAs":["https:\/\/facebook.com\/lvolonte1","https:\/\/x.com\/https:\/\/twitter.com\/l_volonte"],"url":"https:\/\/ifamnews.com\/de\/author\/lvolonte"}]}},"amp_enabled":true,"_links":{"self":[{"href":"https:\/\/ifamnews.com\/de\/wp-json\/wp\/v2\/posts\/191633","targetHints":{"allow":["GET"]}}],"collection":[{"href":"https:\/\/ifamnews.com\/de\/wp-json\/wp\/v2\/posts"}],"about":[{"href":"https:\/\/ifamnews.com\/de\/wp-json\/wp\/v2\/types\/post"}],"author":[{"embeddable":true,"href":"https:\/\/ifamnews.com\/de\/wp-json\/wp\/v2\/users\/54"}],"replies":[{"embeddable":true,"href":"https:\/\/ifamnews.com\/de\/wp-json\/wp\/v2\/comments?post=191633"}],"version-history":[{"count":2,"href":"https:\/\/ifamnews.com\/de\/wp-json\/wp\/v2\/posts\/191633\/revisions"}],"predecessor-version":[{"id":191706,"href":"https:\/\/ifamnews.com\/de\/wp-json\/wp\/v2\/posts\/191633\/revisions\/191706"}],"wp:featuredmedia":[{"embeddable":true,"href":"https:\/\/ifamnews.com\/de\/wp-json\/wp\/v2\/media\/191484"}],"wp:attachment":[{"href":"https:\/\/ifamnews.com\/de\/wp-json\/wp\/v2\/media?parent=191633"}],"wp:term":[{"taxonomy":"category","embeddable":true,"href":"https:\/\/ifamnews.com\/de\/wp-json\/wp\/v2\/categories?post=191633"},{"taxonomy":"post_tag","embeddable":true,"href":"https:\/\/ifamnews.com\/de\/wp-json\/wp\/v2\/tags?post=191633"}],"curies":[{"name":"wp","href":"https:\/\/api.w.org\/{rel}","templated":true}]}}