{"id":188449,"date":"2023-04-11T01:00:00","date_gmt":"2023-04-11T05:00:00","guid":{"rendered":"https:\/\/ifamnews.com\/?p=188449"},"modified":"2023-03-27T09:52:03","modified_gmt":"2023-03-27T13:52:03","slug":"idaho-transgendertoiletten-verboten","status":"publish","type":"post","link":"https:\/\/ifamnews.com\/de\/idaho-transgendertoiletten-verboten","title":{"rendered":"Idaho: Transgendertoiletten verboten"},"content":{"rendered":"\n<p>Der Gouverneur von Idaho, Brad Little, hat ein Gesetz unterzeichnet, das es Transgender-Sch\u00fcler verbietet, \u00f6ffentliche Schulbadezimmer und -umkleider\u00e4ume zu nutzen, die ihrem Geschlecht nicht entsprechen. Das <a href=\"https:\/\/legislature.idaho.gov\/sessioninfo\/billbookmark\/?yr=2023&amp;bn=S1100\">Gesetz<\/a> sieht vor, dass Schulen, die gegen das Verbot versto\u00dfen, mit einer Strafe von bis zu 5.000 US-Dollar pro Versto\u00df belegt werden k\u00f6nnen, wie <em><a href=\"https:\/\/redstate.com\/benkew\/2023\/03\/26\/idaho-signs-transgender-bathroom-ban-schools-face-5000-fine-per-infraction-n721590\">Red State berichtet.<\/a><\/em><\/p>\n\n\n\n<p>Bef\u00fcrworter des Gesetzes argumentieren, dass es dazu beitr\u00e4gt, die Privatsph\u00e4re und Sicherheit aller Sch\u00fclerinnen und Sch\u00fcler zu sch\u00fctzen und dass es den Schulen die M\u00f6glichkeit gibt, die Geschlechtertrennung in \u00f6ffentlichen Badezimmern und Umkleider\u00e4umen aufrechtzuerhalten.<\/p>\n\n\n\n<p>Kritiker des Gesetzes hingegen sehen darin eine Diskriminierung von Transgender-Personen und einen Versto\u00df gegen ihre Rechte auf Gleichbehandlung und freie Entfaltung der Pers\u00f6nlichkeit. Sie bef\u00fcrchten au\u00dferdem, dass das Gesetz zu einer Stigmatisierung und Ausgrenzung von Transgender-Sch\u00fclerinnen und -Sch\u00fclern f\u00fchren wird und dass es ihre psychische Gesundheit und ihr Wohlbefinden beeintr\u00e4chtigen wird.<\/p>\n\n\n\n<p>Das Gesetz ist Teil einer landesweiten Debatte \u00fcber die Rechte von Transgender-Personen und die Frage, wie Schulen und \u00f6ffentliche Einrichtungen mit ihnen umgehen sollen. In anderen Bundesstaaten und L\u00e4ndern gibt es \u00e4hnliche Regelungen, die jedoch oft umstritten sind und zu langwierigen Gerichtsverfahren f\u00fchren.<\/p>\n\n\n\n<p>Es bleibt abzuwarten, wie sich die Debatte in Idaho und anderen Teilen der USA entwickeln wird und ob sich die Regierung auf eine einheitliche Regelung einigen kann, die sowohl die Privatsph\u00e4re und Sicherheit aller Sch\u00fcler ber\u00fccksichtigt.<\/p>\n","protected":false},"excerpt":{"rendered":"<p>Der gesunde Menschenverstand siegt: Umkleidekabinen und Badezimmer werden nach den zwei Geschlechtertn getrennt.<\/p>\n","protected":false},"author":623,"featured_media":188450,"comment_status":"open","ping_status":"open","sticky":false,"template":"","format":"standard","meta":{"give_campaign_id":0,"om_disable_all_campaigns":false,"_monsterinsights_skip_tracking":false,"_monsterinsights_sitenote_active":false,"_monsterinsights_sitenote_note":"","_monsterinsights_sitenote_category":0,"mc4wp_mailchimp_campaign":[],"jnews-multi-image_gallery":[],"jnews_single_post":{"subtitle":"Der gesunde Menschenverstand siegt: Umkleidekabinen und Badezimmer werden nach den zwei Geschlechtertn getrennt.","format":"standard","video":"","gallery":"","source_name":"","source_url":"","via_name":"","via_url":"","override_template":"0","override":[{"template":"2","single_blog_custom":"","parallax":"1","fullscreen":"1","layout":"right-sidebar-narrow","sidebar":"default-sidebar","second_sidebar":"default-sidebar","sticky_sidebar":"1","share_position":"float","share_float_style":"share-normal","show_share_counter":"1","show_view_counter":"1","show_featured":"1","show_post_meta":"1","show_post_author":"1","show_post_author_image":"1","show_post_date":"1","post_date_format":"default","post_date_format_custom":"Y\/m\/d","show_post_category":"1","show_post_reading_time":"1","post_reading_time_wpm":"300","show_zoom_button":"0","zoom_button_out_step":"2","zoom_button_in_step":"3","show_post_tag":"1","show_prev_next_post":"0","show_popup_post":"0","number_popup_post":"1","show_author_box":"1","show_post_related":"0","show_inline_post_related":"0"}],"override_image_size":"0","image_override":[{"single_post_thumbnail_size":"crop-715","single_post_gallery_size":"crop-715"}],"trending_post":"0","trending_post_position":"meta","trending_post_label":"Trending","sponsored_post":"0","sponsored_post_label":"Sponsored by","sponsored_post_name":"","sponsored_post_url":"","sponsored_post_logo_enable":"0","sponsored_post_logo":"","sponsored_post_desc":"","disable_ad":"0"},"jnews_primary_category":{"id":"763"},"jnews_social_meta":{"fb_title":"","fb_description":"","fb_image":"","twitter_title":"","twitter_description":"","twitter_image":""},"jnews_override_counter":{"override_view_counter":"0","view_counter_number":"0","override_share_counter":"0","share_counter_number":"0","override_like_counter":"0","like_counter_number":"0","override_dislike_counter":"0","dislike_counter_number":"0"},"footnotes":""},"categories":[816,763,811],"tags":[19729,24852,12085,19471],"class_list":["post-188449","post","type-post","status-publish","format-standard","has-post-thumbnail","hentry","category-breaking-news-de","category-kultur","category-foreground-de","tag-gender-ideologie-de-4","tag-toiletten","tag-transgender-ideologie-de","tag-usa-de-3"],"yoast_head":"<!-- This site is optimized with the Yoast SEO Premium plugin v25.9 (Yoast SEO v27.3) - https:\/\/yoast.com\/product\/yoast-seo-premium-wordpress\/ -->\n<title>Idaho: Transgendertoiletten verboten - IFN<\/title>\n<meta name=\"robots\" content=\"index, follow, max-snippet:-1, max-image-preview:large, max-video-preview:-1\" \/>\n<link rel=\"canonical\" href=\"https:\/\/ifamnews.com\/de\/idaho-transgendertoiletten-verboten\" \/>\n<meta property=\"og:locale\" content=\"de_DE\" \/>\n<meta property=\"og:type\" content=\"article\" \/>\n<meta property=\"og:title\" content=\"Idaho: Transgendertoiletten verboten\" \/>\n<meta property=\"og:description\" content=\"Der gesunde Menschenverstand siegt: Umkleidekabinen und Badezimmer werden nach den zwei Geschlechtertn getrennt.\" \/>\n<meta property=\"og:url\" content=\"https:\/\/ifamnews.com\/de\/idaho-transgendertoiletten-verboten\" \/>\n<meta property=\"og:site_name\" content=\"IFN\" \/>\n<meta property=\"article:publisher\" content=\"https:\/\/www.facebook.com\/iFamNews\" \/>\n<meta property=\"article:author\" content=\"https:\/\/www.facebook.com\/iFamNews\/\" \/>\n<meta property=\"article:published_time\" content=\"2023-04-11T05:00:00+00:00\" \/>\n<meta property=\"og:image\" content=\"https:\/\/ifamnews.com\/wp-content\/uploads\/2023\/03\/Transgender-Bathroom.png\" \/>\n\t<meta property=\"og:image:width\" content=\"849\" \/>\n\t<meta property=\"og:image:height\" content=\"483\" \/>\n\t<meta property=\"og:image:type\" content=\"image\/png\" \/>\n<meta name=\"author\" content=\"iFamNews Germany\" \/>\n<meta name=\"twitter:card\" content=\"summary_large_image\" \/>\n<meta name=\"twitter:creator\" content=\"@https:\/\/twitter.com\/iFamNewsDE\" \/>\n<meta name=\"twitter:site\" content=\"@iFamNewsEN\" \/>\n<meta name=\"twitter:label1\" content=\"Verfasst von\" \/>\n\t<meta name=\"twitter:data1\" content=\"IFN Deutschland\" \/>\n\t<meta name=\"twitter:label2\" content=\"Gesch\u00e4tzte Lesezeit\" \/>\n\t<meta name=\"twitter:data2\" content=\"2\u00a0Minuten\" \/>\n<!-- \/ Yoast SEO Premium plugin. -->","yoast_head_json":{"title":"Idaho: Transgendertoiletten verboten - IFN","robots":{"index":"index","follow":"follow","max-snippet":"max-snippet:-1","max-image-preview":"max-image-preview:large","max-video-preview":"max-video-preview:-1"},"canonical":"https:\/\/ifamnews.com\/de\/idaho-transgendertoiletten-verboten","og_locale":"de_DE","og_type":"article","og_title":"Idaho: Transgendertoiletten verboten","og_description":"Der gesunde Menschenverstand siegt: Umkleidekabinen und Badezimmer werden nach den zwei Geschlechtertn getrennt.","og_url":"https:\/\/ifamnews.com\/de\/idaho-transgendertoiletten-verboten","og_site_name":"IFN","article_publisher":"https:\/\/www.facebook.com\/iFamNews","article_author":"https:\/\/www.facebook.com\/iFamNews\/","article_published_time":"2023-04-11T05:00:00+00:00","og_image":[{"width":849,"height":483,"url":"https:\/\/ifamnews.com\/wp-content\/uploads\/2023\/03\/Transgender-Bathroom.png","type":"image\/png"}],"author":"iFamNews Germany","twitter_card":"summary_large_image","twitter_creator":"@https:\/\/twitter.com\/iFamNewsDE","twitter_site":"@iFamNewsEN","twitter_misc":{"Verfasst von":"IFN Deutschland","Gesch\u00e4tzte Lesezeit":"2\u00a0Minuten"},"schema":{"@context":"https:\/\/schema.org","@graph":[{"@type":"NewsArticle","@id":"https:\/\/ifamnews.com\/de\/idaho-transgendertoiletten-verboten#article","isPartOf":{"@id":"https:\/\/ifamnews.com\/de\/idaho-transgendertoiletten-verboten"},"author":{"name":"iFamNews Germany","@id":"https:\/\/ifamnews.com\/en\/#\/schema\/person\/82ec6d77f1c630266e2c3a9e8643b439"},"headline":"Idaho: Transgendertoiletten verboten","datePublished":"2023-04-11T05:00:00+00:00","mainEntityOfPage":{"@id":"https:\/\/ifamnews.com\/de\/idaho-transgendertoiletten-verboten"},"wordCount":243,"commentCount":0,"publisher":{"@id":"https:\/\/ifamnews.com\/en\/#organization"},"image":{"@id":"https:\/\/ifamnews.com\/de\/idaho-transgendertoiletten-verboten#primaryimage"},"thumbnailUrl":"https:\/\/ifamnews.com\/wp-content\/uploads\/2023\/03\/Transgender-Bathroom.png","keywords":["Gender-Ideologie","Toiletten","Transgender-Ideologie","USA"],"articleSection":["Breaking News","Kultur","Vordergrund"],"inLanguage":"de","potentialAction":[{"@type":"CommentAction","name":"Comment","target":["https:\/\/ifamnews.com\/de\/idaho-transgendertoiletten-verboten#respond"]}]},{"@type":"WebPage","@id":"https:\/\/ifamnews.com\/de\/idaho-transgendertoiletten-verboten","url":"https:\/\/ifamnews.com\/de\/idaho-transgendertoiletten-verboten","name":"Idaho: Transgendertoiletten verboten - IFN","isPartOf":{"@id":"https:\/\/ifamnews.com\/en\/#website"},"primaryImageOfPage":{"@id":"https:\/\/ifamnews.com\/de\/idaho-transgendertoiletten-verboten#primaryimage"},"image":{"@id":"https:\/\/ifamnews.com\/de\/idaho-transgendertoiletten-verboten#primaryimage"},"thumbnailUrl":"https:\/\/ifamnews.com\/wp-content\/uploads\/2023\/03\/Transgender-Bathroom.png","datePublished":"2023-04-11T05:00:00+00:00","breadcrumb":{"@id":"https:\/\/ifamnews.com\/de\/idaho-transgendertoiletten-verboten#breadcrumb"},"inLanguage":"de","potentialAction":[{"@type":"ReadAction","target":["https:\/\/ifamnews.com\/de\/idaho-transgendertoiletten-verboten"]}]},{"@type":"ImageObject","inLanguage":"de","@id":"https:\/\/ifamnews.com\/de\/idaho-transgendertoiletten-verboten#primaryimage","url":"https:\/\/ifamnews.com\/wp-content\/uploads\/2023\/03\/Transgender-Bathroom.png","contentUrl":"https:\/\/ifamnews.com\/wp-content\/uploads\/2023\/03\/Transgender-Bathroom.png","width":849,"height":483},{"@type":"BreadcrumbList","@id":"https:\/\/ifamnews.com\/de\/idaho-transgendertoiletten-verboten#breadcrumb","itemListElement":[{"@type":"ListItem","position":1,"name":"Home","item":"https:\/\/ifamnews.com\/de"},{"@type":"ListItem","position":2,"name":"Culture","item":"https:\/\/ifamnews.com\/en\/category\/culture"},{"@type":"ListItem","position":3,"name":"Idaho: Transgendertoiletten verboten"}]},{"@type":"WebSite","@id":"https:\/\/ifamnews.com\/en\/#website","url":"https:\/\/ifamnews.com\/en\/","name":"IFN","description":"International Family News Network","publisher":{"@id":"https:\/\/ifamnews.com\/en\/#organization"},"potentialAction":[{"@type":"SearchAction","target":{"@type":"EntryPoint","urlTemplate":"https:\/\/ifamnews.com\/en\/?s={search_term_string}"},"query-input":{"@type":"PropertyValueSpecification","valueRequired":true,"valueName":"search_term_string"}}],"inLanguage":"de"},{"@type":"Organization","@id":"https:\/\/ifamnews.com\/en\/#organization","name":"iFamNews","url":"https:\/\/ifamnews.com\/en\/","logo":{"@type":"ImageObject","inLanguage":"de","@id":"https:\/\/ifamnews.com\/en\/#\/schema\/logo\/image\/","url":"https:\/\/ifamnews.com\/wp-content\/uploads\/2020\/01\/Share-logo.png","contentUrl":"https:\/\/ifamnews.com\/wp-content\/uploads\/2020\/01\/Share-logo.png","width":200,"height":200,"caption":"iFamNews"},"image":{"@id":"https:\/\/ifamnews.com\/en\/#\/schema\/logo\/image\/"},"sameAs":["https:\/\/www.facebook.com\/iFamNews","https:\/\/x.com\/iFamNewsEN"]},{"@type":"Person","@id":"https:\/\/ifamnews.com\/en\/#\/schema\/person\/82ec6d77f1c630266e2c3a9e8643b439","name":"iFamNews Germany","image":{"@type":"ImageObject","inLanguage":"de","@id":"https:\/\/secure.gravatar.com\/avatar\/c51b977100a05a1448d61b80953be1e3192e0be236d631062ca6a59c6f9a879b?s=96&d=mm&r=g","url":"https:\/\/secure.gravatar.com\/avatar\/c51b977100a05a1448d61b80953be1e3192e0be236d631062ca6a59c6f9a879b?s=96&d=mm&r=g","contentUrl":"https:\/\/secure.gravatar.com\/avatar\/c51b977100a05a1448d61b80953be1e3192e0be236d631062ca6a59c6f9a879b?s=96&d=mm&r=g","caption":"iFamNews Germany"},"description":"Articles published by the German iFamNews editorial team.","sameAs":["https:\/\/ifamnews.com\/de","https:\/\/www.facebook.com\/iFamNews\/","https:\/\/x.com\/https:\/\/twitter.com\/iFamNewsDE","https:\/\/www.youtube.com\/channel\/UCMVyIt4z9BANW3d09kwfUpw"],"url":"https:\/\/ifamnews.com\/de\/author\/redaktion"}]}},"amp_enabled":true,"_links":{"self":[{"href":"https:\/\/ifamnews.com\/de\/wp-json\/wp\/v2\/posts\/188449","targetHints":{"allow":["GET"]}}],"collection":[{"href":"https:\/\/ifamnews.com\/de\/wp-json\/wp\/v2\/posts"}],"about":[{"href":"https:\/\/ifamnews.com\/de\/wp-json\/wp\/v2\/types\/post"}],"author":[{"embeddable":true,"href":"https:\/\/ifamnews.com\/de\/wp-json\/wp\/v2\/users\/623"}],"replies":[{"embeddable":true,"href":"https:\/\/ifamnews.com\/de\/wp-json\/wp\/v2\/comments?post=188449"}],"version-history":[{"count":1,"href":"https:\/\/ifamnews.com\/de\/wp-json\/wp\/v2\/posts\/188449\/revisions"}],"predecessor-version":[{"id":188459,"href":"https:\/\/ifamnews.com\/de\/wp-json\/wp\/v2\/posts\/188449\/revisions\/188459"}],"wp:featuredmedia":[{"embeddable":true,"href":"https:\/\/ifamnews.com\/de\/wp-json\/wp\/v2\/media\/188450"}],"wp:attachment":[{"href":"https:\/\/ifamnews.com\/de\/wp-json\/wp\/v2\/media?parent=188449"}],"wp:term":[{"taxonomy":"category","embeddable":true,"href":"https:\/\/ifamnews.com\/de\/wp-json\/wp\/v2\/categories?post=188449"},{"taxonomy":"post_tag","embeddable":true,"href":"https:\/\/ifamnews.com\/de\/wp-json\/wp\/v2\/tags?post=188449"}],"curies":[{"name":"wp","href":"https:\/\/api.w.org\/{rel}","templated":true}]}}