{"id":188438,"date":"2023-04-11T01:00:00","date_gmt":"2023-04-11T05:00:00","guid":{"rendered":"https:\/\/ifamnews.com\/?p=188438"},"modified":"2023-03-27T09:51:26","modified_gmt":"2023-03-27T13:51:26","slug":"bundesstaat-utah-will-kinder-in-sozialen-netzwerken-mehr-sch-tzen","status":"publish","type":"post","link":"https:\/\/ifamnews.com\/de\/bundesstaat-utah-will-kinder-in-sozialen-netzwerken-mehr-sch-tzen","title":{"rendered":"Bundesstaat Utah will Kinder in Sozialen Netzwerken mehr sch\u00fctzen"},"content":{"rendered":"\n<p>Im US-Bundesstaat Utah gibt es einen Gesetzesentwurf, der es Minderj\u00e4hrigen unter 14 Jahren verbieten w\u00fcrde, zwischen 21 Uhr abends und 6 Uhr morgens auf sozialen Medien aktiv zu sein. F\u00fcr Jugendliche zwischen 14 und 18 Jahren w\u00fcrde die Sperrzeit von 22 Uhr bis 6 Uhr gelten. Verst\u00f6\u00dfe gegen das Gesetz sollen mit Bu\u00dfgeldern geahndet werden k\u00f6nnen, wie <a href=\"https:\/\/www.spiegel.de\/netzwelt\/us-staat-sperrt-minderjaehrige-aus-sozialen-medien-aus-zu-bestimmten-uhrzeiten-a-ee4b49ea-3acb-4795-8894-bf3717bd8f31\">der Spiegel berichtet.<\/a><\/p>\n\n\n\n<p>Die Bef\u00fcrworter des Gesetzes argumentieren, dass der Einsatz von sozialen Medien in der Nacht zu Schlafst\u00f6rungen und anderen gesundheitlichen Problemen f\u00fchren kann. Zudem bestehe die Gefahr, dass Kinder und Jugendliche im Internet Opfer von Mobbing, Bel\u00e4stigung oder sogar sexueller Ausbeutung werden.<\/p>\n\n\n\n<p>Kritiker des Gesetzes hingegen sehen darin eine Einschr\u00e4nkung der Meinungsfreiheit und der digitalen Teilhabe von Kindern und Jugendlichen. Sie bef\u00fcrchten au\u00dferdem, dass das Gesetz schwer durchzusetzen sein wird und dass es stattdessen zu einem verst\u00e4rkten \u00dcberwachungsdruck auf die jungen Nutzerinnen und Nutzer f\u00fchren k\u00f6nnte.<\/p>\n\n\n\n<p>Ob der Gesetzesentwurf tats\u00e4chlich in Kraft treten wird, ist noch unklar. Zun\u00e4chst muss er von den zust\u00e4ndigen Stellen \u00fcberpr\u00fcft und m\u00f6glicherweise angepasst werden. Es bleibt abzuwarten, ob \u00e4hnliche Gesetze auch in anderen Bundesstaaten oder L\u00e4ndern eingef\u00fchrt werden und ob sie tats\u00e4chlich dazu beitragen k\u00f6nnen, Kinder und Jugendliche besser vor den Risiken der digitalen Welt zu sch\u00fctzen.<\/p>\n","protected":false},"excerpt":{"rendered":"<p>Kinder unter 14 Jahren w\u00fcrden zwischen 21 und 6 Uhr keine sozialen Medien nutzen k\u00f6nnen.<\/p>\n","protected":false},"author":623,"featured_media":188439,"comment_status":"open","ping_status":"open","sticky":false,"template":"","format":"standard","meta":{"give_campaign_id":0,"om_disable_all_campaigns":false,"_monsterinsights_skip_tracking":false,"_monsterinsights_sitenote_active":false,"_monsterinsights_sitenote_note":"","_monsterinsights_sitenote_category":0,"mc4wp_mailchimp_campaign":[],"jnews-multi-image_gallery":[],"jnews_single_post":{"subtitle":"Kinder unter 14 Jahren w\u00fcrden zwischen 21 und 6 Uhr keine sozialen Medien nutzen k\u00f6nnen.","format":"standard","video":"","gallery":"","source_name":"","source_url":"","via_name":"","via_url":"","override_template":"0","override":[{"template":"2","single_blog_custom":"","parallax":"1","fullscreen":"1","layout":"right-sidebar-narrow","sidebar":"default-sidebar","second_sidebar":"default-sidebar","sticky_sidebar":"1","share_position":"float","share_float_style":"share-normal","show_share_counter":"1","show_view_counter":"1","show_featured":"1","show_post_meta":"1","show_post_author":"1","show_post_author_image":"1","show_post_date":"1","post_date_format":"default","post_date_format_custom":"Y\/m\/d","show_post_category":"1","show_post_reading_time":"1","post_reading_time_wpm":"300","show_zoom_button":"0","zoom_button_out_step":"2","zoom_button_in_step":"3","show_post_tag":"1","show_prev_next_post":"0","show_popup_post":"0","number_popup_post":"1","show_author_box":"1","show_post_related":"0","show_inline_post_related":"0"}],"override_image_size":"0","image_override":[{"single_post_thumbnail_size":"crop-715","single_post_gallery_size":"crop-715"}],"trending_post":"0","trending_post_position":"meta","trending_post_label":"Trending","sponsored_post":"0","sponsored_post_label":"Sponsored by","sponsored_post_name":"","sponsored_post_url":"","sponsored_post_logo_enable":"0","sponsored_post_logo":"","sponsored_post_desc":"","disable_ad":"0"},"jnews_primary_category":{"id":"769"},"jnews_social_meta":{"fb_title":"","fb_description":"","fb_image":"","twitter_title":"","twitter_description":"","twitter_image":""},"jnews_override_counter":{"override_view_counter":"0","view_counter_number":"0","override_share_counter":"0","share_counter_number":"0","override_like_counter":"0","like_counter_number":"0","override_dislike_counter":"0","dislike_counter_number":"0"},"footnotes":""},"categories":[816,769,811],"tags":[23876,3879,8048,19471,23128],"class_list":["post-188438","post","type-post","status-publish","format-standard","has-post-thumbnail","hentry","category-breaking-news-de","category-unterhaltung","category-foreground-de","tag-jugendschutz","tag-soziale-medien","tag-soziale-netzwerke","tag-usa-de-3","tag-utah-3"],"yoast_head":"<!-- This site is optimized with the Yoast SEO Premium plugin v25.9 (Yoast SEO v27.3) - https:\/\/yoast.com\/product\/yoast-seo-premium-wordpress\/ -->\n<title>Bundesstaat Utah will Kinder in Sozialen Netzwerken mehr sch\u00fctzen - IFN<\/title>\n<meta name=\"robots\" content=\"index, follow, max-snippet:-1, max-image-preview:large, max-video-preview:-1\" \/>\n<link rel=\"canonical\" href=\"https:\/\/ifamnews.com\/de\/bundesstaat-utah-will-kinder-in-sozialen-netzwerken-mehr-sch-tzen\" \/>\n<meta property=\"og:locale\" content=\"de_DE\" \/>\n<meta property=\"og:type\" content=\"article\" \/>\n<meta property=\"og:title\" content=\"Bundesstaat Utah will Kinder in Sozialen Netzwerken mehr sch\u00fctzen\" \/>\n<meta property=\"og:description\" content=\"Kinder unter 14 Jahren w\u00fcrden zwischen 21 und 6 Uhr keine sozialen Medien nutzen k\u00f6nnen.\" \/>\n<meta property=\"og:url\" content=\"https:\/\/ifamnews.com\/de\/bundesstaat-utah-will-kinder-in-sozialen-netzwerken-mehr-sch-tzen\" \/>\n<meta property=\"og:site_name\" content=\"IFN\" \/>\n<meta property=\"article:publisher\" content=\"https:\/\/www.facebook.com\/iFamNews\" \/>\n<meta property=\"article:author\" content=\"https:\/\/www.facebook.com\/iFamNews\/\" \/>\n<meta property=\"article:published_time\" content=\"2023-04-11T05:00:00+00:00\" \/>\n<meta property=\"og:image\" content=\"https:\/\/ifamnews.com\/wp-content\/uploads\/2023\/03\/Kind-Handy-Common-Sense-Media.jpg\" \/>\n\t<meta property=\"og:image:width\" content=\"700\" \/>\n\t<meta property=\"og:image:height\" content=\"394\" \/>\n\t<meta property=\"og:image:type\" content=\"image\/jpeg\" \/>\n<meta name=\"author\" content=\"iFamNews Germany\" \/>\n<meta name=\"twitter:card\" content=\"summary_large_image\" \/>\n<meta name=\"twitter:creator\" content=\"@https:\/\/twitter.com\/iFamNewsDE\" \/>\n<meta name=\"twitter:site\" content=\"@iFamNewsEN\" \/>\n<meta name=\"twitter:label1\" content=\"Verfasst von\" \/>\n\t<meta name=\"twitter:data1\" content=\"IFN Deutschland\" \/>\n\t<meta name=\"twitter:label2\" content=\"Gesch\u00e4tzte Lesezeit\" \/>\n\t<meta name=\"twitter:data2\" content=\"2\u00a0Minuten\" \/>\n<!-- \/ Yoast SEO Premium plugin. -->","yoast_head_json":{"title":"Bundesstaat Utah will Kinder in Sozialen Netzwerken mehr sch\u00fctzen - IFN","robots":{"index":"index","follow":"follow","max-snippet":"max-snippet:-1","max-image-preview":"max-image-preview:large","max-video-preview":"max-video-preview:-1"},"canonical":"https:\/\/ifamnews.com\/de\/bundesstaat-utah-will-kinder-in-sozialen-netzwerken-mehr-sch-tzen","og_locale":"de_DE","og_type":"article","og_title":"Bundesstaat Utah will Kinder in Sozialen Netzwerken mehr sch\u00fctzen","og_description":"Kinder unter 14 Jahren w\u00fcrden zwischen 21 und 6 Uhr keine sozialen Medien nutzen k\u00f6nnen.","og_url":"https:\/\/ifamnews.com\/de\/bundesstaat-utah-will-kinder-in-sozialen-netzwerken-mehr-sch-tzen","og_site_name":"IFN","article_publisher":"https:\/\/www.facebook.com\/iFamNews","article_author":"https:\/\/www.facebook.com\/iFamNews\/","article_published_time":"2023-04-11T05:00:00+00:00","og_image":[{"width":700,"height":394,"url":"https:\/\/ifamnews.com\/wp-content\/uploads\/2023\/03\/Kind-Handy-Common-Sense-Media.jpg","type":"image\/jpeg"}],"author":"iFamNews Germany","twitter_card":"summary_large_image","twitter_creator":"@https:\/\/twitter.com\/iFamNewsDE","twitter_site":"@iFamNewsEN","twitter_misc":{"Verfasst von":"IFN Deutschland","Gesch\u00e4tzte Lesezeit":"2\u00a0Minuten"},"schema":{"@context":"https:\/\/schema.org","@graph":[{"@type":"NewsArticle","@id":"https:\/\/ifamnews.com\/de\/bundesstaat-utah-will-kinder-in-sozialen-netzwerken-mehr-sch-tzen#article","isPartOf":{"@id":"https:\/\/ifamnews.com\/de\/bundesstaat-utah-will-kinder-in-sozialen-netzwerken-mehr-sch-tzen"},"author":{"name":"iFamNews Germany","@id":"https:\/\/ifamnews.com\/en\/#\/schema\/person\/82ec6d77f1c630266e2c3a9e8643b439"},"headline":"Bundesstaat Utah will Kinder in Sozialen Netzwerken mehr sch\u00fctzen","datePublished":"2023-04-11T05:00:00+00:00","mainEntityOfPage":{"@id":"https:\/\/ifamnews.com\/de\/bundesstaat-utah-will-kinder-in-sozialen-netzwerken-mehr-sch-tzen"},"wordCount":231,"commentCount":0,"publisher":{"@id":"https:\/\/ifamnews.com\/en\/#organization"},"image":{"@id":"https:\/\/ifamnews.com\/de\/bundesstaat-utah-will-kinder-in-sozialen-netzwerken-mehr-sch-tzen#primaryimage"},"thumbnailUrl":"https:\/\/ifamnews.com\/wp-content\/uploads\/2023\/03\/Kind-Handy-Common-Sense-Media.jpg","keywords":["Jugendschutz","Soziale Medien","Soziale Netzwerke","USA","Utah"],"articleSection":["Breaking News","Unterhaltung","Vordergrund"],"inLanguage":"de","potentialAction":[{"@type":"CommentAction","name":"Comment","target":["https:\/\/ifamnews.com\/de\/bundesstaat-utah-will-kinder-in-sozialen-netzwerken-mehr-sch-tzen#respond"]}]},{"@type":"WebPage","@id":"https:\/\/ifamnews.com\/de\/bundesstaat-utah-will-kinder-in-sozialen-netzwerken-mehr-sch-tzen","url":"https:\/\/ifamnews.com\/de\/bundesstaat-utah-will-kinder-in-sozialen-netzwerken-mehr-sch-tzen","name":"Bundesstaat Utah will Kinder in Sozialen Netzwerken mehr sch\u00fctzen - IFN","isPartOf":{"@id":"https:\/\/ifamnews.com\/en\/#website"},"primaryImageOfPage":{"@id":"https:\/\/ifamnews.com\/de\/bundesstaat-utah-will-kinder-in-sozialen-netzwerken-mehr-sch-tzen#primaryimage"},"image":{"@id":"https:\/\/ifamnews.com\/de\/bundesstaat-utah-will-kinder-in-sozialen-netzwerken-mehr-sch-tzen#primaryimage"},"thumbnailUrl":"https:\/\/ifamnews.com\/wp-content\/uploads\/2023\/03\/Kind-Handy-Common-Sense-Media.jpg","datePublished":"2023-04-11T05:00:00+00:00","breadcrumb":{"@id":"https:\/\/ifamnews.com\/de\/bundesstaat-utah-will-kinder-in-sozialen-netzwerken-mehr-sch-tzen#breadcrumb"},"inLanguage":"de","potentialAction":[{"@type":"ReadAction","target":["https:\/\/ifamnews.com\/de\/bundesstaat-utah-will-kinder-in-sozialen-netzwerken-mehr-sch-tzen"]}]},{"@type":"ImageObject","inLanguage":"de","@id":"https:\/\/ifamnews.com\/de\/bundesstaat-utah-will-kinder-in-sozialen-netzwerken-mehr-sch-tzen#primaryimage","url":"https:\/\/ifamnews.com\/wp-content\/uploads\/2023\/03\/Kind-Handy-Common-Sense-Media.jpg","contentUrl":"https:\/\/ifamnews.com\/wp-content\/uploads\/2023\/03\/Kind-Handy-Common-Sense-Media.jpg","width":700,"height":394,"caption":"Bild: Common Sense Media"},{"@type":"BreadcrumbList","@id":"https:\/\/ifamnews.com\/de\/bundesstaat-utah-will-kinder-in-sozialen-netzwerken-mehr-sch-tzen#breadcrumb","itemListElement":[{"@type":"ListItem","position":1,"name":"Home","item":"https:\/\/ifamnews.com\/de"},{"@type":"ListItem","position":2,"name":"Entertainment","item":"https:\/\/ifamnews.com\/en\/category\/entertainment"},{"@type":"ListItem","position":3,"name":"Bundesstaat Utah will Kinder in Sozialen Netzwerken mehr sch\u00fctzen"}]},{"@type":"WebSite","@id":"https:\/\/ifamnews.com\/en\/#website","url":"https:\/\/ifamnews.com\/en\/","name":"IFN","description":"International Family News Network","publisher":{"@id":"https:\/\/ifamnews.com\/en\/#organization"},"potentialAction":[{"@type":"SearchAction","target":{"@type":"EntryPoint","urlTemplate":"https:\/\/ifamnews.com\/en\/?s={search_term_string}"},"query-input":{"@type":"PropertyValueSpecification","valueRequired":true,"valueName":"search_term_string"}}],"inLanguage":"de"},{"@type":"Organization","@id":"https:\/\/ifamnews.com\/en\/#organization","name":"iFamNews","url":"https:\/\/ifamnews.com\/en\/","logo":{"@type":"ImageObject","inLanguage":"de","@id":"https:\/\/ifamnews.com\/en\/#\/schema\/logo\/image\/","url":"https:\/\/ifamnews.com\/wp-content\/uploads\/2020\/01\/Share-logo.png","contentUrl":"https:\/\/ifamnews.com\/wp-content\/uploads\/2020\/01\/Share-logo.png","width":200,"height":200,"caption":"iFamNews"},"image":{"@id":"https:\/\/ifamnews.com\/en\/#\/schema\/logo\/image\/"},"sameAs":["https:\/\/www.facebook.com\/iFamNews","https:\/\/x.com\/iFamNewsEN"]},{"@type":"Person","@id":"https:\/\/ifamnews.com\/en\/#\/schema\/person\/82ec6d77f1c630266e2c3a9e8643b439","name":"iFamNews Germany","image":{"@type":"ImageObject","inLanguage":"de","@id":"https:\/\/secure.gravatar.com\/avatar\/c51b977100a05a1448d61b80953be1e3192e0be236d631062ca6a59c6f9a879b?s=96&d=mm&r=g","url":"https:\/\/secure.gravatar.com\/avatar\/c51b977100a05a1448d61b80953be1e3192e0be236d631062ca6a59c6f9a879b?s=96&d=mm&r=g","contentUrl":"https:\/\/secure.gravatar.com\/avatar\/c51b977100a05a1448d61b80953be1e3192e0be236d631062ca6a59c6f9a879b?s=96&d=mm&r=g","caption":"iFamNews Germany"},"description":"Articles published by the German iFamNews editorial team.","sameAs":["https:\/\/ifamnews.com\/de","https:\/\/www.facebook.com\/iFamNews\/","https:\/\/x.com\/https:\/\/twitter.com\/iFamNewsDE","https:\/\/www.youtube.com\/channel\/UCMVyIt4z9BANW3d09kwfUpw"],"url":"https:\/\/ifamnews.com\/de\/author\/redaktion"}]}},"amp_enabled":true,"_links":{"self":[{"href":"https:\/\/ifamnews.com\/de\/wp-json\/wp\/v2\/posts\/188438","targetHints":{"allow":["GET"]}}],"collection":[{"href":"https:\/\/ifamnews.com\/de\/wp-json\/wp\/v2\/posts"}],"about":[{"href":"https:\/\/ifamnews.com\/de\/wp-json\/wp\/v2\/types\/post"}],"author":[{"embeddable":true,"href":"https:\/\/ifamnews.com\/de\/wp-json\/wp\/v2\/users\/623"}],"replies":[{"embeddable":true,"href":"https:\/\/ifamnews.com\/de\/wp-json\/wp\/v2\/comments?post=188438"}],"version-history":[{"count":1,"href":"https:\/\/ifamnews.com\/de\/wp-json\/wp\/v2\/posts\/188438\/revisions"}],"predecessor-version":[{"id":188448,"href":"https:\/\/ifamnews.com\/de\/wp-json\/wp\/v2\/posts\/188438\/revisions\/188448"}],"wp:featuredmedia":[{"embeddable":true,"href":"https:\/\/ifamnews.com\/de\/wp-json\/wp\/v2\/media\/188439"}],"wp:attachment":[{"href":"https:\/\/ifamnews.com\/de\/wp-json\/wp\/v2\/media?parent=188438"}],"wp:term":[{"taxonomy":"category","embeddable":true,"href":"https:\/\/ifamnews.com\/de\/wp-json\/wp\/v2\/categories?post=188438"},{"taxonomy":"post_tag","embeddable":true,"href":"https:\/\/ifamnews.com\/de\/wp-json\/wp\/v2\/tags?post=188438"}],"curies":[{"name":"wp","href":"https:\/\/api.w.org\/{rel}","templated":true}]}}