{"id":186966,"date":"2023-04-07T01:00:00","date_gmt":"2023-04-07T05:00:00","guid":{"rendered":"https:\/\/ifamnews.com\/?p=186966"},"modified":"2023-03-14T10:35:45","modified_gmt":"2023-03-14T14:35:45","slug":"anonyme-quellen-best-tigen-desantis-wird-2024-f-r-die-pr-sidentschaft-der-usa-kandidieren","status":"publish","type":"post","link":"https:\/\/ifamnews.com\/de\/anonyme-quellen-best-tigen-desantis-wird-2024-f-r-die-pr-sidentschaft-der-usa-kandidieren","title":{"rendered":"Anonyme Quellen best\u00e4tigen: DeSantis wird 2024 f\u00fcr die Pr\u00e4sidentschaft der USA kandidieren"},"content":{"rendered":"\n<p>Anonymen Quellen zufolge hat sich der Gouverneur von Florida, Ron DeSantis, verpflichtet, im Jahr 2024 f\u00fcr das Amt des Pr\u00e4sidenten der Vereinigten Staaten zu kandidieren, wie Axios berichtet. DeSantis hat seine Kandidatur zwar nicht \u00f6ffentlich erkl\u00e4rt, aber er hat seine Kritik an der derzeitigen Regierung Biden und ihrer Politik lautstark ge\u00e4u\u00dfert, <a href=\"https:\/\/www.lifesitenews.com\/news\/desantis-has-privately-committed-to-2024-presidential-run-report\/?utm_source=top_news&amp;utm_campaign=catholic\">wie <em>LifeSiteNews<\/em> berichtete.<\/a><\/p>\n\n\n\n<p>Der <a href=\"https:\/\/thehill.com\/homenews\/campaign\/3866405-desantis-lays-out-timeline-for-2024-decision\/\">Artikel zitiert<\/a> einen republikanischen Strategen mit den Worten: \u201eDeSantis hat sich als klarer Spitzenkandidat f\u00fcr die Nominierung etabliert, falls er kandidiert\u201c, und eine dem Gouverneur nahestehende Quelle sagte: \u201eEr ist eine nat\u00fcrliche F\u00fchrungspers\u00f6nlichkeit und hat eine Menge Leute um sich, die glauben, dass er die Zukunft der Partei ist.\u201c<\/p>\n\n\n\n<p>DeSantis ist bei Republikanern und Konservativen beliebt und gilt als aufsteigender Stern innerhalb der Partei. Sollte er 2024 f\u00fcr das Pr\u00e4sidentenamt kandidieren, wahrscheinlich mit anderen prominenten Republikanern konkurrieren m\u00fcsste, darunter auch der ehemalige Pr\u00e4sident Donald Trump, der eine m\u00f6gliche Kandidatur f\u00fcr das Wei\u00dfe Haus im Jahr 2024 nicht ausgeschlossen hat.<\/p>\n\n\n\n<p>Eine anonyme Quelle wurde zitiert, die besagte: \u201eEr hat noch viel vor sich.\u201c<\/p>\n","protected":false},"excerpt":{"rendered":"<p> \u201eEr hat noch viel vor sich.\u201c<\/p>\n","protected":false},"author":623,"featured_media":186968,"comment_status":"open","ping_status":"open","sticky":false,"template":"","format":"standard","meta":{"give_campaign_id":0,"om_disable_all_campaigns":false,"_monsterinsights_skip_tracking":false,"_monsterinsights_sitenote_active":false,"_monsterinsights_sitenote_note":"","_monsterinsights_sitenote_category":0,"mc4wp_mailchimp_campaign":[],"jnews-multi-image_gallery":[],"jnews_single_post":{"subtitle":" \u201eEr hat noch viel vor sich.\u201c","format":"standard","video":"","gallery":"","source_name":"","source_url":"","via_name":"","via_url":"","override_template":"0","override":[{"template":"2","single_blog_custom":"","parallax":"1","fullscreen":"1","layout":"right-sidebar-narrow","sidebar":"default-sidebar","second_sidebar":"default-sidebar","sticky_sidebar":"1","share_position":"float","share_float_style":"share-normal","show_share_counter":"1","show_view_counter":"1","show_featured":"1","show_post_meta":"1","show_post_author":"1","show_post_author_image":"1","show_post_date":"1","post_date_format":"default","post_date_format_custom":"Y\/m\/d","show_post_category":"1","show_post_reading_time":"1","post_reading_time_wpm":"300","show_zoom_button":"0","zoom_button_out_step":"2","zoom_button_in_step":"3","show_post_tag":"1","show_prev_next_post":"0","show_popup_post":"0","number_popup_post":"1","show_author_box":"1","show_post_related":"0","show_inline_post_related":"0"}],"override_image_size":"0","image_override":[{"single_post_thumbnail_size":"crop-715","single_post_gallery_size":"crop-715"}],"trending_post":"0","trending_post_position":"meta","trending_post_label":"Trending","sponsored_post":"0","sponsored_post_label":"Sponsored by","sponsored_post_name":"","sponsored_post_url":"","sponsored_post_logo_enable":"0","sponsored_post_logo":"","sponsored_post_desc":"","disable_ad":"0"},"jnews_primary_category":{"id":"768"},"jnews_social_meta":{"fb_title":"","fb_description":"","fb_image":"","twitter_title":"","twitter_description":"","twitter_image":""},"jnews_override_counter":{"override_view_counter":"0","view_counter_number":"0","override_share_counter":"0","share_counter_number":"0","override_like_counter":"0","like_counter_number":"0","override_dislike_counter":"0","dislike_counter_number":"0"},"footnotes":""},"categories":[816,768,811],"tags":[17364],"class_list":["post-186966","post","type-post","status-publish","format-standard","has-post-thumbnail","hentry","category-breaking-news-de","category-politik","category-foreground-de","tag-ron-desantis-de"],"yoast_head":"<!-- This site is optimized with the Yoast SEO Premium plugin v25.9 (Yoast SEO v27.3) - https:\/\/yoast.com\/product\/yoast-seo-premium-wordpress\/ -->\n<title>Anonyme Quellen best\u00e4tigen: DeSantis wird 2024 f\u00fcr die Pr\u00e4sidentschaft der USA kandidieren - IFN<\/title>\n<meta name=\"robots\" content=\"index, follow, max-snippet:-1, max-image-preview:large, max-video-preview:-1\" \/>\n<link rel=\"canonical\" href=\"https:\/\/ifamnews.com\/de\/anonyme-quellen-best-tigen-desantis-wird-2024-f-r-die-pr-sidentschaft-der-usa-kandidieren\" \/>\n<meta property=\"og:locale\" content=\"de_DE\" \/>\n<meta property=\"og:type\" content=\"article\" \/>\n<meta property=\"og:title\" content=\"Anonyme Quellen best\u00e4tigen: DeSantis wird 2024 f\u00fcr die Pr\u00e4sidentschaft der USA kandidieren\" \/>\n<meta property=\"og:description\" content=\"\u201eEr hat noch viel vor sich.\u201c\" \/>\n<meta property=\"og:url\" content=\"https:\/\/ifamnews.com\/de\/anonyme-quellen-best-tigen-desantis-wird-2024-f-r-die-pr-sidentschaft-der-usa-kandidieren\" \/>\n<meta property=\"og:site_name\" content=\"IFN\" \/>\n<meta property=\"article:publisher\" content=\"https:\/\/www.facebook.com\/iFamNews\" \/>\n<meta property=\"article:author\" content=\"https:\/\/www.facebook.com\/iFamNews\/\" \/>\n<meta property=\"article:published_time\" content=\"2023-04-07T05:00:00+00:00\" \/>\n<meta property=\"og:image\" content=\"https:\/\/ifamnews.com\/wp-content\/uploads\/2023\/03\/Ron-DeSantis-Gage-Skidmore-Flickr.jpg\" \/>\n\t<meta property=\"og:image:width\" content=\"2048\" \/>\n\t<meta property=\"og:image:height\" content=\"1365\" \/>\n\t<meta property=\"og:image:type\" content=\"image\/jpeg\" \/>\n<meta name=\"author\" content=\"iFamNews Germany\" \/>\n<meta name=\"twitter:card\" content=\"summary_large_image\" \/>\n<meta name=\"twitter:creator\" content=\"@https:\/\/twitter.com\/iFamNewsDE\" \/>\n<meta name=\"twitter:site\" content=\"@iFamNewsEN\" \/>\n<meta name=\"twitter:label1\" content=\"Verfasst von\" \/>\n\t<meta name=\"twitter:data1\" content=\"IFN Deutschland\" \/>\n\t<meta name=\"twitter:label2\" content=\"Gesch\u00e4tzte Lesezeit\" \/>\n\t<meta name=\"twitter:data2\" content=\"1\u00a0Minute\" \/>\n<!-- \/ Yoast SEO Premium plugin. -->","yoast_head_json":{"title":"Anonyme Quellen best\u00e4tigen: DeSantis wird 2024 f\u00fcr die Pr\u00e4sidentschaft der USA kandidieren - IFN","robots":{"index":"index","follow":"follow","max-snippet":"max-snippet:-1","max-image-preview":"max-image-preview:large","max-video-preview":"max-video-preview:-1"},"canonical":"https:\/\/ifamnews.com\/de\/anonyme-quellen-best-tigen-desantis-wird-2024-f-r-die-pr-sidentschaft-der-usa-kandidieren","og_locale":"de_DE","og_type":"article","og_title":"Anonyme Quellen best\u00e4tigen: DeSantis wird 2024 f\u00fcr die Pr\u00e4sidentschaft der USA kandidieren","og_description":"\u201eEr hat noch viel vor sich.\u201c","og_url":"https:\/\/ifamnews.com\/de\/anonyme-quellen-best-tigen-desantis-wird-2024-f-r-die-pr-sidentschaft-der-usa-kandidieren","og_site_name":"IFN","article_publisher":"https:\/\/www.facebook.com\/iFamNews","article_author":"https:\/\/www.facebook.com\/iFamNews\/","article_published_time":"2023-04-07T05:00:00+00:00","og_image":[{"width":2048,"height":1365,"url":"https:\/\/ifamnews.com\/wp-content\/uploads\/2023\/03\/Ron-DeSantis-Gage-Skidmore-Flickr.jpg","type":"image\/jpeg"}],"author":"iFamNews Germany","twitter_card":"summary_large_image","twitter_creator":"@https:\/\/twitter.com\/iFamNewsDE","twitter_site":"@iFamNewsEN","twitter_misc":{"Verfasst von":"IFN Deutschland","Gesch\u00e4tzte Lesezeit":"1\u00a0Minute"},"schema":{"@context":"https:\/\/schema.org","@graph":[{"@type":"NewsArticle","@id":"https:\/\/ifamnews.com\/de\/anonyme-quellen-best-tigen-desantis-wird-2024-f-r-die-pr-sidentschaft-der-usa-kandidieren#article","isPartOf":{"@id":"https:\/\/ifamnews.com\/de\/anonyme-quellen-best-tigen-desantis-wird-2024-f-r-die-pr-sidentschaft-der-usa-kandidieren"},"author":{"name":"iFamNews Germany","@id":"https:\/\/ifamnews.com\/en\/#\/schema\/person\/82ec6d77f1c630266e2c3a9e8643b439"},"headline":"Anonyme Quellen best\u00e4tigen: DeSantis wird 2024 f\u00fcr die Pr\u00e4sidentschaft der USA kandidieren","datePublished":"2023-04-07T05:00:00+00:00","mainEntityOfPage":{"@id":"https:\/\/ifamnews.com\/de\/anonyme-quellen-best-tigen-desantis-wird-2024-f-r-die-pr-sidentschaft-der-usa-kandidieren"},"wordCount":194,"commentCount":0,"publisher":{"@id":"https:\/\/ifamnews.com\/en\/#organization"},"image":{"@id":"https:\/\/ifamnews.com\/de\/anonyme-quellen-best-tigen-desantis-wird-2024-f-r-die-pr-sidentschaft-der-usa-kandidieren#primaryimage"},"thumbnailUrl":"https:\/\/ifamnews.com\/wp-content\/uploads\/2023\/03\/Ron-DeSantis-Gage-Skidmore-Flickr.jpg","keywords":["Ron DeSantis"],"articleSection":["Breaking News","Politik","Vordergrund"],"inLanguage":"de","potentialAction":[{"@type":"CommentAction","name":"Comment","target":["https:\/\/ifamnews.com\/de\/anonyme-quellen-best-tigen-desantis-wird-2024-f-r-die-pr-sidentschaft-der-usa-kandidieren#respond"]}]},{"@type":"WebPage","@id":"https:\/\/ifamnews.com\/de\/anonyme-quellen-best-tigen-desantis-wird-2024-f-r-die-pr-sidentschaft-der-usa-kandidieren","url":"https:\/\/ifamnews.com\/de\/anonyme-quellen-best-tigen-desantis-wird-2024-f-r-die-pr-sidentschaft-der-usa-kandidieren","name":"Anonyme Quellen best\u00e4tigen: DeSantis wird 2024 f\u00fcr die Pr\u00e4sidentschaft der USA kandidieren - IFN","isPartOf":{"@id":"https:\/\/ifamnews.com\/en\/#website"},"primaryImageOfPage":{"@id":"https:\/\/ifamnews.com\/de\/anonyme-quellen-best-tigen-desantis-wird-2024-f-r-die-pr-sidentschaft-der-usa-kandidieren#primaryimage"},"image":{"@id":"https:\/\/ifamnews.com\/de\/anonyme-quellen-best-tigen-desantis-wird-2024-f-r-die-pr-sidentschaft-der-usa-kandidieren#primaryimage"},"thumbnailUrl":"https:\/\/ifamnews.com\/wp-content\/uploads\/2023\/03\/Ron-DeSantis-Gage-Skidmore-Flickr.jpg","datePublished":"2023-04-07T05:00:00+00:00","breadcrumb":{"@id":"https:\/\/ifamnews.com\/de\/anonyme-quellen-best-tigen-desantis-wird-2024-f-r-die-pr-sidentschaft-der-usa-kandidieren#breadcrumb"},"inLanguage":"de","potentialAction":[{"@type":"ReadAction","target":["https:\/\/ifamnews.com\/de\/anonyme-quellen-best-tigen-desantis-wird-2024-f-r-die-pr-sidentschaft-der-usa-kandidieren"]}]},{"@type":"ImageObject","inLanguage":"de","@id":"https:\/\/ifamnews.com\/de\/anonyme-quellen-best-tigen-desantis-wird-2024-f-r-die-pr-sidentschaft-der-usa-kandidieren#primaryimage","url":"https:\/\/ifamnews.com\/wp-content\/uploads\/2023\/03\/Ron-DeSantis-Gage-Skidmore-Flickr.jpg","contentUrl":"https:\/\/ifamnews.com\/wp-content\/uploads\/2023\/03\/Ron-DeSantis-Gage-Skidmore-Flickr.jpg","width":2048,"height":1365,"caption":"Ron DeSantis, Gage Skidmore, Flickr"},{"@type":"BreadcrumbList","@id":"https:\/\/ifamnews.com\/de\/anonyme-quellen-best-tigen-desantis-wird-2024-f-r-die-pr-sidentschaft-der-usa-kandidieren#breadcrumb","itemListElement":[{"@type":"ListItem","position":1,"name":"Home","item":"https:\/\/ifamnews.com\/de"},{"@type":"ListItem","position":2,"name":"Politik","item":"https:\/\/ifamnews.com\/de\/kategorie\/politik"},{"@type":"ListItem","position":3,"name":"Anonyme Quellen best\u00e4tigen: DeSantis wird 2024 f\u00fcr die Pr\u00e4sidentschaft der USA kandidieren"}]},{"@type":"WebSite","@id":"https:\/\/ifamnews.com\/en\/#website","url":"https:\/\/ifamnews.com\/en\/","name":"IFN","description":"International Family News Network","publisher":{"@id":"https:\/\/ifamnews.com\/en\/#organization"},"potentialAction":[{"@type":"SearchAction","target":{"@type":"EntryPoint","urlTemplate":"https:\/\/ifamnews.com\/en\/?s={search_term_string}"},"query-input":{"@type":"PropertyValueSpecification","valueRequired":true,"valueName":"search_term_string"}}],"inLanguage":"de"},{"@type":"Organization","@id":"https:\/\/ifamnews.com\/en\/#organization","name":"iFamNews","url":"https:\/\/ifamnews.com\/en\/","logo":{"@type":"ImageObject","inLanguage":"de","@id":"https:\/\/ifamnews.com\/en\/#\/schema\/logo\/image\/","url":"https:\/\/ifamnews.com\/wp-content\/uploads\/2020\/01\/Share-logo.png","contentUrl":"https:\/\/ifamnews.com\/wp-content\/uploads\/2020\/01\/Share-logo.png","width":200,"height":200,"caption":"iFamNews"},"image":{"@id":"https:\/\/ifamnews.com\/en\/#\/schema\/logo\/image\/"},"sameAs":["https:\/\/www.facebook.com\/iFamNews","https:\/\/x.com\/iFamNewsEN"]},{"@type":"Person","@id":"https:\/\/ifamnews.com\/en\/#\/schema\/person\/82ec6d77f1c630266e2c3a9e8643b439","name":"iFamNews Germany","image":{"@type":"ImageObject","inLanguage":"de","@id":"https:\/\/secure.gravatar.com\/avatar\/c51b977100a05a1448d61b80953be1e3192e0be236d631062ca6a59c6f9a879b?s=96&d=mm&r=g","url":"https:\/\/secure.gravatar.com\/avatar\/c51b977100a05a1448d61b80953be1e3192e0be236d631062ca6a59c6f9a879b?s=96&d=mm&r=g","contentUrl":"https:\/\/secure.gravatar.com\/avatar\/c51b977100a05a1448d61b80953be1e3192e0be236d631062ca6a59c6f9a879b?s=96&d=mm&r=g","caption":"iFamNews Germany"},"description":"Articles published by the German iFamNews editorial team.","sameAs":["https:\/\/ifamnews.com\/de","https:\/\/www.facebook.com\/iFamNews\/","https:\/\/x.com\/https:\/\/twitter.com\/iFamNewsDE","https:\/\/www.youtube.com\/channel\/UCMVyIt4z9BANW3d09kwfUpw"],"url":"https:\/\/ifamnews.com\/de\/author\/redaktion"}]}},"amp_enabled":true,"_links":{"self":[{"href":"https:\/\/ifamnews.com\/de\/wp-json\/wp\/v2\/posts\/186966","targetHints":{"allow":["GET"]}}],"collection":[{"href":"https:\/\/ifamnews.com\/de\/wp-json\/wp\/v2\/posts"}],"about":[{"href":"https:\/\/ifamnews.com\/de\/wp-json\/wp\/v2\/types\/post"}],"author":[{"embeddable":true,"href":"https:\/\/ifamnews.com\/de\/wp-json\/wp\/v2\/users\/623"}],"replies":[{"embeddable":true,"href":"https:\/\/ifamnews.com\/de\/wp-json\/wp\/v2\/comments?post=186966"}],"version-history":[{"count":1,"href":"https:\/\/ifamnews.com\/de\/wp-json\/wp\/v2\/posts\/186966\/revisions"}],"predecessor-version":[{"id":186977,"href":"https:\/\/ifamnews.com\/de\/wp-json\/wp\/v2\/posts\/186966\/revisions\/186977"}],"wp:featuredmedia":[{"embeddable":true,"href":"https:\/\/ifamnews.com\/de\/wp-json\/wp\/v2\/media\/186968"}],"wp:attachment":[{"href":"https:\/\/ifamnews.com\/de\/wp-json\/wp\/v2\/media?parent=186966"}],"wp:term":[{"taxonomy":"category","embeddable":true,"href":"https:\/\/ifamnews.com\/de\/wp-json\/wp\/v2\/categories?post=186966"},{"taxonomy":"post_tag","embeddable":true,"href":"https:\/\/ifamnews.com\/de\/wp-json\/wp\/v2\/tags?post=186966"}],"curies":[{"name":"wp","href":"https:\/\/api.w.org\/{rel}","templated":true}]}}