{"id":186923,"date":"2023-03-16T02:00:00","date_gmt":"2023-03-16T06:00:00","guid":{"rendered":"https:\/\/ifamnews.com\/?p=186923"},"modified":"2023-03-14T07:55:19","modified_gmt":"2023-03-14T11:55:19","slug":"marsch-f-r-das-leben-in-spanien-gegen-neue-abtreibungs-gesetze","status":"publish","type":"post","link":"https:\/\/ifamnews.com\/de\/marsch-f-r-das-leben-in-spanien-gegen-neue-abtreibungs-gesetze","title":{"rendered":"Marsch f\u00fcr das Leben in Spanien gegen neue Abtreibungs-Gesetze"},"content":{"rendered":"\n<p>Tausende von Menschen versammelten sich am 12. M\u00e4rz in Madrid, um an einem Pro-Life-Marsch gegen das von der spanischen Regierung geplante Abtreibungsgesetz teilzunehmen. Die Veranstaltung wurde von der spanischen Pro-Life-Vereinigung HazteOir und der Pro-Life-Plattform <em>Derecho a Vivir<\/em> organisiert, wie <a href=\"https:\/\/www.catholicnewsagency.com\/news\/253857\/thousands-turn-out-for-pro-life-march-in-spain-to-oppose-laws-that-threaten-human-life\">EWTN berichtet<\/a>.<\/p>\n\n\n\n<p>Der Marsch fand als Reaktion auf die Ank\u00fcndigung der spanischen Regierung statt, die Abtreibungsgesetze des Landes zu aktualisieren, um den Eingriff bis zur 14 Schwangerschaftswoche zu erlauben. Diese \u00c4nderung w\u00e4re eine bedeutende Abkehr vom derzeitigen Gesetz, das eine Abtreibung nur in F\u00e4llen von Vergewaltigung, f\u00f6talen Missbildungen oder bei Gef\u00e4hrdung der Gesundheit der Mutter erlaubt.<\/p>\n\n\n\n<p>Die Teilnehmer des Marsches trugen Schilder und Transparente mit Slogans wie \u201eJedes Leben z\u00e4hlt\u201c und \u201eVerteidigt das Recht auf Leben\u201c. Auch die spanischen Bisch\u00f6fe gaben eine Erkl\u00e4rung zur Unterst\u00fctzung der Veranstaltung ab, in der es hei\u00dft, \u201edass der Schutz des Lebens keine parteipolitische Angelegenheit ist, sondern alle angeht.\u201c<\/p>\n\n\n\n<p>Spanien war in letzter Zeit Schauplatz mehrerer Demonstrationen f\u00fcr das Leben, darunter eine gro\u00dfe Kundgebung im Februar, die von der Gruppe <em>HazteOir<\/em> organisiert wurde. Die Gruppe fordert einen st\u00e4rkeren Schutz f\u00fcr das ungeborene Leben und verweist auf die Auswirkungen der Abtreibung auf die psychische Gesundheit der Frauen.<\/p>\n\n\n\n<p>Das von der spanischen Regierung vorgeschlagene Abtreibungsgesetz st\u00f6\u00dft auf den heftigen Widerstand von Pro-Life-Gruppen, die argumentieren, dass es das grundlegende Menschenrecht auf Leben bedroht. Die Regierung verteidigte das Gesetz mit der Begr\u00fcndung, dass es Spanien in Einklang mit anderen europ\u00e4ischen L\u00e4ndern bringen werde.<\/p>\n\n\n\n<p>Das vorgeschlagene Gesetz befindet sich noch in einem fr\u00fchen Stadium der Entwicklung, und es ist unklar, wann es in Kraft treten wird. In der Zwischenzeit sprechen sich Lebensschutzgruppen in Spanien weiterhin gegen das Gesetz aus und argumentieren, dass es eine Bedrohung f\u00fcr die Heiligkeit des menschlichen Lebens darstellt.<\/p>\n","protected":false},"excerpt":{"rendered":"<p>Tausende von Menschen versammelten sich am 12. M\u00e4rz in Madrid, um an einem Pro-Life-Marsch gegen das von der spanischen Regierung geplante Abtreibungsgesetz teilzunehmen. Die Veranstaltung wurde von der spanischen Pro-Life-Vereinigung HazteOir und der Pro-Life-Plattform Derecho a Vivir organisiert, wie EWTN berichtet.<br \/>\nDer Marsch fand als Reaktion auf die Ank\u00fcndigung der spanischen Regierung statt, die Abtreibungsgesetze des Landes zu aktualisieren, um den Eingriff bis zur 14 Schwangerschaftswoche zu erlauben. Diese \u00c4nderung w\u00e4re eine bedeutende Abkehr vom derzeitigen Gesetz, das eine Abtreibung nur in F\u00e4llen von Vergewaltigung, f\u00f6talen Missbildungen oder bei Gef\u00e4hrdung der Gesundheit der Mutter erlaubt.<br \/>\nDie Teilnehmer des Marsches trugen Schilder und Transparente mit Slogans wie \u201eJedes Leben z\u00e4hlt\u201c und \u201eVerteidigt das Recht auf Leben\u201c. Auch die spanischen Bisch\u00f6fe gaben eine Erkl\u00e4rung zur Unterst\u00fctzung der Veranstaltung ab, in der es hei\u00dft, \u201edass der Schutz des Lebens keine parteipolitische Angelegenheit ist, sondern alle angeht.\u201c<br \/>\nSpanien war in letzter Zeit Schauplatz mehrerer Demonstrationen f\u00fcr das Leben, darunter eine gro\u00dfe Kundgebung im Februar, die von der Gruppe HazteOir organisiert wurde. Die Gruppe fordert einen st\u00e4rkeren Schutz f\u00fcr das ungeborene Leben und verweist auf die Auswirkungen der Abtreibung auf die psychische Gesundheit der Frauen.<br \/>\nDas von der spanischen Regierung vorgeschlagene Abtreibungsgesetz st\u00f6\u00dft auf den heftigen Widerstand von Pro-Life-Gruppen, die argumentieren, dass es das grundlegende Menschenrecht auf Leben bedroht. Die Regierung verteidigte das Gesetz mit der Begr\u00fcndung, dass es Spanien in Einklang mit anderen europ\u00e4ischen L\u00e4ndern bringen werde.<br \/>\nDas vorgeschlagene Gesetz befindet sich noch in einem fr\u00fchen Stadium der Entwicklung, und es ist unklar, wann es in Kraft treten wird. In der Zwischenzeit sprechen sich Lebensschutzgruppen in Spanien weiterhin gegen das Gesetz aus und argumentieren, dass es eine Bedrohung f\u00fcr die Heiligkeit des menschlichen Lebens darstellt.<\/p>\n","protected":false},"author":623,"featured_media":186924,"comment_status":"open","ping_status":"open","sticky":false,"template":"","format":"standard","meta":{"give_campaign_id":0,"om_disable_all_campaigns":false,"_monsterinsights_skip_tracking":false,"_monsterinsights_sitenote_active":false,"_monsterinsights_sitenote_note":"","_monsterinsights_sitenote_category":0,"mc4wp_mailchimp_campaign":[],"jnews-multi-image_gallery":[],"jnews_single_post":{"subtitle":"","format":"standard","video":"","gallery":"","source_name":"","source_url":"","via_name":"","via_url":"","override_template":"0","override":[{"template":"2","single_blog_custom":"","parallax":"1","fullscreen":"1","layout":"right-sidebar-narrow","sidebar":"default-sidebar","second_sidebar":"default-sidebar","sticky_sidebar":"1","share_position":"float","share_float_style":"share-normal","show_share_counter":"1","show_view_counter":"1","show_featured":"1","show_post_meta":"1","show_post_author":"1","show_post_author_image":"1","show_post_date":"1","post_date_format":"default","post_date_format_custom":"Y\/m\/d","show_post_category":"1","show_post_reading_time":"1","post_reading_time_wpm":"300","show_zoom_button":"0","zoom_button_out_step":"2","zoom_button_in_step":"3","show_post_tag":"1","show_prev_next_post":"0","show_popup_post":"0","number_popup_post":"1","show_author_box":"1","show_post_related":"0","show_inline_post_related":"0"}],"override_image_size":"0","image_override":[{"single_post_thumbnail_size":"crop-715","single_post_gallery_size":"crop-715"}],"trending_post":"0","trending_post_position":"meta","trending_post_label":"Trending","sponsored_post":"0","sponsored_post_label":"Sponsored by","sponsored_post_name":"","sponsored_post_url":"","sponsored_post_logo_enable":"0","sponsored_post_logo":"","sponsored_post_desc":"","disable_ad":"0"},"jnews_primary_category":{"id":"820"},"jnews_social_meta":{"fb_title":"","fb_description":"","fb_image":"","twitter_title":"","twitter_description":"","twitter_image":""},"jnews_override_counter":{"override_view_counter":"0","view_counter_number":"0","override_share_counter":"0","share_counter_number":"0","override_like_counter":"0","like_counter_number":"0","override_dislike_counter":"0","dislike_counter_number":"0"},"footnotes":""},"categories":[816,820,811],"tags":[1670,5705,7005],"class_list":["post-186923","post","type-post","status-publish","format-standard","has-post-thumbnail","hentry","category-breaking-news-de","category-leben","category-foreground-de","tag-lebensschutz-2","tag-marsch-fuer-das-leben","tag-spanien"],"yoast_head":"<!-- This site is optimized with the Yoast SEO Premium plugin v25.9 (Yoast SEO v27.3) - https:\/\/yoast.com\/product\/yoast-seo-premium-wordpress\/ -->\n<title>Marsch f\u00fcr das Leben in Spanien gegen neue Abtreibungs-Gesetze - IFN<\/title>\n<meta name=\"robots\" content=\"index, follow, max-snippet:-1, max-image-preview:large, max-video-preview:-1\" \/>\n<link rel=\"canonical\" href=\"https:\/\/ifamnews.com\/de\/marsch-f-r-das-leben-in-spanien-gegen-neue-abtreibungs-gesetze\" \/>\n<meta property=\"og:locale\" content=\"de_DE\" \/>\n<meta property=\"og:type\" content=\"article\" \/>\n<meta property=\"og:title\" content=\"Marsch f\u00fcr das Leben in Spanien gegen neue Abtreibungs-Gesetze\" \/>\n<meta property=\"og:description\" content=\"Tausende von Menschen versammelten sich am 12. M\u00e4rz in Madrid, um an einem Pro-Life-Marsch gegen das von der spanischen Regierung geplante Abtreibungsgesetz teilzunehmen. Die Veranstaltung wurde von der spanischen Pro-Life-Vereinigung HazteOir und der Pro-Life-Plattform Derecho a Vivir organisiert, wie EWTN berichtet. Der Marsch fand als Reaktion auf die Ank\u00fcndigung der spanischen Regierung statt, die Abtreibungsgesetze des Landes zu aktualisieren, um den Eingriff bis zur 14 Schwangerschaftswoche zu erlauben. Diese \u00c4nderung w\u00e4re eine bedeutende Abkehr vom derzeitigen Gesetz, das eine Abtreibung nur in F\u00e4llen von Vergewaltigung, f\u00f6talen Missbildungen oder bei Gef\u00e4hrdung der Gesundheit der Mutter erlaubt. Die Teilnehmer des Marsches trugen Schilder und Transparente mit Slogans wie \u201eJedes Leben z\u00e4hlt\u201c und \u201eVerteidigt das Recht auf Leben\u201c. Auch die spanischen Bisch\u00f6fe gaben eine Erkl\u00e4rung zur Unterst\u00fctzung der Veranstaltung ab, in der es hei\u00dft, \u201edass der Schutz des Lebens keine parteipolitische Angelegenheit ist, sondern alle angeht.\u201c Spanien war in letzter Zeit Schauplatz mehrerer Demonstrationen f\u00fcr das Leben, darunter eine gro\u00dfe Kundgebung im Februar, die von der Gruppe HazteOir organisiert wurde. Die Gruppe fordert einen st\u00e4rkeren Schutz f\u00fcr das ungeborene Leben und verweist auf die Auswirkungen der Abtreibung auf die psychische Gesundheit der Frauen. Das von der spanischen Regierung vorgeschlagene Abtreibungsgesetz st\u00f6\u00dft auf den heftigen Widerstand von Pro-Life-Gruppen, die argumentieren, dass es das grundlegende Menschenrecht auf Leben bedroht. Die Regierung verteidigte das Gesetz mit der Begr\u00fcndung, dass es Spanien in Einklang mit anderen europ\u00e4ischen L\u00e4ndern bringen werde. Das vorgeschlagene Gesetz befindet sich noch in einem fr\u00fchen Stadium der Entwicklung, und es ist unklar, wann es in Kraft treten wird. In der Zwischenzeit sprechen sich Lebensschutzgruppen in Spanien weiterhin gegen das Gesetz aus und argumentieren, dass es eine Bedrohung f\u00fcr die Heiligkeit des menschlichen Lebens darstellt.\" \/>\n<meta property=\"og:url\" content=\"https:\/\/ifamnews.com\/de\/marsch-f-r-das-leben-in-spanien-gegen-neue-abtreibungs-gesetze\" \/>\n<meta property=\"og:site_name\" content=\"IFN\" \/>\n<meta property=\"article:publisher\" content=\"https:\/\/www.facebook.com\/iFamNews\" \/>\n<meta property=\"article:author\" content=\"https:\/\/www.facebook.com\/iFamNews\/\" \/>\n<meta property=\"article:published_time\" content=\"2023-03-16T06:00:00+00:00\" \/>\n<meta property=\"og:image\" content=\"https:\/\/ifamnews.com\/wp-content\/uploads\/2023\/03\/ezgif.com-webp-to-jpg-1.jpg\" \/>\n\t<meta property=\"og:image:width\" content=\"1024\" \/>\n\t<meta property=\"og:image:height\" content=\"664\" \/>\n\t<meta property=\"og:image:type\" content=\"image\/jpeg\" \/>\n<meta name=\"author\" content=\"iFamNews Germany\" \/>\n<meta name=\"twitter:card\" content=\"summary_large_image\" \/>\n<meta name=\"twitter:creator\" content=\"@https:\/\/twitter.com\/iFamNewsDE\" \/>\n<meta name=\"twitter:site\" content=\"@iFamNewsEN\" \/>\n<meta name=\"twitter:label1\" content=\"Verfasst von\" \/>\n\t<meta name=\"twitter:data1\" content=\"IFN Deutschland\" \/>\n\t<meta name=\"twitter:label2\" content=\"Gesch\u00e4tzte Lesezeit\" \/>\n\t<meta name=\"twitter:data2\" content=\"2\u00a0Minuten\" \/>\n<!-- \/ Yoast SEO Premium plugin. -->","yoast_head_json":{"title":"Marsch f\u00fcr das Leben in Spanien gegen neue Abtreibungs-Gesetze - IFN","robots":{"index":"index","follow":"follow","max-snippet":"max-snippet:-1","max-image-preview":"max-image-preview:large","max-video-preview":"max-video-preview:-1"},"canonical":"https:\/\/ifamnews.com\/de\/marsch-f-r-das-leben-in-spanien-gegen-neue-abtreibungs-gesetze","og_locale":"de_DE","og_type":"article","og_title":"Marsch f\u00fcr das Leben in Spanien gegen neue Abtreibungs-Gesetze","og_description":"Tausende von Menschen versammelten sich am 12. M\u00e4rz in Madrid, um an einem Pro-Life-Marsch gegen das von der spanischen Regierung geplante Abtreibungsgesetz teilzunehmen. Die Veranstaltung wurde von der spanischen Pro-Life-Vereinigung HazteOir und der Pro-Life-Plattform Derecho a Vivir organisiert, wie EWTN berichtet. Der Marsch fand als Reaktion auf die Ank\u00fcndigung der spanischen Regierung statt, die Abtreibungsgesetze des Landes zu aktualisieren, um den Eingriff bis zur 14 Schwangerschaftswoche zu erlauben. Diese \u00c4nderung w\u00e4re eine bedeutende Abkehr vom derzeitigen Gesetz, das eine Abtreibung nur in F\u00e4llen von Vergewaltigung, f\u00f6talen Missbildungen oder bei Gef\u00e4hrdung der Gesundheit der Mutter erlaubt. Die Teilnehmer des Marsches trugen Schilder und Transparente mit Slogans wie \u201eJedes Leben z\u00e4hlt\u201c und \u201eVerteidigt das Recht auf Leben\u201c. Auch die spanischen Bisch\u00f6fe gaben eine Erkl\u00e4rung zur Unterst\u00fctzung der Veranstaltung ab, in der es hei\u00dft, \u201edass der Schutz des Lebens keine parteipolitische Angelegenheit ist, sondern alle angeht.\u201c Spanien war in letzter Zeit Schauplatz mehrerer Demonstrationen f\u00fcr das Leben, darunter eine gro\u00dfe Kundgebung im Februar, die von der Gruppe HazteOir organisiert wurde. Die Gruppe fordert einen st\u00e4rkeren Schutz f\u00fcr das ungeborene Leben und verweist auf die Auswirkungen der Abtreibung auf die psychische Gesundheit der Frauen. Das von der spanischen Regierung vorgeschlagene Abtreibungsgesetz st\u00f6\u00dft auf den heftigen Widerstand von Pro-Life-Gruppen, die argumentieren, dass es das grundlegende Menschenrecht auf Leben bedroht. Die Regierung verteidigte das Gesetz mit der Begr\u00fcndung, dass es Spanien in Einklang mit anderen europ\u00e4ischen L\u00e4ndern bringen werde. Das vorgeschlagene Gesetz befindet sich noch in einem fr\u00fchen Stadium der Entwicklung, und es ist unklar, wann es in Kraft treten wird. In der Zwischenzeit sprechen sich Lebensschutzgruppen in Spanien weiterhin gegen das Gesetz aus und argumentieren, dass es eine Bedrohung f\u00fcr die Heiligkeit des menschlichen Lebens darstellt.","og_url":"https:\/\/ifamnews.com\/de\/marsch-f-r-das-leben-in-spanien-gegen-neue-abtreibungs-gesetze","og_site_name":"IFN","article_publisher":"https:\/\/www.facebook.com\/iFamNews","article_author":"https:\/\/www.facebook.com\/iFamNews\/","article_published_time":"2023-03-16T06:00:00+00:00","og_image":[{"width":1024,"height":664,"url":"https:\/\/ifamnews.com\/wp-content\/uploads\/2023\/03\/ezgif.com-webp-to-jpg-1.jpg","type":"image\/jpeg"}],"author":"iFamNews Germany","twitter_card":"summary_large_image","twitter_creator":"@https:\/\/twitter.com\/iFamNewsDE","twitter_site":"@iFamNewsEN","twitter_misc":{"Verfasst von":"IFN Deutschland","Gesch\u00e4tzte Lesezeit":"2\u00a0Minuten"},"schema":{"@context":"https:\/\/schema.org","@graph":[{"@type":"NewsArticle","@id":"https:\/\/ifamnews.com\/de\/marsch-f-r-das-leben-in-spanien-gegen-neue-abtreibungs-gesetze#article","isPartOf":{"@id":"https:\/\/ifamnews.com\/de\/marsch-f-r-das-leben-in-spanien-gegen-neue-abtreibungs-gesetze"},"author":{"name":"iFamNews Germany","@id":"https:\/\/ifamnews.com\/en\/#\/schema\/person\/82ec6d77f1c630266e2c3a9e8643b439"},"headline":"Marsch f\u00fcr das Leben in Spanien gegen neue Abtreibungs-Gesetze","datePublished":"2023-03-16T06:00:00+00:00","mainEntityOfPage":{"@id":"https:\/\/ifamnews.com\/de\/marsch-f-r-das-leben-in-spanien-gegen-neue-abtreibungs-gesetze"},"wordCount":310,"commentCount":0,"publisher":{"@id":"https:\/\/ifamnews.com\/en\/#organization"},"image":{"@id":"https:\/\/ifamnews.com\/de\/marsch-f-r-das-leben-in-spanien-gegen-neue-abtreibungs-gesetze#primaryimage"},"thumbnailUrl":"https:\/\/ifamnews.com\/wp-content\/uploads\/2023\/03\/ezgif.com-webp-to-jpg-1.jpg","keywords":["Lebensschutz","Marsch f\u00fcr das Leben","Spanien"],"articleSection":["Breaking News","Leben","Vordergrund"],"inLanguage":"de","potentialAction":[{"@type":"CommentAction","name":"Comment","target":["https:\/\/ifamnews.com\/de\/marsch-f-r-das-leben-in-spanien-gegen-neue-abtreibungs-gesetze#respond"]}]},{"@type":"WebPage","@id":"https:\/\/ifamnews.com\/de\/marsch-f-r-das-leben-in-spanien-gegen-neue-abtreibungs-gesetze","url":"https:\/\/ifamnews.com\/de\/marsch-f-r-das-leben-in-spanien-gegen-neue-abtreibungs-gesetze","name":"Marsch f\u00fcr das Leben in Spanien gegen neue Abtreibungs-Gesetze - IFN","isPartOf":{"@id":"https:\/\/ifamnews.com\/en\/#website"},"primaryImageOfPage":{"@id":"https:\/\/ifamnews.com\/de\/marsch-f-r-das-leben-in-spanien-gegen-neue-abtreibungs-gesetze#primaryimage"},"image":{"@id":"https:\/\/ifamnews.com\/de\/marsch-f-r-das-leben-in-spanien-gegen-neue-abtreibungs-gesetze#primaryimage"},"thumbnailUrl":"https:\/\/ifamnews.com\/wp-content\/uploads\/2023\/03\/ezgif.com-webp-to-jpg-1.jpg","datePublished":"2023-03-16T06:00:00+00:00","breadcrumb":{"@id":"https:\/\/ifamnews.com\/de\/marsch-f-r-das-leben-in-spanien-gegen-neue-abtreibungs-gesetze#breadcrumb"},"inLanguage":"de","potentialAction":[{"@type":"ReadAction","target":["https:\/\/ifamnews.com\/de\/marsch-f-r-das-leben-in-spanien-gegen-neue-abtreibungs-gesetze"]}]},{"@type":"ImageObject","inLanguage":"de","@id":"https:\/\/ifamnews.com\/de\/marsch-f-r-das-leben-in-spanien-gegen-neue-abtreibungs-gesetze#primaryimage","url":"https:\/\/ifamnews.com\/wp-content\/uploads\/2023\/03\/ezgif.com-webp-to-jpg-1.jpg","contentUrl":"https:\/\/ifamnews.com\/wp-content\/uploads\/2023\/03\/ezgif.com-webp-to-jpg-1.jpg","width":1024,"height":664},{"@type":"BreadcrumbList","@id":"https:\/\/ifamnews.com\/de\/marsch-f-r-das-leben-in-spanien-gegen-neue-abtreibungs-gesetze#breadcrumb","itemListElement":[{"@type":"ListItem","position":1,"name":"Home","item":"https:\/\/ifamnews.com\/de"},{"@type":"ListItem","position":2,"name":"Leben","item":"https:\/\/ifamnews.com\/de\/kategorie\/leben"},{"@type":"ListItem","position":3,"name":"Marsch f\u00fcr das Leben in Spanien gegen neue Abtreibungs-Gesetze"}]},{"@type":"WebSite","@id":"https:\/\/ifamnews.com\/en\/#website","url":"https:\/\/ifamnews.com\/en\/","name":"IFN","description":"International Family News Network","publisher":{"@id":"https:\/\/ifamnews.com\/en\/#organization"},"potentialAction":[{"@type":"SearchAction","target":{"@type":"EntryPoint","urlTemplate":"https:\/\/ifamnews.com\/en\/?s={search_term_string}"},"query-input":{"@type":"PropertyValueSpecification","valueRequired":true,"valueName":"search_term_string"}}],"inLanguage":"de"},{"@type":"Organization","@id":"https:\/\/ifamnews.com\/en\/#organization","name":"iFamNews","url":"https:\/\/ifamnews.com\/en\/","logo":{"@type":"ImageObject","inLanguage":"de","@id":"https:\/\/ifamnews.com\/en\/#\/schema\/logo\/image\/","url":"https:\/\/ifamnews.com\/wp-content\/uploads\/2020\/01\/Share-logo.png","contentUrl":"https:\/\/ifamnews.com\/wp-content\/uploads\/2020\/01\/Share-logo.png","width":200,"height":200,"caption":"iFamNews"},"image":{"@id":"https:\/\/ifamnews.com\/en\/#\/schema\/logo\/image\/"},"sameAs":["https:\/\/www.facebook.com\/iFamNews","https:\/\/x.com\/iFamNewsEN"]},{"@type":"Person","@id":"https:\/\/ifamnews.com\/en\/#\/schema\/person\/82ec6d77f1c630266e2c3a9e8643b439","name":"iFamNews Germany","image":{"@type":"ImageObject","inLanguage":"de","@id":"https:\/\/secure.gravatar.com\/avatar\/c51b977100a05a1448d61b80953be1e3192e0be236d631062ca6a59c6f9a879b?s=96&d=mm&r=g","url":"https:\/\/secure.gravatar.com\/avatar\/c51b977100a05a1448d61b80953be1e3192e0be236d631062ca6a59c6f9a879b?s=96&d=mm&r=g","contentUrl":"https:\/\/secure.gravatar.com\/avatar\/c51b977100a05a1448d61b80953be1e3192e0be236d631062ca6a59c6f9a879b?s=96&d=mm&r=g","caption":"iFamNews Germany"},"description":"Articles published by the German iFamNews editorial team.","sameAs":["https:\/\/ifamnews.com\/de","https:\/\/www.facebook.com\/iFamNews\/","https:\/\/x.com\/https:\/\/twitter.com\/iFamNewsDE","https:\/\/www.youtube.com\/channel\/UCMVyIt4z9BANW3d09kwfUpw"],"url":"https:\/\/ifamnews.com\/de\/author\/redaktion"}]}},"amp_enabled":true,"_links":{"self":[{"href":"https:\/\/ifamnews.com\/de\/wp-json\/wp\/v2\/posts\/186923","targetHints":{"allow":["GET"]}}],"collection":[{"href":"https:\/\/ifamnews.com\/de\/wp-json\/wp\/v2\/posts"}],"about":[{"href":"https:\/\/ifamnews.com\/de\/wp-json\/wp\/v2\/types\/post"}],"author":[{"embeddable":true,"href":"https:\/\/ifamnews.com\/de\/wp-json\/wp\/v2\/users\/623"}],"replies":[{"embeddable":true,"href":"https:\/\/ifamnews.com\/de\/wp-json\/wp\/v2\/comments?post=186923"}],"version-history":[{"count":1,"href":"https:\/\/ifamnews.com\/de\/wp-json\/wp\/v2\/posts\/186923\/revisions"}],"predecessor-version":[{"id":186933,"href":"https:\/\/ifamnews.com\/de\/wp-json\/wp\/v2\/posts\/186923\/revisions\/186933"}],"wp:featuredmedia":[{"embeddable":true,"href":"https:\/\/ifamnews.com\/de\/wp-json\/wp\/v2\/media\/186924"}],"wp:attachment":[{"href":"https:\/\/ifamnews.com\/de\/wp-json\/wp\/v2\/media?parent=186923"}],"wp:term":[{"taxonomy":"category","embeddable":true,"href":"https:\/\/ifamnews.com\/de\/wp-json\/wp\/v2\/categories?post=186923"},{"taxonomy":"post_tag","embeddable":true,"href":"https:\/\/ifamnews.com\/de\/wp-json\/wp\/v2\/tags?post=186923"}],"curies":[{"name":"wp","href":"https:\/\/api.w.org\/{rel}","templated":true}]}}