{"id":186264,"date":"2023-03-22T02:00:00","date_gmt":"2023-03-22T06:00:00","guid":{"rendered":"https:\/\/ifamnews.com\/?p=186264"},"modified":"2023-03-10T04:57:21","modified_gmt":"2023-03-10T09:57:21","slug":"usa-neue-bill-of-rights-f-r-eltern-f-r-die-freiheit-der-bildung-ihrer-kinder-vorgeschlagen","status":"publish","type":"post","link":"https:\/\/ifamnews.com\/de\/usa-neue-bill-of-rights-f-r-eltern-f-r-die-freiheit-der-bildung-ihrer-kinder-vorgeschlagen","title":{"rendered":"USA: Neue \u201eBill of Rights\u201c f\u00fcr Eltern f\u00fcr die Freiheit der Bildung ihrer Kinder vorgeschlagen"},"content":{"rendered":"\n<p>Letzte Woche brachten die Republikaner im US-Kongress eine Resolution zur Einf\u00fchrung einer<a href=\"https:\/\/www.congress.gov\/bill\/118th-congress\/house-bill\/5\/text?s=2&amp;r=1&amp;q=%7B%22search%22%3A%5B%22hr5%22%5D%7D\" target=\"_blank\" rel=\"noreferrer noopener\">&#8222;Parents&#8216; Bill of Rights<\/a>&#8220; ein, mit der die Rechte der Eltern im \u00f6ffentlichen Bildungssystem durch eine Reihe neuer Bundesnormen gest\u00e4rkt werden sollen, an die sich die Schulen halten m\u00fcssen. Der Entschlie\u00dfungsantrag, der von <a href=\"https:\/\/edition.cnn.com\/2023\/03\/02\/politics\/parents-bill-of-rights-house-republicans\/index.html\" target=\"_blank\" rel=\"noreferrer noopener\">73<\/a> Republikanern <a href=\"https:\/\/edition.cnn.com\/2023\/03\/02\/politics\/parents-bill-of-rights-house-republicans\/index.html\" target=\"_blank\" rel=\"noreferrer noopener\">mitgetragen wird<\/a>, w\u00fcrde die Eltern zu aktiven Teilnehmern an der Erziehung ihrer Kinder machen. Laut der Initiatorin der Initiative, der Kongressabgeordneten Julia Letlow (R-Louisiana), basiert die Resolution auf f\u00fcnf Grundprinzipien: Eltern sollten das Recht haben zu erfahren, was ihren Kindern beigebracht wird, geh\u00f6rt zu werden, das Budget und die Ausgaben der Schule einzusehen, die Privatsph\u00e4re ihrer Kinder zu sch\u00fctzen und f\u00fcr ihre Sicherheit zu sorgen.<\/p>\n\n\n\n<p>Kongresspr\u00e4sident Kevin McCarthy, R-Kalifornien, hielt eine  <a href=\"https:\/\/eu.usatoday.com\/story\/news\/politics\/2023\/03\/01\/gop-bill-parents-rights-classrooms\/11375758002\/\" target=\"_blank\" rel=\"noreferrer noopener\">Pressekonferenz<\/a>  Am Donnerstag traf er sich mit Abgeordneten, Eltern und Kindern, um f\u00fcr die Entschlie\u00dfung zu werben und sie zu unterst\u00fctzen. Er sagte, dass das Fernstudium w\u00e4hrend der COVID-19-Pandemie dazu beigetragen habe, die Probleme im staatlichen Bildungssystem und die Schwierigkeiten, mit denen Eltern konfrontiert sind, wenn sie versuchen, sich Geh\u00f6r zu verschaffen, aufzuzeigen. Viele der in der Richtlinie vorgesehenen \u00c4nderungen  <a href=\"https:\/\/apnews.com\/article\/parents-rights-schools-woke-mccarthy-congress-f4643fa74dc4d82067c339fe950c3080\" target=\"_blank\" rel=\"noreferrer noopener\">Aufl\u00f6sung<\/a>  Deshalb sind die Schulbezirke verpflichtet, Informationen \u00fcber die Lehrpl\u00e4ne zu ver\u00f6ffentlichen, und die Schulen sind verpflichtet, den Eltern eine Liste der in der Schulbibliothek vorhandenen B\u00fccher und anderen Lesematerialien zur Verf\u00fcgung zu stellen. Die Staaten sollten alle \u00dcberarbeitungen von akademischen Standards oder Lernparametern ver\u00f6ffentlichen, und die Schulen sollten die Eltern rechtzeitig informieren, wenn Talentprogramme abgeschafft werden. Die Resolution w\u00fcrde auch die Offenlegung der Budgets der Schulbezirke und der einzelnen Schulen, einschlie\u00dflich der Einnahmen und Ausgaben, verlangen. Die Entschlie\u00dfung w\u00fcrde das Recht der Eltern auf Beteiligung an der Verwaltung des \u00f6ffentlichen Schulsystems st\u00e4rken. Er w\u00fcrde neue Bundesanforderungen f\u00fcr Schulbeh\u00f6rden schaffen, die sich an Eltern wenden m\u00fcssen. Au\u00dferdem sollen die Lehrer verpflichtet werden, den Eltern mindestens zwei pers\u00f6nliche Treffen pro Jahr anzubieten.<\/p>\n\n\n\n<p>In den Vereinigten Staaten gibt es eine gro\u00dfe R\u00fcckkehr zur freien Schulwahl, und bereits 2023 wollen die Staaten diese Freiheit f\u00fcr die Eltern, deren Recht auf freie Schulwahl durch verschiedene <a href=\"https:\/\/www.right-to-education.org\/sites\/right-to-education.org\/files\/resource-attachments\/RTE_International_Instruments_Right_to_Education_2014.pdf\" target=\"_blank\" rel=\"noreferrer noopener\">internationale Erkl\u00e4rungen und Konventionen<\/a> gesch\u00fctzt ist, noch st\u00e4rker respektieren. Die Fortschritte bei der Schulwahl in den letzten 30 Jahren \u00e4hneln einer Exponentialfunktion. Im Laufe der Geschichte der Schulwahl erfolgte die Ausweitung durch langsame, schrittweise \u00c4nderungen der Politik, die wenig nationale Aufmerksamkeit erregten und die Bildungsm\u00f6glichkeiten f\u00fcr kleine Gruppen von Sch\u00fclern erweiterten. Au\u00dferdem waren sie haupts\u00e4chlich f\u00fcr Familien mit geringem Einkommen und f\u00fcr Sch\u00fcler mit besonderen Lernbed\u00fcrfnissen zug\u00e4nglich. Ausgel\u00f6st durch die von COVID-19 ausgel\u00f6ste Emp\u00f6rung der Eltern haben sich <a href=\"https:\/\/www.federationforchildren.org\/about-us\/school-choice-victories\/\" target=\"_blank\" rel=\"noreferrer noopener\">24 Staaten<\/a> mobilisiert, um Schulwahlprogramme zu schaffen, zu erweitern oder zu verbessern, und <a href=\"https:\/\/www.washingtonexaminer.com\/restoring-america\/fairness-justice\/school-choice-in-2023-10-states-to-watch\" target=\"_blank\" rel=\"noreferrer noopener\">zehn<\/a> von ihnen m\u00fcssen wir besonders beachten, weil die m\u00f6glichen Gesetzes\u00e4nderungen auch f\u00fcr viele europ\u00e4ische und lateinamerikanische L\u00e4nder sehr interessant sein k\u00f6nnten.<\/p>\n\n\n\n<p>Allzu oft werden Kinder in staatlichen Schulen von Lehrern und Schulleitern mit Lehren und Ideologien vertraut gemacht und indoktriniert, die der religi\u00f6sen Moral (Lgbti) und dem gesunden Menschenverstand in Bezug auf Geschichte und Wissen (woke culture) zuwiderlaufen. Die Freiheit der Bildungswahl, die die<a href=\"https:\/\/www.profam.org\/mission\/\" target=\"_blank\" rel=\"noreferrer noopener\"> IOF<\/a> immer verteidigt, unterst\u00fctzt und verbreitet hat, ist ein Grundrecht der Eltern, aber, erlauben Sie mir, sie ist auch eine gesunde St\u00e4rkung des gesunden Wettbewerbs und der Vielfalt, die die Gesellschaft und den Staat selbst zum Bl\u00fchen bringen k\u00f6nnen. Es sei denn, Sie wollen die sowjetische, <a href=\"https:\/\/infed.org\/mobi\/antonio-gramsci-schooling-and-education\/#:~:text=Gramsci's%20emphasis%20on%20critical%20awareness,the%20transformational%20possibilities%20of%20education.\" target=\"_blank\" rel=\"noreferrer noopener\">gramscianische<\/a> und totalit\u00e4re Gesellschaft des letzten Jahrhunderts aufzwingen und zu ihr zur\u00fcckkehren&#8230;<\/p>\n","protected":false},"excerpt":{"rendered":"<p>Die F\u00fcnf Grundprinzipiel dieser Bill beruhen auf der \u00dcberzeugung, dass Eltern aktive Teilnehmer der Erziehung ihrer Kinder sind.<\/p>\n","protected":false},"author":54,"featured_media":74099,"comment_status":"open","ping_status":"open","sticky":false,"template":"","format":"standard","meta":{"give_campaign_id":0,"om_disable_all_campaigns":false,"_monsterinsights_skip_tracking":false,"_monsterinsights_sitenote_active":false,"_monsterinsights_sitenote_note":"","_monsterinsights_sitenote_category":0,"mc4wp_mailchimp_campaign":[],"jnews-multi-image_gallery":[],"jnews_single_post":{"subtitle":"Die F\u00fcnf Grundprinzipiel dieser Bill beruhen auf der \u00dcberzeugung, dass Eltern aktive Teilnehmer der Erziehung ihrer Kinder sind.","format":"standard","video":"","gallery":"","source_name":"","source_url":"","via_name":"","via_url":"","override_template":"0","override":[{"template":"2","single_blog_custom":"","parallax":"1","fullscreen":"1","layout":"right-sidebar-narrow","sidebar":"default-sidebar","second_sidebar":"default-sidebar","sticky_sidebar":"1","share_position":"float","share_float_style":"share-normal","show_share_counter":"1","show_view_counter":"1","show_featured":"1","show_post_meta":"1","show_post_author":"1","show_post_author_image":"1","show_post_date":"1","post_date_format":"default","post_date_format_custom":"Y\/m\/d","show_post_category":"1","show_post_reading_time":"1","post_reading_time_wpm":"300","show_zoom_button":"0","zoom_button_out_step":"2","zoom_button_in_step":"3","show_post_tag":"1","show_prev_next_post":"0","show_popup_post":"0","number_popup_post":"1","show_author_box":"1","show_post_related":"0","show_inline_post_related":"0"}],"override_image_size":"0","image_override":[{"single_post_thumbnail_size":"crop-715","single_post_gallery_size":"crop-715"}],"trending_post":"0","trending_post_position":"meta","trending_post_label":"Trending","sponsored_post":"0","sponsored_post_label":"Sponsored by","sponsored_post_name":"","sponsored_post_url":"","sponsored_post_logo_enable":"0","sponsored_post_logo":"","sponsored_post_desc":"","disable_ad":"0"},"jnews_primary_category":{"id":"768"},"jnews_social_meta":{"fb_title":"","fb_description":"","fb_image":"","twitter_title":"","twitter_description":"","twitter_image":""},"jnews_override_counter":{"override_view_counter":"0","view_counter_number":"0","override_share_counter":"0","share_counter_number":"0","override_like_counter":"0","like_counter_number":"0","override_dislike_counter":"0","dislike_counter_number":"0"},"footnotes":""},"categories":[816,768],"tags":[24359,24362,24361,24360,3149],"class_list":["post-186264","post","type-post","status-publish","format-standard","has-post-thumbnail","hentry","category-breaking-news-de","category-politik","tag-bildung-de-3","tag-die-vereinigten-staaten","tag-kongress-de","tag-republikaner-de","tag-schule"],"yoast_head":"<!-- This site is optimized with the Yoast SEO Premium plugin v25.9 (Yoast SEO v27.3) - https:\/\/yoast.com\/product\/yoast-seo-premium-wordpress\/ -->\n<title>USA: Neue \u201eBill of Rights\u201c f\u00fcr Eltern f\u00fcr die Freiheit der Bildung ihrer Kinder vorgeschlagen - IFN<\/title>\n<meta name=\"description\" content=\"Die Entschlie\u00dfung, die auf f\u00fcnf Grundprinzipien beruht, w\u00fcrde Eltern zu aktiven Teilnehmern an der Erziehung ihrer Kinder machen\" \/>\n<meta name=\"robots\" content=\"index, follow, max-snippet:-1, max-image-preview:large, max-video-preview:-1\" \/>\n<link rel=\"canonical\" href=\"https:\/\/ifamnews.com\/de\/usa-neue-bill-of-rights-f-r-eltern-f-r-die-freiheit-der-bildung-ihrer-kinder-vorgeschlagen\" \/>\n<meta property=\"og:locale\" content=\"de_DE\" \/>\n<meta property=\"og:type\" content=\"article\" \/>\n<meta property=\"og:title\" content=\"USA: Neue \u201eBill of Rights\u201c f\u00fcr Eltern f\u00fcr die Freiheit der Bildung ihrer Kinder vorgeschlagen\" \/>\n<meta property=\"og:description\" content=\"Die Entschlie\u00dfung, die auf f\u00fcnf Grundprinzipien beruht, w\u00fcrde Eltern zu aktiven Teilnehmern an der Erziehung ihrer Kinder machen\" \/>\n<meta property=\"og:url\" content=\"https:\/\/ifamnews.com\/de\/usa-neue-bill-of-rights-f-r-eltern-f-r-die-freiheit-der-bildung-ihrer-kinder-vorgeschlagen\" \/>\n<meta property=\"og:site_name\" content=\"IFN\" \/>\n<meta property=\"article:publisher\" content=\"https:\/\/www.facebook.com\/iFamNews\" \/>\n<meta property=\"article:author\" content=\"https:\/\/facebook.com\/lvolonte1\" \/>\n<meta property=\"article:published_time\" content=\"2023-03-22T06:00:00+00:00\" \/>\n<meta property=\"og:image\" content=\"https:\/\/ifamnews.com\/wp-content\/uploads\/2021\/05\/resize_happy-kids-teacher-school-clas.jpg\" \/>\n\t<meta property=\"og:image:width\" content=\"1200\" \/>\n\t<meta property=\"og:image:height\" content=\"675\" \/>\n\t<meta property=\"og:image:type\" content=\"image\/jpeg\" \/>\n<meta name=\"author\" content=\"Luca Volont\u00e8\" \/>\n<meta name=\"twitter:card\" content=\"summary_large_image\" \/>\n<meta name=\"twitter:creator\" content=\"@https:\/\/twitter.com\/l_volonte\" \/>\n<meta name=\"twitter:site\" content=\"@iFamNewsEN\" \/>\n<meta name=\"twitter:label1\" content=\"Verfasst von\" \/>\n\t<meta name=\"twitter:data1\" content=\"Luca Volont\u00e8\" \/>\n\t<meta name=\"twitter:label2\" content=\"Gesch\u00e4tzte Lesezeit\" \/>\n\t<meta name=\"twitter:data2\" content=\"4\u00a0Minuten\" \/>\n<!-- \/ Yoast SEO Premium plugin. -->","yoast_head_json":{"title":"USA: Neue \u201eBill of Rights\u201c f\u00fcr Eltern f\u00fcr die Freiheit der Bildung ihrer Kinder vorgeschlagen - IFN","description":"Die Entschlie\u00dfung, die auf f\u00fcnf Grundprinzipien beruht, w\u00fcrde Eltern zu aktiven Teilnehmern an der Erziehung ihrer Kinder machen","robots":{"index":"index","follow":"follow","max-snippet":"max-snippet:-1","max-image-preview":"max-image-preview:large","max-video-preview":"max-video-preview:-1"},"canonical":"https:\/\/ifamnews.com\/de\/usa-neue-bill-of-rights-f-r-eltern-f-r-die-freiheit-der-bildung-ihrer-kinder-vorgeschlagen","og_locale":"de_DE","og_type":"article","og_title":"USA: Neue \u201eBill of Rights\u201c f\u00fcr Eltern f\u00fcr die Freiheit der Bildung ihrer Kinder vorgeschlagen","og_description":"Die Entschlie\u00dfung, die auf f\u00fcnf Grundprinzipien beruht, w\u00fcrde Eltern zu aktiven Teilnehmern an der Erziehung ihrer Kinder machen","og_url":"https:\/\/ifamnews.com\/de\/usa-neue-bill-of-rights-f-r-eltern-f-r-die-freiheit-der-bildung-ihrer-kinder-vorgeschlagen","og_site_name":"IFN","article_publisher":"https:\/\/www.facebook.com\/iFamNews","article_author":"https:\/\/facebook.com\/lvolonte1","article_published_time":"2023-03-22T06:00:00+00:00","og_image":[{"width":1200,"height":675,"url":"https:\/\/ifamnews.com\/wp-content\/uploads\/2021\/05\/resize_happy-kids-teacher-school-clas.jpg","type":"image\/jpeg"}],"author":"Luca Volont\u00e8","twitter_card":"summary_large_image","twitter_creator":"@https:\/\/twitter.com\/l_volonte","twitter_site":"@iFamNewsEN","twitter_misc":{"Verfasst von":"Luca Volont\u00e8","Gesch\u00e4tzte Lesezeit":"4\u00a0Minuten"},"schema":{"@context":"https:\/\/schema.org","@graph":[{"@type":"NewsArticle","@id":"https:\/\/ifamnews.com\/de\/usa-neue-bill-of-rights-f-r-eltern-f-r-die-freiheit-der-bildung-ihrer-kinder-vorgeschlagen#article","isPartOf":{"@id":"https:\/\/ifamnews.com\/de\/usa-neue-bill-of-rights-f-r-eltern-f-r-die-freiheit-der-bildung-ihrer-kinder-vorgeschlagen"},"author":{"name":"Luca Volont\u00e8","@id":"https:\/\/ifamnews.com\/en\/#\/schema\/person\/bed5b7c6161f317421caa94dc3be6a53"},"headline":"USA: Neue \u201eBill of Rights\u201c f\u00fcr Eltern f\u00fcr die Freiheit der Bildung ihrer Kinder vorgeschlagen","datePublished":"2023-03-22T06:00:00+00:00","mainEntityOfPage":{"@id":"https:\/\/ifamnews.com\/de\/usa-neue-bill-of-rights-f-r-eltern-f-r-die-freiheit-der-bildung-ihrer-kinder-vorgeschlagen"},"wordCount":623,"commentCount":0,"publisher":{"@id":"https:\/\/ifamnews.com\/en\/#organization"},"image":{"@id":"https:\/\/ifamnews.com\/de\/usa-neue-bill-of-rights-f-r-eltern-f-r-die-freiheit-der-bildung-ihrer-kinder-vorgeschlagen#primaryimage"},"thumbnailUrl":"https:\/\/ifamnews.com\/wp-content\/uploads\/2021\/05\/resize_happy-kids-teacher-school-clas.jpg","keywords":["Bildung","die Vereinigten Staaten","Kongress","Republikaner","Schule"],"articleSection":["Breaking News","Politik"],"inLanguage":"de","potentialAction":[{"@type":"CommentAction","name":"Comment","target":["https:\/\/ifamnews.com\/de\/usa-neue-bill-of-rights-f-r-eltern-f-r-die-freiheit-der-bildung-ihrer-kinder-vorgeschlagen#respond"]}]},{"@type":"WebPage","@id":"https:\/\/ifamnews.com\/de\/usa-neue-bill-of-rights-f-r-eltern-f-r-die-freiheit-der-bildung-ihrer-kinder-vorgeschlagen","url":"https:\/\/ifamnews.com\/de\/usa-neue-bill-of-rights-f-r-eltern-f-r-die-freiheit-der-bildung-ihrer-kinder-vorgeschlagen","name":"USA: Neue \u201eBill of Rights\u201c f\u00fcr Eltern f\u00fcr die Freiheit der Bildung ihrer Kinder vorgeschlagen - IFN","isPartOf":{"@id":"https:\/\/ifamnews.com\/en\/#website"},"primaryImageOfPage":{"@id":"https:\/\/ifamnews.com\/de\/usa-neue-bill-of-rights-f-r-eltern-f-r-die-freiheit-der-bildung-ihrer-kinder-vorgeschlagen#primaryimage"},"image":{"@id":"https:\/\/ifamnews.com\/de\/usa-neue-bill-of-rights-f-r-eltern-f-r-die-freiheit-der-bildung-ihrer-kinder-vorgeschlagen#primaryimage"},"thumbnailUrl":"https:\/\/ifamnews.com\/wp-content\/uploads\/2021\/05\/resize_happy-kids-teacher-school-clas.jpg","datePublished":"2023-03-22T06:00:00+00:00","description":"Die Entschlie\u00dfung, die auf f\u00fcnf Grundprinzipien beruht, w\u00fcrde Eltern zu aktiven Teilnehmern an der Erziehung ihrer Kinder machen","breadcrumb":{"@id":"https:\/\/ifamnews.com\/de\/usa-neue-bill-of-rights-f-r-eltern-f-r-die-freiheit-der-bildung-ihrer-kinder-vorgeschlagen#breadcrumb"},"inLanguage":"de","potentialAction":[{"@type":"ReadAction","target":["https:\/\/ifamnews.com\/de\/usa-neue-bill-of-rights-f-r-eltern-f-r-die-freiheit-der-bildung-ihrer-kinder-vorgeschlagen"]}]},{"@type":"ImageObject","inLanguage":"de","@id":"https:\/\/ifamnews.com\/de\/usa-neue-bill-of-rights-f-r-eltern-f-r-die-freiheit-der-bildung-ihrer-kinder-vorgeschlagen#primaryimage","url":"https:\/\/ifamnews.com\/wp-content\/uploads\/2021\/05\/resize_happy-kids-teacher-school-clas.jpg","contentUrl":"https:\/\/ifamnews.com\/wp-content\/uploads\/2021\/05\/resize_happy-kids-teacher-school-clas.jpg","width":1200,"height":675},{"@type":"BreadcrumbList","@id":"https:\/\/ifamnews.com\/de\/usa-neue-bill-of-rights-f-r-eltern-f-r-die-freiheit-der-bildung-ihrer-kinder-vorgeschlagen#breadcrumb","itemListElement":[{"@type":"ListItem","position":1,"name":"Home","item":"https:\/\/ifamnews.com\/de"},{"@type":"ListItem","position":2,"name":"Politics","item":"https:\/\/ifamnews.com\/en\/category\/politics"},{"@type":"ListItem","position":3,"name":"USA: Neue \u201eBill of Rights\u201c f\u00fcr Eltern f\u00fcr die Freiheit der Bildung ihrer Kinder vorgeschlagen"}]},{"@type":"WebSite","@id":"https:\/\/ifamnews.com\/en\/#website","url":"https:\/\/ifamnews.com\/en\/","name":"IFN","description":"International Family News Network","publisher":{"@id":"https:\/\/ifamnews.com\/en\/#organization"},"potentialAction":[{"@type":"SearchAction","target":{"@type":"EntryPoint","urlTemplate":"https:\/\/ifamnews.com\/en\/?s={search_term_string}"},"query-input":{"@type":"PropertyValueSpecification","valueRequired":true,"valueName":"search_term_string"}}],"inLanguage":"de"},{"@type":"Organization","@id":"https:\/\/ifamnews.com\/en\/#organization","name":"iFamNews","url":"https:\/\/ifamnews.com\/en\/","logo":{"@type":"ImageObject","inLanguage":"de","@id":"https:\/\/ifamnews.com\/en\/#\/schema\/logo\/image\/","url":"https:\/\/ifamnews.com\/wp-content\/uploads\/2020\/01\/Share-logo.png","contentUrl":"https:\/\/ifamnews.com\/wp-content\/uploads\/2020\/01\/Share-logo.png","width":200,"height":200,"caption":"iFamNews"},"image":{"@id":"https:\/\/ifamnews.com\/en\/#\/schema\/logo\/image\/"},"sameAs":["https:\/\/www.facebook.com\/iFamNews","https:\/\/x.com\/iFamNewsEN"]},{"@type":"Person","@id":"https:\/\/ifamnews.com\/en\/#\/schema\/person\/bed5b7c6161f317421caa94dc3be6a53","name":"Luca Volont\u00e8","image":{"@type":"ImageObject","inLanguage":"de","@id":"https:\/\/secure.gravatar.com\/avatar\/354ed6bca06f9968278e6eb25fa8a123306c69f5c50f711836cf12e6c8ecbbf6?s=96&d=mm&r=g","url":"https:\/\/secure.gravatar.com\/avatar\/354ed6bca06f9968278e6eb25fa8a123306c69f5c50f711836cf12e6c8ecbbf6?s=96&d=mm&r=g","contentUrl":"https:\/\/secure.gravatar.com\/avatar\/354ed6bca06f9968278e6eb25fa8a123306c69f5c50f711836cf12e6c8ecbbf6?s=96&d=mm&r=g","caption":"Luca Volont\u00e8"},"description":"Luca Volont\u00e8 was an Italian parliamentarian from 1996 to 2013, and served as president of the PPE-CD at the Assembly of the Council of Europe. Publicly engaged for decades in the promotion of life, family and religious and educational freedom, Luca\u00a0 has served as a board member for various international organizations promoting Christian values and human rights, including his current role as a board member of the International Organization for the Family. He has authored books and essays for the Novae Terrae series by the publisher Rubbettino; he has been a correspondent for several Italian newspapers, and currently collaborates with La nuova Bussola Quotidiana, an online newspaper. He is a also a great bicycle enthusiast.","sameAs":["https:\/\/facebook.com\/lvolonte1","https:\/\/x.com\/https:\/\/twitter.com\/l_volonte"],"url":"https:\/\/ifamnews.com\/de\/author\/lvolonte"}]}},"amp_enabled":true,"_links":{"self":[{"href":"https:\/\/ifamnews.com\/de\/wp-json\/wp\/v2\/posts\/186264","targetHints":{"allow":["GET"]}}],"collection":[{"href":"https:\/\/ifamnews.com\/de\/wp-json\/wp\/v2\/posts"}],"about":[{"href":"https:\/\/ifamnews.com\/de\/wp-json\/wp\/v2\/types\/post"}],"author":[{"embeddable":true,"href":"https:\/\/ifamnews.com\/de\/wp-json\/wp\/v2\/users\/54"}],"replies":[{"embeddable":true,"href":"https:\/\/ifamnews.com\/de\/wp-json\/wp\/v2\/comments?post=186264"}],"version-history":[{"count":2,"href":"https:\/\/ifamnews.com\/de\/wp-json\/wp\/v2\/posts\/186264\/revisions"}],"predecessor-version":[{"id":186455,"href":"https:\/\/ifamnews.com\/de\/wp-json\/wp\/v2\/posts\/186264\/revisions\/186455"}],"wp:featuredmedia":[{"embeddable":true,"href":"https:\/\/ifamnews.com\/de\/wp-json\/wp\/v2\/media\/74099"}],"wp:attachment":[{"href":"https:\/\/ifamnews.com\/de\/wp-json\/wp\/v2\/media?parent=186264"}],"wp:term":[{"taxonomy":"category","embeddable":true,"href":"https:\/\/ifamnews.com\/de\/wp-json\/wp\/v2\/categories?post=186264"},{"taxonomy":"post_tag","embeddable":true,"href":"https:\/\/ifamnews.com\/de\/wp-json\/wp\/v2\/tags?post=186264"}],"curies":[{"name":"wp","href":"https:\/\/api.w.org\/{rel}","templated":true}]}}