{"id":186208,"date":"2023-03-14T02:00:00","date_gmt":"2023-03-14T06:00:00","guid":{"rendered":"https:\/\/ifamnews.com\/?p=186208"},"modified":"2023-03-15T12:09:50","modified_gmt":"2023-03-15T16:09:50","slug":"frankreich-neues-kinderschutzgesetz-gegen-online-pornographie","status":"publish","type":"post","link":"https:\/\/ifamnews.com\/de\/frankreich-neues-kinderschutzgesetz-gegen-online-pornographie","title":{"rendered":"Frankreich: Neues Kinderschutzgesetz gegen Online-Pornographie"},"content":{"rendered":"<p class=\"last-updated\">Last updated on M\u00e4rz 15th, 2023 at 12:09 p.m.<\/p>\n<p>Frankreich hat ein neues Gesetz zum Schutz von Kindern vor Online-Gefahren eingef\u00fchrt. Das Gesetz, das im Februar 2021 in Kraft trat, verpflichtet Online-Plattformen, illegale Inhalte innerhalb von 24 Stunden und jugendgef\u00e4hrdende Inhalte innerhalb von sieben Tagen nach der Meldung zu entfernen. Die Meldung kann von einer Einzelperson oder einer autorisierten \u00f6ffentlichen Einrichtung erfolgen. Das Gesetz verpflichtet die Unternehmen au\u00dferdem, ein klares und einfach zu bedienendes Instrument f\u00fcr die Meldung sch\u00e4dlicher Inhalte bereitzustellen, <a href=\"https:\/\/europeanconservative.com\/articles\/analysis\/france-legislates-to-protect-children-online\/\">wie <em>The European Conservative <\/em>berichtet<em>.<\/em><\/a><\/p>\n\n\n\n<p>Mit dem Gesetz soll eine Reihe von Online-Bedrohungen bek\u00e4mpft werden, darunter Cybermobbing, Hassreden und die Sexualisierung von Kindern. Unternehmen, die sich nicht an das Gesetz halten, k\u00f6nnen mit Geldstrafen von bis zu 4 % ihres weltweiten Umsatzes belegt werden.<\/p>\n\n\n\n<p>Die neue Gesetzgebung ist Teil eines gr\u00f6\u00dferen Vorsto\u00dfes der franz\u00f6sischen Beh\u00f6rden zum Schutz von Kindern vor Online-Sch\u00e4den. Im Jahr 2019 hat die franz\u00f6sische Regierung eine nationale Kampagne gestartet, um das Bewusstsein f\u00fcr die Gefahren des Internets zu sch\u00e4rfen und ein verantwortungsvolles Online-Verhalten zu f\u00f6rdern.<\/p>\n\n\n\n<p>Die Einf\u00fchrung der neuen Gesetzgebung wurde von Kinderschutzverfechtern begr\u00fc\u00dft. Einige Kritiker haben jedoch Bedenken hinsichtlich der m\u00f6glichen Auswirkungen auf die Redefreiheit ge\u00e4u\u00dfert. Sie argumentieren, dass die weit gefasste Definition von sch\u00e4dlichen Inhalten zur Unterdr\u00fcckung legitimer Meinungs\u00e4u\u00dferungen verwendet werden k\u00f6nnte.<\/p>\n\n\n\n<p>Trotz dieser Bedenken hat die franz\u00f6sische Regierung betont, dass die Gesetzgebung notwendig ist, um Kinder vor den Gefahren des Internets zu sch\u00fctzen. Der franz\u00f6sische Justizminister \u00c9ric Dupond-Moretti erkl\u00e4rte: \u201eWir k\u00f6nnen nicht zulassen, dass das Internet ein Ort der Straflosigkeit ist, an dem die verwerflichsten Verbrechen begangen werden k\u00f6nnen.\u201c<\/p>\n","protected":false},"excerpt":{"rendered":"<p>Mit dem Gesetz soll eine Reihe von Online-Bedrohungen bek\u00e4mpft werden, darunter Cybermobbing, Hassreden und die Sexualisierung von Kindern.<\/p>\n","protected":false},"author":623,"featured_media":186210,"comment_status":"open","ping_status":"open","sticky":false,"template":"","format":"standard","meta":{"give_campaign_id":0,"om_disable_all_campaigns":false,"_monsterinsights_skip_tracking":false,"_monsterinsights_sitenote_active":false,"_monsterinsights_sitenote_note":"","_monsterinsights_sitenote_category":0,"mc4wp_mailchimp_campaign":[],"jnews-multi-image_gallery":[],"jnews_single_post":{"subtitle":"Mit dem Gesetz soll eine Reihe von Online-Bedrohungen bek\u00e4mpft werden, darunter Cybermobbing, Hassreden und die Sexualisierung von Kindern.","format":"standard","video":"","gallery":"","source_name":"","source_url":"","via_name":"","via_url":"","override_template":"0","override":[{"template":"2","single_blog_custom":"","parallax":"1","fullscreen":"1","layout":"right-sidebar-narrow","sidebar":"default-sidebar","second_sidebar":"default-sidebar","sticky_sidebar":"1","share_position":"float","share_float_style":"share-normal","show_share_counter":"1","show_view_counter":"1","show_featured":"1","show_post_meta":"1","show_post_author":"1","show_post_author_image":"1","show_post_date":"1","post_date_format":"default","post_date_format_custom":"Y\/m\/d","show_post_category":"1","show_post_reading_time":"1","post_reading_time_wpm":"300","show_zoom_button":"0","zoom_button_out_step":"2","zoom_button_in_step":"3","show_post_tag":"1","show_prev_next_post":"0","show_popup_post":"0","number_popup_post":"1","show_author_box":"1","show_post_related":"0","show_inline_post_related":"0"}],"override_image_size":"0","image_override":[{"single_post_thumbnail_size":"crop-715","single_post_gallery_size":"crop-715"}],"trending_post":"0","trending_post_position":"meta","trending_post_label":"Trending","sponsored_post":"0","sponsored_post_label":"Sponsored by","sponsored_post_name":"","sponsored_post_url":"","sponsored_post_logo_enable":"0","sponsored_post_logo":"","sponsored_post_desc":"","disable_ad":"0"},"jnews_primary_category":{"id":"768"},"jnews_social_meta":{"fb_title":"","fb_description":"","fb_image":"","twitter_title":"","twitter_description":"","twitter_image":""},"jnews_override_counter":{"override_view_counter":"0","view_counter_number":"0","override_share_counter":"0","share_counter_number":"0","override_like_counter":"0","like_counter_number":"0","override_dislike_counter":"0","dislike_counter_number":"0"},"footnotes":""},"categories":[816,768,811],"tags":[2276],"class_list":["post-186208","post","type-post","status-publish","format-standard","has-post-thumbnail","hentry","category-breaking-news-de","category-politik","category-foreground-de","tag-kinder"],"yoast_head":"<!-- This site is optimized with the Yoast SEO Premium plugin v25.9 (Yoast SEO v27.3) - https:\/\/yoast.com\/product\/yoast-seo-premium-wordpress\/ -->\n<title>Frankreich: Neues Kinderschutzgesetz gegen Online-Pornographie - IFN<\/title>\n<meta name=\"description\" content=\"Mit dem Gesetz soll eine Reihe von Online-Bedrohungen bek\u00e4mpft werden, darunter Cybermobbing, Hassreden und die Sexualisierung von Kindern.\" \/>\n<meta name=\"robots\" content=\"index, follow, max-snippet:-1, max-image-preview:large, max-video-preview:-1\" \/>\n<link rel=\"canonical\" href=\"https:\/\/ifamnews.com\/de\/frankreich-neues-kinderschutzgesetz-gegen-online-pornographie\" \/>\n<meta property=\"og:locale\" content=\"de_DE\" \/>\n<meta property=\"og:type\" content=\"article\" \/>\n<meta property=\"og:title\" content=\"Frankreich: Neues Kinderschutzgesetz gegen Online-Pornographie\" \/>\n<meta property=\"og:description\" content=\"Mit dem Gesetz soll eine Reihe von Online-Bedrohungen bek\u00e4mpft werden, darunter Cybermobbing, Hassreden und die Sexualisierung von Kindern.\" \/>\n<meta property=\"og:url\" content=\"https:\/\/ifamnews.com\/de\/frankreich-neues-kinderschutzgesetz-gegen-online-pornographie\" \/>\n<meta property=\"og:site_name\" content=\"IFN\" \/>\n<meta property=\"article:publisher\" content=\"https:\/\/www.facebook.com\/iFamNews\" \/>\n<meta property=\"article:author\" content=\"https:\/\/www.facebook.com\/iFamNews\/\" \/>\n<meta property=\"article:published_time\" content=\"2023-03-14T06:00:00+00:00\" \/>\n<meta property=\"article:modified_time\" content=\"2023-03-15T16:09:50+00:00\" \/>\n<meta property=\"og:image\" content=\"https:\/\/ifamnews.com\/wp-content\/uploads\/2023\/03\/Kinder-vor-PC-Pexels-Gustavo-Fring.jpg\" \/>\n\t<meta property=\"og:image:width\" content=\"1125\" \/>\n\t<meta property=\"og:image:height\" content=\"750\" \/>\n\t<meta property=\"og:image:type\" content=\"image\/jpeg\" \/>\n<meta name=\"author\" content=\"iFamNews Germany\" \/>\n<meta name=\"twitter:card\" content=\"summary_large_image\" \/>\n<meta name=\"twitter:creator\" content=\"@https:\/\/twitter.com\/iFamNewsDE\" \/>\n<meta name=\"twitter:site\" content=\"@iFamNewsEN\" \/>\n<meta name=\"twitter:label1\" content=\"Verfasst von\" \/>\n\t<meta name=\"twitter:data1\" content=\"IFN Deutschland\" \/>\n\t<meta name=\"twitter:label2\" content=\"Gesch\u00e4tzte Lesezeit\" \/>\n\t<meta name=\"twitter:data2\" content=\"2\u00a0Minuten\" \/>\n<!-- \/ Yoast SEO Premium plugin. -->","yoast_head_json":{"title":"Frankreich: Neues Kinderschutzgesetz gegen Online-Pornographie - IFN","description":"Mit dem Gesetz soll eine Reihe von Online-Bedrohungen bek\u00e4mpft werden, darunter Cybermobbing, Hassreden und die Sexualisierung von Kindern.","robots":{"index":"index","follow":"follow","max-snippet":"max-snippet:-1","max-image-preview":"max-image-preview:large","max-video-preview":"max-video-preview:-1"},"canonical":"https:\/\/ifamnews.com\/de\/frankreich-neues-kinderschutzgesetz-gegen-online-pornographie","og_locale":"de_DE","og_type":"article","og_title":"Frankreich: Neues Kinderschutzgesetz gegen Online-Pornographie","og_description":"Mit dem Gesetz soll eine Reihe von Online-Bedrohungen bek\u00e4mpft werden, darunter Cybermobbing, Hassreden und die Sexualisierung von Kindern.","og_url":"https:\/\/ifamnews.com\/de\/frankreich-neues-kinderschutzgesetz-gegen-online-pornographie","og_site_name":"IFN","article_publisher":"https:\/\/www.facebook.com\/iFamNews","article_author":"https:\/\/www.facebook.com\/iFamNews\/","article_published_time":"2023-03-14T06:00:00+00:00","article_modified_time":"2023-03-15T16:09:50+00:00","og_image":[{"width":1125,"height":750,"url":"https:\/\/ifamnews.com\/wp-content\/uploads\/2023\/03\/Kinder-vor-PC-Pexels-Gustavo-Fring.jpg","type":"image\/jpeg"}],"author":"iFamNews Germany","twitter_card":"summary_large_image","twitter_creator":"@https:\/\/twitter.com\/iFamNewsDE","twitter_site":"@iFamNewsEN","twitter_misc":{"Verfasst von":"IFN Deutschland","Gesch\u00e4tzte Lesezeit":"2\u00a0Minuten"},"schema":{"@context":"https:\/\/schema.org","@graph":[{"@type":"NewsArticle","@id":"https:\/\/ifamnews.com\/de\/frankreich-neues-kinderschutzgesetz-gegen-online-pornographie#article","isPartOf":{"@id":"https:\/\/ifamnews.com\/de\/frankreich-neues-kinderschutzgesetz-gegen-online-pornographie"},"author":{"name":"iFamNews Germany","@id":"https:\/\/ifamnews.com\/en\/#\/schema\/person\/82ec6d77f1c630266e2c3a9e8643b439"},"headline":"Frankreich: Neues Kinderschutzgesetz gegen Online-Pornographie","datePublished":"2023-03-14T06:00:00+00:00","dateModified":"2023-03-15T16:09:50+00:00","mainEntityOfPage":{"@id":"https:\/\/ifamnews.com\/de\/frankreich-neues-kinderschutzgesetz-gegen-online-pornographie"},"wordCount":279,"commentCount":0,"publisher":{"@id":"https:\/\/ifamnews.com\/en\/#organization"},"image":{"@id":"https:\/\/ifamnews.com\/de\/frankreich-neues-kinderschutzgesetz-gegen-online-pornographie#primaryimage"},"thumbnailUrl":"https:\/\/ifamnews.com\/wp-content\/uploads\/2023\/03\/Kinder-vor-PC-Pexels-Gustavo-Fring.jpg","keywords":["Kinder"],"articleSection":["Breaking News","Politik","Vordergrund"],"inLanguage":"de","potentialAction":[{"@type":"CommentAction","name":"Comment","target":["https:\/\/ifamnews.com\/de\/frankreich-neues-kinderschutzgesetz-gegen-online-pornographie#respond"]}]},{"@type":"WebPage","@id":"https:\/\/ifamnews.com\/de\/frankreich-neues-kinderschutzgesetz-gegen-online-pornographie","url":"https:\/\/ifamnews.com\/de\/frankreich-neues-kinderschutzgesetz-gegen-online-pornographie","name":"Frankreich: Neues Kinderschutzgesetz gegen Online-Pornographie - IFN","isPartOf":{"@id":"https:\/\/ifamnews.com\/en\/#website"},"primaryImageOfPage":{"@id":"https:\/\/ifamnews.com\/de\/frankreich-neues-kinderschutzgesetz-gegen-online-pornographie#primaryimage"},"image":{"@id":"https:\/\/ifamnews.com\/de\/frankreich-neues-kinderschutzgesetz-gegen-online-pornographie#primaryimage"},"thumbnailUrl":"https:\/\/ifamnews.com\/wp-content\/uploads\/2023\/03\/Kinder-vor-PC-Pexels-Gustavo-Fring.jpg","datePublished":"2023-03-14T06:00:00+00:00","dateModified":"2023-03-15T16:09:50+00:00","description":"Mit dem Gesetz soll eine Reihe von Online-Bedrohungen bek\u00e4mpft werden, darunter Cybermobbing, Hassreden und die Sexualisierung von Kindern.","breadcrumb":{"@id":"https:\/\/ifamnews.com\/de\/frankreich-neues-kinderschutzgesetz-gegen-online-pornographie#breadcrumb"},"inLanguage":"de","potentialAction":[{"@type":"ReadAction","target":["https:\/\/ifamnews.com\/de\/frankreich-neues-kinderschutzgesetz-gegen-online-pornographie"]}]},{"@type":"ImageObject","inLanguage":"de","@id":"https:\/\/ifamnews.com\/de\/frankreich-neues-kinderschutzgesetz-gegen-online-pornographie#primaryimage","url":"https:\/\/ifamnews.com\/wp-content\/uploads\/2023\/03\/Kinder-vor-PC-Pexels-Gustavo-Fring.jpg","contentUrl":"https:\/\/ifamnews.com\/wp-content\/uploads\/2023\/03\/Kinder-vor-PC-Pexels-Gustavo-Fring.jpg","width":1125,"height":750,"caption":"Bild: Pexels\/Gustavo Fring"},{"@type":"BreadcrumbList","@id":"https:\/\/ifamnews.com\/de\/frankreich-neues-kinderschutzgesetz-gegen-online-pornographie#breadcrumb","itemListElement":[{"@type":"ListItem","position":1,"name":"Home","item":"https:\/\/ifamnews.com\/de"},{"@type":"ListItem","position":2,"name":"Politik","item":"https:\/\/ifamnews.com\/de\/kategorie\/politik"},{"@type":"ListItem","position":3,"name":"Frankreich: Neues Kinderschutzgesetz gegen Online-Pornographie"}]},{"@type":"WebSite","@id":"https:\/\/ifamnews.com\/en\/#website","url":"https:\/\/ifamnews.com\/en\/","name":"IFN","description":"International Family News Network","publisher":{"@id":"https:\/\/ifamnews.com\/en\/#organization"},"potentialAction":[{"@type":"SearchAction","target":{"@type":"EntryPoint","urlTemplate":"https:\/\/ifamnews.com\/en\/?s={search_term_string}"},"query-input":{"@type":"PropertyValueSpecification","valueRequired":true,"valueName":"search_term_string"}}],"inLanguage":"de"},{"@type":"Organization","@id":"https:\/\/ifamnews.com\/en\/#organization","name":"iFamNews","url":"https:\/\/ifamnews.com\/en\/","logo":{"@type":"ImageObject","inLanguage":"de","@id":"https:\/\/ifamnews.com\/en\/#\/schema\/logo\/image\/","url":"https:\/\/ifamnews.com\/wp-content\/uploads\/2020\/01\/Share-logo.png","contentUrl":"https:\/\/ifamnews.com\/wp-content\/uploads\/2020\/01\/Share-logo.png","width":200,"height":200,"caption":"iFamNews"},"image":{"@id":"https:\/\/ifamnews.com\/en\/#\/schema\/logo\/image\/"},"sameAs":["https:\/\/www.facebook.com\/iFamNews","https:\/\/x.com\/iFamNewsEN"]},{"@type":"Person","@id":"https:\/\/ifamnews.com\/en\/#\/schema\/person\/82ec6d77f1c630266e2c3a9e8643b439","name":"iFamNews Germany","image":{"@type":"ImageObject","inLanguage":"de","@id":"https:\/\/secure.gravatar.com\/avatar\/c51b977100a05a1448d61b80953be1e3192e0be236d631062ca6a59c6f9a879b?s=96&d=mm&r=g","url":"https:\/\/secure.gravatar.com\/avatar\/c51b977100a05a1448d61b80953be1e3192e0be236d631062ca6a59c6f9a879b?s=96&d=mm&r=g","contentUrl":"https:\/\/secure.gravatar.com\/avatar\/c51b977100a05a1448d61b80953be1e3192e0be236d631062ca6a59c6f9a879b?s=96&d=mm&r=g","caption":"iFamNews Germany"},"description":"Articles published by the German iFamNews editorial team.","sameAs":["https:\/\/ifamnews.com\/de","https:\/\/www.facebook.com\/iFamNews\/","https:\/\/x.com\/https:\/\/twitter.com\/iFamNewsDE","https:\/\/www.youtube.com\/channel\/UCMVyIt4z9BANW3d09kwfUpw"],"url":"https:\/\/ifamnews.com\/de\/author\/redaktion"}]}},"amp_enabled":true,"_links":{"self":[{"href":"https:\/\/ifamnews.com\/de\/wp-json\/wp\/v2\/posts\/186208","targetHints":{"allow":["GET"]}}],"collection":[{"href":"https:\/\/ifamnews.com\/de\/wp-json\/wp\/v2\/posts"}],"about":[{"href":"https:\/\/ifamnews.com\/de\/wp-json\/wp\/v2\/types\/post"}],"author":[{"embeddable":true,"href":"https:\/\/ifamnews.com\/de\/wp-json\/wp\/v2\/users\/623"}],"replies":[{"embeddable":true,"href":"https:\/\/ifamnews.com\/de\/wp-json\/wp\/v2\/comments?post=186208"}],"version-history":[{"count":1,"href":"https:\/\/ifamnews.com\/de\/wp-json\/wp\/v2\/posts\/186208\/revisions"}],"predecessor-version":[{"id":186219,"href":"https:\/\/ifamnews.com\/de\/wp-json\/wp\/v2\/posts\/186208\/revisions\/186219"}],"wp:featuredmedia":[{"embeddable":true,"href":"https:\/\/ifamnews.com\/de\/wp-json\/wp\/v2\/media\/186210"}],"wp:attachment":[{"href":"https:\/\/ifamnews.com\/de\/wp-json\/wp\/v2\/media?parent=186208"}],"wp:term":[{"taxonomy":"category","embeddable":true,"href":"https:\/\/ifamnews.com\/de\/wp-json\/wp\/v2\/categories?post=186208"},{"taxonomy":"post_tag","embeddable":true,"href":"https:\/\/ifamnews.com\/de\/wp-json\/wp\/v2\/tags?post=186208"}],"curies":[{"name":"wp","href":"https:\/\/api.w.org\/{rel}","templated":true}]}}