{"id":185200,"date":"2023-03-10T02:00:00","date_gmt":"2023-03-10T07:00:00","guid":{"rendered":"https:\/\/ifamnews.com\/?p=185200"},"modified":"2023-03-03T02:54:23","modified_gmt":"2023-03-03T07:54:23","slug":"disney-kooperiert-mit-dem-san-fran-gay-men-s-chorus-um-kinder-zum-outen-zu-bringen","status":"publish","type":"post","link":"https:\/\/ifamnews.com\/de\/disney-kooperiert-mit-dem-san-fran-gay-men-s-chorus-um-kinder-zum-outen-zu-bringen","title":{"rendered":"Disney kooperiert mit dem San Fran Gay Men\u2018s Chorus, um Kinder zum \u201eouten\u201c zu bringen"},"content":{"rendered":"\n<p>Disney, fr\u00fcher der prominenteste Verfechter der Familie und traditioneller Werte, ist heute der prominenteste Verfechter der radikalen LGBT-Agenda in unserer Kultur. Um sein Engagement f\u00fcr eine solche Agenda zu zeigen, hat sich Disney gerade mit dem San Francisco Gay Men&#8217;s Chorus zusammengetan, der 2021 ein <a href=\"https:\/\/www.youtube.com\/watch?v=cgmvWm4cBSM&amp;t=2s\">Video<\/a> ver\u00f6ffentlichte, in dem er davor warnt, dass &#8222;wir Ihre Kinder&#8230;.leise und subtil&#8220; zur radikalen LGBT-Ideologie bekehren werden und &#8222;Sie es kaum merken werden&#8220;.<\/p>\n\n\n\n<p>In <a href=\"https:\/\/www.sfgmc.org\/press-releases-1\/2023\/2\/2\/san-francisco-gay-mens-chorus-to-present-the-san-francisco-bay-area-premiere-of-disney-pride-in-concert\">einer Pressemitteilung<\/a>, in der die Partnerschaft mit Disney angek\u00fcndigt wird, erkl\u00e4rt der San Francisco Men&#8217;s Gay Chorus mit Stolz:<\/p>\n\n\n\n<blockquote class=\"wp-block-quote is-layout-flow wp-block-quote-is-layout-flow\"><p>&#8222;Zur Feier des 45.  <strong>San Francisco Gay Men&#8217;s Chorus<\/strong> (SFGMC) und das 100-j\u00e4hrige Bestehen des  <strong>Disney<\/strong>, San Franciscos f\u00fchrende Chororganisation, pr\u00e4sentiert <strong>\n  <em>Disney PRIDE in Concert<\/em>\n<\/strong>ein familienfreundliches Multimedia-Musikspektakel, das am <strong>Donnerstag, den 16. M\u00e4rz um 19:30 <\/strong>Uhr und <strong>am Freitag, den 17. M\u00e4rz um 19:30 Uhr <\/strong>in der <strong>Davies Symphony Hall<\/strong> (201 Van Ness Ave.) in San Francisco stattfindet.<em>Disney PRIDE in Concert<\/em> wird in Zusammenarbeit mit Disney Concerts, der Konzertproduktions- und Lizenzierungsabteilung der Disney Music Group, produziert.&#8220;<\/p><\/blockquote>\n\n\n\n<p>In der Mitteilung hei\u00dft es weiter:<\/p>\n\n\n\n<blockquote class=\"wp-block-quote is-layout-flow wp-block-quote-is-layout-flow\"><p>&#8222;Bei seiner Premiere in der San Francisco Bay Area bietet dieses Spektakel in zwei Akten neue Arrangements von \u00fcber 40 klassischen und zeitgen\u00f6ssischen Disney-Songs aus Kultfilmen wie <em>Die kleine Meerjungfrau, Der K\u00f6nig der L\u00f6wen, Die Sch\u00f6ne und das Biest, Aladdin, Hercules, Zootopia, Coco, Mary Poppins, Peter Pan <\/em>und anderen. Unterst\u00fctzt von einem 30-k\u00f6pfigen Orchester, das sich aus den besten lokalen Musikern zusammensetzt, wird das Konzert die 250 singenden Mitglieder der SFGMC pr\u00e4sentieren. Die Chormitglieder des SFGMC werden pers\u00f6nliche Geschichten \u00fcber Liebe, LGBTQ+ Stolz und Familienbande erz\u00e4hlen, die in die musikalischen Nummern eingeflochten werden.&#8220;<\/p><\/blockquote>\n\n\n\n<p>Wann wird Disney endlich begreifen, dass seine F\u00f6rderung der radikalen LGBT-Agenda nicht den W\u00fcnschen der Familien entspricht? Obwohl diese Werbung Disney Hunderte von Millionen Dollar an Steuererleichterungen in Florida und weitere Hunderte von Millionen Dollar durch misslungene Filme (Lightyear, Strange World) gekostet hat, und obwohl der Aktienwert des Unternehmens seit der Umstellung auf &#8222;Woke&#8220; um \u00fcber 80 Milliarden Dollar gefallen ist, weigert sich das Unternehmen, seinen Kurs zu \u00e4ndern. Wenn Walt Disney heute nur noch leben w\u00fcrde, um das Chaos zu sehen, das seine Nachfolger angerichtet haben&#8230;.<\/p>\n\n\n\n<p>Wenn Sie mit Disneys starker Unterst\u00fctzung f\u00fcr die radikale LGBT-Agenda nicht einverstanden sind, unterzeichnen Sie bitte die <a href=\"https:\/\/dumpdisney.com\/\">Petition<\/a> der International Organization for the Family (dem Herausgeber von Ifamnews), die direkt an Bob Iger, den CEO von Disney, geht. Unsere Kinder werden nicht zu dieser verdrehten Agenda bekehrt werden.<\/p>\n\n\n\n<div class=\"wp-block-buttons alignwide is-layout-flex wp-block-buttons-is-layout-flex\">\n<div class=\"wp-block-button aligncenter\"><a class=\"wp-block-button__link has-vivid-red-background-color has-background\" href=\"https:\/\/dumpdisney.com\/\" target=\"_blank\" rel=\"noreferrer noopener\"><strong>UNTERZEICHNEN SIE DIE PETITION DUMP DISNEY<\/strong><\/a><\/div>\n<\/div>\n","protected":false},"excerpt":{"rendered":"<p>Wann wird Disney endlich begreifen, dass seine F\u00f6rderung der radikalen LGBT-Agenda nicht den W\u00fcnschen der Familien entspricht?<\/p>\n","protected":false},"author":593,"featured_media":183809,"comment_status":"open","ping_status":"open","sticky":false,"template":"","format":"standard","meta":{"give_campaign_id":0,"om_disable_all_campaigns":false,"_monsterinsights_skip_tracking":false,"_monsterinsights_sitenote_active":false,"_monsterinsights_sitenote_note":"","_monsterinsights_sitenote_category":0,"mc4wp_mailchimp_campaign":[],"jnews-multi-image_gallery":[],"jnews_single_post":{"subtitle":"Wann wird Disney endlich begreifen, dass seine F\u00f6rderung der radikalen LGBT-Agenda nicht den W\u00fcnschen der Familien entspricht?","format":"standard","video":"","gallery":"","source_name":"","source_url":"","via_name":"","via_url":"","override_template":"0","override":[{"template":"2","single_blog_custom":"","parallax":"1","fullscreen":"1","layout":"right-sidebar-narrow","sidebar":"default-sidebar","second_sidebar":"default-sidebar","sticky_sidebar":"1","share_position":"float","share_float_style":"share-normal","show_share_counter":"1","show_view_counter":"1","show_featured":"1","show_post_meta":"1","show_post_author":"1","show_post_author_image":"1","show_post_date":"1","post_date_format":"default","post_date_format_custom":"Y\/m\/d","show_post_category":"1","show_post_reading_time":"1","post_reading_time_wpm":"300","show_zoom_button":"0","zoom_button_out_step":"2","zoom_button_in_step":"3","show_post_tag":"1","show_prev_next_post":"0","show_popup_post":"0","number_popup_post":"1","show_author_box":"1","show_post_related":"0","show_inline_post_related":"0"}],"override_image_size":"0","image_override":[{"single_post_thumbnail_size":"crop-715","single_post_gallery_size":"crop-715"}],"trending_post":"0","trending_post_position":"meta","trending_post_label":"Trending","sponsored_post":"0","sponsored_post_label":"Sponsored by","sponsored_post_name":"","sponsored_post_url":"","sponsored_post_logo_enable":"0","sponsored_post_logo":"","sponsored_post_desc":"","disable_ad":"0"},"jnews_primary_category":{"id":"769"},"jnews_social_meta":{"fb_title":"","fb_description":"","fb_image":"","twitter_title":"","twitter_description":"","twitter_image":""},"jnews_override_counter":{"override_view_counter":"0","view_counter_number":"0","override_share_counter":"0","share_counter_number":"0","override_like_counter":"0","like_counter_number":"0","override_dislike_counter":"0","dislike_counter_number":"0"},"footnotes":""},"categories":[816,769,811],"tags":[21599,17747,21693,6941,24208,5506],"class_list":["post-185200","post","type-post","status-publish","format-standard","has-post-thumbnail","hentry","category-breaking-news-de","category-unterhaltung","category-foreground-de","tag-bob-iger-de","tag-disney-de","tag-dump-disney-de","tag-lgbt-ideologie","tag-schwuler-mannerchor-san-francisco","tag-unterhaltungsindustrie"],"yoast_head":"<!-- This site is optimized with the Yoast SEO Premium plugin v25.9 (Yoast SEO v27.3) - https:\/\/yoast.com\/product\/yoast-seo-premium-wordpress\/ -->\n<title>Disney kooperiert mit dem San Fran Gay Men\u2018s Chorus, um Kinder zum \u201eouten\u201c zu bringen - IFN<\/title>\n<meta name=\"robots\" content=\"index, follow, max-snippet:-1, max-image-preview:large, max-video-preview:-1\" \/>\n<link rel=\"canonical\" href=\"https:\/\/ifamnews.com\/de\/disney-kooperiert-mit-dem-san-fran-gay-men-s-chorus-um-kinder-zum-outen-zu-bringen\" \/>\n<meta property=\"og:locale\" content=\"de_DE\" \/>\n<meta property=\"og:type\" content=\"article\" \/>\n<meta property=\"og:title\" content=\"Disney kooperiert mit dem San Fran Gay Men\u2018s Chorus, um Kinder zum \u201eouten\u201c zu bringen\" \/>\n<meta property=\"og:description\" content=\"Wann wird Disney endlich begreifen, dass seine F\u00f6rderung der radikalen LGBT-Agenda nicht den W\u00fcnschen der Familien entspricht?\" \/>\n<meta property=\"og:url\" content=\"https:\/\/ifamnews.com\/de\/disney-kooperiert-mit-dem-san-fran-gay-men-s-chorus-um-kinder-zum-outen-zu-bringen\" \/>\n<meta property=\"og:site_name\" content=\"IFN\" \/>\n<meta property=\"article:publisher\" content=\"https:\/\/www.facebook.com\/iFamNews\" \/>\n<meta property=\"article:author\" content=\"https:\/\/www.facebook.com\/iFamNews\/\" \/>\n<meta property=\"article:published_time\" content=\"2023-03-10T07:00:00+00:00\" \/>\n<meta property=\"og:image\" content=\"https:\/\/ifamnews.com\/wp-content\/uploads\/2023\/02\/disneypride.jpeg\" \/>\n\t<meta property=\"og:image:width\" content=\"500\" \/>\n\t<meta property=\"og:image:height\" content=\"500\" \/>\n\t<meta property=\"og:image:type\" content=\"image\/jpeg\" \/>\n<meta name=\"author\" content=\"IFN English\" \/>\n<meta name=\"twitter:card\" content=\"summary_large_image\" \/>\n<meta name=\"twitter:creator\" content=\"@https:\/\/twitter.com\/iFamNewsEN\" \/>\n<meta name=\"twitter:site\" content=\"@iFamNewsEN\" \/>\n<meta name=\"twitter:label1\" content=\"Verfasst von\" \/>\n\t<meta name=\"twitter:data1\" content=\"iFamNews Redaktion\" \/>\n\t<meta name=\"twitter:label2\" content=\"Gesch\u00e4tzte Lesezeit\" \/>\n\t<meta name=\"twitter:data2\" content=\"3\u00a0Minuten\" \/>\n<!-- \/ Yoast SEO Premium plugin. -->","yoast_head_json":{"title":"Disney kooperiert mit dem San Fran Gay Men\u2018s Chorus, um Kinder zum \u201eouten\u201c zu bringen - IFN","robots":{"index":"index","follow":"follow","max-snippet":"max-snippet:-1","max-image-preview":"max-image-preview:large","max-video-preview":"max-video-preview:-1"},"canonical":"https:\/\/ifamnews.com\/de\/disney-kooperiert-mit-dem-san-fran-gay-men-s-chorus-um-kinder-zum-outen-zu-bringen","og_locale":"de_DE","og_type":"article","og_title":"Disney kooperiert mit dem San Fran Gay Men\u2018s Chorus, um Kinder zum \u201eouten\u201c zu bringen","og_description":"Wann wird Disney endlich begreifen, dass seine F\u00f6rderung der radikalen LGBT-Agenda nicht den W\u00fcnschen der Familien entspricht?","og_url":"https:\/\/ifamnews.com\/de\/disney-kooperiert-mit-dem-san-fran-gay-men-s-chorus-um-kinder-zum-outen-zu-bringen","og_site_name":"IFN","article_publisher":"https:\/\/www.facebook.com\/iFamNews","article_author":"https:\/\/www.facebook.com\/iFamNews\/","article_published_time":"2023-03-10T07:00:00+00:00","og_image":[{"width":500,"height":500,"url":"https:\/\/ifamnews.com\/wp-content\/uploads\/2023\/02\/disneypride.jpeg","type":"image\/jpeg"}],"author":"IFN English","twitter_card":"summary_large_image","twitter_creator":"@https:\/\/twitter.com\/iFamNewsEN","twitter_site":"@iFamNewsEN","twitter_misc":{"Verfasst von":"iFamNews Redaktion","Gesch\u00e4tzte Lesezeit":"3\u00a0Minuten"},"schema":{"@context":"https:\/\/schema.org","@graph":[{"@type":"NewsArticle","@id":"https:\/\/ifamnews.com\/de\/disney-kooperiert-mit-dem-san-fran-gay-men-s-chorus-um-kinder-zum-outen-zu-bringen#article","isPartOf":{"@id":"https:\/\/ifamnews.com\/de\/disney-kooperiert-mit-dem-san-fran-gay-men-s-chorus-um-kinder-zum-outen-zu-bringen"},"author":{"name":"IFN English","@id":"https:\/\/ifamnews.com\/en\/#\/schema\/person\/633bdb7ac2496c9b9304ce62d071cdfa"},"headline":"Disney kooperiert mit dem San Fran Gay Men\u2018s Chorus, um Kinder zum \u201eouten\u201c zu bringen","datePublished":"2023-03-10T07:00:00+00:00","mainEntityOfPage":{"@id":"https:\/\/ifamnews.com\/de\/disney-kooperiert-mit-dem-san-fran-gay-men-s-chorus-um-kinder-zum-outen-zu-bringen"},"wordCount":442,"commentCount":0,"publisher":{"@id":"https:\/\/ifamnews.com\/en\/#organization"},"image":{"@id":"https:\/\/ifamnews.com\/de\/disney-kooperiert-mit-dem-san-fran-gay-men-s-chorus-um-kinder-zum-outen-zu-bringen#primaryimage"},"thumbnailUrl":"https:\/\/ifamnews.com\/wp-content\/uploads\/2023\/02\/disneypride.jpeg","keywords":["Bob Iger","disney","Dump Disney","LGBT-Ideologie","Schwuler M\u00e4nnerchor San Francisco","Unterhaltungsindustrie"],"articleSection":["Breaking News","Unterhaltung","Vordergrund"],"inLanguage":"de","potentialAction":[{"@type":"CommentAction","name":"Comment","target":["https:\/\/ifamnews.com\/de\/disney-kooperiert-mit-dem-san-fran-gay-men-s-chorus-um-kinder-zum-outen-zu-bringen#respond"]}]},{"@type":"WebPage","@id":"https:\/\/ifamnews.com\/de\/disney-kooperiert-mit-dem-san-fran-gay-men-s-chorus-um-kinder-zum-outen-zu-bringen","url":"https:\/\/ifamnews.com\/de\/disney-kooperiert-mit-dem-san-fran-gay-men-s-chorus-um-kinder-zum-outen-zu-bringen","name":"Disney kooperiert mit dem San Fran Gay Men\u2018s Chorus, um Kinder zum \u201eouten\u201c zu bringen - IFN","isPartOf":{"@id":"https:\/\/ifamnews.com\/en\/#website"},"primaryImageOfPage":{"@id":"https:\/\/ifamnews.com\/de\/disney-kooperiert-mit-dem-san-fran-gay-men-s-chorus-um-kinder-zum-outen-zu-bringen#primaryimage"},"image":{"@id":"https:\/\/ifamnews.com\/de\/disney-kooperiert-mit-dem-san-fran-gay-men-s-chorus-um-kinder-zum-outen-zu-bringen#primaryimage"},"thumbnailUrl":"https:\/\/ifamnews.com\/wp-content\/uploads\/2023\/02\/disneypride.jpeg","datePublished":"2023-03-10T07:00:00+00:00","breadcrumb":{"@id":"https:\/\/ifamnews.com\/de\/disney-kooperiert-mit-dem-san-fran-gay-men-s-chorus-um-kinder-zum-outen-zu-bringen#breadcrumb"},"inLanguage":"de","potentialAction":[{"@type":"ReadAction","target":["https:\/\/ifamnews.com\/de\/disney-kooperiert-mit-dem-san-fran-gay-men-s-chorus-um-kinder-zum-outen-zu-bringen"]}]},{"@type":"ImageObject","inLanguage":"de","@id":"https:\/\/ifamnews.com\/de\/disney-kooperiert-mit-dem-san-fran-gay-men-s-chorus-um-kinder-zum-outen-zu-bringen#primaryimage","url":"https:\/\/ifamnews.com\/wp-content\/uploads\/2023\/02\/disneypride.jpeg","contentUrl":"https:\/\/ifamnews.com\/wp-content\/uploads\/2023\/02\/disneypride.jpeg","width":500,"height":500},{"@type":"BreadcrumbList","@id":"https:\/\/ifamnews.com\/de\/disney-kooperiert-mit-dem-san-fran-gay-men-s-chorus-um-kinder-zum-outen-zu-bringen#breadcrumb","itemListElement":[{"@type":"ListItem","position":1,"name":"Home","item":"https:\/\/ifamnews.com\/de"},{"@type":"ListItem","position":2,"name":"Entertainment","item":"https:\/\/ifamnews.com\/en\/category\/entertainment"},{"@type":"ListItem","position":3,"name":"Disney kooperiert mit dem San Fran Gay Men\u2018s Chorus, um Kinder zum \u201eouten\u201c zu bringen"}]},{"@type":"WebSite","@id":"https:\/\/ifamnews.com\/en\/#website","url":"https:\/\/ifamnews.com\/en\/","name":"IFN","description":"International Family News Network","publisher":{"@id":"https:\/\/ifamnews.com\/en\/#organization"},"potentialAction":[{"@type":"SearchAction","target":{"@type":"EntryPoint","urlTemplate":"https:\/\/ifamnews.com\/en\/?s={search_term_string}"},"query-input":{"@type":"PropertyValueSpecification","valueRequired":true,"valueName":"search_term_string"}}],"inLanguage":"de"},{"@type":"Organization","@id":"https:\/\/ifamnews.com\/en\/#organization","name":"iFamNews","url":"https:\/\/ifamnews.com\/en\/","logo":{"@type":"ImageObject","inLanguage":"de","@id":"https:\/\/ifamnews.com\/en\/#\/schema\/logo\/image\/","url":"https:\/\/ifamnews.com\/wp-content\/uploads\/2020\/01\/Share-logo.png","contentUrl":"https:\/\/ifamnews.com\/wp-content\/uploads\/2020\/01\/Share-logo.png","width":200,"height":200,"caption":"iFamNews"},"image":{"@id":"https:\/\/ifamnews.com\/en\/#\/schema\/logo\/image\/"},"sameAs":["https:\/\/www.facebook.com\/iFamNews","https:\/\/x.com\/iFamNewsEN"]},{"@type":"Person","@id":"https:\/\/ifamnews.com\/en\/#\/schema\/person\/633bdb7ac2496c9b9304ce62d071cdfa","name":"IFN English","image":{"@type":"ImageObject","inLanguage":"de","@id":"https:\/\/secure.gravatar.com\/avatar\/6f16ce95b558ae6f6eb9ae2f68122482a2c61696af2a8fc343c2e10f981a959d?s=96&d=mm&r=g","url":"https:\/\/secure.gravatar.com\/avatar\/6f16ce95b558ae6f6eb9ae2f68122482a2c61696af2a8fc343c2e10f981a959d?s=96&d=mm&r=g","contentUrl":"https:\/\/secure.gravatar.com\/avatar\/6f16ce95b558ae6f6eb9ae2f68122482a2c61696af2a8fc343c2e10f981a959d?s=96&d=mm&r=g","caption":"IFN English"},"description":"Articles published by the English iFamNews editorial team.","sameAs":["https:\/\/ifamnews.com\/en","https:\/\/www.facebook.com\/iFamNews\/","https:\/\/x.com\/https:\/\/twitter.com\/iFamNewsEN","https:\/\/www.youtube.com\/channel\/UCMVyIt4z9BANW3d09kwfUpw"],"url":"https:\/\/ifamnews.com\/de\/author\/ifamnews-staff"}]}},"amp_enabled":true,"_links":{"self":[{"href":"https:\/\/ifamnews.com\/de\/wp-json\/wp\/v2\/posts\/185200","targetHints":{"allow":["GET"]}}],"collection":[{"href":"https:\/\/ifamnews.com\/de\/wp-json\/wp\/v2\/posts"}],"about":[{"href":"https:\/\/ifamnews.com\/de\/wp-json\/wp\/v2\/types\/post"}],"author":[{"embeddable":true,"href":"https:\/\/ifamnews.com\/de\/wp-json\/wp\/v2\/users\/593"}],"replies":[{"embeddable":true,"href":"https:\/\/ifamnews.com\/de\/wp-json\/wp\/v2\/comments?post=185200"}],"version-history":[{"count":2,"href":"https:\/\/ifamnews.com\/de\/wp-json\/wp\/v2\/posts\/185200\/revisions"}],"predecessor-version":[{"id":185203,"href":"https:\/\/ifamnews.com\/de\/wp-json\/wp\/v2\/posts\/185200\/revisions\/185203"}],"wp:featuredmedia":[{"embeddable":true,"href":"https:\/\/ifamnews.com\/de\/wp-json\/wp\/v2\/media\/183809"}],"wp:attachment":[{"href":"https:\/\/ifamnews.com\/de\/wp-json\/wp\/v2\/media?parent=185200"}],"wp:term":[{"taxonomy":"category","embeddable":true,"href":"https:\/\/ifamnews.com\/de\/wp-json\/wp\/v2\/categories?post=185200"},{"taxonomy":"post_tag","embeddable":true,"href":"https:\/\/ifamnews.com\/de\/wp-json\/wp\/v2\/tags?post=185200"}],"curies":[{"name":"wp","href":"https:\/\/api.w.org\/{rel}","templated":true}]}}