{"id":183124,"date":"2023-02-22T01:00:00","date_gmt":"2023-02-22T06:00:00","guid":{"rendered":"https:\/\/ifamnews.com\/?p=183124"},"modified":"2023-02-20T06:03:25","modified_gmt":"2023-02-20T11:03:25","slug":"lebens-und-familienschutz-was-erwartet-uns-in-der-zukunft","status":"publish","type":"post","link":"https:\/\/ifamnews.com\/de\/lebens-und-familienschutz-was-erwartet-uns-in-der-zukunft","title":{"rendered":"Lebens- und Familienschutz: Was erwartet uns in der Zukunft?"},"content":{"rendered":"\n<p>Manchmal f\u00fchlt es sich so an, als ob wir bei der Internationalen Organisation f\u00fcr die Familie (IOF) ein internationales Spiel spielen, bei dem es darum geht, einen Maulwurf umzubringen. Wenn wir uns auf ein Problem konzentrieren, das die politische Linke geschaffen hat &#8211; Jungen, die mit M\u00e4dchen konkurrieren, M\u00e4nner in Frauenumkleider\u00e4umen, der Vormarsch der Homosexuellenehe und der Mehrehe, die Bezeichnung der Abtreibung als &#8222;Menschenrecht&#8220; usw. &#8211; taucht ein anderes Problem auf, das genauso ernst ist (oder sogar noch mehr) und unsere Aufmerksamkeit erfordert.<\/p>\n\n\n\n<p>Das ist die Richtung, in die sich die Dinge entwickeln: Im Vereinigten K\u00f6nigreich werden gl\u00e4ubige Menschen verhaftet und strafrechtlich verfolgt <em>, weil sie still beten<\/em>.<\/p>\n\n\n\n<p>Isabel Vaughan Spruce ist eine Pro-Life-Aktivistin. K\u00fcrzlich stand sie auf einem \u00f6ffentlichen Platz in der N\u00e4he einer Abtreibungsklinik in Birmingham, England, mit geschlossenen Augen und offensichtlich in tiefer Nachdenklichkeit. Sie trug keine Schilder, zeigte nichts, was auf einen Protest hindeutete, und sagte nichts laut. Die Abtreibungsklinik war zu diesem Zeitpunkt geschlossen.<\/p>\n\n\n\n<p>Dennoch stand Isabel in einem \u00f6ffentlichen Bereich, den die Beh\u00f6rden von Birmingham als &#8222;Pufferzone&#8220; ausgewiesen hatten, die durch eine lokale &#8222;Public Space Protection Order&#8220; (PSPO) verboten war.<\/p>\n\n\n\n<p>Isabel wurde von drei uniformierten Beamten angesprochen, die wissen wollten, was sie tat. Sie machte ihnen klar, dass sie nicht dort war, um zu protestieren. Dann wurde sie gefragt, ob sie im Stillen f\u00fcr eine Abtreibung bete, und Isabel antwortete: &#8222;Vielleicht schon&#8220;.<\/p>\n\n\n\n<p>Daraufhin wurde Isabel durchsucht, verhaftet, von der Polizei verh\u00f6rt und wegen &#8222;Einsch\u00fcchterung&#8220; strafrechtlich belangt.<\/p>\n\n\n\n<p>Die Regierung von Birmingham betrachtet das stille Beten an einem \u00f6ffentlichen Ort als &#8222;Einsch\u00fcchterung&#8220;, wenn das Gebiet unter eine PSPO f\u00e4llt. Es spielt keine Rolle, dass die Abtreibungseinrichtung geschlossen war und niemand in der N\u00e4he war, der m\u00f6glicherweise h\u00e4tte eingesch\u00fcchtert werden k\u00f6nnen. Die Tatsache, dass man seine privaten Gedanken zum Thema Abtreibung in aller Stille vor Gott bringt, reicht aus, um eine Verhaftung und Strafverfolgung zu rechtfertigen.<\/p>\n\n\n\n<p>\u00dcberall auf der Welt wird die Religionsfreiheit angegriffen. Auf Dr\u00e4ngen linker politischer Aktivisten und wohlhabender Nichtregierungsorganisationen (NRO) &#8211; darunter solche, die von dem Milliard\u00e4r George Soros und gro\u00dfen internationalen Unternehmen finanziert werden &#8211; nehmen Regierungsbeamte zunehmend gl\u00e4ubige Menschen ins Visier und verbieten ihnen, sich zu versammeln, zu sprechen oder sogar still zu beten, wann immer sie der Meinung sind, dass es sich um ein Thema handelt, das ein linkes Narrativ in Frage stellt.<\/p>\n\n\n\n<p>Die Alliance Defending Freedom &#8211; die Isabel in ihrem Kampf gegen die Zensur privater Gebete durch die Regierung von Birmingham vertritt &#8211; bezeichnet diese j\u00fcngste Situation als &#8222;v\u00f6llig beispielloses Terrain&#8220;, auf dem Einzelpersonen f\u00fcr ihre Gedanken verfolgt werden k\u00f6nnen.<\/p>\n\n\n\n<p>Leider haben es nicht nur Regierungsbeamte im Vereinigten K\u00f6nigreich auf gl\u00e4ubige Menschen abgesehen. Wir haben erlebt, wie katholische Erzbisch\u00f6fe, protestantische Pastoren und christliche Regierungsminister in Kanada und zahlreichen L\u00e4ndern in Europa und der ganzen Welt ins Visier genommen wurden. Auch die Vereinigten Staaten machen sich dieser Art der Verfolgung schuldig.<\/p>\n\n\n\n<p>Pr\u00e4sident Joe Biden nutzte k\u00fcrzlich seine Rede zur Lage der Nation, um den Kongress aufzufordern, ein Gesetz zu verabschieden, das einen Gro\u00dfteil der radikalen politischen LGBT-Agenda in Bundesgesetze umwandeln w\u00fcrde. Das f\u00e4lschlicherweise als Gleichstellungsgesetz bezeichnete Gesetz erkl\u00e4rt den Glauben an den Vorrang der traditionellen Ehe zu einem &#8222;Geschlechtsstereotyp&#8220; und entzieht den Amerikanern ihre gesetzlich verankerten Rechte auf Religionsfreiheit, wenn sie eine Position vertreten, die im Gegensatz zur LGBT-Agenda steht. Wenn Biden sich durchsetzt, w\u00fcrde die Weigerung, eine Torte f\u00fcr eine lesbische Hochzeit zu backen, weil man glaubt, dass die Ehe von Gott als Vereinigung von Mann und Frau bestimmt wurde, eine gl\u00e4ubige Person ruin\u00f6sen Klagen und Prozessen aussetzen.<\/p>\n\n\n\n<p>Wohlhabende Unternehmen sind gleicherma\u00dfen f\u00fcr den Vormarsch der linken und LGBT-Ideologie sowie f\u00fcr politische Ma\u00dfnahmen verantwortlich, die Menschen mit Glauben bestrafen. Der Disney-Konzern ist beispielsweise ein f\u00fchrender Verfechter der &#8222;Schwulenfeindlichkeit&#8220; von Kleinkindern. Ein Disney-Beamter nannte es eine &#8222;nicht so geheime Schwulen-Agenda&#8220;, um Kinder zu indoktrinieren, alles zu unterst\u00fctzen, was schwul ist, und F\u00fcnfj\u00e4hrige zu zwingen, \u00fcber &#8222;sexuelle Orientierung&#8220; und &#8222;Geschlechtsidentit\u00e4t&#8220; unterrichtet zu werden.<\/p>\n\n\n\n<figure class=\"wp-block-image size-large\"><a href=\"https:\/\/dumpdisney.com\/?utm_source=EB230216FA01\"><img decoding=\"async\" width=\"1024\" height=\"575\" src=\"https:\/\/ifamnews.com\/wp-content\/uploads\/2023\/02\/dump_disney_gif-1024x575.gif\" alt=\"\" class=\"wp-image-183046\" srcset=\"https:\/\/ifamnews.com\/wp-content\/uploads\/2023\/02\/dump_disney_gif-1024x575.gif 1024w, https:\/\/ifamnews.com\/wp-content\/uploads\/2023\/02\/dump_disney_gif-768x431.gif 768w, https:\/\/ifamnews.com\/wp-content\/uploads\/2023\/02\/dump_disney_gif-750x421.gif 750w, https:\/\/ifamnews.com\/wp-content\/uploads\/2023\/02\/dump_disney_gif-1140x640.gif 1140w\" sizes=\"(max-width: 1024px) 100vw, 1024px\" \/><\/a><\/figure>\n\n\n\n<p>Die IOF steht an vorderster Front im Kampf gegen die Angriffe auf die nat\u00fcrliche Familie und die Familienwerte. Ob es darum geht, sich gegen wahnsinnige Konzerne wie Disney zu wehren, sich der Politik von Joe Biden und George Soros zu widersetzen, bei den Vereinten Nationen und in anderen Regierungsgremien f\u00fcr Familien zu k\u00e4mpfen oder f\u00fcr das Recht eines jeden Menschen einzutreten, sein Leben im Einklang mit seinen religi\u00f6sen \u00dcberzeugungen zu leben &#8211; wir setzen uns tagt\u00e4glich f\u00fcr diese gerechte Mission ein.<\/p>\n\n\n\n<p>Bitte schlie\u00dfen Sie IOF, iFamNews und unser Team in Ihre Gebete ein. Wir werden st\u00e4ndig von denselben Kr\u00e4ften angegriffen, die das private Gebet kriminalisieren wollen. Und wenn Sie die M\u00f6glichkeit haben, spenden Sie bitte <strong>\n  <a href=\"https:\/\/profam.org\/donate?ref=EB230216FA01&amp;amount=\" target=\"_blank\" rel=\"noreferrer noopener\">steuerlich absetzbaren finanziellen Beitrag<\/a>\n<\/strong> um unsere Arbeit zu unterst\u00fctzen.<\/p>\n\n\n\n<p>Wie oft sie auch kommen, um unsere \u00dcberzeugungen in Frage zu stellen und unsere Werte anzugreifen, Sie k\u00f6nnen sicher sein, dass IOF und iFamNews auf dem Schlachtfeld bleiben und f\u00fcr universelle Werte und Standpunkte k\u00e4mpfen werden, die Familien aufwerten und zum menschlichen Wohlergehen beitragen.<\/p>\n","protected":false},"excerpt":{"rendered":"<p>Linke Politiker und Regierungen kriminalisieren das private Gebet, wenn die betende Person in Konflikt mit einem bevorzugten Narrativ zu stehen scheint.<\/p>\n","protected":false},"author":35,"featured_media":183055,"comment_status":"open","ping_status":"open","sticky":false,"template":"","format":"standard","meta":{"give_campaign_id":0,"om_disable_all_campaigns":false,"_monsterinsights_skip_tracking":false,"_monsterinsights_sitenote_active":false,"_monsterinsights_sitenote_note":"","_monsterinsights_sitenote_category":0,"mc4wp_mailchimp_campaign":[],"jnews-multi-image_gallery":[],"jnews_single_post":{"subtitle":"Linke Politiker und Regierungen kriminalisieren das private Gebet, wenn die betende Person in Konflikt mit einem bevorzugten Narrativ zu stehen scheint.","format":"standard","video":"","gallery":"","source_name":"","source_url":"","via_name":"","via_url":"","override_template":"0","override":[{"template":"2","single_blog_custom":"","parallax":"1","fullscreen":"1","layout":"right-sidebar-narrow","sidebar":"default-sidebar","second_sidebar":"default-sidebar","sticky_sidebar":"1","share_position":"float","share_float_style":"share-normal","show_share_counter":"1","show_view_counter":"1","show_featured":"1","show_post_meta":"1","show_post_author":"1","show_post_author_image":"1","show_post_date":"1","post_date_format":"default","post_date_format_custom":"Y\/m\/d","show_post_category":"1","show_post_reading_time":"1","post_reading_time_wpm":"300","show_zoom_button":"0","zoom_button_out_step":"2","zoom_button_in_step":"3","show_post_tag":"1","show_prev_next_post":"0","show_popup_post":"0","number_popup_post":"1","show_author_box":"1","show_post_related":"0","show_inline_post_related":"0"}],"override_image_size":"0","image_override":[{"single_post_thumbnail_size":"crop-715","single_post_gallery_size":"crop-715"}],"trending_post":"0","trending_post_position":"meta","trending_post_label":"Trending","sponsored_post":"0","sponsored_post_label":"Sponsored by","sponsored_post_name":"","sponsored_post_url":"","sponsored_post_logo_enable":"0","sponsored_post_logo":"","sponsored_post_desc":"","disable_ad":"0"},"jnews_primary_category":{"id":"767"},"jnews_social_meta":{"fb_title":"","fb_description":"","fb_image":"","twitter_title":"","twitter_description":"","twitter_image":""},"jnews_override_counter":{"override_view_counter":"0","view_counter_number":"0","override_share_counter":"0","share_counter_number":"0","override_like_counter":"0","like_counter_number":"0","override_dislike_counter":"0","dislike_counter_number":"0"},"footnotes":""},"categories":[816,767],"tags":[10545,23717,23715,13207,13205,23716,16058,17853,5017],"class_list":["post-183124","post","type-post","status-publish","format-standard","has-post-thumbnail","hentry","category-breaking-news-de","category-meinung","tag-abtreibung-de","tag-allianz-zur-verteidigung-der-freiheit","tag-gebet-de","tag-internationale-organisation-fur-die-familie","tag-iof-de","tag-isabel-vaughan-fichte","tag-joe-biden-de-2","tag-religiose-verfolgung-de","tag-religious-liberty-de"],"yoast_head":"<!-- This site is optimized with the Yoast SEO Premium plugin v25.9 (Yoast SEO v27.3) - https:\/\/yoast.com\/product\/yoast-seo-premium-wordpress\/ -->\n<title>Lebens- und Familienschutz: Was erwartet uns in der Zukunft? - IFN<\/title>\n<meta name=\"description\" content=\"Linke Politiker und Regierungen kriminalisieren das private Gebet, wenn die betende Person in Konflikt mit einem bevorzugten Narrativ zu stehen scheint.\" \/>\n<meta name=\"robots\" content=\"index, follow, max-snippet:-1, max-image-preview:large, max-video-preview:-1\" \/>\n<link rel=\"canonical\" href=\"https:\/\/ifamnews.com\/de\/lebens-und-familienschutz-was-erwartet-uns-in-der-zukunft\" \/>\n<meta property=\"og:locale\" content=\"de_DE\" \/>\n<meta property=\"og:type\" content=\"article\" \/>\n<meta property=\"og:title\" content=\"Lebens- und Familienschutz: Was erwartet uns in der Zukunft?\" \/>\n<meta property=\"og:description\" content=\"Linke Politiker und Regierungen kriminalisieren das private Gebet, wenn die betende Person in Konflikt mit einem bevorzugten Narrativ zu stehen scheint.\" \/>\n<meta property=\"og:url\" content=\"https:\/\/ifamnews.com\/de\/lebens-und-familienschutz-was-erwartet-uns-in-der-zukunft\" \/>\n<meta property=\"og:site_name\" content=\"IFN\" \/>\n<meta property=\"article:publisher\" content=\"https:\/\/www.facebook.com\/iFamNews\" \/>\n<meta property=\"article:published_time\" content=\"2023-02-22T06:00:00+00:00\" \/>\n<meta property=\"og:image\" content=\"https:\/\/ifamnews.com\/wp-content\/uploads\/2023\/02\/isabelprayingresizedimage-001.jpg\" \/>\n\t<meta property=\"og:image:width\" content=\"1200\" \/>\n\t<meta property=\"og:image:height\" content=\"675\" \/>\n\t<meta property=\"og:image:type\" content=\"image\/jpeg\" \/>\n<meta name=\"author\" content=\"Frank Schubert\" \/>\n<meta name=\"twitter:card\" content=\"summary_large_image\" \/>\n<meta name=\"twitter:creator\" content=\"@iFamNewsEN\" \/>\n<meta name=\"twitter:site\" content=\"@iFamNewsEN\" \/>\n<meta name=\"twitter:label1\" content=\"Verfasst von\" \/>\n\t<meta name=\"twitter:data1\" content=\"Frank Schubert\" \/>\n\t<meta name=\"twitter:label2\" content=\"Gesch\u00e4tzte Lesezeit\" \/>\n\t<meta name=\"twitter:data2\" content=\"5\u00a0Minuten\" \/>\n<!-- \/ Yoast SEO Premium plugin. -->","yoast_head_json":{"title":"Lebens- und Familienschutz: Was erwartet uns in der Zukunft? - IFN","description":"Linke Politiker und Regierungen kriminalisieren das private Gebet, wenn die betende Person in Konflikt mit einem bevorzugten Narrativ zu stehen scheint.","robots":{"index":"index","follow":"follow","max-snippet":"max-snippet:-1","max-image-preview":"max-image-preview:large","max-video-preview":"max-video-preview:-1"},"canonical":"https:\/\/ifamnews.com\/de\/lebens-und-familienschutz-was-erwartet-uns-in-der-zukunft","og_locale":"de_DE","og_type":"article","og_title":"Lebens- und Familienschutz: Was erwartet uns in der Zukunft?","og_description":"Linke Politiker und Regierungen kriminalisieren das private Gebet, wenn die betende Person in Konflikt mit einem bevorzugten Narrativ zu stehen scheint.","og_url":"https:\/\/ifamnews.com\/de\/lebens-und-familienschutz-was-erwartet-uns-in-der-zukunft","og_site_name":"IFN","article_publisher":"https:\/\/www.facebook.com\/iFamNews","article_published_time":"2023-02-22T06:00:00+00:00","og_image":[{"width":1200,"height":675,"url":"https:\/\/ifamnews.com\/wp-content\/uploads\/2023\/02\/isabelprayingresizedimage-001.jpg","type":"image\/jpeg"}],"author":"Frank Schubert","twitter_card":"summary_large_image","twitter_creator":"@iFamNewsEN","twitter_site":"@iFamNewsEN","twitter_misc":{"Verfasst von":"Frank Schubert","Gesch\u00e4tzte Lesezeit":"5\u00a0Minuten"},"schema":{"@context":"https:\/\/schema.org","@graph":[{"@type":"NewsArticle","@id":"https:\/\/ifamnews.com\/de\/lebens-und-familienschutz-was-erwartet-uns-in-der-zukunft#article","isPartOf":{"@id":"https:\/\/ifamnews.com\/de\/lebens-und-familienschutz-was-erwartet-uns-in-der-zukunft"},"author":{"name":"Frank Schubert","@id":"https:\/\/ifamnews.com\/en\/#\/schema\/person\/7f059c4599e9d9efee95adbaab98c714"},"headline":"Lebens- und Familienschutz: Was erwartet uns in der Zukunft?","datePublished":"2023-02-22T06:00:00+00:00","mainEntityOfPage":{"@id":"https:\/\/ifamnews.com\/de\/lebens-und-familienschutz-was-erwartet-uns-in-der-zukunft"},"wordCount":884,"commentCount":0,"publisher":{"@id":"https:\/\/ifamnews.com\/en\/#organization"},"image":{"@id":"https:\/\/ifamnews.com\/de\/lebens-und-familienschutz-was-erwartet-uns-in-der-zukunft#primaryimage"},"thumbnailUrl":"https:\/\/ifamnews.com\/wp-content\/uploads\/2023\/02\/isabelprayingresizedimage-001.jpg","keywords":["Abtreibung","Allianz zur Verteidigung der Freiheit","Gebet","Internationale Organisation f\u00fcr die Familie","IOF","Isabel Vaughan Fichte","Joe Biden","religi\u00f6se Verfolgung","Religious Liberty"],"articleSection":["Breaking News","Meinung"],"inLanguage":"de","potentialAction":[{"@type":"CommentAction","name":"Comment","target":["https:\/\/ifamnews.com\/de\/lebens-und-familienschutz-was-erwartet-uns-in-der-zukunft#respond"]}]},{"@type":"WebPage","@id":"https:\/\/ifamnews.com\/de\/lebens-und-familienschutz-was-erwartet-uns-in-der-zukunft","url":"https:\/\/ifamnews.com\/de\/lebens-und-familienschutz-was-erwartet-uns-in-der-zukunft","name":"Lebens- und Familienschutz: Was erwartet uns in der Zukunft? - IFN","isPartOf":{"@id":"https:\/\/ifamnews.com\/en\/#website"},"primaryImageOfPage":{"@id":"https:\/\/ifamnews.com\/de\/lebens-und-familienschutz-was-erwartet-uns-in-der-zukunft#primaryimage"},"image":{"@id":"https:\/\/ifamnews.com\/de\/lebens-und-familienschutz-was-erwartet-uns-in-der-zukunft#primaryimage"},"thumbnailUrl":"https:\/\/ifamnews.com\/wp-content\/uploads\/2023\/02\/isabelprayingresizedimage-001.jpg","datePublished":"2023-02-22T06:00:00+00:00","description":"Linke Politiker und Regierungen kriminalisieren das private Gebet, wenn die betende Person in Konflikt mit einem bevorzugten Narrativ zu stehen scheint.","breadcrumb":{"@id":"https:\/\/ifamnews.com\/de\/lebens-und-familienschutz-was-erwartet-uns-in-der-zukunft#breadcrumb"},"inLanguage":"de","potentialAction":[{"@type":"ReadAction","target":["https:\/\/ifamnews.com\/de\/lebens-und-familienschutz-was-erwartet-uns-in-der-zukunft"]}]},{"@type":"ImageObject","inLanguage":"de","@id":"https:\/\/ifamnews.com\/de\/lebens-und-familienschutz-was-erwartet-uns-in-der-zukunft#primaryimage","url":"https:\/\/ifamnews.com\/wp-content\/uploads\/2023\/02\/isabelprayingresizedimage-001.jpg","contentUrl":"https:\/\/ifamnews.com\/wp-content\/uploads\/2023\/02\/isabelprayingresizedimage-001.jpg","width":1200,"height":675},{"@type":"BreadcrumbList","@id":"https:\/\/ifamnews.com\/de\/lebens-und-familienschutz-was-erwartet-uns-in-der-zukunft#breadcrumb","itemListElement":[{"@type":"ListItem","position":1,"name":"Home","item":"https:\/\/ifamnews.com\/de"},{"@type":"ListItem","position":2,"name":"\u041a\u0443\u043b\u0442\u0443\u0440\u0430","item":"https:\/\/ifamnews.com\/sr\/kategorija\/kultura-sr"},{"@type":"ListItem","position":3,"name":"Lebens- und Familienschutz: Was erwartet uns in der Zukunft?"}]},{"@type":"WebSite","@id":"https:\/\/ifamnews.com\/en\/#website","url":"https:\/\/ifamnews.com\/en\/","name":"IFN","description":"International Family News Network","publisher":{"@id":"https:\/\/ifamnews.com\/en\/#organization"},"potentialAction":[{"@type":"SearchAction","target":{"@type":"EntryPoint","urlTemplate":"https:\/\/ifamnews.com\/en\/?s={search_term_string}"},"query-input":{"@type":"PropertyValueSpecification","valueRequired":true,"valueName":"search_term_string"}}],"inLanguage":"de"},{"@type":"Organization","@id":"https:\/\/ifamnews.com\/en\/#organization","name":"iFamNews","url":"https:\/\/ifamnews.com\/en\/","logo":{"@type":"ImageObject","inLanguage":"de","@id":"https:\/\/ifamnews.com\/en\/#\/schema\/logo\/image\/","url":"https:\/\/ifamnews.com\/wp-content\/uploads\/2020\/01\/Share-logo.png","contentUrl":"https:\/\/ifamnews.com\/wp-content\/uploads\/2020\/01\/Share-logo.png","width":200,"height":200,"caption":"iFamNews"},"image":{"@id":"https:\/\/ifamnews.com\/en\/#\/schema\/logo\/image\/"},"sameAs":["https:\/\/www.facebook.com\/iFamNews","https:\/\/x.com\/iFamNewsEN"]},{"@type":"Person","@id":"https:\/\/ifamnews.com\/en\/#\/schema\/person\/7f059c4599e9d9efee95adbaab98c714","name":"Frank Schubert","image":{"@type":"ImageObject","inLanguage":"de","@id":"https:\/\/secure.gravatar.com\/avatar\/8e0a875546e6ef79d48161a997753eefc2376ae6843657e3a11827a2b2886fd2?s=96&d=mm&r=g","url":"https:\/\/secure.gravatar.com\/avatar\/8e0a875546e6ef79d48161a997753eefc2376ae6843657e3a11827a2b2886fd2?s=96&d=mm&r=g","contentUrl":"https:\/\/secure.gravatar.com\/avatar\/8e0a875546e6ef79d48161a997753eefc2376ae6843657e3a11827a2b2886fd2?s=96&d=mm&r=g","caption":"Frank Schubert"},"description":"Frank Schubert is a communications consultant for the International Organization for the Family (IOF) and has twice been named America\u2019s top public affairs professional. Schubert serves a similar role for the National Organization for Marriage (NOM). He has worked extensively on family-related issues including supporting marriage, the sanctity of human life and religious liberty, among other issues. Schubert is one of the country\u2019s top experts in managing ballot initiative campaigns and has won over 50 such campaigns in over one-dozen states, compiling an 80% winning record. He managed the successful Proposition 8 campaign in California as well as subsequent winning campaigns on marriage in Maine and North Carolina. His views on issues have been widely reported by the national and international media and he has been interviewed by news organizations hundreds of times. He is the founder of Inspiration Strategies, a public affairs firm.","url":"https:\/\/ifamnews.com\/de\/author\/fschubertifamnews-com"}]}},"amp_enabled":true,"_links":{"self":[{"href":"https:\/\/ifamnews.com\/de\/wp-json\/wp\/v2\/posts\/183124","targetHints":{"allow":["GET"]}}],"collection":[{"href":"https:\/\/ifamnews.com\/de\/wp-json\/wp\/v2\/posts"}],"about":[{"href":"https:\/\/ifamnews.com\/de\/wp-json\/wp\/v2\/types\/post"}],"author":[{"embeddable":true,"href":"https:\/\/ifamnews.com\/de\/wp-json\/wp\/v2\/users\/35"}],"replies":[{"embeddable":true,"href":"https:\/\/ifamnews.com\/de\/wp-json\/wp\/v2\/comments?post=183124"}],"version-history":[{"count":3,"href":"https:\/\/ifamnews.com\/de\/wp-json\/wp\/v2\/posts\/183124\/revisions"}],"predecessor-version":[{"id":183548,"href":"https:\/\/ifamnews.com\/de\/wp-json\/wp\/v2\/posts\/183124\/revisions\/183548"}],"wp:featuredmedia":[{"embeddable":true,"href":"https:\/\/ifamnews.com\/de\/wp-json\/wp\/v2\/media\/183055"}],"wp:attachment":[{"href":"https:\/\/ifamnews.com\/de\/wp-json\/wp\/v2\/media?parent=183124"}],"wp:term":[{"taxonomy":"category","embeddable":true,"href":"https:\/\/ifamnews.com\/de\/wp-json\/wp\/v2\/categories?post=183124"},{"taxonomy":"post_tag","embeddable":true,"href":"https:\/\/ifamnews.com\/de\/wp-json\/wp\/v2\/tags?post=183124"}],"curies":[{"name":"wp","href":"https:\/\/api.w.org\/{rel}","templated":true}]}}