{"id":182569,"date":"2023-02-28T01:00:00","date_gmt":"2023-02-28T06:00:00","guid":{"rendered":"https:\/\/ifamnews.com\/?p=182569"},"modified":"2023-03-09T16:13:36","modified_gmt":"2023-03-09T21:13:36","slug":"pufferzonen-f-r-abtreibungen-in-nordirland-jetzt-gesetz","status":"publish","type":"post","link":"https:\/\/ifamnews.com\/de\/pufferzonen-f-r-abtreibungen-in-nordirland-jetzt-gesetz","title":{"rendered":"Pufferzonen f\u00fcr Abtreibungen in Nordirland jetzt Gesetz"},"content":{"rendered":"<p class=\"last-updated\">Last updated on M\u00e4rz 9th, 2023 at 04:13 p.m.<\/p>\n<p>Der <em>Abortion Services (Safe Access Zones) Act<\/em> war eines der letzten Gesetze, die von den Abgeordneten kurz vor der Aufl\u00f6sung der nordirischen Versammlung Ende M\u00e4rz 2022 verabschiedet wurden, <a href=\"https:\/\/www.irishlegal.com\/articles\/northern-irelands-abortion-buffer-zones-now-law\">wie <em>Irish Legal News<\/em> berichtet<\/a>.<\/p>\n\n\n\n<p>Im Mai 2022 wurde das Gesetz vom Generalstaatsanwalt f\u00fcr Nordirland an den Obersten Gerichtshof des Vereinigten K\u00f6nigreichs verwiesen, nachdem Bedenken ge\u00e4u\u00dfert worden waren, dass es einen unverh\u00e4ltnism\u00e4\u00dfigen Eingriff in die Rechte von Demonstranten gem\u00e4\u00df der Europ\u00e4ischen Menschenrechtskonvention (EMRK) darstellt.<\/p>\n\n\n\n<p>Der Oberste Gerichtshof <a href=\"https:\/\/www.irishlegal.com\/articles\/uk-supreme-court-court-upholds-ni-bill-banning-protests-outside-abortion-clinics\">entschied jedoch im Dezember einstimmig<\/a>, dass die Beschr\u00e4nkung der Orte, an denen Abtreibungsproteste stattfinden k\u00f6nnen, eine verh\u00e4ltnism\u00e4\u00dfige Einschr\u00e4nkung der EMRK-Rechte darstellt, da \u201edie Redefreiheit kein Recht auf ein gefangenes Publikum beinhaltet\u201c.<\/p>\n\n\n\n<p>Die Bestimmungen des Gesetzes werden am 7. Mai 2023 in Kraft treten.<\/p>\n\n\n\n<p>Mal O\u2018Hara, Mitglied des Stadtrats von Belfast und Vorsitzender der Gr\u00fcnen Partei Nordirlands, sagte: \u201eIch m\u00f6chte Clare Bailey und ihrem Team ein gro\u00dfes Lob daf\u00fcr aussprechen, dass sie dieses Gesetz in die Tat umgesetzt haben. Ich m\u00f6chte auch den Aktivisten an der Basis meine Anerkennung aussprechen, die sich seit vielen Jahren f\u00fcr dieses Gesetz eingesetzt haben.\u201c<\/p>\n\n\n\n<p>\u201eDies bedeutet, dass die vors\u00e4tzliche Kampagne der Einsch\u00fcchterung und Bel\u00e4stigung von Frauen und Menschen, die Abtreibungsdienste in Anspruch nehmen m\u00fcssen, ein Ende hat. Ich freue mich darauf, dass die Menschen in der Lage sein werden, legal, vor Ort und sicher Zugang zu Abtreibungs- und reproduktiven Gesundheitsdiensten zu erhalten.\u201c<\/p>\n","protected":false},"excerpt":{"rendered":"<p>Die Gesetzgebung zur Schaffung protestfreier Pufferzonen um Abtreibungskliniken in Nordirland hat die k\u00f6nigliche Zustimmung erhalten und ist damit Gesetz geworden.<\/p>\n","protected":false},"author":623,"featured_media":182570,"comment_status":"open","ping_status":"open","sticky":false,"template":"","format":"standard","meta":{"give_campaign_id":0,"om_disable_all_campaigns":false,"_monsterinsights_skip_tracking":false,"_monsterinsights_sitenote_active":false,"_monsterinsights_sitenote_note":"","_monsterinsights_sitenote_category":0,"mc4wp_mailchimp_campaign":[],"jnews-multi-image_gallery":[],"jnews_single_post":{"subtitle":"Die Gesetzgebung zur Schaffung protestfreier Pufferzonen um Abtreibungskliniken in Nordirland hat die k\u00f6nigliche Zustimmung erhalten und ist damit Gesetz geworden.","format":"standard","video":"","gallery":"","source_name":"","source_url":"","via_name":"","via_url":"","override_template":"0","override":[{"template":"2","single_blog_custom":"","parallax":"1","fullscreen":"1","layout":"right-sidebar-narrow","sidebar":"default-sidebar","second_sidebar":"default-sidebar","sticky_sidebar":"1","share_position":"float","share_float_style":"share-normal","show_share_counter":"1","show_view_counter":"1","show_featured":"1","show_post_meta":"1","show_post_author":"1","show_post_author_image":"1","show_post_date":"1","post_date_format":"default","post_date_format_custom":"Y\/m\/d","show_post_category":"1","show_post_reading_time":"1","post_reading_time_wpm":"300","show_zoom_button":"0","zoom_button_out_step":"2","zoom_button_in_step":"3","show_post_tag":"1","show_prev_next_post":"0","show_popup_post":"0","number_popup_post":"1","show_author_box":"1","show_post_related":"0","show_inline_post_related":"0"}],"override_image_size":"0","image_override":[{"single_post_thumbnail_size":"crop-715","single_post_gallery_size":"crop-715"}],"trending_post":"0","trending_post_position":"meta","trending_post_label":"Trending","sponsored_post":"0","sponsored_post_label":"Sponsored by","sponsored_post_name":"","sponsored_post_url":"","sponsored_post_logo_enable":"0","sponsored_post_logo":"","sponsored_post_desc":"","disable_ad":"0"},"jnews_primary_category":{"id":"820"},"jnews_social_meta":{"fb_title":"","fb_description":"","fb_image":"","twitter_title":"","twitter_description":"","twitter_image":""},"jnews_override_counter":{"override_view_counter":"0","view_counter_number":"0","override_share_counter":"0","share_counter_number":"0","override_like_counter":"0","like_counter_number":"0","override_dislike_counter":"0","dislike_counter_number":"0"},"footnotes":""},"categories":[816,820,811],"tags":[20423,4877,17172,8397,6653],"class_list":["post-182569","post","type-post","status-publish","format-standard","has-post-thumbnail","hentry","category-breaking-news-de","category-leben","category-foreground-de","tag-abtreibungsklinik","tag-irland","tag-leben-de","tag-lebensschutzbewegung","tag-lebensschuetzer"],"yoast_head":"<!-- This site is optimized with the Yoast SEO Premium plugin v25.9 (Yoast SEO v27.3) - https:\/\/yoast.com\/product\/yoast-seo-premium-wordpress\/ -->\n<title>Pufferzonen f\u00fcr Abtreibungen in Nordirland jetzt Gesetz - IFN<\/title>\n<meta name=\"description\" content=\"Die Gesetzgebung zur Schaffung protestfreier Pufferzonen um Abtreibungskliniken in Nordirland hat die k\u00f6nigliche Zustimmung erhalten und ist damit Gesetz geworden.\" \/>\n<meta name=\"robots\" content=\"index, follow, max-snippet:-1, max-image-preview:large, max-video-preview:-1\" \/>\n<link rel=\"canonical\" href=\"https:\/\/ifamnews.com\/de\/pufferzonen-f-r-abtreibungen-in-nordirland-jetzt-gesetz\" \/>\n<meta property=\"og:locale\" content=\"de_DE\" \/>\n<meta property=\"og:type\" content=\"article\" \/>\n<meta property=\"og:title\" content=\"Pufferzonen f\u00fcr Abtreibungen in Nordirland jetzt Gesetz\" \/>\n<meta property=\"og:description\" content=\"Die Gesetzgebung zur Schaffung protestfreier Pufferzonen um Abtreibungskliniken in Nordirland hat die k\u00f6nigliche Zustimmung erhalten und ist damit Gesetz geworden.\" \/>\n<meta property=\"og:url\" content=\"https:\/\/ifamnews.com\/de\/pufferzonen-f-r-abtreibungen-in-nordirland-jetzt-gesetz\" \/>\n<meta property=\"og:site_name\" content=\"IFN\" \/>\n<meta property=\"article:publisher\" content=\"https:\/\/www.facebook.com\/iFamNews\" \/>\n<meta property=\"article:author\" content=\"https:\/\/www.facebook.com\/iFamNews\/\" \/>\n<meta property=\"article:published_time\" content=\"2023-02-28T06:00:00+00:00\" \/>\n<meta property=\"article:modified_time\" content=\"2023-03-09T21:13:36+00:00\" \/>\n<meta property=\"og:image\" content=\"https:\/\/ifamnews.com\/wp-content\/uploads\/2023\/02\/Pro-Life-Demonstration.jpg\" \/>\n\t<meta property=\"og:image:width\" content=\"2047\" \/>\n\t<meta property=\"og:image:height\" content=\"1365\" \/>\n\t<meta property=\"og:image:type\" content=\"image\/jpeg\" \/>\n<meta name=\"author\" content=\"iFamNews Germany\" \/>\n<meta name=\"twitter:card\" content=\"summary_large_image\" \/>\n<meta name=\"twitter:creator\" content=\"@https:\/\/twitter.com\/iFamNewsDE\" \/>\n<meta name=\"twitter:site\" content=\"@iFamNewsEN\" \/>\n<meta name=\"twitter:label1\" content=\"Verfasst von\" \/>\n\t<meta name=\"twitter:data1\" content=\"IFN Deutschland\" \/>\n\t<meta name=\"twitter:label2\" content=\"Gesch\u00e4tzte Lesezeit\" \/>\n\t<meta name=\"twitter:data2\" content=\"2\u00a0Minuten\" \/>\n<!-- \/ Yoast SEO Premium plugin. -->","yoast_head_json":{"title":"Pufferzonen f\u00fcr Abtreibungen in Nordirland jetzt Gesetz - IFN","description":"Die Gesetzgebung zur Schaffung protestfreier Pufferzonen um Abtreibungskliniken in Nordirland hat die k\u00f6nigliche Zustimmung erhalten und ist damit Gesetz geworden.","robots":{"index":"index","follow":"follow","max-snippet":"max-snippet:-1","max-image-preview":"max-image-preview:large","max-video-preview":"max-video-preview:-1"},"canonical":"https:\/\/ifamnews.com\/de\/pufferzonen-f-r-abtreibungen-in-nordirland-jetzt-gesetz","og_locale":"de_DE","og_type":"article","og_title":"Pufferzonen f\u00fcr Abtreibungen in Nordirland jetzt Gesetz","og_description":"Die Gesetzgebung zur Schaffung protestfreier Pufferzonen um Abtreibungskliniken in Nordirland hat die k\u00f6nigliche Zustimmung erhalten und ist damit Gesetz geworden.","og_url":"https:\/\/ifamnews.com\/de\/pufferzonen-f-r-abtreibungen-in-nordirland-jetzt-gesetz","og_site_name":"IFN","article_publisher":"https:\/\/www.facebook.com\/iFamNews","article_author":"https:\/\/www.facebook.com\/iFamNews\/","article_published_time":"2023-02-28T06:00:00+00:00","article_modified_time":"2023-03-09T21:13:36+00:00","og_image":[{"width":2047,"height":1365,"url":"https:\/\/ifamnews.com\/wp-content\/uploads\/2023\/02\/Pro-Life-Demonstration.jpg","type":"image\/jpeg"}],"author":"iFamNews Germany","twitter_card":"summary_large_image","twitter_creator":"@https:\/\/twitter.com\/iFamNewsDE","twitter_site":"@iFamNewsEN","twitter_misc":{"Verfasst von":"IFN Deutschland","Gesch\u00e4tzte Lesezeit":"2\u00a0Minuten"},"schema":{"@context":"https:\/\/schema.org","@graph":[{"@type":"NewsArticle","@id":"https:\/\/ifamnews.com\/de\/pufferzonen-f-r-abtreibungen-in-nordirland-jetzt-gesetz#article","isPartOf":{"@id":"https:\/\/ifamnews.com\/de\/pufferzonen-f-r-abtreibungen-in-nordirland-jetzt-gesetz"},"author":{"name":"iFamNews Germany","@id":"https:\/\/ifamnews.com\/en\/#\/schema\/person\/82ec6d77f1c630266e2c3a9e8643b439"},"headline":"Pufferzonen f\u00fcr Abtreibungen in Nordirland jetzt Gesetz","datePublished":"2023-02-28T06:00:00+00:00","dateModified":"2023-03-09T21:13:36+00:00","mainEntityOfPage":{"@id":"https:\/\/ifamnews.com\/de\/pufferzonen-f-r-abtreibungen-in-nordirland-jetzt-gesetz"},"wordCount":251,"commentCount":0,"publisher":{"@id":"https:\/\/ifamnews.com\/en\/#organization"},"image":{"@id":"https:\/\/ifamnews.com\/de\/pufferzonen-f-r-abtreibungen-in-nordirland-jetzt-gesetz#primaryimage"},"thumbnailUrl":"https:\/\/ifamnews.com\/wp-content\/uploads\/2023\/02\/Pro-Life-Demonstration.jpg","keywords":["Abtreibungsklinik","Irland","Leben","Lebensschutzbewegung","Lebenssch\u00fctzer"],"articleSection":["Breaking News","Leben","Vordergrund"],"inLanguage":"de","potentialAction":[{"@type":"CommentAction","name":"Comment","target":["https:\/\/ifamnews.com\/de\/pufferzonen-f-r-abtreibungen-in-nordirland-jetzt-gesetz#respond"]}]},{"@type":"WebPage","@id":"https:\/\/ifamnews.com\/de\/pufferzonen-f-r-abtreibungen-in-nordirland-jetzt-gesetz","url":"https:\/\/ifamnews.com\/de\/pufferzonen-f-r-abtreibungen-in-nordirland-jetzt-gesetz","name":"Pufferzonen f\u00fcr Abtreibungen in Nordirland jetzt Gesetz - IFN","isPartOf":{"@id":"https:\/\/ifamnews.com\/en\/#website"},"primaryImageOfPage":{"@id":"https:\/\/ifamnews.com\/de\/pufferzonen-f-r-abtreibungen-in-nordirland-jetzt-gesetz#primaryimage"},"image":{"@id":"https:\/\/ifamnews.com\/de\/pufferzonen-f-r-abtreibungen-in-nordirland-jetzt-gesetz#primaryimage"},"thumbnailUrl":"https:\/\/ifamnews.com\/wp-content\/uploads\/2023\/02\/Pro-Life-Demonstration.jpg","datePublished":"2023-02-28T06:00:00+00:00","dateModified":"2023-03-09T21:13:36+00:00","description":"Die Gesetzgebung zur Schaffung protestfreier Pufferzonen um Abtreibungskliniken in Nordirland hat die k\u00f6nigliche Zustimmung erhalten und ist damit Gesetz geworden.","breadcrumb":{"@id":"https:\/\/ifamnews.com\/de\/pufferzonen-f-r-abtreibungen-in-nordirland-jetzt-gesetz#breadcrumb"},"inLanguage":"de","potentialAction":[{"@type":"ReadAction","target":["https:\/\/ifamnews.com\/de\/pufferzonen-f-r-abtreibungen-in-nordirland-jetzt-gesetz"]}]},{"@type":"ImageObject","inLanguage":"de","@id":"https:\/\/ifamnews.com\/de\/pufferzonen-f-r-abtreibungen-in-nordirland-jetzt-gesetz#primaryimage","url":"https:\/\/ifamnews.com\/wp-content\/uploads\/2023\/02\/Pro-Life-Demonstration.jpg","contentUrl":"https:\/\/ifamnews.com\/wp-content\/uploads\/2023\/02\/Pro-Life-Demonstration.jpg","width":2047,"height":1365,"caption":"Lebenssch\u00fctzer beim Gebet\/Bild: The Times"},{"@type":"BreadcrumbList","@id":"https:\/\/ifamnews.com\/de\/pufferzonen-f-r-abtreibungen-in-nordirland-jetzt-gesetz#breadcrumb","itemListElement":[{"@type":"ListItem","position":1,"name":"Home","item":"https:\/\/ifamnews.com\/de"},{"@type":"ListItem","position":2,"name":"Leben","item":"https:\/\/ifamnews.com\/de\/kategorie\/leben"},{"@type":"ListItem","position":3,"name":"Pufferzonen f\u00fcr Abtreibungen in Nordirland jetzt Gesetz"}]},{"@type":"WebSite","@id":"https:\/\/ifamnews.com\/en\/#website","url":"https:\/\/ifamnews.com\/en\/","name":"IFN","description":"International Family News Network","publisher":{"@id":"https:\/\/ifamnews.com\/en\/#organization"},"potentialAction":[{"@type":"SearchAction","target":{"@type":"EntryPoint","urlTemplate":"https:\/\/ifamnews.com\/en\/?s={search_term_string}"},"query-input":{"@type":"PropertyValueSpecification","valueRequired":true,"valueName":"search_term_string"}}],"inLanguage":"de"},{"@type":"Organization","@id":"https:\/\/ifamnews.com\/en\/#organization","name":"iFamNews","url":"https:\/\/ifamnews.com\/en\/","logo":{"@type":"ImageObject","inLanguage":"de","@id":"https:\/\/ifamnews.com\/en\/#\/schema\/logo\/image\/","url":"https:\/\/ifamnews.com\/wp-content\/uploads\/2020\/01\/Share-logo.png","contentUrl":"https:\/\/ifamnews.com\/wp-content\/uploads\/2020\/01\/Share-logo.png","width":200,"height":200,"caption":"iFamNews"},"image":{"@id":"https:\/\/ifamnews.com\/en\/#\/schema\/logo\/image\/"},"sameAs":["https:\/\/www.facebook.com\/iFamNews","https:\/\/x.com\/iFamNewsEN"]},{"@type":"Person","@id":"https:\/\/ifamnews.com\/en\/#\/schema\/person\/82ec6d77f1c630266e2c3a9e8643b439","name":"iFamNews Germany","image":{"@type":"ImageObject","inLanguage":"de","@id":"https:\/\/secure.gravatar.com\/avatar\/c51b977100a05a1448d61b80953be1e3192e0be236d631062ca6a59c6f9a879b?s=96&d=mm&r=g","url":"https:\/\/secure.gravatar.com\/avatar\/c51b977100a05a1448d61b80953be1e3192e0be236d631062ca6a59c6f9a879b?s=96&d=mm&r=g","contentUrl":"https:\/\/secure.gravatar.com\/avatar\/c51b977100a05a1448d61b80953be1e3192e0be236d631062ca6a59c6f9a879b?s=96&d=mm&r=g","caption":"iFamNews Germany"},"description":"Articles published by the German iFamNews editorial team.","sameAs":["https:\/\/ifamnews.com\/de","https:\/\/www.facebook.com\/iFamNews\/","https:\/\/x.com\/https:\/\/twitter.com\/iFamNewsDE","https:\/\/www.youtube.com\/channel\/UCMVyIt4z9BANW3d09kwfUpw"],"url":"https:\/\/ifamnews.com\/de\/author\/redaktion"}]}},"amp_enabled":true,"_links":{"self":[{"href":"https:\/\/ifamnews.com\/de\/wp-json\/wp\/v2\/posts\/182569","targetHints":{"allow":["GET"]}}],"collection":[{"href":"https:\/\/ifamnews.com\/de\/wp-json\/wp\/v2\/posts"}],"about":[{"href":"https:\/\/ifamnews.com\/de\/wp-json\/wp\/v2\/types\/post"}],"author":[{"embeddable":true,"href":"https:\/\/ifamnews.com\/de\/wp-json\/wp\/v2\/users\/623"}],"replies":[{"embeddable":true,"href":"https:\/\/ifamnews.com\/de\/wp-json\/wp\/v2\/comments?post=182569"}],"version-history":[{"count":1,"href":"https:\/\/ifamnews.com\/de\/wp-json\/wp\/v2\/posts\/182569\/revisions"}],"predecessor-version":[{"id":182579,"href":"https:\/\/ifamnews.com\/de\/wp-json\/wp\/v2\/posts\/182569\/revisions\/182579"}],"wp:featuredmedia":[{"embeddable":true,"href":"https:\/\/ifamnews.com\/de\/wp-json\/wp\/v2\/media\/182570"}],"wp:attachment":[{"href":"https:\/\/ifamnews.com\/de\/wp-json\/wp\/v2\/media?parent=182569"}],"wp:term":[{"taxonomy":"category","embeddable":true,"href":"https:\/\/ifamnews.com\/de\/wp-json\/wp\/v2\/categories?post=182569"},{"taxonomy":"post_tag","embeddable":true,"href":"https:\/\/ifamnews.com\/de\/wp-json\/wp\/v2\/tags?post=182569"}],"curies":[{"name":"wp","href":"https:\/\/api.w.org\/{rel}","templated":true}]}}