{"id":18251,"date":"2020-06-02T05:54:20","date_gmt":"2020-06-02T10:54:20","guid":{"rendered":"https:\/\/ifamnews.com\/?p=18251"},"modified":"2020-06-02T05:54:25","modified_gmt":"2020-06-02T10:54:25","slug":"glaube-und-kinderwunsch-in-china-und-vietnam-eng-verbunden","status":"publish","type":"post","link":"https:\/\/ifamnews.com\/de\/glaube-und-kinderwunsch-in-china-und-vietnam-eng-verbunden","title":{"rendered":"Glaube und Kinderwunsch: in China und Vietnam eng verbunden"},"content":{"rendered":"\n<p>In ganz Europa sinkt die Geburtenrate: Auf dem alten\nKontinent hat die Zahl der Todesf\u00e4lle seit 2018 die Zahl der Geburten\n\u00fcberschritten. Seit jeher studiert man die Beziehung zwischen Geburtenrate und\nFamilienpolitik bei jungen Paaren und ob sie sich entscheiden, Kinder zu\nbekommen, um einen Kinderbonus einzustreichen. An \u00dcberraschungen mangelt es nicht,\nwenn beispielsweise die Geburtenrate in Finnland \u2013 dem Land, in dem immer die\ngr\u00f6\u00dften wirtschaftlichen Beitr\u00e4ge f\u00fcr junge M\u00fctter geleistet werden \u2013\ndramatisch sinkt. <\/p>\n\n\n\n<p>Kurzum: vielversprechende finanzielle Vorteile reichen nicht\naus, um Paare davon zu \u00fcberzeugen, Kinder zu bekommen.<\/p>\n\n\n\n<p>Welche Beziehung besteht aber zwischen Geburtenrate und Glauben?\nEin deutliches Beispiel ist der Islam, die Religion mit der h\u00f6chsten\nGeburtenrate \u00fcberhaupt. Man denke einmal daran, dass in Italien im Jahr 2019 im\nVergleich zum Vorjahr 127,000 Menschen mit muslimischem Glauben zur Welt\ngekommen sind, w\u00e4hrend das Christentum um 145,000 Personen geschrumpft ist. <\/p>\n\n\n\n<p>Trotzdem scheint das Christentum doch noch etwas zu sagen zu\nhaben, denn \u00fcberraschende Statistiken stammen aus den L\u00e4ndern, in denen der Gedanke\nan eine gro\u00dfe Familie verr\u00fcckt erscheint: Vietnam und China.<\/p>\n\n\n\n<p><strong>Die Kirche widersetzt\nsich<\/strong><\/p>\n\n\n\n<p>Bis vor einigen Jahren war in Vietnam eine von China\ninspirierte Familienpolitik in Kraft: Jede Familie durfte nur maximal zwei\nKinder haben. Die landesweite Fruchtbarkeitsrate liegt bei 2,03 Kindern pro\nFrau, die Fruchtbarkeitsrate der katholischen Bev\u00f6lkerung liegt bei 2,28\nKindern. Ein Unterschied, der durch den Vergleich der Geburtenraten der\nvietnamesischen Landbev\u00f6lkerung (zwei Drittel der Gesamtbev\u00f6lkerung) best\u00e4tigt\nund verst\u00e4rkt wird: die allgemeine Geburtenrate auf dem Land betr\u00e4gt 2,14 und\nin der katholischen Bev\u00f6lkerung 2,53.<\/p>\n\n\n\n<p>Wenn sie Vietnam von oben betrachten, k\u00f6nnen Sie auf der\nKarte nach den bev\u00f6lkerungsreichsten Di\u00f6zesen des Landes suchen: Es handelt\nsich um die Di\u00f6zesen Phat Diem in der Provinz Nihn Binh und der Di\u00f6zese Bui Chu\nin der Provinz Nam Dinh, beide in Nordvietnam, und die Di\u00f6zesen Xuan Loc in\nS\u00fcdvietnam. In diesen Gebieten, die als das katholische Herz des Landes gelten,\nliegt die Geburtenrate sogar bei 2,74 Kindern. <\/p>\n\n\n\n<p>Es darf nicht vergessen werden, dass die vietnamesische\nkatholische Kirche unter Verfolgung leidet. Eine Doppelkirche existiert hier \u2013\nanders als in China \u2013 nicht, eine offizielle, vom Regime anerkannte und eine\ngeheime Kirche im Untergrund. <\/p>\n\n\n\n<p>Die Katholische Kirche in Vietnam kann zwar offen\npraktizieren, aber sie muss sich dennoch gegen viele \u00dcbel zur Wehr setzen,\nviele davon aus dem Westen, wie der Hedonismus, die Gier und der Materialismus.\nMali finanziert sich durch Geld aus dem Sextourismus, vor allem von Personen\naus dem Westen; denselben Touristen, die in den traurigen Stra\u00dfen von Phan Ngu\nLao die vietnamesischen Frauen ausbeuten. Es scheint ein tragischer Scherz zu\nsein, das diese Stra\u00dfe sich nur wenige Meter von der Kathedrale Notre Dame in\nder Ho-Chi-Minh-Stadt befindet.<\/p>\n\n\n\n<p><strong>Die vor dem\nkommunistischen Regime versteckten Kinder<\/strong><\/p>\n\n\n\n<p>Heikler ist die Lage f\u00fcr die katholischen Gl\u00e4ubigen in\nChina, wo es fast unm\u00f6glich ist, vom kommunistischen Regime \u00fcber die\nReligionsgemeinschaften des Landes zu erhalten. <\/p>\n\n\n\n<p>Dieselben allgemeinen Daten zur Geburtenrate werden h\u00e4ufig\nnach oben manipuliert, um die kompromisslose Politik gegen Geburten zu\nrechtfertigen. Um ein vielleicht vollst\u00e4ndiges, aber reales Bild von dem zu\nbekommen, was in China geschieht, muss man die rieseigen Metropolen verlassen\nund sich in die l\u00e4ndlichen D\u00f6rfer begeben, kurz gesagt, an jene Orten, an denen\nes noch immer Momente der Freiheit gibt, und man dem Regime entkommen kann. <\/p>\n\n\n\n<p>Zum Beispiel im Landkreis Qingxu in der N\u00e4he von Taiyuan,\neinem katholischen Dorf mit \u00fcber 10,000 Einwohnern. Nach dem Ende der Mao\nZedong-\u00c4ra (1893-1976) wurde hier eine majest\u00e4tische Kathedrale errichtet, in\nder t\u00e4glich hunderte von Menschen und Kindern an der Messe teilnehmen. Ja,\ntrotz dem wachsamen Auge des Regimes, gibt es in diesem Landstrich viele Kinder,\nviel mehr als von der Politik zugelassen werden. L\u00e4ndliche D\u00f6rfer werden\nnormalweise von Senioren bewohnt, weil die jungen Menschen auf der Suche nach\ndem Gl\u00fcck in die gro\u00dfen St\u00e4dte ziehen.<\/p>\n\n\n\n<p>Anders ist es in Qingxu, wo die Situation umgehet ist. Das Geheimrezept\nliegt hier an den Bindungen der Gemeinschaft: Familien leben eng zusammen,\nhelfen sich gegenseitig, sind bereits f\u00fcreinander Risiken einzugehen, auch um\ndie Neugeborenen vor dem Regime zu verteidigen und alle zusammen zahlen die\nhohen Geldstrafen, die jene auferlegt werden, sie sich nicht vor der Regierung\nbeugen und mehrere Kinder haben. <\/p>\n\n\n\n<p>Ein \u00fcberraschendes Bild, beschrieben von Anthony Clark an\nder Universit\u00e4t von Whitworth, der diese D\u00f6rfer besuchte und sprachlos \u00fcber die\nLebendigkeit des christlichen Lebens dort war. Selbst im nahe gelegenen Dorf\nLiuhecun zogen Katholiken es vor, dem Katechismus der Katholischen Kirche zu\nfolgen, als dem kommunistischen Regime, und der Kinderdurchschnitt der Familien\nliegt hier bei 5 Kindern pro Familie.<\/p>\n\n\n\n<p>Die gr\u00f6\u00dfte Bedrohung dieser Gemeinschaften ist die um sich\ngreifende Verst\u00e4dterung, weil in den Gro\u00dfst\u00e4dten die Freiheit nur ein Schein\nbleibt und die Bev\u00f6lkerung von dem Regime in jederlei Hinsicht kontrolliert\nwird, was mit Familienplanung, Verh\u00fctung und Abtreibung einhergeht. <\/p>\n\n\n\n<p>Die eigentliche Frage also lautet: Werden diese kleinen\nD\u00f6rfer noch lange \u00fcberdauern? Alte Orten, an denen verr\u00fcckte kleine Bauern, die\ndurch die vielbefahrenen Stra\u00dfen der Metropolen eilen, zu Hause sind und\nfreundliche Gesichter haben und bereit sind, jeden Tag ein Risiko einzugehen,\num ein neugeborenes Leben zu retten.<\/p>\n","protected":false},"excerpt":{"rendered":"<p>Trotz Verfolgung und familienfeindlicher Politik: in den katholischen Gemeinden erh\u00f6hen sich Geburtsraten.<\/p>\n","protected":false},"author":13,"featured_media":18115,"comment_status":"open","ping_status":"open","sticky":false,"template":"","format":"standard","meta":{"give_campaign_id":0,"om_disable_all_campaigns":false,"_monsterinsights_skip_tracking":false,"_monsterinsights_sitenote_active":false,"_monsterinsights_sitenote_note":"","_monsterinsights_sitenote_category":0,"mc4wp_mailchimp_campaign":[],"jnews-multi-image_gallery":[],"jnews_single_post":{"subtitle":"Trotz Verfolgung und familienfeindlicher Politik: in den katholischen Gemeinden erh\u00f6hen sich Geburtsraten","format":"standard","video":"","gallery":"","source_name":"","source_url":"","via_name":"","via_url":"","override":[{"single_blog_custom":"","sidebar":"","second_sidebar":"","share_position":"","share_float_style":"","post_date_format":"","post_date_format_custom":"","post_reading_time_wpm":"","zoom_button_out_step":"1","zoom_button_in_step":"1","number_popup_post":"1"}],"image_override":[{"single_post_thumbnail_size":"","single_post_gallery_size":""}],"trending_post_position":"","trending_post_label":""},"jnews_primary_category":{"id":"820"},"jnews_social_meta":{"fb_title":"","fb_description":"","fb_image":"","twitter_title":"","twitter_description":"","twitter_image":""},"jnews_override_counter":{"view_counter_number":"0","share_counter_number":"0","like_counter_number":"0","dislike_counter_number":"0"},"footnotes":""},"categories":[770,820,768,811],"tags":[6405,3970,3802],"class_list":["post-18251","post","type-post","status-publish","format-standard","has-post-thumbnail","hentry","category-familie","category-leben","category-politik","category-foreground-de","tag-chiesa-cattolica-de","tag-china-2","tag-familienpolitik"],"yoast_head":"<!-- This site is optimized with the Yoast SEO Premium plugin v25.9 (Yoast SEO v27.3) - https:\/\/yoast.com\/product\/yoast-seo-premium-wordpress\/ -->\n<title>Glaube und Kinderwunsch: in China und Vietnam eng verbunden - IFN<\/title>\n<meta name=\"robots\" content=\"index, follow, max-snippet:-1, max-image-preview:large, max-video-preview:-1\" \/>\n<link rel=\"canonical\" href=\"https:\/\/ifamnews.com\/de\/glaube-und-kinderwunsch-in-china-und-vietnam-eng-verbunden\" \/>\n<meta property=\"og:locale\" content=\"de_DE\" \/>\n<meta property=\"og:type\" content=\"article\" \/>\n<meta property=\"og:title\" content=\"Glaube und Kinderwunsch: in China und Vietnam eng verbunden\" \/>\n<meta property=\"og:description\" content=\"Trotz Verfolgung und familienfeindlicher Politik: in den katholischen Gemeinden erh\u00f6hen sich Geburtsraten.\" \/>\n<meta property=\"og:url\" content=\"https:\/\/ifamnews.com\/de\/glaube-und-kinderwunsch-in-china-und-vietnam-eng-verbunden\" \/>\n<meta property=\"og:site_name\" content=\"IFN\" \/>\n<meta property=\"article:publisher\" content=\"https:\/\/www.facebook.com\/iFamNews\" \/>\n<meta property=\"article:author\" content=\"https:\/\/it-it.facebook.com\/IlparcodiGiacomo\/\" \/>\n<meta property=\"article:published_time\" content=\"2020-06-02T10:54:20+00:00\" \/>\n<meta property=\"article:modified_time\" content=\"2020-06-02T10:54:25+00:00\" \/>\n<meta property=\"og:image\" content=\"https:\/\/ifamnews.com\/wp-content\/uploads\/2020\/05\/Ragazzo-Vietnam-lanterna.-Image-by-Sasin-Tipchai-from-Pixabay.jpg\" \/>\n\t<meta property=\"og:image:width\" content=\"1920\" \/>\n\t<meta property=\"og:image:height\" content=\"1281\" \/>\n\t<meta property=\"og:image:type\" content=\"image\/jpeg\" \/>\n<meta name=\"author\" content=\"Giacomo Bertoni\" \/>\n<meta name=\"twitter:card\" content=\"summary_large_image\" \/>\n<meta name=\"twitter:creator\" content=\"@https:\/\/twitter.com\/ParcodiGiacomo\" \/>\n<meta name=\"twitter:site\" content=\"@iFamNewsEN\" \/>\n<meta name=\"twitter:label1\" content=\"Verfasst von\" \/>\n\t<meta name=\"twitter:data1\" content=\"Giacomo Bertoni\" \/>\n\t<meta name=\"twitter:label2\" content=\"Gesch\u00e4tzte Lesezeit\" \/>\n\t<meta name=\"twitter:data2\" content=\"4\u00a0Minuten\" \/>\n<!-- \/ Yoast SEO Premium plugin. -->","yoast_head_json":{"title":"Glaube und Kinderwunsch: in China und Vietnam eng verbunden - IFN","robots":{"index":"index","follow":"follow","max-snippet":"max-snippet:-1","max-image-preview":"max-image-preview:large","max-video-preview":"max-video-preview:-1"},"canonical":"https:\/\/ifamnews.com\/de\/glaube-und-kinderwunsch-in-china-und-vietnam-eng-verbunden","og_locale":"de_DE","og_type":"article","og_title":"Glaube und Kinderwunsch: in China und Vietnam eng verbunden","og_description":"Trotz Verfolgung und familienfeindlicher Politik: in den katholischen Gemeinden erh\u00f6hen sich Geburtsraten.","og_url":"https:\/\/ifamnews.com\/de\/glaube-und-kinderwunsch-in-china-und-vietnam-eng-verbunden","og_site_name":"IFN","article_publisher":"https:\/\/www.facebook.com\/iFamNews","article_author":"https:\/\/it-it.facebook.com\/IlparcodiGiacomo\/","article_published_time":"2020-06-02T10:54:20+00:00","article_modified_time":"2020-06-02T10:54:25+00:00","og_image":[{"width":1920,"height":1281,"url":"https:\/\/ifamnews.com\/wp-content\/uploads\/2020\/05\/Ragazzo-Vietnam-lanterna.-Image-by-Sasin-Tipchai-from-Pixabay.jpg","type":"image\/jpeg"}],"author":"Giacomo Bertoni","twitter_card":"summary_large_image","twitter_creator":"@https:\/\/twitter.com\/ParcodiGiacomo","twitter_site":"@iFamNewsEN","twitter_misc":{"Verfasst von":"Giacomo Bertoni","Gesch\u00e4tzte Lesezeit":"4\u00a0Minuten"},"schema":{"@context":"https:\/\/schema.org","@graph":[{"@type":"NewsArticle","@id":"https:\/\/ifamnews.com\/de\/glaube-und-kinderwunsch-in-china-und-vietnam-eng-verbunden#article","isPartOf":{"@id":"https:\/\/ifamnews.com\/de\/glaube-und-kinderwunsch-in-china-und-vietnam-eng-verbunden"},"author":{"name":"Giacomo Bertoni","@id":"https:\/\/ifamnews.com\/en\/#\/schema\/person\/5a21aea3de40946073f9cdf6051e2f6e"},"headline":"Glaube und Kinderwunsch: in China und Vietnam eng verbunden","datePublished":"2020-06-02T10:54:20+00:00","dateModified":"2020-06-02T10:54:25+00:00","mainEntityOfPage":{"@id":"https:\/\/ifamnews.com\/de\/glaube-und-kinderwunsch-in-china-und-vietnam-eng-verbunden"},"wordCount":881,"commentCount":0,"publisher":{"@id":"https:\/\/ifamnews.com\/en\/#organization"},"image":{"@id":"https:\/\/ifamnews.com\/de\/glaube-und-kinderwunsch-in-china-und-vietnam-eng-verbunden#primaryimage"},"thumbnailUrl":"https:\/\/ifamnews.com\/wp-content\/uploads\/2020\/05\/Ragazzo-Vietnam-lanterna.-Image-by-Sasin-Tipchai-from-Pixabay.jpg","keywords":["Chiesa Cattolica","China","Familienpolitik"],"articleSection":["Familie","Leben","Politik","Vordergrund"],"inLanguage":"de","potentialAction":[{"@type":"CommentAction","name":"Comment","target":["https:\/\/ifamnews.com\/de\/glaube-und-kinderwunsch-in-china-und-vietnam-eng-verbunden#respond"]}]},{"@type":"WebPage","@id":"https:\/\/ifamnews.com\/de\/glaube-und-kinderwunsch-in-china-und-vietnam-eng-verbunden","url":"https:\/\/ifamnews.com\/de\/glaube-und-kinderwunsch-in-china-und-vietnam-eng-verbunden","name":"Glaube und Kinderwunsch: in China und Vietnam eng verbunden - IFN","isPartOf":{"@id":"https:\/\/ifamnews.com\/en\/#website"},"primaryImageOfPage":{"@id":"https:\/\/ifamnews.com\/de\/glaube-und-kinderwunsch-in-china-und-vietnam-eng-verbunden#primaryimage"},"image":{"@id":"https:\/\/ifamnews.com\/de\/glaube-und-kinderwunsch-in-china-und-vietnam-eng-verbunden#primaryimage"},"thumbnailUrl":"https:\/\/ifamnews.com\/wp-content\/uploads\/2020\/05\/Ragazzo-Vietnam-lanterna.-Image-by-Sasin-Tipchai-from-Pixabay.jpg","datePublished":"2020-06-02T10:54:20+00:00","dateModified":"2020-06-02T10:54:25+00:00","breadcrumb":{"@id":"https:\/\/ifamnews.com\/de\/glaube-und-kinderwunsch-in-china-und-vietnam-eng-verbunden#breadcrumb"},"inLanguage":"de","potentialAction":[{"@type":"ReadAction","target":["https:\/\/ifamnews.com\/de\/glaube-und-kinderwunsch-in-china-und-vietnam-eng-verbunden"]}]},{"@type":"ImageObject","inLanguage":"de","@id":"https:\/\/ifamnews.com\/de\/glaube-und-kinderwunsch-in-china-und-vietnam-eng-verbunden#primaryimage","url":"https:\/\/ifamnews.com\/wp-content\/uploads\/2020\/05\/Ragazzo-Vietnam-lanterna.-Image-by-Sasin-Tipchai-from-Pixabay.jpg","contentUrl":"https:\/\/ifamnews.com\/wp-content\/uploads\/2020\/05\/Ragazzo-Vietnam-lanterna.-Image-by-Sasin-Tipchai-from-Pixabay.jpg","width":1920,"height":1281,"caption":"Image by Sasin Tipchai from Pixabay"},{"@type":"BreadcrumbList","@id":"https:\/\/ifamnews.com\/de\/glaube-und-kinderwunsch-in-china-und-vietnam-eng-verbunden#breadcrumb","itemListElement":[{"@type":"ListItem","position":1,"name":"Home","item":"https:\/\/ifamnews.com\/de"},{"@type":"ListItem","position":2,"name":"Leben","item":"https:\/\/ifamnews.com\/de\/kategorie\/leben"},{"@type":"ListItem","position":3,"name":"Glaube und Kinderwunsch: in China und Vietnam eng verbunden"}]},{"@type":"WebSite","@id":"https:\/\/ifamnews.com\/en\/#website","url":"https:\/\/ifamnews.com\/en\/","name":"IFN","description":"International Family News Network","publisher":{"@id":"https:\/\/ifamnews.com\/en\/#organization"},"potentialAction":[{"@type":"SearchAction","target":{"@type":"EntryPoint","urlTemplate":"https:\/\/ifamnews.com\/en\/?s={search_term_string}"},"query-input":{"@type":"PropertyValueSpecification","valueRequired":true,"valueName":"search_term_string"}}],"inLanguage":"de"},{"@type":"Organization","@id":"https:\/\/ifamnews.com\/en\/#organization","name":"iFamNews","url":"https:\/\/ifamnews.com\/en\/","logo":{"@type":"ImageObject","inLanguage":"de","@id":"https:\/\/ifamnews.com\/en\/#\/schema\/logo\/image\/","url":"https:\/\/ifamnews.com\/wp-content\/uploads\/2020\/01\/Share-logo.png","contentUrl":"https:\/\/ifamnews.com\/wp-content\/uploads\/2020\/01\/Share-logo.png","width":200,"height":200,"caption":"iFamNews"},"image":{"@id":"https:\/\/ifamnews.com\/en\/#\/schema\/logo\/image\/"},"sameAs":["https:\/\/www.facebook.com\/iFamNews","https:\/\/x.com\/iFamNewsEN"]},{"@type":"Person","@id":"https:\/\/ifamnews.com\/en\/#\/schema\/person\/5a21aea3de40946073f9cdf6051e2f6e","name":"Giacomo Bertoni","image":{"@type":"ImageObject","inLanguage":"de","@id":"https:\/\/secure.gravatar.com\/avatar\/8249f6c99b4757c6a2e9c32b70074900a0e16f1b8f4086921238d140a909149b?s=96&d=mm&r=g","url":"https:\/\/secure.gravatar.com\/avatar\/8249f6c99b4757c6a2e9c32b70074900a0e16f1b8f4086921238d140a909149b?s=96&d=mm&r=g","contentUrl":"https:\/\/secure.gravatar.com\/avatar\/8249f6c99b4757c6a2e9c32b70074900a0e16f1b8f4086921238d140a909149b?s=96&d=mm&r=g","caption":"Giacomo Bertoni"},"description":"Giacomo Bertoni, journalist and writer. Formerly at the daily newspaper la Provincia Pavese, he has worked with Ossigeno per l'informazione, il Ticino, and since 2016 has collaborated with Radio Mater. In 2009 he published his first children's book, Toppy, a gnat with a big heart (EdiGio'), which was followed by Gino e la Vecchia Consigliera (2011) and Un ponte tra le Valli (2014). In 2014 he graduated in Philosophy from the University of Pavia. Since 2011 he has edited his personal blog Il parco di Giacomo.","sameAs":["https:\/\/parcodigiacomo.blogspot.com\/","https:\/\/it-it.facebook.com\/IlparcodiGiacomo\/","https:\/\/x.com\/https:\/\/twitter.com\/ParcodiGiacomo"],"url":"https:\/\/ifamnews.com\/de\/author\/gbertoni"}]}},"amp_enabled":true,"_links":{"self":[{"href":"https:\/\/ifamnews.com\/de\/wp-json\/wp\/v2\/posts\/18251","targetHints":{"allow":["GET"]}}],"collection":[{"href":"https:\/\/ifamnews.com\/de\/wp-json\/wp\/v2\/posts"}],"about":[{"href":"https:\/\/ifamnews.com\/de\/wp-json\/wp\/v2\/types\/post"}],"author":[{"embeddable":true,"href":"https:\/\/ifamnews.com\/de\/wp-json\/wp\/v2\/users\/13"}],"replies":[{"embeddable":true,"href":"https:\/\/ifamnews.com\/de\/wp-json\/wp\/v2\/comments?post=18251"}],"version-history":[{"count":1,"href":"https:\/\/ifamnews.com\/de\/wp-json\/wp\/v2\/posts\/18251\/revisions"}],"predecessor-version":[{"id":18252,"href":"https:\/\/ifamnews.com\/de\/wp-json\/wp\/v2\/posts\/18251\/revisions\/18252"}],"wp:featuredmedia":[{"embeddable":true,"href":"https:\/\/ifamnews.com\/de\/wp-json\/wp\/v2\/media\/18115"}],"wp:attachment":[{"href":"https:\/\/ifamnews.com\/de\/wp-json\/wp\/v2\/media?parent=18251"}],"wp:term":[{"taxonomy":"category","embeddable":true,"href":"https:\/\/ifamnews.com\/de\/wp-json\/wp\/v2\/categories?post=18251"},{"taxonomy":"post_tag","embeddable":true,"href":"https:\/\/ifamnews.com\/de\/wp-json\/wp\/v2\/tags?post=18251"}],"curies":[{"name":"wp","href":"https:\/\/api.w.org\/{rel}","templated":true}]}}