{"id":178757,"date":"2023-01-20T01:00:00","date_gmt":"2023-01-20T06:00:00","guid":{"rendered":"https:\/\/ifamnews.com\/?p=178757"},"modified":"2023-01-25T04:03:31","modified_gmt":"2023-01-25T09:03:31","slug":"transgender-gesetz-britische-regierung-spricht-erstmalig-veto-gegen-schottisches-parlament-aus","status":"publish","type":"post","link":"https:\/\/ifamnews.com\/de\/transgender-gesetz-britische-regierung-spricht-erstmalig-veto-gegen-schottisches-parlament-aus","title":{"rendered":"Transgender-Gesetz: Britische Regierung spricht erstmalig Veto gegen schottisches Parlament aus"},"content":{"rendered":"<p class=\"last-updated\">Last updated on Januar 25th, 2023 at 04:03 a.m.<\/p>\n<p>Die britische Regierung hat durch ein Veto das Inkrafttreten eines schottischen Transgender-Gesetzes blockiert.<\/p>\n\n\n\n<p>Das schottische Parlament hatte Ende Dezember 2022 ein <em>Gesetz zur Reform der Geschlechteranerkennung<\/em> verabschiedet, welches die rechtliche \u00c4nderung der Geschlechtsidentit\u00e4t vereinfacht. Die neue Gesetzgebung sieht vor, das Antragsalter f\u00fcr die \u00c4nderung der Geschlechtsidentit\u00e4t auf 16 Jahre anzusenken, die \u00e4rztliche Diagnose der Geschlechtsdysphorie als Bedingung f\u00fcr den Identit\u00e4tswechsel abzuschaffen und die Zeit zu verk\u00fcrzen, die ein Antragsteller ben\u00f6tigt, um das Geschlecht rechtlich zu \u00e4ndern.<\/p>\n\n\n\n<p>Doch der britische Minister f\u00fcr Schottland, Alister Jack, hat am Dienstag eine sogenannte <em>Section 35 Order<\/em> ausgesprochen, die das Inkrafttreten des Gesetzes verhindert.<\/p>\n\n\n\n<p>Um Rechtskraft zu erhalten, m\u00fcssen Gesetze im Vereinigten K\u00f6nigreich durch den K\u00f6nig unterzeichnet werden. Dies wird als <em>Royal Assent<\/em> bezeichnet und gilt als blo\u00dfe Formalit\u00e4t. Die britische Regierung kann aber die Vorlage eines Gesetzes zum Royal Assent durch die Section 35 Order ablehnen, wenn sie gro\u00dfbritannische Gesetze davon ber\u00fchrt sieht.<\/p>\n\n\n\n<p>Im vorliegenden Fall bef\u00fcrchtet die britische Regierung negative Auswirkungen auf die Anwendung der Gro\u00dfbritannien-weiten Gleichstellungsgesetze. Der Gesetzesvorschlag k\u00f6nne, so Jack, zu Geschlechtertourismus f\u00fchren: so w\u00fcrden Personen, die ihr Geschlecht in Schottland \u00e4ndern, ein anderes gesetzliches Geschlecht haben, wenn sie sich im restlichen Vereinigten K\u00f6nigreich aufhalten.<\/p>\n\n\n\n<p>Das Veto ist deshalb brisant, weil es seit der Errichtung des Schottischen Parlaments 1998 nun erstmalig angewandt wurde und es in Schottland etliche Politiker gibt, die die Unabh\u00e4ngigkeit vom Vereinigten K\u00f6nigreich fordern. Die Erste Ministerin Schottlands, Nicola Sturgeon (SNP), bezeichnete das Veto aus Westminster dementsprechend als \u201eFrontalangriff gegen unser demokratisch gew\u00e4hltes schottisches Parlament\u201c.<\/p>\n\n\n\n<p>Die schottische Regierung hat angek\u00fcndigt, das Veto gegen das Transgender-Gesetz rechtlich anzufechten.<\/p>\n\n\n\n<p><strong><em>Die Lebens- und Familienrechtsbewegung interessiert Sie? Bleiben Sie immer auf dem neuesten Stand \u2013 abonnieren Sie unseren Newsletter! <\/em><\/strong><a href=\"https:\/\/ifamnews.com\/de\/abonnieren\/\"><strong><em>Registrieren Sie sich hier.<\/em><\/strong><\/a><strong><em> T\u00e4gliche Nachrichten aus den deutschsprachigen L\u00e4ndern und der ganzen Welt!<\/em><\/strong><\/p>\n","protected":false},"excerpt":{"rendered":"<p>Die neue Gesetzgebung sieht vor, das Antragsalter f\u00fcr die \u00c4nderung der Geschlechtsidentit\u00e4t auf 16 Jahre anzusenken und die \u00e4rztliche Diagnose der Geschlechtsdysphorie als Bedingung f\u00fcr den Identit\u00e4tswechsel abzuschaffen.<\/p>\n","protected":false},"author":589,"featured_media":178758,"comment_status":"open","ping_status":"open","sticky":false,"template":"","format":"standard","meta":{"give_campaign_id":0,"om_disable_all_campaigns":false,"_monsterinsights_skip_tracking":false,"_monsterinsights_sitenote_active":false,"_monsterinsights_sitenote_note":"","_monsterinsights_sitenote_category":0,"mc4wp_mailchimp_campaign":[],"jnews-multi-image_gallery":[],"jnews_single_post":{"subtitle":"Die neue Gesetzgebung sieht vor, das Antragsalter f\u00fcr die \u00c4nderung der Geschlechtsidentit\u00e4t auf 16 Jahre anzusenken und die \u00e4rztliche Diagnose der Geschlechtsdysphorie als Bedingung f\u00fcr den Identit\u00e4tswechsel abzuschaffen.","format":"standard","video":"","gallery":"","source_name":"","source_url":"","via_name":"","via_url":"","override_template":"0","override":[{"template":"2","single_blog_custom":"","parallax":"1","fullscreen":"1","layout":"right-sidebar-narrow","sidebar":"default-sidebar","second_sidebar":"default-sidebar","sticky_sidebar":"1","share_position":"float","share_float_style":"share-normal","show_share_counter":"1","show_view_counter":"1","show_featured":"1","show_post_meta":"1","show_post_author":"1","show_post_author_image":"1","show_post_date":"1","post_date_format":"default","post_date_format_custom":"Y\/m\/d","show_post_category":"1","show_post_reading_time":"1","post_reading_time_wpm":"300","show_zoom_button":"0","zoom_button_out_step":"2","zoom_button_in_step":"3","show_post_tag":"1","show_prev_next_post":"0","show_popup_post":"0","number_popup_post":"1","show_author_box":"1","show_post_related":"0","show_inline_post_related":"0"}],"override_image_size":"0","image_override":[{"single_post_thumbnail_size":"crop-715","single_post_gallery_size":"crop-715"}],"trending_post":"0","trending_post_position":"meta","trending_post_label":"Trending","sponsored_post":"0","sponsored_post_label":"Sponsored by","sponsored_post_name":"","sponsored_post_url":"","sponsored_post_logo_enable":"0","sponsored_post_logo":"","sponsored_post_desc":"","disable_ad":"0"},"jnews_primary_category":{"id":"770"},"jnews_social_meta":{"fb_title":"","fb_description":"","fb_image":"","twitter_title":"","twitter_description":"","twitter_image":""},"jnews_override_counter":{"override_view_counter":"0","view_counter_number":"0","override_share_counter":"0","share_counter_number":"0","override_like_counter":"0","like_counter_number":"0","override_dislike_counter":"0","dislike_counter_number":"0"},"footnotes":""},"categories":[816,770,811],"tags":[22659,22658,4662,12085,9692],"class_list":["post-178757","post","type-post","status-publish","format-standard","has-post-thumbnail","hentry","category-breaking-news-de","category-familie","category-foreground-de","tag-alister-jack","tag-nicola-sturgeon","tag-schottland","tag-transgender-ideologie-de","tag-vereinigtes-koenigreich"],"yoast_head":"<!-- This site is optimized with the Yoast SEO Premium plugin v25.9 (Yoast SEO v27.3) - https:\/\/yoast.com\/product\/yoast-seo-premium-wordpress\/ -->\n<title>Transgender-Gesetz: Britische Regierung spricht erstmalig Veto gegen schottisches Parlament aus - IFN<\/title>\n<meta name=\"robots\" content=\"index, follow, max-snippet:-1, max-image-preview:large, max-video-preview:-1\" \/>\n<link rel=\"canonical\" href=\"https:\/\/ifamnews.com\/de\/transgender-gesetz-britische-regierung-spricht-erstmalig-veto-gegen-schottisches-parlament-aus\" \/>\n<meta property=\"og:locale\" content=\"de_DE\" \/>\n<meta property=\"og:type\" content=\"article\" \/>\n<meta property=\"og:title\" content=\"Transgender-Gesetz: Britische Regierung spricht erstmalig Veto gegen schottisches Parlament aus\" \/>\n<meta property=\"og:description\" content=\"Die neue Gesetzgebung sieht vor, das Antragsalter f\u00fcr die \u00c4nderung der Geschlechtsidentit\u00e4t auf 16 Jahre anzusenken und die \u00e4rztliche Diagnose der Geschlechtsdysphorie als Bedingung f\u00fcr den Identit\u00e4tswechsel abzuschaffen.\" \/>\n<meta property=\"og:url\" content=\"https:\/\/ifamnews.com\/de\/transgender-gesetz-britische-regierung-spricht-erstmalig-veto-gegen-schottisches-parlament-aus\" \/>\n<meta property=\"og:site_name\" content=\"IFN\" \/>\n<meta property=\"article:publisher\" content=\"https:\/\/www.facebook.com\/iFamNews\" \/>\n<meta property=\"article:published_time\" content=\"2023-01-20T06:00:00+00:00\" \/>\n<meta property=\"article:modified_time\" content=\"2023-01-25T09:03:31+00:00\" \/>\n<meta property=\"og:image\" content=\"https:\/\/ifamnews.com\/wp-content\/uploads\/2023\/01\/Alister_Jack_Official_Cabinet_Portrait_September_20211.jpg\" \/>\n\t<meta property=\"og:image:width\" content=\"1200\" \/>\n\t<meta property=\"og:image:height\" content=\"675\" \/>\n\t<meta property=\"og:image:type\" content=\"image\/jpeg\" \/>\n<meta name=\"author\" content=\"Johann R. Porter\" \/>\n<meta name=\"twitter:card\" content=\"summary_large_image\" \/>\n<meta name=\"twitter:creator\" content=\"@iFamNewsEN\" \/>\n<meta name=\"twitter:site\" content=\"@iFamNewsEN\" \/>\n<meta name=\"twitter:label1\" content=\"Verfasst von\" \/>\n\t<meta name=\"twitter:data1\" content=\"Johann R. Porter\" \/>\n\t<meta name=\"twitter:label2\" content=\"Gesch\u00e4tzte Lesezeit\" \/>\n\t<meta name=\"twitter:data2\" content=\"2\u00a0Minuten\" \/>\n<!-- \/ Yoast SEO Premium plugin. -->","yoast_head_json":{"title":"Transgender-Gesetz: Britische Regierung spricht erstmalig Veto gegen schottisches Parlament aus - IFN","robots":{"index":"index","follow":"follow","max-snippet":"max-snippet:-1","max-image-preview":"max-image-preview:large","max-video-preview":"max-video-preview:-1"},"canonical":"https:\/\/ifamnews.com\/de\/transgender-gesetz-britische-regierung-spricht-erstmalig-veto-gegen-schottisches-parlament-aus","og_locale":"de_DE","og_type":"article","og_title":"Transgender-Gesetz: Britische Regierung spricht erstmalig Veto gegen schottisches Parlament aus","og_description":"Die neue Gesetzgebung sieht vor, das Antragsalter f\u00fcr die \u00c4nderung der Geschlechtsidentit\u00e4t auf 16 Jahre anzusenken und die \u00e4rztliche Diagnose der Geschlechtsdysphorie als Bedingung f\u00fcr den Identit\u00e4tswechsel abzuschaffen.","og_url":"https:\/\/ifamnews.com\/de\/transgender-gesetz-britische-regierung-spricht-erstmalig-veto-gegen-schottisches-parlament-aus","og_site_name":"IFN","article_publisher":"https:\/\/www.facebook.com\/iFamNews","article_published_time":"2023-01-20T06:00:00+00:00","article_modified_time":"2023-01-25T09:03:31+00:00","og_image":[{"width":1200,"height":675,"url":"https:\/\/ifamnews.com\/wp-content\/uploads\/2023\/01\/Alister_Jack_Official_Cabinet_Portrait_September_20211.jpg","type":"image\/jpeg"}],"author":"Johann R. Porter","twitter_card":"summary_large_image","twitter_creator":"@iFamNewsEN","twitter_site":"@iFamNewsEN","twitter_misc":{"Verfasst von":"Johann R. Porter","Gesch\u00e4tzte Lesezeit":"2\u00a0Minuten"},"schema":{"@context":"https:\/\/schema.org","@graph":[{"@type":"NewsArticle","@id":"https:\/\/ifamnews.com\/de\/transgender-gesetz-britische-regierung-spricht-erstmalig-veto-gegen-schottisches-parlament-aus#article","isPartOf":{"@id":"https:\/\/ifamnews.com\/de\/transgender-gesetz-britische-regierung-spricht-erstmalig-veto-gegen-schottisches-parlament-aus"},"author":{"name":"Johann R. Porter","@id":"https:\/\/ifamnews.com\/en\/#\/schema\/person\/97c5fc10500c93e36c296295ba21a537"},"headline":"Transgender-Gesetz: Britische Regierung spricht erstmalig Veto gegen schottisches Parlament aus","datePublished":"2023-01-20T06:00:00+00:00","dateModified":"2023-01-25T09:03:31+00:00","mainEntityOfPage":{"@id":"https:\/\/ifamnews.com\/de\/transgender-gesetz-britische-regierung-spricht-erstmalig-veto-gegen-schottisches-parlament-aus"},"wordCount":322,"commentCount":0,"publisher":{"@id":"https:\/\/ifamnews.com\/en\/#organization"},"image":{"@id":"https:\/\/ifamnews.com\/de\/transgender-gesetz-britische-regierung-spricht-erstmalig-veto-gegen-schottisches-parlament-aus#primaryimage"},"thumbnailUrl":"https:\/\/ifamnews.com\/wp-content\/uploads\/2023\/01\/Alister_Jack_Official_Cabinet_Portrait_September_20211.jpg","keywords":["Alister Jack","Nicola Sturgeon","Schottland","Transgender-Ideologie","Vereinigtes K\u00f6nigreich"],"articleSection":["Breaking News","Familie","Vordergrund"],"inLanguage":"de","potentialAction":[{"@type":"CommentAction","name":"Comment","target":["https:\/\/ifamnews.com\/de\/transgender-gesetz-britische-regierung-spricht-erstmalig-veto-gegen-schottisches-parlament-aus#respond"]}]},{"@type":"WebPage","@id":"https:\/\/ifamnews.com\/de\/transgender-gesetz-britische-regierung-spricht-erstmalig-veto-gegen-schottisches-parlament-aus","url":"https:\/\/ifamnews.com\/de\/transgender-gesetz-britische-regierung-spricht-erstmalig-veto-gegen-schottisches-parlament-aus","name":"Transgender-Gesetz: Britische Regierung spricht erstmalig Veto gegen schottisches Parlament aus - IFN","isPartOf":{"@id":"https:\/\/ifamnews.com\/en\/#website"},"primaryImageOfPage":{"@id":"https:\/\/ifamnews.com\/de\/transgender-gesetz-britische-regierung-spricht-erstmalig-veto-gegen-schottisches-parlament-aus#primaryimage"},"image":{"@id":"https:\/\/ifamnews.com\/de\/transgender-gesetz-britische-regierung-spricht-erstmalig-veto-gegen-schottisches-parlament-aus#primaryimage"},"thumbnailUrl":"https:\/\/ifamnews.com\/wp-content\/uploads\/2023\/01\/Alister_Jack_Official_Cabinet_Portrait_September_20211.jpg","datePublished":"2023-01-20T06:00:00+00:00","dateModified":"2023-01-25T09:03:31+00:00","breadcrumb":{"@id":"https:\/\/ifamnews.com\/de\/transgender-gesetz-britische-regierung-spricht-erstmalig-veto-gegen-schottisches-parlament-aus#breadcrumb"},"inLanguage":"de","potentialAction":[{"@type":"ReadAction","target":["https:\/\/ifamnews.com\/de\/transgender-gesetz-britische-regierung-spricht-erstmalig-veto-gegen-schottisches-parlament-aus"]}]},{"@type":"ImageObject","inLanguage":"de","@id":"https:\/\/ifamnews.com\/de\/transgender-gesetz-britische-regierung-spricht-erstmalig-veto-gegen-schottisches-parlament-aus#primaryimage","url":"https:\/\/ifamnews.com\/wp-content\/uploads\/2023\/01\/Alister_Jack_Official_Cabinet_Portrait_September_20211.jpg","contentUrl":"https:\/\/ifamnews.com\/wp-content\/uploads\/2023\/01\/Alister_Jack_Official_Cabinet_Portrait_September_20211.jpg","width":1200,"height":675,"caption":"Der britische Schottlandminister, Alister Jack, Foto: Simon Dawson \/ No 10 Downing Street, flickr.com."},{"@type":"BreadcrumbList","@id":"https:\/\/ifamnews.com\/de\/transgender-gesetz-britische-regierung-spricht-erstmalig-veto-gegen-schottisches-parlament-aus#breadcrumb","itemListElement":[{"@type":"ListItem","position":1,"name":"Home","item":"https:\/\/ifamnews.com\/de"},{"@type":"ListItem","position":2,"name":"Familie","item":"https:\/\/ifamnews.com\/de\/kategorie\/familie"},{"@type":"ListItem","position":3,"name":"Transgender-Gesetz: Britische Regierung spricht erstmalig Veto gegen schottisches Parlament aus"}]},{"@type":"WebSite","@id":"https:\/\/ifamnews.com\/en\/#website","url":"https:\/\/ifamnews.com\/en\/","name":"IFN","description":"International Family News Network","publisher":{"@id":"https:\/\/ifamnews.com\/en\/#organization"},"potentialAction":[{"@type":"SearchAction","target":{"@type":"EntryPoint","urlTemplate":"https:\/\/ifamnews.com\/en\/?s={search_term_string}"},"query-input":{"@type":"PropertyValueSpecification","valueRequired":true,"valueName":"search_term_string"}}],"inLanguage":"de"},{"@type":"Organization","@id":"https:\/\/ifamnews.com\/en\/#organization","name":"iFamNews","url":"https:\/\/ifamnews.com\/en\/","logo":{"@type":"ImageObject","inLanguage":"de","@id":"https:\/\/ifamnews.com\/en\/#\/schema\/logo\/image\/","url":"https:\/\/ifamnews.com\/wp-content\/uploads\/2020\/01\/Share-logo.png","contentUrl":"https:\/\/ifamnews.com\/wp-content\/uploads\/2020\/01\/Share-logo.png","width":200,"height":200,"caption":"iFamNews"},"image":{"@id":"https:\/\/ifamnews.com\/en\/#\/schema\/logo\/image\/"},"sameAs":["https:\/\/www.facebook.com\/iFamNews","https:\/\/x.com\/iFamNewsEN"]},{"@type":"Person","@id":"https:\/\/ifamnews.com\/en\/#\/schema\/person\/97c5fc10500c93e36c296295ba21a537","name":"Johann R. Porter","image":{"@type":"ImageObject","inLanguage":"de","@id":"https:\/\/secure.gravatar.com\/avatar\/b295da437fcd0635c3fe53d90b9545df9d7b3b7681f3a87122ec5cef8870a293?s=96&d=mm&r=g","url":"https:\/\/secure.gravatar.com\/avatar\/b295da437fcd0635c3fe53d90b9545df9d7b3b7681f3a87122ec5cef8870a293?s=96&d=mm&r=g","contentUrl":"https:\/\/secure.gravatar.com\/avatar\/b295da437fcd0635c3fe53d90b9545df9d7b3b7681f3a87122ec5cef8870a293?s=96&d=mm&r=g","caption":"Johann R. Porter"},"description":"A German-speaking social scientist and worker in the pro-life movement. [This author writes under a pseudonym.]","url":"https:\/\/ifamnews.com\/de\/author\/jporter"}]}},"amp_enabled":true,"_links":{"self":[{"href":"https:\/\/ifamnews.com\/de\/wp-json\/wp\/v2\/posts\/178757","targetHints":{"allow":["GET"]}}],"collection":[{"href":"https:\/\/ifamnews.com\/de\/wp-json\/wp\/v2\/posts"}],"about":[{"href":"https:\/\/ifamnews.com\/de\/wp-json\/wp\/v2\/types\/post"}],"author":[{"embeddable":true,"href":"https:\/\/ifamnews.com\/de\/wp-json\/wp\/v2\/users\/589"}],"replies":[{"embeddable":true,"href":"https:\/\/ifamnews.com\/de\/wp-json\/wp\/v2\/comments?post=178757"}],"version-history":[{"count":4,"href":"https:\/\/ifamnews.com\/de\/wp-json\/wp\/v2\/posts\/178757\/revisions"}],"predecessor-version":[{"id":179747,"href":"https:\/\/ifamnews.com\/de\/wp-json\/wp\/v2\/posts\/178757\/revisions\/179747"}],"wp:featuredmedia":[{"embeddable":true,"href":"https:\/\/ifamnews.com\/de\/wp-json\/wp\/v2\/media\/178758"}],"wp:attachment":[{"href":"https:\/\/ifamnews.com\/de\/wp-json\/wp\/v2\/media?parent=178757"}],"wp:term":[{"taxonomy":"category","embeddable":true,"href":"https:\/\/ifamnews.com\/de\/wp-json\/wp\/v2\/categories?post=178757"},{"taxonomy":"post_tag","embeddable":true,"href":"https:\/\/ifamnews.com\/de\/wp-json\/wp\/v2\/tags?post=178757"}],"curies":[{"name":"wp","href":"https:\/\/api.w.org\/{rel}","templated":true}]}}