{"id":178539,"date":"2023-01-18T02:35:00","date_gmt":"2023-01-18T07:35:00","guid":{"rendered":"https:\/\/ifamnews.com\/?p=178539"},"modified":"2023-01-16T10:40:09","modified_gmt":"2023-01-16T15:40:09","slug":"us-repr-sentantenhaus-verabschiedet-gesetzentwurf-zum-schutz-von-lebendgeborenen","status":"publish","type":"post","link":"https:\/\/ifamnews.com\/de\/us-repr-sentantenhaus-verabschiedet-gesetzentwurf-zum-schutz-von-lebendgeborenen","title":{"rendered":"US-Repr\u00e4sentantenhaus verabschiedet Gesetzentwurf zum Schutz von Lebendgeborenen"},"content":{"rendered":"\n<p>Die US-Republikaner konnten einstimmig einen Gesetzesentwurf verabschieden, der den Schutz von Babys, die einen Abtreibungsversuch \u00fcberlebt haben, verbessern w\u00fcrde, <a href=\"https:\/\/www.breitbart.com\/politics\/2023\/01\/11\/house-passes-pro-life-born-alive-bill-almost-no-democrat-support\/\">wie <em>Breitbart<\/em> berichtet<\/a>.<\/p>\n\n\n\n<p>Die Ma\u00dfnahme mit dem Namen \u201eBorn-Alive Abortion Survivors Protection Act\u201c wurde mit 220:210 Stimmen angenommen. Alle Republikaner stimmten daf\u00fcr, w\u00e4hrend zwei Demokraten, die Abgeordneten Henry Cuellar und Vicente Gonzalez, beide aus S\u00fcdtexas, von ihrer Partei abtr\u00fcnnig wurden und f\u00fcr den Gesetzentwurf bzw. \u201eEnthaltung\u201c stimmten.<\/p>\n\n\n\n<p><a href=\"https:\/\/docs.house.gov\/billsthisweek\/20230109\/BILLS-118HRPIH-born-alive-act.pdf\">Der Gesetzentwurf sieht vor<\/a>, dass medizinische Dienstleister Babys, die nach einer verpfuschten Abtreibung lebend geboren werden, mit der gleichen Sorgfalt behandeln m\u00fcssen wie jedes andere Neugeborene und sieht Strafen f\u00fcr Verst\u00f6\u00dfe vor.<\/p>\n\n\n\n<p>Die Abgeordnete Ann Wagner (R-MO), die den Gesetzesentwurf angef\u00fchrt hat, feierte die Verabschiedung des Gesetzes in einer Erkl\u00e4rung:<\/p>\n\n\n\n<p>\u201eDank unserer Bem\u00fchungen, nach Dutzenden von Antr\u00e4gen auf einstimmige Zustimmung, zwei Entlastungsantr\u00e4gen und zahllosen Stunden Lobbyarbeit, hat das Repr\u00e4sentantenhaus endlich Ma\u00dfnahmen ergriffen, um sicherzustellen, dass jedes einzelne in den Vereinigten Staaten geborene Baby in seinem verletzlichsten Moment lebensrettende medizinische Hilfe erh\u00e4lt.\u201c<\/p>\n\n\n\n<p>Der Gesetzentwurf ist \u201eein Marsch in Richtung Kriminalisierung der Abtreibungsbehandlung\u201c, sagte der Vorsitzende der Demokraten im Repr\u00e4sentantenhaus, Hakeem Jeffries (D-NY), am Mittwoch in einer Rede vor dem Repr\u00e4sentantenhaus.<\/p>\n\n\n\n<p>Der Gesetzentwurf folgt auf einen landesweiten Aufschrei der Abtreibungsbef\u00fcrworter, nachdem der Oberste Gerichtshof im vergangenen Jahr <em>Roe v. Wade<\/em> gekippt hatte, und auf ein entt\u00e4uschendes Ergebnis bei den Zwischenwahlen f\u00fcr die Republikaner, von denen einige den Fallout von Roe als Grund f\u00fcr die glanzlosen Ergebnisse anf\u00fchrten.<\/p>\n","protected":false},"excerpt":{"rendered":"<p>Der Gesetzentwurf ist \u201eein Marsch in Richtung Kriminalisierung der Abtreibungsbehandlung.\u201c<\/p>\n","protected":false},"author":623,"featured_media":178549,"comment_status":"open","ping_status":"open","sticky":false,"template":"","format":"standard","meta":{"give_campaign_id":0,"om_disable_all_campaigns":false,"_monsterinsights_skip_tracking":false,"_monsterinsights_sitenote_active":false,"_monsterinsights_sitenote_note":"","_monsterinsights_sitenote_category":0,"mc4wp_mailchimp_campaign":[],"jnews-multi-image_gallery":[],"jnews_single_post":{"subtitle":"Der Gesetzentwurf ist \u201eein Marsch in Richtung Kriminalisierung der Abtreibungsbehandlung.\u201c","format":"standard","video":"","gallery":"","source_name":"","source_url":"","via_name":"","via_url":"","override_template":"0","override":[{"template":"2","single_blog_custom":"","parallax":"1","fullscreen":"1","layout":"right-sidebar-narrow","sidebar":"default-sidebar","second_sidebar":"default-sidebar","sticky_sidebar":"1","share_position":"float","share_float_style":"share-normal","show_share_counter":"1","show_view_counter":"1","show_featured":"1","show_post_meta":"1","show_post_author":"1","show_post_author_image":"1","show_post_date":"1","post_date_format":"default","post_date_format_custom":"Y\/m\/d","show_post_category":"1","show_post_reading_time":"1","post_reading_time_wpm":"300","show_zoom_button":"0","zoom_button_out_step":"2","zoom_button_in_step":"3","show_post_tag":"1","show_prev_next_post":"0","show_popup_post":"0","number_popup_post":"1","show_author_box":"1","show_post_related":"0","show_inline_post_related":"0"}],"override_image_size":"0","image_override":[{"single_post_thumbnail_size":"crop-715","single_post_gallery_size":"crop-715"}],"trending_post":"0","trending_post_position":"meta","trending_post_label":"Trending","sponsored_post":"0","sponsored_post_label":"Sponsored by","sponsored_post_name":"","sponsored_post_url":"","sponsored_post_logo_enable":"0","sponsored_post_logo":"","sponsored_post_desc":"","disable_ad":"0"},"jnews_primary_category":{"id":"820"},"jnews_social_meta":{"fb_title":"","fb_description":"","fb_image":"","twitter_title":"","twitter_description":"","twitter_image":""},"jnews_override_counter":{"override_view_counter":"0","view_counter_number":"0","override_share_counter":"0","share_counter_number":"0","override_like_counter":"0","like_counter_number":"0","override_dislike_counter":"0","dislike_counter_number":"0"},"footnotes":""},"categories":[816,820,811],"tags":[],"class_list":["post-178539","post","type-post","status-publish","format-standard","has-post-thumbnail","hentry","category-breaking-news-de","category-leben","category-foreground-de"],"yoast_head":"<!-- This site is optimized with the Yoast SEO Premium plugin v25.9 (Yoast SEO v27.3) - https:\/\/yoast.com\/product\/yoast-seo-premium-wordpress\/ -->\n<title>US-Repr\u00e4sentantenhaus verabschiedet Gesetzentwurf zum Schutz von Lebendgeborenen - IFN<\/title>\n<meta name=\"robots\" content=\"index, follow, max-snippet:-1, max-image-preview:large, max-video-preview:-1\" \/>\n<link rel=\"canonical\" href=\"https:\/\/ifamnews.com\/de\/us-repr-sentantenhaus-verabschiedet-gesetzentwurf-zum-schutz-von-lebendgeborenen\" \/>\n<meta property=\"og:locale\" content=\"de_DE\" \/>\n<meta property=\"og:type\" content=\"article\" \/>\n<meta property=\"og:title\" content=\"US-Repr\u00e4sentantenhaus verabschiedet Gesetzentwurf zum Schutz von Lebendgeborenen\" \/>\n<meta property=\"og:description\" content=\"Der Gesetzentwurf ist \u201eein Marsch in Richtung Kriminalisierung der Abtreibungsbehandlung.\u201c\" \/>\n<meta property=\"og:url\" content=\"https:\/\/ifamnews.com\/de\/us-repr-sentantenhaus-verabschiedet-gesetzentwurf-zum-schutz-von-lebendgeborenen\" \/>\n<meta property=\"og:site_name\" content=\"IFN\" \/>\n<meta property=\"article:publisher\" content=\"https:\/\/www.facebook.com\/iFamNews\" \/>\n<meta property=\"article:author\" content=\"https:\/\/www.facebook.com\/iFamNews\/\" \/>\n<meta property=\"article:published_time\" content=\"2023-01-18T07:35:00+00:00\" \/>\n<meta property=\"og:image\" content=\"https:\/\/ifamnews.com\/wp-content\/uploads\/2023\/01\/pexels-victoria-borodinova-1648383-scaled.jpg\" \/>\n\t<meta property=\"og:image:width\" content=\"2560\" \/>\n\t<meta property=\"og:image:height\" content=\"1707\" \/>\n\t<meta property=\"og:image:type\" content=\"image\/jpeg\" \/>\n<meta name=\"author\" content=\"iFamNews Germany\" \/>\n<meta name=\"twitter:card\" content=\"summary_large_image\" \/>\n<meta name=\"twitter:creator\" content=\"@https:\/\/twitter.com\/iFamNewsDE\" \/>\n<meta name=\"twitter:site\" content=\"@iFamNewsEN\" \/>\n<meta name=\"twitter:label1\" content=\"Verfasst von\" \/>\n\t<meta name=\"twitter:data1\" content=\"IFN Deutschland\" \/>\n\t<meta name=\"twitter:label2\" content=\"Gesch\u00e4tzte Lesezeit\" \/>\n\t<meta name=\"twitter:data2\" content=\"2\u00a0Minuten\" \/>\n<!-- \/ Yoast SEO Premium plugin. -->","yoast_head_json":{"title":"US-Repr\u00e4sentantenhaus verabschiedet Gesetzentwurf zum Schutz von Lebendgeborenen - IFN","robots":{"index":"index","follow":"follow","max-snippet":"max-snippet:-1","max-image-preview":"max-image-preview:large","max-video-preview":"max-video-preview:-1"},"canonical":"https:\/\/ifamnews.com\/de\/us-repr-sentantenhaus-verabschiedet-gesetzentwurf-zum-schutz-von-lebendgeborenen","og_locale":"de_DE","og_type":"article","og_title":"US-Repr\u00e4sentantenhaus verabschiedet Gesetzentwurf zum Schutz von Lebendgeborenen","og_description":"Der Gesetzentwurf ist \u201eein Marsch in Richtung Kriminalisierung der Abtreibungsbehandlung.\u201c","og_url":"https:\/\/ifamnews.com\/de\/us-repr-sentantenhaus-verabschiedet-gesetzentwurf-zum-schutz-von-lebendgeborenen","og_site_name":"IFN","article_publisher":"https:\/\/www.facebook.com\/iFamNews","article_author":"https:\/\/www.facebook.com\/iFamNews\/","article_published_time":"2023-01-18T07:35:00+00:00","og_image":[{"width":2560,"height":1707,"url":"https:\/\/ifamnews.com\/wp-content\/uploads\/2023\/01\/pexels-victoria-borodinova-1648383-scaled.jpg","type":"image\/jpeg"}],"author":"iFamNews Germany","twitter_card":"summary_large_image","twitter_creator":"@https:\/\/twitter.com\/iFamNewsDE","twitter_site":"@iFamNewsEN","twitter_misc":{"Verfasst von":"IFN Deutschland","Gesch\u00e4tzte Lesezeit":"2\u00a0Minuten"},"schema":{"@context":"https:\/\/schema.org","@graph":[{"@type":"NewsArticle","@id":"https:\/\/ifamnews.com\/de\/us-repr-sentantenhaus-verabschiedet-gesetzentwurf-zum-schutz-von-lebendgeborenen#article","isPartOf":{"@id":"https:\/\/ifamnews.com\/de\/us-repr-sentantenhaus-verabschiedet-gesetzentwurf-zum-schutz-von-lebendgeborenen"},"author":{"name":"iFamNews Germany","@id":"https:\/\/ifamnews.com\/en\/#\/schema\/person\/82ec6d77f1c630266e2c3a9e8643b439"},"headline":"US-Repr\u00e4sentantenhaus verabschiedet Gesetzentwurf zum Schutz von Lebendgeborenen","datePublished":"2023-01-18T07:35:00+00:00","mainEntityOfPage":{"@id":"https:\/\/ifamnews.com\/de\/us-repr-sentantenhaus-verabschiedet-gesetzentwurf-zum-schutz-von-lebendgeborenen"},"wordCount":263,"commentCount":0,"publisher":{"@id":"https:\/\/ifamnews.com\/en\/#organization"},"image":{"@id":"https:\/\/ifamnews.com\/de\/us-repr-sentantenhaus-verabschiedet-gesetzentwurf-zum-schutz-von-lebendgeborenen#primaryimage"},"thumbnailUrl":"https:\/\/ifamnews.com\/wp-content\/uploads\/2023\/01\/pexels-victoria-borodinova-1648383-scaled.jpg","articleSection":["Breaking News","Leben","Vordergrund"],"inLanguage":"de","potentialAction":[{"@type":"CommentAction","name":"Comment","target":["https:\/\/ifamnews.com\/de\/us-repr-sentantenhaus-verabschiedet-gesetzentwurf-zum-schutz-von-lebendgeborenen#respond"]}]},{"@type":"WebPage","@id":"https:\/\/ifamnews.com\/de\/us-repr-sentantenhaus-verabschiedet-gesetzentwurf-zum-schutz-von-lebendgeborenen","url":"https:\/\/ifamnews.com\/de\/us-repr-sentantenhaus-verabschiedet-gesetzentwurf-zum-schutz-von-lebendgeborenen","name":"US-Repr\u00e4sentantenhaus verabschiedet Gesetzentwurf zum Schutz von Lebendgeborenen - IFN","isPartOf":{"@id":"https:\/\/ifamnews.com\/en\/#website"},"primaryImageOfPage":{"@id":"https:\/\/ifamnews.com\/de\/us-repr-sentantenhaus-verabschiedet-gesetzentwurf-zum-schutz-von-lebendgeborenen#primaryimage"},"image":{"@id":"https:\/\/ifamnews.com\/de\/us-repr-sentantenhaus-verabschiedet-gesetzentwurf-zum-schutz-von-lebendgeborenen#primaryimage"},"thumbnailUrl":"https:\/\/ifamnews.com\/wp-content\/uploads\/2023\/01\/pexels-victoria-borodinova-1648383-scaled.jpg","datePublished":"2023-01-18T07:35:00+00:00","breadcrumb":{"@id":"https:\/\/ifamnews.com\/de\/us-repr-sentantenhaus-verabschiedet-gesetzentwurf-zum-schutz-von-lebendgeborenen#breadcrumb"},"inLanguage":"de","potentialAction":[{"@type":"ReadAction","target":["https:\/\/ifamnews.com\/de\/us-repr-sentantenhaus-verabschiedet-gesetzentwurf-zum-schutz-von-lebendgeborenen"]}]},{"@type":"ImageObject","inLanguage":"de","@id":"https:\/\/ifamnews.com\/de\/us-repr-sentantenhaus-verabschiedet-gesetzentwurf-zum-schutz-von-lebendgeborenen#primaryimage","url":"https:\/\/ifamnews.com\/wp-content\/uploads\/2023\/01\/pexels-victoria-borodinova-1648383-scaled.jpg","contentUrl":"https:\/\/ifamnews.com\/wp-content\/uploads\/2023\/01\/pexels-victoria-borodinova-1648383-scaled.jpg","width":2560,"height":1707,"caption":"Bild: Pexels"},{"@type":"BreadcrumbList","@id":"https:\/\/ifamnews.com\/de\/us-repr-sentantenhaus-verabschiedet-gesetzentwurf-zum-schutz-von-lebendgeborenen#breadcrumb","itemListElement":[{"@type":"ListItem","position":1,"name":"Home","item":"https:\/\/ifamnews.com\/de"},{"@type":"ListItem","position":2,"name":"Leben","item":"https:\/\/ifamnews.com\/de\/kategorie\/leben"},{"@type":"ListItem","position":3,"name":"US-Repr\u00e4sentantenhaus verabschiedet Gesetzentwurf zum Schutz von Lebendgeborenen"}]},{"@type":"WebSite","@id":"https:\/\/ifamnews.com\/en\/#website","url":"https:\/\/ifamnews.com\/en\/","name":"IFN","description":"International Family News Network","publisher":{"@id":"https:\/\/ifamnews.com\/en\/#organization"},"potentialAction":[{"@type":"SearchAction","target":{"@type":"EntryPoint","urlTemplate":"https:\/\/ifamnews.com\/en\/?s={search_term_string}"},"query-input":{"@type":"PropertyValueSpecification","valueRequired":true,"valueName":"search_term_string"}}],"inLanguage":"de"},{"@type":"Organization","@id":"https:\/\/ifamnews.com\/en\/#organization","name":"iFamNews","url":"https:\/\/ifamnews.com\/en\/","logo":{"@type":"ImageObject","inLanguage":"de","@id":"https:\/\/ifamnews.com\/en\/#\/schema\/logo\/image\/","url":"https:\/\/ifamnews.com\/wp-content\/uploads\/2020\/01\/Share-logo.png","contentUrl":"https:\/\/ifamnews.com\/wp-content\/uploads\/2020\/01\/Share-logo.png","width":200,"height":200,"caption":"iFamNews"},"image":{"@id":"https:\/\/ifamnews.com\/en\/#\/schema\/logo\/image\/"},"sameAs":["https:\/\/www.facebook.com\/iFamNews","https:\/\/x.com\/iFamNewsEN"]},{"@type":"Person","@id":"https:\/\/ifamnews.com\/en\/#\/schema\/person\/82ec6d77f1c630266e2c3a9e8643b439","name":"iFamNews Germany","image":{"@type":"ImageObject","inLanguage":"de","@id":"https:\/\/secure.gravatar.com\/avatar\/c51b977100a05a1448d61b80953be1e3192e0be236d631062ca6a59c6f9a879b?s=96&d=mm&r=g","url":"https:\/\/secure.gravatar.com\/avatar\/c51b977100a05a1448d61b80953be1e3192e0be236d631062ca6a59c6f9a879b?s=96&d=mm&r=g","contentUrl":"https:\/\/secure.gravatar.com\/avatar\/c51b977100a05a1448d61b80953be1e3192e0be236d631062ca6a59c6f9a879b?s=96&d=mm&r=g","caption":"iFamNews Germany"},"description":"Articles published by the German iFamNews editorial team.","sameAs":["https:\/\/ifamnews.com\/de","https:\/\/www.facebook.com\/iFamNews\/","https:\/\/x.com\/https:\/\/twitter.com\/iFamNewsDE","https:\/\/www.youtube.com\/channel\/UCMVyIt4z9BANW3d09kwfUpw"],"url":"https:\/\/ifamnews.com\/de\/author\/redaktion"}]}},"amp_enabled":true,"_links":{"self":[{"href":"https:\/\/ifamnews.com\/de\/wp-json\/wp\/v2\/posts\/178539","targetHints":{"allow":["GET"]}}],"collection":[{"href":"https:\/\/ifamnews.com\/de\/wp-json\/wp\/v2\/posts"}],"about":[{"href":"https:\/\/ifamnews.com\/de\/wp-json\/wp\/v2\/types\/post"}],"author":[{"embeddable":true,"href":"https:\/\/ifamnews.com\/de\/wp-json\/wp\/v2\/users\/623"}],"replies":[{"embeddable":true,"href":"https:\/\/ifamnews.com\/de\/wp-json\/wp\/v2\/comments?post=178539"}],"version-history":[{"count":1,"href":"https:\/\/ifamnews.com\/de\/wp-json\/wp\/v2\/posts\/178539\/revisions"}],"predecessor-version":[{"id":178558,"href":"https:\/\/ifamnews.com\/de\/wp-json\/wp\/v2\/posts\/178539\/revisions\/178558"}],"wp:featuredmedia":[{"embeddable":true,"href":"https:\/\/ifamnews.com\/de\/wp-json\/wp\/v2\/media\/178549"}],"wp:attachment":[{"href":"https:\/\/ifamnews.com\/de\/wp-json\/wp\/v2\/media?parent=178539"}],"wp:term":[{"taxonomy":"category","embeddable":true,"href":"https:\/\/ifamnews.com\/de\/wp-json\/wp\/v2\/categories?post=178539"},{"taxonomy":"post_tag","embeddable":true,"href":"https:\/\/ifamnews.com\/de\/wp-json\/wp\/v2\/tags?post=178539"}],"curies":[{"name":"wp","href":"https:\/\/api.w.org\/{rel}","templated":true}]}}