{"id":177994,"date":"2023-01-11T01:00:00","date_gmt":"2023-01-11T06:00:00","guid":{"rendered":"https:\/\/ifamnews.com\/?p=177994"},"modified":"2023-01-10T10:02:38","modified_gmt":"2023-01-10T15:02:38","slug":"peru-lehnt-homo-ehe-ab","status":"publish","type":"post","link":"https:\/\/ifamnews.com\/de\/peru-lehnt-homo-ehe-ab","title":{"rendered":"Peru lehnt \u201eHomo-Ehe\u201c ab"},"content":{"rendered":"\n<p>Der parlamentarische Justizausschuss Perus hat eine Gesetzesinitiative abgewiesen, welche die Eheschlie\u00dfung auch f\u00fcr gleichgeschlechtliche Paare erm\u00f6glicht h\u00e4tte. Das berichtet die katholische Wochenzeitung <em>Die Tagespost<\/em>.<\/p>\n\n\n\n<p>Demnach hatten zw\u00f6lf der 18 im Ausschuss vertretenen Parlamentarier den Antrag auf rechtliche Gleichstellung Anfang Januar abgelehnt, zwei hatten sich f\u00fcr ihn ausgesprochen. Die \u00fcbrigen vier Mitglieder hatten sich ihrer Stimme enthalten. Auch ein fr\u00fcherer Antrag zur Diskussion der Gesetzesinitiative wurde abgelehnt.<\/p>\n\n\n\n<p>Peru ist eines der letzten s\u00fcdamerikanischen L\u00e4nder, in denen gleichgeschlechtliche Partnerschaften nicht als Ehe anerkannt werden.<\/p>\n\n\n\n<p><strong><em>Die Lebens- und Familienrechtsbewegung interessiert Sie? Bleiben Sie immer auf dem neuesten Stand \u2013 abonnieren Sie unseren Newsletter! <\/em><\/strong><a href=\"https:\/\/ifamnews.com\/de\/abonnieren\/\"><strong><em>Registrieren Sie sich hier.<\/em><\/strong><\/a><strong><em> T\u00e4gliche Nachrichten aus den deutschsprachigen L\u00e4ndern und der ganzen Welt!<\/em><\/strong><\/p>\n","protected":false},"excerpt":{"rendered":"<p>Peru ist eines der letzten s\u00fcdamerikanischen L\u00e4nder, in denen gleichgeschlechtliche Partnerschaften nicht als Ehe anerkannt werden.<\/p>\n","protected":false},"author":589,"featured_media":177995,"comment_status":"open","ping_status":"open","sticky":false,"template":"","format":"standard","meta":{"give_campaign_id":0,"om_disable_all_campaigns":false,"_monsterinsights_skip_tracking":false,"_monsterinsights_sitenote_active":false,"_monsterinsights_sitenote_note":"","_monsterinsights_sitenote_category":0,"mc4wp_mailchimp_campaign":[],"jnews-multi-image_gallery":[],"jnews_single_post":{"subtitle":"Peru ist eines der letzten s\u00fcdamerikanischen L\u00e4nder, in denen gleichgeschlechtliche Partnerschaften nicht als Ehe anerkannt werden.","format":"standard","video":"","gallery":"","source_name":"","source_url":"","via_name":"","via_url":"","override_template":"0","override":[{"template":"2","single_blog_custom":"","parallax":"1","fullscreen":"1","layout":"right-sidebar-narrow","sidebar":"default-sidebar","second_sidebar":"default-sidebar","sticky_sidebar":"1","share_position":"float","share_float_style":"share-normal","show_share_counter":"1","show_view_counter":"1","show_featured":"1","show_post_meta":"1","show_post_author":"1","show_post_author_image":"1","show_post_date":"1","post_date_format":"default","post_date_format_custom":"Y\/m\/d","show_post_category":"1","show_post_reading_time":"1","post_reading_time_wpm":"300","show_zoom_button":"0","zoom_button_out_step":"2","zoom_button_in_step":"3","show_post_tag":"1","show_prev_next_post":"0","show_popup_post":"0","number_popup_post":"1","show_author_box":"1","show_post_related":"0","show_inline_post_related":"0"}],"override_image_size":"0","image_override":[{"single_post_thumbnail_size":"crop-715","single_post_gallery_size":"crop-715"}],"trending_post":"0","trending_post_position":"meta","trending_post_label":"Trending","sponsored_post":"0","sponsored_post_label":"Sponsored by","sponsored_post_name":"","sponsored_post_url":"","sponsored_post_logo_enable":"0","sponsored_post_logo":"","sponsored_post_desc":"","disable_ad":"0"},"jnews_primary_category":{"id":"770"},"jnews_social_meta":{"fb_title":"","fb_description":"","fb_image":"","twitter_title":"","twitter_description":"","twitter_image":""},"jnews_override_counter":{"override_view_counter":"0","view_counter_number":"0","override_share_counter":"0","share_counter_number":"0","override_like_counter":"0","like_counter_number":"0","override_dislike_counter":"0","dislike_counter_number":"0"},"footnotes":""},"categories":[816,770,811],"tags":[8854,1830,21159],"class_list":["post-177994","post","type-post","status-publish","format-standard","has-post-thumbnail","hentry","category-breaking-news-de","category-familie","category-foreground-de","tag-ehe-fuer-alle","tag-gleichgeschlechtliche-ehe","tag-peru-de"],"yoast_head":"<!-- This site is optimized with the Yoast SEO Premium plugin v25.9 (Yoast SEO v27.3) - https:\/\/yoast.com\/product\/yoast-seo-premium-wordpress\/ -->\n<title>Peru lehnt \u201eHomo-Ehe\u201c ab - IFN<\/title>\n<meta name=\"robots\" content=\"index, follow, max-snippet:-1, max-image-preview:large, max-video-preview:-1\" \/>\n<link rel=\"canonical\" href=\"https:\/\/ifamnews.com\/de\/peru-lehnt-homo-ehe-ab\" \/>\n<meta property=\"og:locale\" content=\"de_DE\" \/>\n<meta property=\"og:type\" content=\"article\" \/>\n<meta property=\"og:title\" content=\"Peru lehnt \u201eHomo-Ehe\u201c ab\" \/>\n<meta property=\"og:description\" content=\"Peru ist eines der letzten s\u00fcdamerikanischen L\u00e4nder, in denen gleichgeschlechtliche Partnerschaften nicht als Ehe anerkannt werden.\" \/>\n<meta property=\"og:url\" content=\"https:\/\/ifamnews.com\/de\/peru-lehnt-homo-ehe-ab\" \/>\n<meta property=\"og:site_name\" content=\"IFN\" \/>\n<meta property=\"article:publisher\" content=\"https:\/\/www.facebook.com\/iFamNews\" \/>\n<meta property=\"article:published_time\" content=\"2023-01-11T06:00:00+00:00\" \/>\n<meta property=\"og:image\" content=\"https:\/\/ifamnews.com\/wp-content\/uploads\/2023\/01\/Peru-Kongress.jpg\" \/>\n\t<meta property=\"og:image:width\" content=\"1200\" \/>\n\t<meta property=\"og:image:height\" content=\"675\" \/>\n\t<meta property=\"og:image:type\" content=\"image\/jpeg\" \/>\n<meta name=\"author\" content=\"Johann R. Porter\" \/>\n<meta name=\"twitter:card\" content=\"summary_large_image\" \/>\n<meta name=\"twitter:creator\" content=\"@iFamNewsEN\" \/>\n<meta name=\"twitter:site\" content=\"@iFamNewsEN\" \/>\n<meta name=\"twitter:label1\" content=\"Verfasst von\" \/>\n\t<meta name=\"twitter:data1\" content=\"Johann R. Porter\" \/>\n\t<meta name=\"twitter:label2\" content=\"Gesch\u00e4tzte Lesezeit\" \/>\n\t<meta name=\"twitter:data2\" content=\"1\u00a0Minute\" \/>\n<!-- \/ Yoast SEO Premium plugin. -->","yoast_head_json":{"title":"Peru lehnt \u201eHomo-Ehe\u201c ab - IFN","robots":{"index":"index","follow":"follow","max-snippet":"max-snippet:-1","max-image-preview":"max-image-preview:large","max-video-preview":"max-video-preview:-1"},"canonical":"https:\/\/ifamnews.com\/de\/peru-lehnt-homo-ehe-ab","og_locale":"de_DE","og_type":"article","og_title":"Peru lehnt \u201eHomo-Ehe\u201c ab","og_description":"Peru ist eines der letzten s\u00fcdamerikanischen L\u00e4nder, in denen gleichgeschlechtliche Partnerschaften nicht als Ehe anerkannt werden.","og_url":"https:\/\/ifamnews.com\/de\/peru-lehnt-homo-ehe-ab","og_site_name":"IFN","article_publisher":"https:\/\/www.facebook.com\/iFamNews","article_published_time":"2023-01-11T06:00:00+00:00","og_image":[{"width":1200,"height":675,"url":"https:\/\/ifamnews.com\/wp-content\/uploads\/2023\/01\/Peru-Kongress.jpg","type":"image\/jpeg"}],"author":"Johann R. Porter","twitter_card":"summary_large_image","twitter_creator":"@iFamNewsEN","twitter_site":"@iFamNewsEN","twitter_misc":{"Verfasst von":"Johann R. Porter","Gesch\u00e4tzte Lesezeit":"1\u00a0Minute"},"schema":{"@context":"https:\/\/schema.org","@graph":[{"@type":"NewsArticle","@id":"https:\/\/ifamnews.com\/de\/peru-lehnt-homo-ehe-ab#article","isPartOf":{"@id":"https:\/\/ifamnews.com\/de\/peru-lehnt-homo-ehe-ab"},"author":{"name":"Johann R. Porter","@id":"https:\/\/ifamnews.com\/en\/#\/schema\/person\/97c5fc10500c93e36c296295ba21a537"},"headline":"Peru lehnt \u201eHomo-Ehe\u201c ab","datePublished":"2023-01-11T06:00:00+00:00","mainEntityOfPage":{"@id":"https:\/\/ifamnews.com\/de\/peru-lehnt-homo-ehe-ab"},"wordCount":127,"commentCount":0,"publisher":{"@id":"https:\/\/ifamnews.com\/en\/#organization"},"image":{"@id":"https:\/\/ifamnews.com\/de\/peru-lehnt-homo-ehe-ab#primaryimage"},"thumbnailUrl":"https:\/\/ifamnews.com\/wp-content\/uploads\/2023\/01\/Peru-Kongress.jpg","keywords":["Ehe f\u00fcr Alle","Gleichgeschlechtliche Ehe","Peru"],"articleSection":["Breaking News","Familie","Vordergrund"],"inLanguage":"de","potentialAction":[{"@type":"CommentAction","name":"Comment","target":["https:\/\/ifamnews.com\/de\/peru-lehnt-homo-ehe-ab#respond"]}]},{"@type":"WebPage","@id":"https:\/\/ifamnews.com\/de\/peru-lehnt-homo-ehe-ab","url":"https:\/\/ifamnews.com\/de\/peru-lehnt-homo-ehe-ab","name":"Peru lehnt \u201eHomo-Ehe\u201c ab - IFN","isPartOf":{"@id":"https:\/\/ifamnews.com\/en\/#website"},"primaryImageOfPage":{"@id":"https:\/\/ifamnews.com\/de\/peru-lehnt-homo-ehe-ab#primaryimage"},"image":{"@id":"https:\/\/ifamnews.com\/de\/peru-lehnt-homo-ehe-ab#primaryimage"},"thumbnailUrl":"https:\/\/ifamnews.com\/wp-content\/uploads\/2023\/01\/Peru-Kongress.jpg","datePublished":"2023-01-11T06:00:00+00:00","breadcrumb":{"@id":"https:\/\/ifamnews.com\/de\/peru-lehnt-homo-ehe-ab#breadcrumb"},"inLanguage":"de","potentialAction":[{"@type":"ReadAction","target":["https:\/\/ifamnews.com\/de\/peru-lehnt-homo-ehe-ab"]}]},{"@type":"ImageObject","inLanguage":"de","@id":"https:\/\/ifamnews.com\/de\/peru-lehnt-homo-ehe-ab#primaryimage","url":"https:\/\/ifamnews.com\/wp-content\/uploads\/2023\/01\/Peru-Kongress.jpg","contentUrl":"https:\/\/ifamnews.com\/wp-content\/uploads\/2023\/01\/Peru-Kongress.jpg","width":1200,"height":675,"caption":"Der peruanische Kongress, Foto: Felipe Restrpo Acosta, CC BY-SA 4.0."},{"@type":"BreadcrumbList","@id":"https:\/\/ifamnews.com\/de\/peru-lehnt-homo-ehe-ab#breadcrumb","itemListElement":[{"@type":"ListItem","position":1,"name":"Home","item":"https:\/\/ifamnews.com\/de"},{"@type":"ListItem","position":2,"name":"Familie","item":"https:\/\/ifamnews.com\/de\/kategorie\/familie"},{"@type":"ListItem","position":3,"name":"Peru lehnt \u201eHomo-Ehe\u201c ab"}]},{"@type":"WebSite","@id":"https:\/\/ifamnews.com\/en\/#website","url":"https:\/\/ifamnews.com\/en\/","name":"IFN","description":"International Family News Network","publisher":{"@id":"https:\/\/ifamnews.com\/en\/#organization"},"potentialAction":[{"@type":"SearchAction","target":{"@type":"EntryPoint","urlTemplate":"https:\/\/ifamnews.com\/en\/?s={search_term_string}"},"query-input":{"@type":"PropertyValueSpecification","valueRequired":true,"valueName":"search_term_string"}}],"inLanguage":"de"},{"@type":"Organization","@id":"https:\/\/ifamnews.com\/en\/#organization","name":"iFamNews","url":"https:\/\/ifamnews.com\/en\/","logo":{"@type":"ImageObject","inLanguage":"de","@id":"https:\/\/ifamnews.com\/en\/#\/schema\/logo\/image\/","url":"https:\/\/ifamnews.com\/wp-content\/uploads\/2020\/01\/Share-logo.png","contentUrl":"https:\/\/ifamnews.com\/wp-content\/uploads\/2020\/01\/Share-logo.png","width":200,"height":200,"caption":"iFamNews"},"image":{"@id":"https:\/\/ifamnews.com\/en\/#\/schema\/logo\/image\/"},"sameAs":["https:\/\/www.facebook.com\/iFamNews","https:\/\/x.com\/iFamNewsEN"]},{"@type":"Person","@id":"https:\/\/ifamnews.com\/en\/#\/schema\/person\/97c5fc10500c93e36c296295ba21a537","name":"Johann R. Porter","image":{"@type":"ImageObject","inLanguage":"de","@id":"https:\/\/secure.gravatar.com\/avatar\/b295da437fcd0635c3fe53d90b9545df9d7b3b7681f3a87122ec5cef8870a293?s=96&d=mm&r=g","url":"https:\/\/secure.gravatar.com\/avatar\/b295da437fcd0635c3fe53d90b9545df9d7b3b7681f3a87122ec5cef8870a293?s=96&d=mm&r=g","contentUrl":"https:\/\/secure.gravatar.com\/avatar\/b295da437fcd0635c3fe53d90b9545df9d7b3b7681f3a87122ec5cef8870a293?s=96&d=mm&r=g","caption":"Johann R. Porter"},"description":"A German-speaking social scientist and worker in the pro-life movement. [This author writes under a pseudonym.]","url":"https:\/\/ifamnews.com\/de\/author\/jporter"}]}},"amp_enabled":true,"_links":{"self":[{"href":"https:\/\/ifamnews.com\/de\/wp-json\/wp\/v2\/posts\/177994","targetHints":{"allow":["GET"]}}],"collection":[{"href":"https:\/\/ifamnews.com\/de\/wp-json\/wp\/v2\/posts"}],"about":[{"href":"https:\/\/ifamnews.com\/de\/wp-json\/wp\/v2\/types\/post"}],"author":[{"embeddable":true,"href":"https:\/\/ifamnews.com\/de\/wp-json\/wp\/v2\/users\/589"}],"replies":[{"embeddable":true,"href":"https:\/\/ifamnews.com\/de\/wp-json\/wp\/v2\/comments?post=177994"}],"version-history":[{"count":1,"href":"https:\/\/ifamnews.com\/de\/wp-json\/wp\/v2\/posts\/177994\/revisions"}],"predecessor-version":[{"id":178003,"href":"https:\/\/ifamnews.com\/de\/wp-json\/wp\/v2\/posts\/177994\/revisions\/178003"}],"wp:featuredmedia":[{"embeddable":true,"href":"https:\/\/ifamnews.com\/de\/wp-json\/wp\/v2\/media\/177995"}],"wp:attachment":[{"href":"https:\/\/ifamnews.com\/de\/wp-json\/wp\/v2\/media?parent=177994"}],"wp:term":[{"taxonomy":"category","embeddable":true,"href":"https:\/\/ifamnews.com\/de\/wp-json\/wp\/v2\/categories?post=177994"},{"taxonomy":"post_tag","embeddable":true,"href":"https:\/\/ifamnews.com\/de\/wp-json\/wp\/v2\/tags?post=177994"}],"curies":[{"name":"wp","href":"https:\/\/api.w.org\/{rel}","templated":true}]}}