{"id":17756,"date":"2020-05-26T09:33:16","date_gmt":"2020-05-26T14:33:16","guid":{"rendered":"https:\/\/ifamnews.com\/?p=17756"},"modified":"2020-06-10T02:42:18","modified_gmt":"2020-06-10T07:42:18","slug":"abtreibungs-fuersprecherin-bei-der-un-ueber-qualifikation-gelogen-trotzdem-hohen-posten-belegt","status":"publish","type":"post","link":"https:\/\/ifamnews.com\/de\/abtreibungs-fuersprecherin-bei-der-un-ueber-qualifikation-gelogen-trotzdem-hohen-posten-belegt","title":{"rendered":"Abtreibungs-F\u00fcrsprecherin bei der UN: \u00fcber Qualifikation gelogen, trotzdem hohen Posten belegt"},"content":{"rendered":"<p class=\"last-updated\">Last updated on Juni 10th, 2020 at 02:42 a.m.<\/p>\n<p>Die UN entlie\u00df Kate Gilmore, Menschenrechts-Aktivistin und\nAbtreibungsbef\u00fcrworterin, stillschweigend, nachdem ihre Qualifikationen als\ngef\u00e4lscht demaskiert wurden. <\/p>\n\n\n\n<p>Gilmore diente von 2015 bis 2019 als Stellvertretende Hohe\nKommissarin der Vereinten Nationen f\u00fcr Menschenrechte und erhielt in ihrer gesamten\nAmtszeit \u00fcber 2 Mio. Dollar Gehaltszahlungen. <\/p>\n\n\n\n<p>Um ihre Stellung in der UN zu erreichen, f\u00e4lschte Gilmore\nihre Qualifikation. Sie gab an, einen Postgraduierten-Studiengang absolviert zu\nhaben. Nachforschungen von <em><a href=\"https:\/\/innercitypress.com\/unguterres1gilmorefraudicp112619.html\">Inner\nCity Press<\/a><\/em> zeigten die erlogenen Abschl\u00fcsse auf einem Res\u00fcmee der UN\nWebseite an, demzufolge sie ein Bachelorabschluss der K\u00fcnste von der <em>University of New England<\/em> und ein\nPostgraduierten-Abschluss in Sozialarbeit und Stadtentwicklung von der <em>University of Melbourne<\/em> und <em>RMIT<\/em>. Hier der <a href=\"https:\/\/twitter.com\/innercitypress\/status\/1199328147231129606\/photo\/1\">Tweet<\/a>.<\/p>\n\n\n\n<figure class=\"wp-block-embed-twitter aligncenter wp-block-embed is-type-rich is-provider-twitter\"><div class=\"wp-block-embed__wrapper\">\n<blockquote class=\"twitter-tweet\" data-width=\"500\" data-dnt=\"true\"><p lang=\"en\" dir=\"ltr\">UN CORRUPTION Exclusive: False Post-Graduate Degree Claim By UN&#39;s Kate Gilmore Quietly Disappears at <a href=\"https:\/\/twitter.com\/UNHumanRights?ref_src=twsrc%5Etfw\">@UNHumanRights<\/a> Where <a href=\"https:\/\/twitter.com\/mbachelet?ref_src=twsrc%5Etfw\">@MBachelet<\/a> Paid Her Millions- But Fellow Fraudster UNSG <a href=\"https:\/\/twitter.com\/antonioguterres?ref_src=twsrc%5Etfw\">@AntonioGuterres<\/a> Keeps It Up, UNlike His Gulbenkian\/CEFC Links <a href=\"https:\/\/t.co\/XzkEv3IDoW\">https:\/\/t.co\/XzkEv3IDoW<\/a> <a href=\"https:\/\/t.co\/dd8PODwCQU\">pic.twitter.com\/dd8PODwCQU<\/a><\/p>&mdash; Inner City Press (@innercitypress) <a href=\"https:\/\/twitter.com\/innercitypress\/status\/1199328147231129606?ref_src=twsrc%5Etfw\">November 26, 2019<\/a><\/blockquote><script async src=\"https:\/\/platform.twitter.com\/widgets.js\" charset=\"utf-8\"><\/script>\n<\/div><figcaption>Twitter der Screenshots von Gilmores UN-Res\u00fcmee.<\/figcaption><\/figure>\n\n\n\n<p>Nachdem Journalisten Druck auf ihre UN-B\u00fcro und den\nUN-Generalsekret\u00e4r Ant\u00f3nio Guterres ausge\u00fcbt hatten, wurde der Online-Eintrag\nge\u00e4ndert und besagt nun: \u201eFrau Gilmore hat ein Bachelor der K\u00fcnste von der <em>University of New England<\/em> und ein\nBachelor in Sozialarbeit der <em>University\nof Melbourne<\/em>. Sie setzte ihre Studien mit Studien in Sozialarbeit und Stadtentwicklung\nin Australien fort.\u201c<\/p>\n\n\n\n<p>Die Universit\u00e4t von Melbourne bietet keine\nPostgraduierten-Abschl\u00fcsse an und wurde wie RMIT einfach aus ihrem Lebenslauf\ngestrichen. <\/p>\n\n\n\n<p>Zwei Whistleblower in Gilmores B\u00fcro zeigten die Diskrepanzen\nim Mai 2019 an und <a href=\"https:\/\/peteragallo.com\/?page_id=217\">Peter Gallo<\/a>,\nder wiederholt \u00fcber Missst\u00e4nde bei der UN berichtet, best\u00e4tigte \u2013 nachdem er\nR\u00fccksprache mit den Universit\u00e4ten gehalten hatte \u2013 den Schwindel um Gilmores\nAbschl\u00fcsse. <\/p>\n\n\n\n<p>UN Stabsregelungen besagen, dass \u201eMitarbeiter die h\u00f6chsten Standarts\nder Integrit\u00e4t, wie Ehrlichkeit und Aufrichtigkeit in allen Angelegenheiten,\ndie ihre Arbeit und ihren Status betreffen, personifizieren\u201c m\u00fcssen.<\/p>\n\n\n\n<p>Verd\u00e4chtig war, wie Gallo erkl\u00e4rte, dass der Ermittlungsdirektor\nBen Swanson und die stellvertretende Generalsekret\u00e4rin f\u00fcr Personalwesen,\nMartha Helena Lopez, \u00fcber Gilmores Schwindel informiert wurden, die Angelegenheit\njedoch nicht weiter verfolgten. Die Sache wurde an UN-Generalsekret\u00e4r Ant\u00f3nio\nGuterres weitergeleitet, der als Ursache einen \u201eFehler auf der Webseite\u201c angab,\nwie <em>C-Fam<\/em> <a href=\"https:\/\/c-fam.org\/friday_fax\/top-un-official-leaves-post-charged-with-phony-credentials\/?fbclid=IwAR1fZRCz6A_EDKhtmosa3eOIhZNC3DIJAfJkzr-OldneaUcahilKXWkIdBg\">berichtete<\/a>.<\/p>\n\n\n\n<p>Gilmore ist von ihrem Posten zur\u00fcckgetreten, es folgten aber\nkeine rechtlichen Konsequenzen. Sie konnte sogar noch einen der Whistleblower in\nihrem B\u00fcro entmachten, indem sie ihn in ein anders Amt versetzte.<\/p>\n\n\n\n<p>Statt \u00f6ffentlichem Tadel bezog sie eine neue Stelle im Rat der\nTreuh\u00e4nder der <em><a href=\"https:\/\/ippf.org\/news\/announcements\/ippf-announces-new-board-trustees\">International\nPlanned Parenthood Federation<\/a> (IPPF)<\/em>. <\/p>\n\n\n\n<p>Sie kommentierte ihre Einladung: \u201eEs w\u00e4re jederzeit ein\nau\u00dferordentliches Privileg, dem IPPF-Vorstand beizutreten. Aber gerade in\ndiesem Moment ist es das noch viel mehr. W\u00e4hrend bestimmte Regierungen und\nr\u00fcckst\u00e4ndige Influencer daran arbeiten, R\u00fcckschritte in der sexuellen und\nreproduktiven Gesundheit einzuleiten, ist die IPPF ein Leuchtfeuer der Hoffnung\nund Solidarit\u00e4t [\u2026] Menschen aller Identit\u00e4ten auf der ganzen Welt.\u201c<\/p>\n\n\n\n<p>W\u00e4hrend ihrer Zeit in den Vereinten Nationen war sie daf\u00fcr\nbekannt, besonders Mitglieder traditionell eingestellter L\u00e4nder, Legislatur zur\n\u201ereproduktiven Gesundheit\u201c aufzudr\u00e4ngen. 2007 nahm sie in ihrer Funktion als\nstellvertretende ausf\u00fchrende Sekret\u00e4rin von <em>Amnesty\nInternational<\/em> Lobbying f\u00fcr Abtreibung als Teil der Arbeit gegen\nGeschlechtsspezifische Gewalt auf.<\/p>\n\n\n\n<p>\u201eZugangsverweigerung zu Abtreibungen\u201c stellt f\u00fcr Gilmore \u201eein\nVersto\u00df gegen humanit\u00e4re Prinzipien\u201c dar, wie eine Studie <a href=\"https:\/\/papers.ssrn.com\/sol3\/papers.cfm?abstract_id=2992597\">zitiert<\/a>.<\/p>\n\n\n\n<p>Nun bietet IPPF ihr eine Plattform, ihre Aktivisten- und\nLobbyarbeit f\u00fcr Abtreibung weltweit fortzuf\u00fchren und noch angestrengter\ndurchzusetzen.<\/p>\n","protected":false},"excerpt":{"rendered":"<p>UN-Spitzenmitarbeiterin Kate Gilmore entgeht trotz Abschlussschwindel rechtlichen Konsequenzen. Stattdessen wechselt sie zum Bev\u00f6lkerungskontrollgiganten IPPF.<\/p>\n","protected":false},"author":94,"featured_media":17781,"comment_status":"open","ping_status":"open","sticky":false,"template":"","format":"standard","meta":{"give_campaign_id":0,"om_disable_all_campaigns":false,"_monsterinsights_skip_tracking":false,"_monsterinsights_sitenote_active":false,"_monsterinsights_sitenote_note":"","_monsterinsights_sitenote_category":0,"mc4wp_mailchimp_campaign":[],"jnews-multi-image_gallery":[],"jnews_single_post":{"subtitle":"UN-Spitzenmitarbeiterin Kate Gilmore entgeht trotz Abschlussschwindel rechtlichen Konsequenzen. Stattdessen wechselt sie zum Bev\u00f6lkerungskontrollgiganten IPPF.","format":"standard","video":"","gallery":"","source_name":"","source_url":"","via_name":"","via_url":"","override":[{"single_blog_custom":"","sidebar":"","second_sidebar":"","share_position":"","share_float_style":"","post_date_format":"","post_date_format_custom":"","post_reading_time_wpm":"","zoom_button_out_step":"1","zoom_button_in_step":"1","number_popup_post":"1"}],"image_override":[{"single_post_thumbnail_size":"","single_post_gallery_size":""}],"trending_post_position":"","trending_post_label":""},"jnews_primary_category":{"id":""},"jnews_social_meta":{"fb_title":"","fb_description":"","fb_image":"","twitter_title":"","twitter_description":"","twitter_image":""},"jnews_override_counter":{"view_counter_number":"0","share_counter_number":"0","like_counter_number":"0","dislike_counter_number":"0"},"footnotes":""},"categories":[820],"tags":[3812,1906,3813,3810,3811,2088],"class_list":["post-17756","post","type-post","status-publish","format-standard","has-post-thumbnail","hentry","category-leben","tag-abschluss","tag-abtreibung","tag-antonio-guterres-2","tag-ippf-2","tag-planned-parenthood-3","tag-un-2"],"yoast_head":"<!-- This site is optimized with the Yoast SEO Premium plugin v25.9 (Yoast SEO v27.3) - https:\/\/yoast.com\/product\/yoast-seo-premium-wordpress\/ -->\n<title>Abtreibungs-F\u00fcrsprecherin bei der UN: \u00fcber Qualifikation gelogen, trotzdem hohen Posten belegt - IFN<\/title>\n<meta name=\"robots\" content=\"index, follow, max-snippet:-1, max-image-preview:large, max-video-preview:-1\" \/>\n<link rel=\"canonical\" href=\"https:\/\/ifamnews.com\/de\/abtreibungs-fuersprecherin-bei-der-un-ueber-qualifikation-gelogen-trotzdem-hohen-posten-belegt\" \/>\n<meta property=\"og:locale\" content=\"de_DE\" \/>\n<meta property=\"og:type\" content=\"article\" \/>\n<meta property=\"og:title\" content=\"Abtreibungs-F\u00fcrsprecherin bei der UN: \u00fcber Qualifikation gelogen, trotzdem hohen Posten belegt\" \/>\n<meta property=\"og:description\" content=\"UN-Spitzenmitarbeiterin Kate Gilmore entgeht trotz Abschlussschwindel rechtlichen Konsequenzen. Stattdessen wechselt sie zum Bev\u00f6lkerungskontrollgiganten IPPF.\" \/>\n<meta property=\"og:url\" content=\"https:\/\/ifamnews.com\/de\/abtreibungs-fuersprecherin-bei-der-un-ueber-qualifikation-gelogen-trotzdem-hohen-posten-belegt\" \/>\n<meta property=\"og:site_name\" content=\"IFN\" \/>\n<meta property=\"article:publisher\" content=\"https:\/\/www.facebook.com\/iFamNews\" \/>\n<meta property=\"article:published_time\" content=\"2020-05-26T14:33:16+00:00\" \/>\n<meta property=\"article:modified_time\" content=\"2020-06-10T07:42:18+00:00\" \/>\n<meta property=\"og:image\" content=\"https:\/\/ifamnews.com\/wp-content\/uploads\/2020\/05\/25293119350_ad56938a16_k.jpg\" \/>\n\t<meta property=\"og:image:width\" content=\"2048\" \/>\n\t<meta property=\"og:image:height\" content=\"1365\" \/>\n\t<meta property=\"og:image:type\" content=\"image\/jpeg\" \/>\n<meta name=\"author\" content=\"Jan Bentz\" \/>\n<meta name=\"twitter:card\" content=\"summary_large_image\" \/>\n<meta name=\"twitter:creator\" content=\"@iFamNewsEN\" \/>\n<meta name=\"twitter:site\" content=\"@iFamNewsEN\" \/>\n<meta name=\"twitter:label1\" content=\"Verfasst von\" \/>\n\t<meta name=\"twitter:data1\" content=\"Jan Bentz\" \/>\n\t<meta name=\"twitter:label2\" content=\"Gesch\u00e4tzte Lesezeit\" \/>\n\t<meta name=\"twitter:data2\" content=\"3\u00a0Minuten\" \/>\n<!-- \/ Yoast SEO Premium plugin. -->","yoast_head_json":{"title":"Abtreibungs-F\u00fcrsprecherin bei der UN: \u00fcber Qualifikation gelogen, trotzdem hohen Posten belegt - IFN","robots":{"index":"index","follow":"follow","max-snippet":"max-snippet:-1","max-image-preview":"max-image-preview:large","max-video-preview":"max-video-preview:-1"},"canonical":"https:\/\/ifamnews.com\/de\/abtreibungs-fuersprecherin-bei-der-un-ueber-qualifikation-gelogen-trotzdem-hohen-posten-belegt","og_locale":"de_DE","og_type":"article","og_title":"Abtreibungs-F\u00fcrsprecherin bei der UN: \u00fcber Qualifikation gelogen, trotzdem hohen Posten belegt","og_description":"UN-Spitzenmitarbeiterin Kate Gilmore entgeht trotz Abschlussschwindel rechtlichen Konsequenzen. Stattdessen wechselt sie zum Bev\u00f6lkerungskontrollgiganten IPPF.","og_url":"https:\/\/ifamnews.com\/de\/abtreibungs-fuersprecherin-bei-der-un-ueber-qualifikation-gelogen-trotzdem-hohen-posten-belegt","og_site_name":"IFN","article_publisher":"https:\/\/www.facebook.com\/iFamNews","article_published_time":"2020-05-26T14:33:16+00:00","article_modified_time":"2020-06-10T07:42:18+00:00","og_image":[{"width":2048,"height":1365,"url":"https:\/\/ifamnews.com\/wp-content\/uploads\/2020\/05\/25293119350_ad56938a16_k.jpg","type":"image\/jpeg"}],"author":"Jan Bentz","twitter_card":"summary_large_image","twitter_creator":"@iFamNewsEN","twitter_site":"@iFamNewsEN","twitter_misc":{"Verfasst von":"Jan Bentz","Gesch\u00e4tzte Lesezeit":"3\u00a0Minuten"},"schema":{"@context":"https:\/\/schema.org","@graph":[{"@type":"NewsArticle","@id":"https:\/\/ifamnews.com\/de\/abtreibungs-fuersprecherin-bei-der-un-ueber-qualifikation-gelogen-trotzdem-hohen-posten-belegt#article","isPartOf":{"@id":"https:\/\/ifamnews.com\/de\/abtreibungs-fuersprecherin-bei-der-un-ueber-qualifikation-gelogen-trotzdem-hohen-posten-belegt"},"author":{"name":"Jan Bentz","@id":"https:\/\/ifamnews.com\/en\/#\/schema\/person\/ab41b70fafcdfd12a7774eb96573cc72"},"headline":"Abtreibungs-F\u00fcrsprecherin bei der UN: \u00fcber Qualifikation gelogen, trotzdem hohen Posten belegt","datePublished":"2020-05-26T14:33:16+00:00","dateModified":"2020-06-10T07:42:18+00:00","mainEntityOfPage":{"@id":"https:\/\/ifamnews.com\/de\/abtreibungs-fuersprecherin-bei-der-un-ueber-qualifikation-gelogen-trotzdem-hohen-posten-belegt"},"wordCount":547,"commentCount":0,"publisher":{"@id":"https:\/\/ifamnews.com\/en\/#organization"},"image":{"@id":"https:\/\/ifamnews.com\/de\/abtreibungs-fuersprecherin-bei-der-un-ueber-qualifikation-gelogen-trotzdem-hohen-posten-belegt#primaryimage"},"thumbnailUrl":"https:\/\/ifamnews.com\/wp-content\/uploads\/2020\/05\/25293119350_ad56938a16_k.jpg","keywords":["Abschluss","Abtreibung","Ant\u00f3nio Guterres","IPPF","Planned Parenthood","UN"],"articleSection":["Leben"],"inLanguage":"de","potentialAction":[{"@type":"CommentAction","name":"Comment","target":["https:\/\/ifamnews.com\/de\/abtreibungs-fuersprecherin-bei-der-un-ueber-qualifikation-gelogen-trotzdem-hohen-posten-belegt#respond"]}]},{"@type":"WebPage","@id":"https:\/\/ifamnews.com\/de\/abtreibungs-fuersprecherin-bei-der-un-ueber-qualifikation-gelogen-trotzdem-hohen-posten-belegt","url":"https:\/\/ifamnews.com\/de\/abtreibungs-fuersprecherin-bei-der-un-ueber-qualifikation-gelogen-trotzdem-hohen-posten-belegt","name":"Abtreibungs-F\u00fcrsprecherin bei der UN: \u00fcber Qualifikation gelogen, trotzdem hohen Posten belegt - IFN","isPartOf":{"@id":"https:\/\/ifamnews.com\/en\/#website"},"primaryImageOfPage":{"@id":"https:\/\/ifamnews.com\/de\/abtreibungs-fuersprecherin-bei-der-un-ueber-qualifikation-gelogen-trotzdem-hohen-posten-belegt#primaryimage"},"image":{"@id":"https:\/\/ifamnews.com\/de\/abtreibungs-fuersprecherin-bei-der-un-ueber-qualifikation-gelogen-trotzdem-hohen-posten-belegt#primaryimage"},"thumbnailUrl":"https:\/\/ifamnews.com\/wp-content\/uploads\/2020\/05\/25293119350_ad56938a16_k.jpg","datePublished":"2020-05-26T14:33:16+00:00","dateModified":"2020-06-10T07:42:18+00:00","breadcrumb":{"@id":"https:\/\/ifamnews.com\/de\/abtreibungs-fuersprecherin-bei-der-un-ueber-qualifikation-gelogen-trotzdem-hohen-posten-belegt#breadcrumb"},"inLanguage":"de","potentialAction":[{"@type":"ReadAction","target":["https:\/\/ifamnews.com\/de\/abtreibungs-fuersprecherin-bei-der-un-ueber-qualifikation-gelogen-trotzdem-hohen-posten-belegt"]}]},{"@type":"ImageObject","inLanguage":"de","@id":"https:\/\/ifamnews.com\/de\/abtreibungs-fuersprecherin-bei-der-un-ueber-qualifikation-gelogen-trotzdem-hohen-posten-belegt#primaryimage","url":"https:\/\/ifamnews.com\/wp-content\/uploads\/2020\/05\/25293119350_ad56938a16_k.jpg","contentUrl":"https:\/\/ifamnews.com\/wp-content\/uploads\/2020\/05\/25293119350_ad56938a16_k.jpg","width":2048,"height":1365,"caption":"Kate Gilmore \/ \u00a9UN Geneva. Some rights reserved."},{"@type":"BreadcrumbList","@id":"https:\/\/ifamnews.com\/de\/abtreibungs-fuersprecherin-bei-der-un-ueber-qualifikation-gelogen-trotzdem-hohen-posten-belegt#breadcrumb","itemListElement":[{"@type":"ListItem","position":1,"name":"Home","item":"https:\/\/ifamnews.com\/de"},{"@type":"ListItem","position":2,"name":"Vordergrund","item":"https:\/\/ifamnews.com\/de\/kategorie\/foreground-de"},{"@type":"ListItem","position":3,"name":"Abtreibungs-F\u00fcrsprecherin bei der UN: \u00fcber Qualifikation gelogen, trotzdem hohen Posten belegt"}]},{"@type":"WebSite","@id":"https:\/\/ifamnews.com\/en\/#website","url":"https:\/\/ifamnews.com\/en\/","name":"IFN","description":"International Family News Network","publisher":{"@id":"https:\/\/ifamnews.com\/en\/#organization"},"potentialAction":[{"@type":"SearchAction","target":{"@type":"EntryPoint","urlTemplate":"https:\/\/ifamnews.com\/en\/?s={search_term_string}"},"query-input":{"@type":"PropertyValueSpecification","valueRequired":true,"valueName":"search_term_string"}}],"inLanguage":"de"},{"@type":"Organization","@id":"https:\/\/ifamnews.com\/en\/#organization","name":"iFamNews","url":"https:\/\/ifamnews.com\/en\/","logo":{"@type":"ImageObject","inLanguage":"de","@id":"https:\/\/ifamnews.com\/en\/#\/schema\/logo\/image\/","url":"https:\/\/ifamnews.com\/wp-content\/uploads\/2020\/01\/Share-logo.png","contentUrl":"https:\/\/ifamnews.com\/wp-content\/uploads\/2020\/01\/Share-logo.png","width":200,"height":200,"caption":"iFamNews"},"image":{"@id":"https:\/\/ifamnews.com\/en\/#\/schema\/logo\/image\/"},"sameAs":["https:\/\/www.facebook.com\/iFamNews","https:\/\/x.com\/iFamNewsEN"]},{"@type":"Person","@id":"https:\/\/ifamnews.com\/en\/#\/schema\/person\/ab41b70fafcdfd12a7774eb96573cc72","name":"Jan Bentz","image":{"@type":"ImageObject","inLanguage":"de","@id":"https:\/\/secure.gravatar.com\/avatar\/bb3fc3e4fb197942a1cfea0d80ee06db641796022af0fb8bf02c8651eac05980?s=96&d=mm&r=g","url":"https:\/\/secure.gravatar.com\/avatar\/bb3fc3e4fb197942a1cfea0d80ee06db641796022af0fb8bf02c8651eac05980?s=96&d=mm&r=g","contentUrl":"https:\/\/secure.gravatar.com\/avatar\/bb3fc3e4fb197942a1cfea0d80ee06db641796022af0fb8bf02c8651eac05980?s=96&d=mm&r=g","caption":"Jan Bentz"},"description":"Dr. phil. Jan C. Bentz was born and raised in Germany, and graduated from High School in St. Louis (MI) as a foreign exchange student. Professor Bentz holds a doctorate in Philosophy (Dr. phil.) from the Pontifical Athenaeum Regina Apostolorum in Rome, a Master\u2019s in Sacred Art, Architecture, and Liturgy and a Master\u2019s in Church and Religious Studies. During his career as a journalist he has contributed to EWTN in English and German,\u00a0Inside the Vatican,\u00a0The Catholic Herald,\u00a0Catholic News Agency,\u00a0J\u00fcdische Rundschau,\u00a0and\u00a0Nasze Slowo. He worked as a producer for EWTN focusing on the Vatican, the Pope, and Rome in general. His fields of expertise in Philosophy include the history of philosophy and the history of philosophy of art. Prof. Bentz teaches Philosophy for\u00a0The Catholic University of America,\u00a0Christendom College, and\u00a0IES Study Abroad\u00a0in Rome.","url":"https:\/\/ifamnews.com\/de\/author\/jbentzifamnews-com"}]}},"amp_enabled":true,"_links":{"self":[{"href":"https:\/\/ifamnews.com\/de\/wp-json\/wp\/v2\/posts\/17756","targetHints":{"allow":["GET"]}}],"collection":[{"href":"https:\/\/ifamnews.com\/de\/wp-json\/wp\/v2\/posts"}],"about":[{"href":"https:\/\/ifamnews.com\/de\/wp-json\/wp\/v2\/types\/post"}],"author":[{"embeddable":true,"href":"https:\/\/ifamnews.com\/de\/wp-json\/wp\/v2\/users\/94"}],"replies":[{"embeddable":true,"href":"https:\/\/ifamnews.com\/de\/wp-json\/wp\/v2\/comments?post=17756"}],"version-history":[{"count":1,"href":"https:\/\/ifamnews.com\/de\/wp-json\/wp\/v2\/posts\/17756\/revisions"}],"predecessor-version":[{"id":17788,"href":"https:\/\/ifamnews.com\/de\/wp-json\/wp\/v2\/posts\/17756\/revisions\/17788"}],"wp:featuredmedia":[{"embeddable":true,"href":"https:\/\/ifamnews.com\/de\/wp-json\/wp\/v2\/media\/17781"}],"wp:attachment":[{"href":"https:\/\/ifamnews.com\/de\/wp-json\/wp\/v2\/media?parent=17756"}],"wp:term":[{"taxonomy":"category","embeddable":true,"href":"https:\/\/ifamnews.com\/de\/wp-json\/wp\/v2\/categories?post=17756"},{"taxonomy":"post_tag","embeddable":true,"href":"https:\/\/ifamnews.com\/de\/wp-json\/wp\/v2\/tags?post=17756"}],"curies":[{"name":"wp","href":"https:\/\/api.w.org\/{rel}","templated":true}]}}