{"id":177220,"date":"2023-01-05T01:00:00","date_gmt":"2023-01-05T06:00:00","guid":{"rendered":"https:\/\/ifamnews.com\/?p=177220"},"modified":"2023-01-03T05:28:39","modified_gmt":"2023-01-03T10:28:39","slug":"berliner-p-do-p-dagogik-zwischenbericht-best-tigt-kindesmissbrauch-durch-helmut-kentler","status":"publish","type":"post","link":"https:\/\/ifamnews.com\/de\/berliner-p-do-p-dagogik-zwischenbericht-best-tigt-kindesmissbrauch-durch-helmut-kentler","title":{"rendered":"Berliner P\u00e4do-P\u00e4dagogik: Zwischenbericht best\u00e4tigt Kindesmissbrauch durch Helmut Kentler"},"content":{"rendered":"\n<p>Der <a href=\"https:\/\/www.uni-hildesheim.de\/media\/fb1\/sozialpaedagogik\/Forschung\/Aufarbeitung_-Jugendhilfe_Berlin-_Kentler\/Zwischenbericht_Kentler.pdf\">Zwischenbericht<\/a> der Universit\u00e4t Hildesheim zum Wirken des 2008 verstorbenen Sexualforschers Helmut Kentler in der Berliner Jugendhilfe hat best\u00e4tigt, dass dieser selbst Kinder sexuell missbraucht hat. Kentler hatte ab Ende der 1960er Jahre dem Jugendamt Berlin anvertraute Jungen an ihm bekannte P\u00e4derasten vermittelt (<a href=\"https:\/\/ifamnews.com\/de\/-kentlergate-neue-doku-ber-kindesmissbrauch-durch-berliner-sexualp-dagogik\">IFamNews hatte berichtet<\/a>).<\/p>\n\n\n\n<p>Im Zuge der Berichtserstellung waren auch Betroffene interviewt worden und hatten den Missbrauch durch Kentler offengelegt:<\/p>\n\n\n\n<p>\u201eDie betroffene Person berichtet, dass sie und die anderen jungen Menschen w\u00e4hrend dieser Zeit bei Helmut Kentler massiven \u00dcbergriffen und sexualisierter Gewalt durch Helmut Kentler selbst ausgesetzt waren. Insbesondere junge Menschen im Alter von 10 bis 14 Jahren bezeichnete Helmut Kentler als \u201eseine Favoriten\u201c. Die Hilferufe der betroffenen Person wurden jedoch von Seiten der Familie ignoriert. Erst als die betroffene Person \u00e4lter wurde, konnte sie sich gegen die \u00dcbergriffe von Helmut Kentler wehren, indem sie ihn \u201egeschlagen\u201c habe. Ab diesem Zeitpunkt stimmte Helmut Kentler einer R\u00fcckkehr der betroffenen Person in die eigene Familie zu\u201c, hei\u00dft es in der Arbeit der Universit\u00e4t.<\/p>\n\n\n\n<p>Der Zwischenbericht stellt fest, dass das Landejugendamt Berlin als \u201eein zentraler Ort ausgemacht\u201c werden kann, der als Infrastruktur sexualisierte \u00dcbergriffe erm\u00f6glichte. Das p\u00e4dosexuelle Netzwerk reiche aber deutlich \u00fcber Berlin \u201ebis in verschiedene Regionen West-Deutschlands hinaus und konnte an unterschiedliche Infrastrukturen der Kinder- und Jugendhilfe, Hochschulen oder der evangelischen Kirche ankn\u00fcpfen und sich durch diese auch \u00f6ffentlich normalisieren oder gegen\u00fcber Anfragen immunisieren.\u201c<\/p>\n\n\n\n<p>Eine kostenlose <a href=\"https:\/\/www.youtube.com\/watch?v=U7LsOeWn8oU\">Youtube-Dokumentation<\/a> des Aktionsb\u00fcndnisses <em><a href=\"https:\/\/demofueralle.de\/\">Demo f\u00fcr Alle<\/a><\/em> befasst sich mit der P\u00e4dokriminalit\u00e4t Helmut Kentlers ausf\u00fchrlich.<\/p>\n\n\n\n<p><em><strong>Die Lebens- und Familienrechtsbewegung interessiert Sie? Bleiben Sie immer auf dem neuesten Stand \u2013 abonnieren Sie unseren Newsletter! <\/strong><\/em><a href=\"https:\/\/ifamnews.com\/de\/abonnieren\/\"><em><strong>Registrieren Sie sich hier.<\/strong><\/em><\/a><em><strong> T\u00e4gliche Nachrichten aus den deutschsprachigen L\u00e4ndern und der ganzen Welt!<\/strong><\/em><\/p>\n","protected":false},"excerpt":{"rendered":"<p>Das Berliner Jugendamt k\u00f6nne als \u201eein zentraler Ort ausgemacht\u201c werden, der als Infrastruktur sexualisierte \u00dcbergriffe erm\u00f6glichte, so der Bericht. Das Netzwerk reiche aber deutlich \u00fcber Berlin hinaus.<\/p>\n","protected":false},"author":589,"featured_media":169709,"comment_status":"open","ping_status":"open","sticky":false,"template":"","format":"standard","meta":{"give_campaign_id":0,"om_disable_all_campaigns":false,"_monsterinsights_skip_tracking":false,"_monsterinsights_sitenote_active":false,"_monsterinsights_sitenote_note":"","_monsterinsights_sitenote_category":0,"mc4wp_mailchimp_campaign":[],"jnews-multi-image_gallery":[],"jnews_single_post":{"subtitle":"Das Berliner Jugendamt k\u00f6nne als \u201eein zentraler Ort ausgemacht\u201c werden, der als Infrastruktur sexualisierte \u00dcbergriffe erm\u00f6glichte, so der Bericht. Das Netzwerk reiche aber deutlich \u00fcber Berlin hinaus.","format":"standard","video":"","gallery":"","source_name":"","source_url":"","via_name":"","via_url":"","override_template":"0","override":[{"template":"2","single_blog_custom":"","parallax":"1","fullscreen":"1","layout":"right-sidebar-narrow","sidebar":"default-sidebar","second_sidebar":"default-sidebar","sticky_sidebar":"1","share_position":"float","share_float_style":"share-normal","show_share_counter":"1","show_view_counter":"1","show_featured":"1","show_post_meta":"1","show_post_author":"1","show_post_author_image":"1","show_post_date":"1","post_date_format":"default","post_date_format_custom":"Y\/m\/d","show_post_category":"1","show_post_reading_time":"1","post_reading_time_wpm":"300","show_zoom_button":"0","zoom_button_out_step":"2","zoom_button_in_step":"3","show_post_tag":"1","show_prev_next_post":"0","show_popup_post":"0","number_popup_post":"1","show_author_box":"1","show_post_related":"0","show_inline_post_related":"0"}],"override_image_size":"0","image_override":[{"single_post_thumbnail_size":"crop-715","single_post_gallery_size":"crop-715"}],"trending_post":"0","trending_post_position":"meta","trending_post_label":"Trending","sponsored_post":"0","sponsored_post_label":"Sponsored by","sponsored_post_name":"","sponsored_post_url":"","sponsored_post_logo_enable":"0","sponsored_post_logo":"","sponsored_post_desc":"","disable_ad":"0"},"jnews_primary_category":{"id":"770"},"jnews_social_meta":{"fb_title":"","fb_description":"","fb_image":"","twitter_title":"","twitter_description":"","twitter_image":""},"jnews_override_counter":{"override_view_counter":"0","view_counter_number":"0","override_share_counter":"0","share_counter_number":"0","override_like_counter":"0","like_counter_number":"0","override_dislike_counter":"0","dislike_counter_number":"0"},"footnotes":""},"categories":[816,770,811],"tags":[20937,2081,10151,4204],"class_list":["post-177220","post","type-post","status-publish","format-standard","has-post-thumbnail","hentry","category-breaking-news-de","category-familie","category-foreground-de","tag-kentlergate","tag-demo-fuer-alle","tag-helmut-kentler","tag-kindesmissbrauch"],"yoast_head":"<!-- This site is optimized with the Yoast SEO Premium plugin v25.9 (Yoast SEO v27.3) - https:\/\/yoast.com\/product\/yoast-seo-premium-wordpress\/ -->\n<title>Berliner P\u00e4do-P\u00e4dagogik: Zwischenbericht best\u00e4tigt Kindesmissbrauch durch Helmut Kentler - IFN<\/title>\n<meta name=\"robots\" content=\"index, follow, max-snippet:-1, max-image-preview:large, max-video-preview:-1\" \/>\n<link rel=\"canonical\" href=\"https:\/\/ifamnews.com\/de\/berliner-p-do-p-dagogik-zwischenbericht-best-tigt-kindesmissbrauch-durch-helmut-kentler\" \/>\n<meta property=\"og:locale\" content=\"de_DE\" \/>\n<meta property=\"og:type\" content=\"article\" \/>\n<meta property=\"og:title\" content=\"Berliner P\u00e4do-P\u00e4dagogik: Zwischenbericht best\u00e4tigt Kindesmissbrauch durch Helmut Kentler\" \/>\n<meta property=\"og:description\" content=\"Das Berliner Jugendamt k\u00f6nne als \u201eein zentraler Ort ausgemacht\u201c werden, der als Infrastruktur sexualisierte \u00dcbergriffe erm\u00f6glichte, so der Bericht. Das Netzwerk reiche aber deutlich \u00fcber Berlin hinaus.\" \/>\n<meta property=\"og:url\" content=\"https:\/\/ifamnews.com\/de\/berliner-p-do-p-dagogik-zwischenbericht-best-tigt-kindesmissbrauch-durch-helmut-kentler\" \/>\n<meta property=\"og:site_name\" content=\"IFN\" \/>\n<meta property=\"article:publisher\" content=\"https:\/\/www.facebook.com\/iFamNews\" \/>\n<meta property=\"article:published_time\" content=\"2023-01-05T06:00:00+00:00\" \/>\n<meta property=\"og:image\" content=\"https:\/\/ifamnews.com\/wp-content\/uploads\/2022\/11\/HelmutKentler.jpg\" \/>\n\t<meta property=\"og:image:width\" content=\"1200\" \/>\n\t<meta property=\"og:image:height\" content=\"675\" \/>\n\t<meta property=\"og:image:type\" content=\"image\/jpeg\" \/>\n<meta name=\"author\" content=\"Johann R. Porter\" \/>\n<meta name=\"twitter:card\" content=\"summary_large_image\" \/>\n<meta name=\"twitter:creator\" content=\"@iFamNewsEN\" \/>\n<meta name=\"twitter:site\" content=\"@iFamNewsEN\" \/>\n<meta name=\"twitter:label1\" content=\"Verfasst von\" \/>\n\t<meta name=\"twitter:data1\" content=\"Johann R. Porter\" \/>\n\t<meta name=\"twitter:label2\" content=\"Gesch\u00e4tzte Lesezeit\" \/>\n\t<meta name=\"twitter:data2\" content=\"2\u00a0Minuten\" \/>\n<!-- \/ Yoast SEO Premium plugin. -->","yoast_head_json":{"title":"Berliner P\u00e4do-P\u00e4dagogik: Zwischenbericht best\u00e4tigt Kindesmissbrauch durch Helmut Kentler - IFN","robots":{"index":"index","follow":"follow","max-snippet":"max-snippet:-1","max-image-preview":"max-image-preview:large","max-video-preview":"max-video-preview:-1"},"canonical":"https:\/\/ifamnews.com\/de\/berliner-p-do-p-dagogik-zwischenbericht-best-tigt-kindesmissbrauch-durch-helmut-kentler","og_locale":"de_DE","og_type":"article","og_title":"Berliner P\u00e4do-P\u00e4dagogik: Zwischenbericht best\u00e4tigt Kindesmissbrauch durch Helmut Kentler","og_description":"Das Berliner Jugendamt k\u00f6nne als \u201eein zentraler Ort ausgemacht\u201c werden, der als Infrastruktur sexualisierte \u00dcbergriffe erm\u00f6glichte, so der Bericht. Das Netzwerk reiche aber deutlich \u00fcber Berlin hinaus.","og_url":"https:\/\/ifamnews.com\/de\/berliner-p-do-p-dagogik-zwischenbericht-best-tigt-kindesmissbrauch-durch-helmut-kentler","og_site_name":"IFN","article_publisher":"https:\/\/www.facebook.com\/iFamNews","article_published_time":"2023-01-05T06:00:00+00:00","og_image":[{"width":1200,"height":675,"url":"https:\/\/ifamnews.com\/wp-content\/uploads\/2022\/11\/HelmutKentler.jpg","type":"image\/jpeg"}],"author":"Johann R. Porter","twitter_card":"summary_large_image","twitter_creator":"@iFamNewsEN","twitter_site":"@iFamNewsEN","twitter_misc":{"Verfasst von":"Johann R. Porter","Gesch\u00e4tzte Lesezeit":"2\u00a0Minuten"},"schema":{"@context":"https:\/\/schema.org","@graph":[{"@type":"NewsArticle","@id":"https:\/\/ifamnews.com\/de\/berliner-p-do-p-dagogik-zwischenbericht-best-tigt-kindesmissbrauch-durch-helmut-kentler#article","isPartOf":{"@id":"https:\/\/ifamnews.com\/de\/berliner-p-do-p-dagogik-zwischenbericht-best-tigt-kindesmissbrauch-durch-helmut-kentler"},"author":{"name":"Johann R. Porter","@id":"https:\/\/ifamnews.com\/en\/#\/schema\/person\/97c5fc10500c93e36c296295ba21a537"},"headline":"Berliner P\u00e4do-P\u00e4dagogik: Zwischenbericht best\u00e4tigt Kindesmissbrauch durch Helmut Kentler","datePublished":"2023-01-05T06:00:00+00:00","mainEntityOfPage":{"@id":"https:\/\/ifamnews.com\/de\/berliner-p-do-p-dagogik-zwischenbericht-best-tigt-kindesmissbrauch-durch-helmut-kentler"},"wordCount":297,"commentCount":0,"publisher":{"@id":"https:\/\/ifamnews.com\/en\/#organization"},"image":{"@id":"https:\/\/ifamnews.com\/de\/berliner-p-do-p-dagogik-zwischenbericht-best-tigt-kindesmissbrauch-durch-helmut-kentler#primaryimage"},"thumbnailUrl":"https:\/\/ifamnews.com\/wp-content\/uploads\/2022\/11\/HelmutKentler.jpg","keywords":["#KentlerGate","Demo f\u00fcr Alle","Helmut Kentler","Kindesmissbrauch"],"articleSection":["Breaking News","Familie","Vordergrund"],"inLanguage":"de","potentialAction":[{"@type":"CommentAction","name":"Comment","target":["https:\/\/ifamnews.com\/de\/berliner-p-do-p-dagogik-zwischenbericht-best-tigt-kindesmissbrauch-durch-helmut-kentler#respond"]}]},{"@type":"WebPage","@id":"https:\/\/ifamnews.com\/de\/berliner-p-do-p-dagogik-zwischenbericht-best-tigt-kindesmissbrauch-durch-helmut-kentler","url":"https:\/\/ifamnews.com\/de\/berliner-p-do-p-dagogik-zwischenbericht-best-tigt-kindesmissbrauch-durch-helmut-kentler","name":"Berliner P\u00e4do-P\u00e4dagogik: Zwischenbericht best\u00e4tigt Kindesmissbrauch durch Helmut Kentler - IFN","isPartOf":{"@id":"https:\/\/ifamnews.com\/en\/#website"},"primaryImageOfPage":{"@id":"https:\/\/ifamnews.com\/de\/berliner-p-do-p-dagogik-zwischenbericht-best-tigt-kindesmissbrauch-durch-helmut-kentler#primaryimage"},"image":{"@id":"https:\/\/ifamnews.com\/de\/berliner-p-do-p-dagogik-zwischenbericht-best-tigt-kindesmissbrauch-durch-helmut-kentler#primaryimage"},"thumbnailUrl":"https:\/\/ifamnews.com\/wp-content\/uploads\/2022\/11\/HelmutKentler.jpg","datePublished":"2023-01-05T06:00:00+00:00","breadcrumb":{"@id":"https:\/\/ifamnews.com\/de\/berliner-p-do-p-dagogik-zwischenbericht-best-tigt-kindesmissbrauch-durch-helmut-kentler#breadcrumb"},"inLanguage":"de","potentialAction":[{"@type":"ReadAction","target":["https:\/\/ifamnews.com\/de\/berliner-p-do-p-dagogik-zwischenbericht-best-tigt-kindesmissbrauch-durch-helmut-kentler"]}]},{"@type":"ImageObject","inLanguage":"de","@id":"https:\/\/ifamnews.com\/de\/berliner-p-do-p-dagogik-zwischenbericht-best-tigt-kindesmissbrauch-durch-helmut-kentler#primaryimage","url":"https:\/\/ifamnews.com\/wp-content\/uploads\/2022\/11\/HelmutKentler.jpg","contentUrl":"https:\/\/ifamnews.com\/wp-content\/uploads\/2022\/11\/HelmutKentler.jpg","width":1200,"height":675,"caption":"Helmut Kentler (1928 - 2008)."},{"@type":"BreadcrumbList","@id":"https:\/\/ifamnews.com\/de\/berliner-p-do-p-dagogik-zwischenbericht-best-tigt-kindesmissbrauch-durch-helmut-kentler#breadcrumb","itemListElement":[{"@type":"ListItem","position":1,"name":"Home","item":"https:\/\/ifamnews.com\/de"},{"@type":"ListItem","position":2,"name":"Familie","item":"https:\/\/ifamnews.com\/de\/kategorie\/familie"},{"@type":"ListItem","position":3,"name":"Berliner P\u00e4do-P\u00e4dagogik: Zwischenbericht best\u00e4tigt Kindesmissbrauch durch Helmut Kentler"}]},{"@type":"WebSite","@id":"https:\/\/ifamnews.com\/en\/#website","url":"https:\/\/ifamnews.com\/en\/","name":"IFN","description":"International Family News Network","publisher":{"@id":"https:\/\/ifamnews.com\/en\/#organization"},"potentialAction":[{"@type":"SearchAction","target":{"@type":"EntryPoint","urlTemplate":"https:\/\/ifamnews.com\/en\/?s={search_term_string}"},"query-input":{"@type":"PropertyValueSpecification","valueRequired":true,"valueName":"search_term_string"}}],"inLanguage":"de"},{"@type":"Organization","@id":"https:\/\/ifamnews.com\/en\/#organization","name":"iFamNews","url":"https:\/\/ifamnews.com\/en\/","logo":{"@type":"ImageObject","inLanguage":"de","@id":"https:\/\/ifamnews.com\/en\/#\/schema\/logo\/image\/","url":"https:\/\/ifamnews.com\/wp-content\/uploads\/2020\/01\/Share-logo.png","contentUrl":"https:\/\/ifamnews.com\/wp-content\/uploads\/2020\/01\/Share-logo.png","width":200,"height":200,"caption":"iFamNews"},"image":{"@id":"https:\/\/ifamnews.com\/en\/#\/schema\/logo\/image\/"},"sameAs":["https:\/\/www.facebook.com\/iFamNews","https:\/\/x.com\/iFamNewsEN"]},{"@type":"Person","@id":"https:\/\/ifamnews.com\/en\/#\/schema\/person\/97c5fc10500c93e36c296295ba21a537","name":"Johann R. Porter","image":{"@type":"ImageObject","inLanguage":"de","@id":"https:\/\/secure.gravatar.com\/avatar\/b295da437fcd0635c3fe53d90b9545df9d7b3b7681f3a87122ec5cef8870a293?s=96&d=mm&r=g","url":"https:\/\/secure.gravatar.com\/avatar\/b295da437fcd0635c3fe53d90b9545df9d7b3b7681f3a87122ec5cef8870a293?s=96&d=mm&r=g","contentUrl":"https:\/\/secure.gravatar.com\/avatar\/b295da437fcd0635c3fe53d90b9545df9d7b3b7681f3a87122ec5cef8870a293?s=96&d=mm&r=g","caption":"Johann R. Porter"},"description":"A German-speaking social scientist and worker in the pro-life movement. [This author writes under a pseudonym.]","url":"https:\/\/ifamnews.com\/de\/author\/jporter"}]}},"amp_enabled":true,"_links":{"self":[{"href":"https:\/\/ifamnews.com\/de\/wp-json\/wp\/v2\/posts\/177220","targetHints":{"allow":["GET"]}}],"collection":[{"href":"https:\/\/ifamnews.com\/de\/wp-json\/wp\/v2\/posts"}],"about":[{"href":"https:\/\/ifamnews.com\/de\/wp-json\/wp\/v2\/types\/post"}],"author":[{"embeddable":true,"href":"https:\/\/ifamnews.com\/de\/wp-json\/wp\/v2\/users\/589"}],"replies":[{"embeddable":true,"href":"https:\/\/ifamnews.com\/de\/wp-json\/wp\/v2\/comments?post=177220"}],"version-history":[{"count":2,"href":"https:\/\/ifamnews.com\/de\/wp-json\/wp\/v2\/posts\/177220\/revisions"}],"predecessor-version":[{"id":177222,"href":"https:\/\/ifamnews.com\/de\/wp-json\/wp\/v2\/posts\/177220\/revisions\/177222"}],"wp:featuredmedia":[{"embeddable":true,"href":"https:\/\/ifamnews.com\/de\/wp-json\/wp\/v2\/media\/169709"}],"wp:attachment":[{"href":"https:\/\/ifamnews.com\/de\/wp-json\/wp\/v2\/media?parent=177220"}],"wp:term":[{"taxonomy":"category","embeddable":true,"href":"https:\/\/ifamnews.com\/de\/wp-json\/wp\/v2\/categories?post=177220"},{"taxonomy":"post_tag","embeddable":true,"href":"https:\/\/ifamnews.com\/de\/wp-json\/wp\/v2\/tags?post=177220"}],"curies":[{"name":"wp","href":"https:\/\/api.w.org\/{rel}","templated":true}]}}