{"id":175785,"date":"2023-01-17T13:00:00","date_gmt":"2023-01-17T18:00:00","guid":{"rendered":"https:\/\/ifamnews.com\/?p=175785"},"modified":"2023-01-04T10:41:28","modified_gmt":"2023-01-04T15:41:28","slug":"das-gef-hl-der-verantwortung-teil-2","status":"publish","type":"post","link":"https:\/\/ifamnews.com\/de\/das-gef-hl-der-verantwortung-teil-2","title":{"rendered":"Das Gef\u00fchl der Verantwortung (Teil 2)"},"content":{"rendered":"\n<p><a href=\"https:\/\/ifamnews.com\/de\/das-gef-hl-der-verantwortung-teil-1\">Den ersten Teil des Votrags finden Sie hier.<\/a><\/p>\n\n\n\n<p>In unserem letzten Vortrag haben wir \u00fcber das Verantwortungsbewusstsein gesprochen, diese Eigenschaft, die f\u00fcr die Entwicklung der Person, f\u00fcr die Aus\u00fcbung ihrer T\u00e4tigkeit und f\u00fcr das soziale Zusammenleben so wichtig ist. Nachdem wir die Auswirkungen ihrer Abwesenheit auf den Menschen und die Gesellschaft beschrieben haben, beginnen wir damit, die Urspr\u00fcnge dieser Eigenschaft zu untersuchen, wie sie sich im Menschen herausbildet.<\/p>\n\n\n\n<p>Wir sprechen \u00fcber die umweltbedingten und kulturellen Einfl\u00fcsse, die zu seiner Entstehung beitragen, \u00fcber die Auswirkungen, die das geografische Umfeld, die Erziehung und das Vorbild der Eltern auf seine Entwicklung haben.<\/p>\n\n\n\n<p><strong>Aber wir haben gesagt, dass \u00fcber diese Faktoren hinaus in unserer christlich-abendl\u00e4ndischen Kultur, ohne die Bedeutung des griechisch-r\u00f6mischen Erbes und der stoischen Moral zu leugnen, die vor und nach Christus bl\u00fchte &#8211; und in der viele zum Teil eine Vorwegnahme der christlichen Moral sehen -, in unserer Kultur das Verantwortungsbewusstsein fest in der Botschaft des Evangeliums verankert ist, sage ich.<\/strong><\/p>\n\n\n\n<p><strong>Der Begriff &#8222;Verantwortungsbewusstsein&#8220; kommt in der Bibel nicht vor, aber seine Annahmen sind von vielen Lehren des Alten und Neuen Testaments abgeleitet. Erstens das Gesetz der Liebe: <em>&#8222;Was ihr wollt, das man euch tut, das tut auch den anderen&#8220; <\/em>(Lk 6,31)<em>.<\/em> Das ist die goldene Regel des christlichen Verhaltens, der praktische Ausdruck des mosaischen Gebots: <em>&#8222;Du sollst deinen N\u00e4chsten lieben wie dich selbst&#8220; <\/em>(Lev 19,18; Mt 19,19). Wenn ich ihn wirklich liebe, werde ich ihn so behandeln, wie ich m\u00f6chte, dass er mich behandelt. Ich kann ihn nicht weniger gut oder weniger r\u00fccksichtsvoll behandeln, als ich von ihm erwarte.<\/strong><\/p>\n\n\n\n<p><strong>Aber es ist unm\u00f6glich, jemanden gut zu behandeln, wenn man selbst nicht verantwortungsbewusst, vorsichtig, vorgewarnt und umsichtig handelt, denn sonst wird man bei einem von ihnen versagen. Mit anderen Worten: Nicht nur in Worten, sondern auch in Taten zu lieben, schlie\u00dft notwendigerweise ein, Verantwortung zu \u00fcbernehmen. Ein verantwortungsloser Mensch, d.h. einer, dem es an Verantwortungsbewusstsein mangelt, wird seine Liebe nicht wirklich zum Wohle derer, die er liebt, in die Tat umsetzen k\u00f6nnen, sondern er wird durch sein Handeln unweigerlich die Interessen oder Gef\u00fchle der Menschen in seiner Umgebung, seiner Bekannten, Freunde und Verwandten (ganz zu schweigen von denen, die ihm unbekannt sind), verletzen, weil er auf jede Art und Weise und ohne R\u00fccksicht auf die Folgen seines Handelns handeln wird.  <\/strong><strong>(Anmerkung 1).<\/strong><strong><\/strong><\/p>\n\n\n\n<p><strong>Wenn du andere liebst, wirst du ihre Auftr\u00e4ge gut ausf\u00fchren, andernfalls wirst du ihnen schaden. Wenn du sie liebst, wirst du auf die Dinge, Gegenst\u00e4nde, B\u00fccher, Ausr\u00fcstungen usw. aufpassen, die andere dir anvertrauen; du wirst auf sie aufpassen, solange sie in deinen H\u00e4nden sind, und du wirst sie innerhalb der vereinbarten Zeit unversehrt zur\u00fcckgeben. Das bedeutet, verantwortlich zu sein.<\/strong><\/p>\n\n\n\n<p><strong>Dieser Grundsatz gilt auch f\u00fcr Darlehen. Wenn Ihnen jemand einen Geldbetrag gibt und Sie ein verantwortungsbewusster Mensch sind, werden Sie ihn so schnell wie m\u00f6glich zur\u00fcckgeben. Sie werden Ihre Liebe zu dieser Person zeigen, indem Sie ihr das bezahlen, was Sie ihr schulden. Wenn du das nicht tust, s\u00fcndigst du vor allem gegen die Liebe, aber auch gegen das Gebot, das das Stehlen verbietet, denn das Geliehene nicht zur\u00fcckzugeben, ist Stehlen. Wer andere betr\u00fcgt, ist letztlich nicht nur unehrlich, sondern auch unverantwortlich.<\/strong><\/p>\n\n\n\n<p><strong>\u00c4rzte, die sich ihrer Verantwortung bewusst sind, werden ihre Patienten nach bestem Wissen und Gewissen behandeln, unabh\u00e4ngig davon, ob sie bezahlt werden oder nicht. Er wird keinen Kranken, der zu ihm kommt, unbeaufsichtigt lassen, weil er wei\u00df, dass er vor Gott f\u00fcr die Gesundheit und das Leben seiner Mitmenschen verantwortlich ist.  <\/strong><strong>(2).<\/strong><strong>  Die Sorgfalt, mit der Sie sich um sie k\u00fcmmern, wird ein Zeichen Ihrer Liebe zu ihnen sein, auch wenn Sie sie nicht anl\u00e4cheln und nicht sehr demonstrativ sind. Auch hier gehen N\u00e4chstenliebe und Verantwortungsbewusstsein Hand in Hand.<\/strong><\/p>\n\n\n\n<p><strong>Man kann seinen N\u00e4chsten nicht lieben, ohne f\u00fcr sein Handeln verantwortlich zu sein, haben wir gesagt. Das Gegenteil ist m\u00f6glich. Mit anderen Worten: Es ist m\u00f6glich, bei der Erf\u00fcllung seiner Aufgaben sehr verantwortungsvoll zu sein, aber gleichzeitig keine Liebe f\u00fcr die Menschen zu empfinden, denen man dient. Es muss also anerkannt werden, dass die Liebe, obwohl sie die Grundlage des Verantwortungsbewusstseins ist, \u00fcber dieses hinausgeht, sie geht weit \u00fcber diese Eigenschaft hinaus  <\/strong><strong>(3).<\/strong><\/p>\n\n\n\n<p><strong>Jakobus schrieb mit einem Zitat von Jesus <em>: &#8222;Euer Ja sei Ja, und euer Nein sei Nein&#8220; <\/em>. (Jak 5,12; Mt 5,37) Das hei\u00dft: Ihr Wort hat den Wert eines Vertrags, auch wenn es nicht durch ein unterschriebenes St\u00fcck Papier untermauert ist. Erf\u00fcllen Sie Ihre Verpflichtungen. Das hei\u00dft, sei verantwortungsbewusst, wenn du dich verpflichtest. Tun Sie es nicht leichtfertig, aber wenn Sie es tun, halten Sie Ihr Wort.<\/strong><\/p>\n\n\n\n<p><strong>Sein Wort zu halten ist eine eminent christliche Regel, denn Gott steht immer zu seinem Wort und entt\u00e4uscht diejenigen nicht, die ihm vertrauen. Wenn wir vollkommen sein wollen, wie unser himmlischer Vater vollkommen ist (Mt 5,48), werden wir unser Wort niemals zu Boden fallen lassen, denn, wie es im Buch Josua hei\u00dft, l\u00e4sst Gott sein Wort niemals zu Boden fallen, sondern es erf\u00fcllt sich alles (Jes 21,45; 23,14). Sein Wort <em>&#8222;w\u00e4hrt ewig&#8220;,<\/em> sagt die Schrift (Jes 40,8; 1Pet 1,25). Soweit wir dazu in der Lage sind, m\u00fcssen unsere Worte bestehen bleiben, m\u00fcssen immer g\u00fcltig sein, solange wir Lebensatem haben.<\/strong><\/p>\n\n\n\n<p><strong>Wenn der Christ sagt: &#8222;Ich gebe dir mein Wort&#8220;, muss er wissen, dass er Gott zum Zeugen seiner Verpflichtung macht. Und wie k\u00f6nnte er sie erf\u00fcllen, wenn er kein Verantwortungsbewusstsein hat? In solchen F\u00e4llen dr\u00e4ngt die Wahrhaftigkeit, die Treue eines Christen, seine Liebe zur Wahrheit, ihn dazu, ein verantwortungsvoller Mensch zu sein.<\/strong><\/p>\n\n\n\n<p><strong>Er ist nicht wirklich ein Christ, der verantwortungslos sein Wort bricht oder seine Gl\u00e4ubiger betr\u00fcgt oder seine Arbeit nicht rechtzeitig oder schlecht abliefert oder zu sp\u00e4t zu Terminen kommt.<\/strong><\/p>\n\n\n\n<p><strong>P\u00fcnktlichkeit ist eine eminent christliche Eigenschaft und Teil des Verantwortungsbewusstseins. Paulus schrieb<em>: &#8222;Nutzt die Zeit gut&#8220; <\/em>(Eph 5,16). Die Zeit der anderen und die eigene Zeit sind ein Geschenk Gottes. Ich stehle jemandem die Zeit, wenn ich zu sp\u00e4t zu einem Termin komme. Wenn ich oft unp\u00fcnktlich bin, zeigt das, dass es mir an Verantwortungsbewusstsein im Umgang mit meiner Zeit und mit der Zeit anderer mangelt.<\/strong><\/p>\n\n\n\n<p><strong>Aber vor allem bei der Arbeit zeigt sich das Verantwortungsbewusstsein am deutlichsten. Paulus sagt im Kolosserbrief: <em>&#8222;Alles, was ihr tut, das tut von Herzen, dem Herrn und nicht den Menschen&#8220;<\/em> (3,23). &#8220; <em>Von ganzem Herzen&#8220;, <\/em>das hei\u00dft, mit meinem ganzen Wesen, mit all meiner Kraft.<\/strong><\/p>\n\n\n\n<p><strong>Wenn ich meine Arbeit mache  <em>&#8222;nicht dem Auge dienen&#8220;.<\/em>  Ich werde meine Aufgaben mit Verantwortungsbewusstsein und nach bestem Wissen und Gewissen erf\u00fcllen, so wie es derjenige w\u00fcnscht, der mich beauftragt hat, denn \u00fcber ihm steht Gott, dem ich diene (Eph 6,6).<\/strong><\/p>\n\n\n\n<p><strong>Wenn ich meine Arbeit nachl\u00e4ssig, uninteressiert und halbherzig erledige, wenn ich die mir aufgetragene Arbeit schlecht mache, wenn ich Termine nicht einhalte, dann gebe ich ein schlechtes Zeugnis f\u00fcr mein Christsein ab; ich lasse Gottes Namen schlecht aussehen, indem ich mich als unverantwortlich und unreif zeige.<\/strong><\/p>\n\n\n\n<p><strong>Meine Hingabe an die Ehre Gottes wird daf\u00fcr sorgen, dass bei allem, was ich tue, der Name des Christen, den ich trage, der Name Christi, meines Herrn, hochgehalten wird. Mein Festhalten an Ihrem Namen wird mich dazu verpflichten, ein verantwortungsvoller Mensch zu sein.<\/strong><\/p>\n\n\n\n<p><strong>Letztlich ist das Verantwortungsgef\u00fchl aber in der Tatsache begr\u00fcndet, dass wir alle am Tag des Gerichts vor Gott Rechenschaft \u00fcber unser Handeln ablegen m\u00fcssen. Wir sind ihm gegen\u00fcber verantwortlich f\u00fcr jede Handlung, die wir tun, jede Arbeit, die wir verrichten, jede Verabredung, die wir einhalten, jede Minute, die wir vergeuden, jedes<em>&#8222;m\u00fc\u00dfige&#8220;<\/em> oder sch\u00e4dliche<em>Wort<\/em>, das wir sagen (Mt 12,36). Er wird uns nicht buchst\u00e4blich fragen, wie verantwortungsbewusst wir vor der Welt und vor den Christen handeln, aber diese Frage wird implizit sein, wenn wir zum Gericht vor seinem Thron erscheinen.<\/strong><\/p>\n\n\n\n<p><strong>Wir wissen, dass wir eines Tages vor dem Richter der Lebenden und der Toten stehen werden, um selbst f\u00fcr die kleinsten unserer Handlungen Rechenschaft abzulegen. Und die Belohnung, den Lohn, zu erhalten, den unsere Taten verdienen (Jb 34:11, 1Pet 1:25). Wir m\u00fcssten weder Rechenschaft ablegen noch w\u00fcrden wir eine Belohnung erhalten, wenn wir nicht f\u00fcr unser Handeln verantwortlich w\u00e4ren.<\/strong><\/p>\n\n\n\n<p><strong>In jener Stunde werden viele Heiden, die nur dem Diktat ihres Gewissens gefolgt sind und nach diesem gerichtet werden (R\u00f6m 2,14-16), in den Himmel aufgenommen werden und, wer wei\u00df, einen gr\u00f6\u00dferen Lohn erhalten als viele Christen, weil sie ihre irdischen Pflichten besser erf\u00fcllt haben als diese; weil sie f\u00fcr ihre Handlungen verantwortlich waren; und weil sie, wie Jesus sagte: &#8222;&#8230; nach ihrem Gewissen gerichtet werden&#8220; (R\u00f6m 2,14-16).<em>Wer viel empf\u00e4ngt, von dem wird viel verlangt&#8220;. <\/em>(Lk 12,48). Und wir haben mehr erhalten als die Heiden.<\/strong><\/p>\n\n\n\n<p><strong>Seid verantwortungsbewusst in all euren Besch\u00e4ftigungen, in eurem Verhalten, vor euren Br\u00fcdern und vor der Welt. Beweisen Sie, dass Sie ein w\u00fcrdiger Sohn des verantwortungsvollsten, ja, des verantwortungsvollsten aller V\u00e4ter, des verantwortungsvollsten aller Herren, des verantwortungsvollsten aller Herren sind, des Einen, der sich f\u00fcr Ihr ewiges Schicksal so verantwortlich f\u00fchlte, dass er seinen einzigen Sohn sandte, um f\u00fcr Sie zu sterben, damit Sie eines Tages seine Gegenwart genie\u00dfen k\u00f6nnen und nicht f\u00fcr Ihre unverantwortlichen Taten verurteilt werden.<\/strong><\/p>\n\n\n\n<p><strong>Anmerkungen: 1.<\/strong><strong>  Das vielleicht wichtigste Element des Verantwortungsbewusstseins besteht darin, die m\u00f6glichen Folgen unseres Handelns und Unterlassens zu bedenken. Ein solches Bewusstsein ist ein Ausdruck von Reife.<\/strong><\/p>\n\n\n\n<p><strong>2.<\/strong><strong> Die Vorg\u00e4nge in unseren Krankenh\u00e4usern, die bedauerlichen F\u00e4lle von Nachl\u00e4ssigkeit und die tragischen Fehler, die h\u00e4ufig vorkommen, sind ein Hinweis auf den Mangel an dieser Qualit\u00e4t bei unseren \u00c4rzten.<\/strong><\/p>\n\n\n\n<p><strong>3.<\/strong><strong>  Es gibt Menschen, die durch Erziehung, Kultur, Gewohnheit, Umweltdruck oder nat\u00fcrliche Veranlagung sehr verantwortungsbewusst sind, aber gleichzeitig trocken und lieblos. Und es gibt auch diejenigen, die f\u00fcr das B\u00f6se sehr verantwortlich sind. Das hei\u00dft, sie tun es bewusst und dienen dem grausamsten aller Zuchtmeister, dem Feind ihrer Seele. Paradoxe der menschlichen Natur, die zeigen, wie menschliche Tugenden, losgel\u00f6st von ihrer Quelle, die Gott ist, verdreht und pervers werden k\u00f6nnen.<\/strong><\/p>\n\n\n\n<p><strong>NB.<\/strong><strong>  Der Text dieses Radiogespr\u00e4chs wurde erstmals am 18.07.04 in einer begrenzten Auflage ver\u00f6ffentlicht und enthielt Material, das zuvor in der Zeitung &#8222;Gesti\u00f3n&#8220; ver\u00f6ffentlicht worden war. Wie den vorherigen Artikel mit demselben Titel ver\u00f6ffentliche ich ihn in leicht \u00fcberarbeiteter Form erneut, um ihn m\u00f6glichst vielen Lesern zug\u00e4nglich zu machen.<\/strong><\/p>\n\n\n\n<p><strong>Liebe Leserinnen und Leser, Jesus sagte:<em>&#8222;Was n\u00fctzt es dem Menschen, wenn er die Welt gewinnt und seine Seele verliert&#8220; <\/em>(Markus 8,36). Wenn Sie nicht sicher sind, dass Sie nach Ihrem Tod in die Gegenwart Gottes gehen werden, ist es sehr wichtig, dass Sie sich diese Gewissheit verschaffen, denn es gibt keine vergleichbare Gewissheit auf der Erde, und das ist so notwendig. Zu diesem Zweck fordere ich Sie auf, alle Ihre S\u00fcnden zu bereuen, und lade Sie ein, Gott um Vergebung zu bitten, indem Sie das folgende Gebet beten:<\/strong><\/p>\n\n\n\n<p>&#8222;<strong>Jesus, du bist in die Welt gekommen, um am Kreuz f\u00fcr die S\u00fcnden aller Menschen zu b\u00fc\u00dfen, auch f\u00fcr meine. Ich wei\u00df, dass ich deine Vergebung nicht verdiene, denn ich habe dich bewusst und freiwillig viele Male beleidigt, aber du bietest sie mir aus freien St\u00fccken an, ohne sie zu verdienen. Ich m\u00f6chte sie erhalten. Ich bereue aufrichtig alle meine S\u00fcnden und alles B\u00f6se, das ich bis heute begangen habe. Vergib mir, o Herr, ich bitte dich, wasche meine S\u00fcnden mit deinem Blut ab, komm in mein Herz und regiere mein Leben. Von nun an will ich f\u00fcr dich leben und dir dienen&#8220;.<\/strong><\/p>\n\n\n\n<p><\/p>\n","protected":false},"excerpt":{"rendered":"<p>Der Begriff &#8222;Verantwortungsbewusstsein&#8220; kommt in der Bibel nicht vor, aber seine Annahmen sind von vielen Lehren des Alten und Neuen Testaments abgeleitet.<\/p>\n","protected":false},"author":911,"featured_media":175767,"comment_status":"open","ping_status":"open","sticky":false,"template":"","format":"standard","meta":{"give_campaign_id":0,"om_disable_all_campaigns":false,"_monsterinsights_skip_tracking":false,"_monsterinsights_sitenote_active":false,"_monsterinsights_sitenote_note":"","_monsterinsights_sitenote_category":0,"mc4wp_mailchimp_campaign":[],"jnews-multi-image_gallery":[],"jnews_single_post":{"subtitle":"Der Begriff \"Verantwortungsbewusstsein\" kommt in der Bibel nicht vor, aber seine Annahmen sind von vielen Lehren des Alten und Neuen Testaments abgeleitet.","format":"standard","video":"","gallery":"","source_name":"","source_url":"","via_name":"","via_url":"","override_template":"0","override":[{"template":"2","single_blog_custom":"","parallax":"1","fullscreen":"1","layout":"right-sidebar-narrow","sidebar":"default-sidebar","second_sidebar":"default-sidebar","sticky_sidebar":"1","share_position":"float","share_float_style":"share-normal","show_share_counter":"1","show_view_counter":"1","show_featured":"1","show_post_meta":"1","show_post_author":"1","show_post_author_image":"1","show_post_date":"1","post_date_format":"default","post_date_format_custom":"Y\/m\/d","show_post_category":"1","show_post_reading_time":"1","post_reading_time_wpm":"300","show_zoom_button":"0","zoom_button_out_step":"2","zoom_button_in_step":"3","show_post_tag":"1","show_prev_next_post":"0","show_popup_post":"0","number_popup_post":"1","show_author_box":"1","show_post_related":"0","show_inline_post_related":"0"}],"override_image_size":"0","image_override":[{"single_post_thumbnail_size":"crop-715","single_post_gallery_size":"crop-715"}],"trending_post":"0","trending_post_position":"meta","trending_post_label":"Trending","sponsored_post":"0","sponsored_post_label":"Sponsored by","sponsored_post_name":"","sponsored_post_url":"","sponsored_post_logo_enable":"0","sponsored_post_logo":"","sponsored_post_desc":"","disable_ad":"0"},"jnews_primary_category":{"id":"763"},"jnews_social_meta":{"fb_title":"","fb_description":"","fb_image":"","twitter_title":"","twitter_description":"","twitter_image":""},"jnews_override_counter":{"override_view_counter":"0","view_counter_number":"0","override_share_counter":"0","share_counter_number":"0","override_like_counter":"0","like_counter_number":"0","override_dislike_counter":"0","dislike_counter_number":"0"},"footnotes":""},"categories":[816,763,811],"tags":[22180,22181,22453],"class_list":["post-175785","post","type-post","status-publish","format-standard","has-post-thumbnail","hentry","category-breaking-news-de","category-kultur","category-foreground-de","tag-christliche-kultur","tag-liebe-fur-andere","tag-verantwortungsbewusstsein"],"yoast_head":"<!-- This site is optimized with the Yoast SEO Premium plugin v25.9 (Yoast SEO v27.3) - https:\/\/yoast.com\/product\/yoast-seo-premium-wordpress\/ -->\n<title>Das Gef\u00fchl der Verantwortung (Teil 2) - IFN<\/title>\n<meta name=\"description\" content=\"Er ist kein guter Christ, der unverantwortlich sein Wort bricht, seine Gl\u00e4ubiger betr\u00fcgt, seine Arbeit schlecht macht oder zu sp\u00e4t zu Terminen kommt.\" \/>\n<meta name=\"robots\" content=\"index, follow, max-snippet:-1, max-image-preview:large, max-video-preview:-1\" \/>\n<link rel=\"canonical\" href=\"https:\/\/ifamnews.com\/de\/das-gef-hl-der-verantwortung-teil-2\" \/>\n<meta property=\"og:locale\" content=\"de_DE\" \/>\n<meta property=\"og:type\" content=\"article\" \/>\n<meta property=\"og:title\" content=\"Das Gef\u00fchl der Verantwortung (Teil 2)\" \/>\n<meta property=\"og:description\" content=\"Er ist kein guter Christ, der unverantwortlich sein Wort bricht, seine Gl\u00e4ubiger betr\u00fcgt, seine Arbeit schlecht macht oder zu sp\u00e4t zu Terminen kommt.\" \/>\n<meta property=\"og:url\" content=\"https:\/\/ifamnews.com\/de\/das-gef-hl-der-verantwortung-teil-2\" \/>\n<meta property=\"og:site_name\" content=\"IFN\" \/>\n<meta property=\"article:publisher\" content=\"https:\/\/www.facebook.com\/iFamNews\" \/>\n<meta property=\"article:published_time\" content=\"2023-01-17T18:00:00+00:00\" \/>\n<meta property=\"og:image\" content=\"https:\/\/ifamnews.com\/wp-content\/uploads\/2022\/12\/image-14.png\" \/>\n\t<meta property=\"og:image:width\" content=\"1012\" \/>\n\t<meta property=\"og:image:height\" content=\"675\" \/>\n\t<meta property=\"og:image:type\" content=\"image\/png\" \/>\n<meta name=\"author\" content=\"Jos\u00e9 Bela\u00fande Moreyra\" \/>\n<meta name=\"twitter:card\" content=\"summary_large_image\" \/>\n<meta name=\"twitter:creator\" content=\"@iFamNewsEN\" \/>\n<meta name=\"twitter:site\" content=\"@iFamNewsEN\" \/>\n<meta name=\"twitter:label1\" content=\"Verfasst von\" \/>\n\t<meta name=\"twitter:data1\" content=\"Jos\u00e9 Bela\u00fande Moreyra\" \/>\n\t<meta name=\"twitter:label2\" content=\"Gesch\u00e4tzte Lesezeit\" \/>\n\t<meta name=\"twitter:data2\" content=\"11\u00a0Minuten\" \/>\n<!-- \/ Yoast SEO Premium plugin. -->","yoast_head_json":{"title":"Das Gef\u00fchl der Verantwortung (Teil 2) - IFN","description":"Er ist kein guter Christ, der unverantwortlich sein Wort bricht, seine Gl\u00e4ubiger betr\u00fcgt, seine Arbeit schlecht macht oder zu sp\u00e4t zu Terminen kommt.","robots":{"index":"index","follow":"follow","max-snippet":"max-snippet:-1","max-image-preview":"max-image-preview:large","max-video-preview":"max-video-preview:-1"},"canonical":"https:\/\/ifamnews.com\/de\/das-gef-hl-der-verantwortung-teil-2","og_locale":"de_DE","og_type":"article","og_title":"Das Gef\u00fchl der Verantwortung (Teil 2)","og_description":"Er ist kein guter Christ, der unverantwortlich sein Wort bricht, seine Gl\u00e4ubiger betr\u00fcgt, seine Arbeit schlecht macht oder zu sp\u00e4t zu Terminen kommt.","og_url":"https:\/\/ifamnews.com\/de\/das-gef-hl-der-verantwortung-teil-2","og_site_name":"IFN","article_publisher":"https:\/\/www.facebook.com\/iFamNews","article_published_time":"2023-01-17T18:00:00+00:00","og_image":[{"width":1012,"height":675,"url":"https:\/\/ifamnews.com\/wp-content\/uploads\/2022\/12\/image-14.png","type":"image\/png"}],"author":"Jos\u00e9 Bela\u00fande Moreyra","twitter_card":"summary_large_image","twitter_creator":"@iFamNewsEN","twitter_site":"@iFamNewsEN","twitter_misc":{"Verfasst von":"Jos\u00e9 Bela\u00fande Moreyra","Gesch\u00e4tzte Lesezeit":"11\u00a0Minuten"},"schema":{"@context":"https:\/\/schema.org","@graph":[{"@type":"NewsArticle","@id":"https:\/\/ifamnews.com\/de\/das-gef-hl-der-verantwortung-teil-2#article","isPartOf":{"@id":"https:\/\/ifamnews.com\/de\/das-gef-hl-der-verantwortung-teil-2"},"author":{"name":"Jos\u00e9 Bela\u00fande Moreyra","@id":"https:\/\/ifamnews.com\/en\/#\/schema\/person\/03ca7aba26f6c8b5d3397153461cee6a"},"headline":"Das Gef\u00fchl der Verantwortung (Teil 2)","datePublished":"2023-01-17T18:00:00+00:00","mainEntityOfPage":{"@id":"https:\/\/ifamnews.com\/de\/das-gef-hl-der-verantwortung-teil-2"},"wordCount":1960,"commentCount":0,"publisher":{"@id":"https:\/\/ifamnews.com\/en\/#organization"},"image":{"@id":"https:\/\/ifamnews.com\/de\/das-gef-hl-der-verantwortung-teil-2#primaryimage"},"thumbnailUrl":"https:\/\/ifamnews.com\/wp-content\/uploads\/2022\/12\/image-14.png","keywords":["christliche Kultur","Liebe f\u00fcr andere","Verantwortungsbewu\u00dftsein"],"articleSection":["Breaking News","Kultur","Vordergrund"],"inLanguage":"de","potentialAction":[{"@type":"CommentAction","name":"Comment","target":["https:\/\/ifamnews.com\/de\/das-gef-hl-der-verantwortung-teil-2#respond"]}]},{"@type":"WebPage","@id":"https:\/\/ifamnews.com\/de\/das-gef-hl-der-verantwortung-teil-2","url":"https:\/\/ifamnews.com\/de\/das-gef-hl-der-verantwortung-teil-2","name":"Das Gef\u00fchl der Verantwortung (Teil 2) - IFN","isPartOf":{"@id":"https:\/\/ifamnews.com\/en\/#website"},"primaryImageOfPage":{"@id":"https:\/\/ifamnews.com\/de\/das-gef-hl-der-verantwortung-teil-2#primaryimage"},"image":{"@id":"https:\/\/ifamnews.com\/de\/das-gef-hl-der-verantwortung-teil-2#primaryimage"},"thumbnailUrl":"https:\/\/ifamnews.com\/wp-content\/uploads\/2022\/12\/image-14.png","datePublished":"2023-01-17T18:00:00+00:00","description":"Er ist kein guter Christ, der unverantwortlich sein Wort bricht, seine Gl\u00e4ubiger betr\u00fcgt, seine Arbeit schlecht macht oder zu sp\u00e4t zu Terminen kommt.","breadcrumb":{"@id":"https:\/\/ifamnews.com\/de\/das-gef-hl-der-verantwortung-teil-2#breadcrumb"},"inLanguage":"de","potentialAction":[{"@type":"ReadAction","target":["https:\/\/ifamnews.com\/de\/das-gef-hl-der-verantwortung-teil-2"]}]},{"@type":"ImageObject","inLanguage":"de","@id":"https:\/\/ifamnews.com\/de\/das-gef-hl-der-verantwortung-teil-2#primaryimage","url":"https:\/\/ifamnews.com\/wp-content\/uploads\/2022\/12\/image-14.png","contentUrl":"https:\/\/ifamnews.com\/wp-content\/uploads\/2022\/12\/image-14.png","width":1012,"height":675},{"@type":"BreadcrumbList","@id":"https:\/\/ifamnews.com\/de\/das-gef-hl-der-verantwortung-teil-2#breadcrumb","itemListElement":[{"@type":"ListItem","position":1,"name":"Home","item":"https:\/\/ifamnews.com\/de"},{"@type":"ListItem","position":2,"name":"\u041a\u0443\u043b\u0442\u0443\u0440\u0430","item":"https:\/\/ifamnews.com\/sr\/kategorija\/kultura-sr"},{"@type":"ListItem","position":3,"name":"Das Gef\u00fchl der Verantwortung (Teil 2)"}]},{"@type":"WebSite","@id":"https:\/\/ifamnews.com\/en\/#website","url":"https:\/\/ifamnews.com\/en\/","name":"IFN","description":"International Family News Network","publisher":{"@id":"https:\/\/ifamnews.com\/en\/#organization"},"potentialAction":[{"@type":"SearchAction","target":{"@type":"EntryPoint","urlTemplate":"https:\/\/ifamnews.com\/en\/?s={search_term_string}"},"query-input":{"@type":"PropertyValueSpecification","valueRequired":true,"valueName":"search_term_string"}}],"inLanguage":"de"},{"@type":"Organization","@id":"https:\/\/ifamnews.com\/en\/#organization","name":"iFamNews","url":"https:\/\/ifamnews.com\/en\/","logo":{"@type":"ImageObject","inLanguage":"de","@id":"https:\/\/ifamnews.com\/en\/#\/schema\/logo\/image\/","url":"https:\/\/ifamnews.com\/wp-content\/uploads\/2020\/01\/Share-logo.png","contentUrl":"https:\/\/ifamnews.com\/wp-content\/uploads\/2020\/01\/Share-logo.png","width":200,"height":200,"caption":"iFamNews"},"image":{"@id":"https:\/\/ifamnews.com\/en\/#\/schema\/logo\/image\/"},"sameAs":["https:\/\/www.facebook.com\/iFamNews","https:\/\/x.com\/iFamNewsEN"]},{"@type":"Person","@id":"https:\/\/ifamnews.com\/en\/#\/schema\/person\/03ca7aba26f6c8b5d3397153461cee6a","name":"Jos\u00e9 Bela\u00fande Moreyra","image":{"@type":"ImageObject","inLanguage":"de","@id":"https:\/\/secure.gravatar.com\/avatar\/ff4d21abb709019473cca5b04a2c1cf3d8923f697a31de4a14cab96ec7fc3990?s=96&d=mm&r=g","url":"https:\/\/secure.gravatar.com\/avatar\/ff4d21abb709019473cca5b04a2c1cf3d8923f697a31de4a14cab96ec7fc3990?s=96&d=mm&r=g","contentUrl":"https:\/\/secure.gravatar.com\/avatar\/ff4d21abb709019473cca5b04a2c1cf3d8923f697a31de4a14cab96ec7fc3990?s=96&d=mm&r=g","caption":"Jos\u00e9 Bela\u00fande Moreyra"},"description":"Jos\u00e9 Belaunde Moreyra was born in 1930 with an early vocation for music, but due to family opposition I could only begin my professional training in composition and conducting at the age of 24, first in New York and then in Austria, Germany and France. In Paris I founded the chamber orchestra \"Ars Lutetiea\".\u00a0 Father of 9 children. In Peru he founded in 1963 the chamber orchestra \"Ars Limensis\", being shortly after appointed Assistant Conductor of the National Symphony Orchestra, and then Chief Conductor. He worked as a senior manager in Corporate Banking.","sameAs":["http:\/\/josebelaundem.blogspot.com\/"],"url":"https:\/\/ifamnews.com\/de\/author\/jose-belaunde-moreyra"}]}},"amp_enabled":true,"_links":{"self":[{"href":"https:\/\/ifamnews.com\/de\/wp-json\/wp\/v2\/posts\/175785","targetHints":{"allow":["GET"]}}],"collection":[{"href":"https:\/\/ifamnews.com\/de\/wp-json\/wp\/v2\/posts"}],"about":[{"href":"https:\/\/ifamnews.com\/de\/wp-json\/wp\/v2\/types\/post"}],"author":[{"embeddable":true,"href":"https:\/\/ifamnews.com\/de\/wp-json\/wp\/v2\/users\/911"}],"replies":[{"embeddable":true,"href":"https:\/\/ifamnews.com\/de\/wp-json\/wp\/v2\/comments?post=175785"}],"version-history":[{"count":3,"href":"https:\/\/ifamnews.com\/de\/wp-json\/wp\/v2\/posts\/175785\/revisions"}],"predecessor-version":[{"id":177487,"href":"https:\/\/ifamnews.com\/de\/wp-json\/wp\/v2\/posts\/175785\/revisions\/177487"}],"wp:featuredmedia":[{"embeddable":true,"href":"https:\/\/ifamnews.com\/de\/wp-json\/wp\/v2\/media\/175767"}],"wp:attachment":[{"href":"https:\/\/ifamnews.com\/de\/wp-json\/wp\/v2\/media?parent=175785"}],"wp:term":[{"taxonomy":"category","embeddable":true,"href":"https:\/\/ifamnews.com\/de\/wp-json\/wp\/v2\/categories?post=175785"},{"taxonomy":"post_tag","embeddable":true,"href":"https:\/\/ifamnews.com\/de\/wp-json\/wp\/v2\/tags?post=175785"}],"curies":[{"name":"wp","href":"https:\/\/api.w.org\/{rel}","templated":true}]}}