{"id":175436,"date":"2022-12-30T01:30:00","date_gmt":"2022-12-30T06:30:00","guid":{"rendered":"https:\/\/ifamnews.com\/?p=175436"},"modified":"2022-12-16T06:23:14","modified_gmt":"2022-12-16T11:23:14","slug":"universal-periodic-review-ein-versuch-polen-zur-umsetzung-ideologischer-forderungen-zu-zwingen","status":"publish","type":"post","link":"https:\/\/ifamnews.com\/de\/universal-periodic-review-ein-versuch-polen-zur-umsetzung-ideologischer-forderungen-zu-zwingen","title":{"rendered":"Universal Periodic Review: ein Versuch, Polen zur Umsetzung ideologischer Forderungen zu zwingen"},"content":{"rendered":"\n<ul class=\"wp-block-list\"><li><strong>Die UPR-Studie fand w\u00e4hrend einer dreieinhalbst\u00fcndigen Sitzung statt, die von der UPR-Arbeitsgruppe &#8211; die allen UN-Mitgliedstaaten offen steht &#8211; in Form eines interaktiven Dialogs durchgef\u00fchrt wurde.<\/strong><\/li><li><strong>Etwa 80 Mitgliedsstaaten haben konkrete Empfehlungen an Polen gerichtet, von denen viele Reformen beim Zugang zur Abtreibung und im Justizsystem fordern oder die Umsetzung der Forderungen der LGBT-Ideologie voraussetzen.<\/strong><\/li><li><strong>Das Ordo Iuris Institut hat zuvor ein Memorandum an die Botschafter der UN-L\u00e4nder geschickt, zusammen mit Ver\u00f6ffentlichungen zu den w\u00e4hrend der \u00dcberpr\u00fcfung aufgeworfenen Fragen.<\/strong><\/li><li><strong>Der Abschlussbericht wird am 18. November 2022 angenommen.<\/strong><\/li><\/ul>\n\n\n\n<p>Am 15. November fand in Genf im Rahmen der 41. Sitzung des Menschenrechtsrates eine Debatte \u00fcber die Lage der Menschenrechte in Polen statt. Tagung des Menschenrechtsrates statt. Der Dialog zwischen den an der Tagung teilnehmenden Mitgliedstaaten der Vereinten Nationen und dem \u00fcberpr\u00fcften Land ist der H\u00f6hepunkt der \u00dcberpr\u00fcfung und der letzte Moment f\u00fcr einen Meinungsaustausch zwischen den Delegationen vor der Ausarbeitung und Annahme des Abschlussberichts mit den endg\u00fcltigen Empfehlungen.<\/p>\n\n\n\n<p>W\u00e4hrend der Debatte stellte jede Delegation ihre eigenen Empfehlungen zu Ma\u00dfnahmen vor, die Polen umsetzen, garantieren und verst\u00e4rken sollte, um die Menschenrechtslage in dem Land zu verbessern. Den Auftakt der Debatte bildete eine Pr\u00e4sentation der polnischen Delegation \u00fcber die Reformen, die unser Land in den letzten vier Jahren durchgef\u00fchrt hat, um die Lebensqualit\u00e4t der polnischen B\u00fcrger zu verbessern, sowie \u00fcber alle Anstrengungen, die unternommen wurden, um Millionen von ukrainischen Fl\u00fcchtlingen aufzunehmen und ihnen alle notwendigen Rechte und den Zugang zu Dienstleistungen gleichberechtigt mit polnischen B\u00fcrgern zu garantieren.<\/p>\n\n\n\n<p>Die meisten Empfehlungen der Mitgliedstaaten konzentrierten sich, nachdem sie die Herausforderungen hervorgehoben hatten, denen sich Polen bei der Aufnahme von Millionen ukrainischer Fl\u00fcchtlinge gegen\u00fcbersah, fast ausschlie\u00dflich auf Themen wie die Unabh\u00e4ngigkeit der Justiz, die Meinungsfreiheit f\u00fcr Medien und Journalisten, den Schutz der Rechte von Migranten, die Verhinderung der Diskriminierung von Minderheiten und der \u201eLGBT-Gemeinschaft\u201c, die Einf\u00fchrung der \u201eEhe\u201c zwischen gleichgeschlechtlichen Paaren sowie den sicheren und legalen Zugang zu Abtreibung und \u201csexuelle und reproduktive Rechte von Frauen und M\u00e4dchen.<\/p>\n\n\n\n<p>Delegationen aus L\u00e4ndern wie Deutschland und D\u00e4nemark forderten Polen auf, alle notwendigen Ma\u00dfnahmen zu ergreifen, um so genannte \u201eHassreden\u201c und Hassverbrechen zu bek\u00e4mpfen, indem das polnische Strafgesetzbuch ge\u00e4ndert und spezifische Bestimmungen zum Schutz von Menschen aufgrund ihrer \u201eGeschlechtsidentit\u00e4t\u201c eingef\u00fchrt werden. Schweden und Luxemburg haben Polen aufgefordert, ein Gesetz \u00fcber die gleichgeschlechtliche Ehe einzuf\u00fchren, und Schweden hat Polen ebenfalls aufgefordert, Abtreibung in allen F\u00e4llen zu entkriminalisieren. Spanien, Irland, Belgien, D\u00e4nemark und Portugal betonten die Notwendigkeit, die Istanbul-Konvention vollst\u00e4ndig umzusetzen. Im Gegensatz dazu beschr\u00e4nkten sich viele andere Mitgliedstaaten auf eine allgemeine Empfehlung, die Diskriminierung aufgrund der Geschlechtsidentit\u00e4t zu bek\u00e4mpfen, den Kampf gegen Hassverbrechen und Reden gegen Minderheiten fortzusetzen und vor allem den Zugang von Frauen zu \u201csexueller und reproduktiver\u201d Gesundheit zu gew\u00e4hrleisten.<\/p>\n\n\n\n<p>W\u00e4hrend der Debatte ergriffen Vertreter des polnischen Justizministeriums das Wort, um den Stand der polnischen Gesetzgebung zu dem von den Delegationen angesprochenen Thema zu erl\u00e4utern und einen \u00dcberblick \u00fcber die wichtigsten Diskussionspunkte zu geben. Zur Frage der Diskriminierung wiesen die Experten des Ministeriums darauf hin, dass die polnische Gesetzgebung und die polnische Verfassung einen umfassenden Schutz vor Diskriminierung garantieren. Zur Frage der Abtreibung erl\u00e4uterten die Vertreter die polnischen Rechtsvorschriften in diesem Bereich und betonten, dass Polen keinem internationalen \u00dcbereinkommen beigetreten ist, das das so genannte Recht auf Abtreibung vorsieht. Polnische Experten auf diesem Gebiet gaben auch detaillierte Informationen \u00fcber das Justizsystem.<\/p>\n\n\n\n<p>Die Annahme des Abschlussberichts, der auch endg\u00fcltige Empfehlungen enth\u00e4lt, ist f\u00fcr den 18. November 2022 vorgesehen. Polen kann nach der \u00dcberpr\u00fcfung entscheiden, ob es die Empfehlungen annimmt und sie bei der n\u00e4chsten \u00dcberpr\u00fcfung umsetzt oder ob es sie ablehnt.<\/p>\n\n\n\n<p>Bei der allgemeinen regelm\u00e4\u00dfigen \u00dcberpr\u00fcfung sollte in erster Linie bewertet werden, inwieweit ein Land die Menschenrechte im Hinblick auf seine internationalen Verpflichtungen achtet, d. h. im Einklang mit den Bestimmungen von Dokumenten wie der UN-Charta, der Allgemeinen Erkl\u00e4rung der Menschenrechte oder anderen verbindlichen Rechtsakten, denen ein Land beigetreten ist, d. h. von dem Land ratifizierten Vertr\u00e4gen. In der Genfer Debatte wurden Versuche deutlich, Polen zu zwingen, seine Gesetze in Bereichen wie dem Zugang zur Abtreibung, der Einf\u00fchrung gleichgeschlechtlicher \u201eEhen\u201c und der Anerkennung von mehr als zwei Geschlechtern zu \u00e4ndern.<\/p>\n\n\n\n<p>\u201eDiese Forderungen entbehren nicht nur jeglicher v\u00f6lkerrechtlicher Grundlage, sondern sind in den meisten F\u00e4llen die Umsetzung ideologischer Annahmen, die wenig mit den Menschenrechten zu tun haben\u201c, kommentierte Veronica Turetta, Analystin beim Ordo Iuris International Law Center.<\/p>\n","protected":false},"excerpt":{"rendered":"<p>Im Rahmen der 41. Sitzung der Allgemeinen Regelm\u00e4\u00dfigen \u00dcberpr\u00fcfung (Universal Periodic Review, UPR) des Menschenrechtsrates fand heute in Genf eine \u00dcberpr\u00fcfung Polens statt.<\/p>\n","protected":false},"author":1053,"featured_media":175437,"comment_status":"open","ping_status":"open","sticky":false,"template":"","format":"standard","meta":{"give_campaign_id":0,"om_disable_all_campaigns":false,"_monsterinsights_skip_tracking":false,"_monsterinsights_sitenote_active":false,"_monsterinsights_sitenote_note":"","_monsterinsights_sitenote_category":0,"mc4wp_mailchimp_campaign":[],"jnews-multi-image_gallery":[],"jnews_single_post":{"subtitle":"Im Rahmen der 41. Sitzung der Allgemeinen Regelm\u00e4\u00dfigen \u00dcberpr\u00fcfung (Universal Periodic Review, UPR) des Menschenrechtsrates fand heute in Genf eine \u00dcberpr\u00fcfung Polens statt.","format":"standard","video":"","gallery":"","source_name":"","source_url":"","via_name":"","via_url":"","override_template":"0","override":[{"template":"2","single_blog_custom":"","parallax":"1","fullscreen":"1","layout":"right-sidebar-narrow","sidebar":"default-sidebar","second_sidebar":"default-sidebar","sticky_sidebar":"1","share_position":"float","share_float_style":"share-normal","show_share_counter":"1","show_view_counter":"1","show_featured":"1","show_post_meta":"1","show_post_author":"1","show_post_author_image":"1","show_post_date":"1","post_date_format":"default","post_date_format_custom":"Y\/m\/d","show_post_category":"1","show_post_reading_time":"1","post_reading_time_wpm":"300","show_zoom_button":"0","zoom_button_out_step":"2","zoom_button_in_step":"3","show_post_tag":"1","show_prev_next_post":"0","show_popup_post":"0","number_popup_post":"1","show_author_box":"1","show_post_related":"0","show_inline_post_related":"0"}],"override_image_size":"0","image_override":[{"single_post_thumbnail_size":"crop-715","single_post_gallery_size":"crop-715"}],"trending_post":"0","trending_post_position":"meta","trending_post_label":"Trending","sponsored_post":"0","sponsored_post_label":"Sponsored by","sponsored_post_name":"","sponsored_post_url":"","sponsored_post_logo_enable":"0","sponsored_post_logo":"","sponsored_post_desc":"","disable_ad":"0"},"jnews_primary_category":{"id":"768"},"jnews_social_meta":{"fb_title":"","fb_description":"","fb_image":"","twitter_title":"","twitter_description":"","twitter_image":""},"jnews_override_counter":{"override_view_counter":"0","view_counter_number":"0","override_share_counter":"0","share_counter_number":"0","override_like_counter":"0","like_counter_number":"0","override_dislike_counter":"0","dislike_counter_number":"0"},"footnotes":""},"categories":[816,768,811],"tags":[19485,6941,8039],"class_list":["post-175436","post","type-post","status-publish","format-standard","has-post-thumbnail","hentry","category-breaking-news-de","category-politik","category-foreground-de","tag-lgbt-agenda-de","tag-lgbt-ideologie","tag-poland-de-2"],"yoast_head":"<!-- This site is optimized with the Yoast SEO Premium plugin v25.9 (Yoast SEO v27.3) - https:\/\/yoast.com\/product\/yoast-seo-premium-wordpress\/ -->\n<title>Universal Periodic Review: ein Versuch, Polen zur Umsetzung ideologischer Forderungen zu zwingen - IFN<\/title>\n<meta name=\"robots\" content=\"index, follow, max-snippet:-1, max-image-preview:large, max-video-preview:-1\" \/>\n<link rel=\"canonical\" href=\"https:\/\/ifamnews.com\/de\/universal-periodic-review-ein-versuch-polen-zur-umsetzung-ideologischer-forderungen-zu-zwingen\" \/>\n<meta property=\"og:locale\" content=\"de_DE\" \/>\n<meta property=\"og:type\" content=\"article\" \/>\n<meta property=\"og:title\" content=\"Universal Periodic Review: ein Versuch, Polen zur Umsetzung ideologischer Forderungen zu zwingen\" \/>\n<meta property=\"og:description\" content=\"Im Rahmen der 41. Sitzung der Allgemeinen Regelm\u00e4\u00dfigen \u00dcberpr\u00fcfung (Universal Periodic Review, UPR) des Menschenrechtsrates fand heute in Genf eine \u00dcberpr\u00fcfung Polens statt.\" \/>\n<meta property=\"og:url\" content=\"https:\/\/ifamnews.com\/de\/universal-periodic-review-ein-versuch-polen-zur-umsetzung-ideologischer-forderungen-zu-zwingen\" \/>\n<meta property=\"og:site_name\" content=\"IFN\" \/>\n<meta property=\"article:publisher\" content=\"https:\/\/www.facebook.com\/iFamNews\" \/>\n<meta property=\"article:author\" content=\"https:\/\/www.facebook.com\/ordoiuris\/\" \/>\n<meta property=\"article:published_time\" content=\"2022-12-30T06:30:00+00:00\" \/>\n<meta property=\"og:image\" content=\"https:\/\/ifamnews.com\/wp-content\/uploads\/2022\/12\/Ordo-Iuris-Logo-1.png\" \/>\n\t<meta property=\"og:image:width\" content=\"760\" \/>\n\t<meta property=\"og:image:height\" content=\"390\" \/>\n\t<meta property=\"og:image:type\" content=\"image\/png\" \/>\n<meta name=\"author\" content=\"Ordo Iuris\" \/>\n<meta name=\"twitter:card\" content=\"summary_large_image\" \/>\n<meta name=\"twitter:creator\" content=\"@https:\/\/twitter.com\/ordoiuris\" \/>\n<meta name=\"twitter:site\" content=\"@iFamNewsEN\" \/>\n<meta name=\"twitter:label1\" content=\"Verfasst von\" \/>\n\t<meta name=\"twitter:data1\" content=\"Ordo Iuris\" \/>\n\t<meta name=\"twitter:label2\" content=\"Gesch\u00e4tzte Lesezeit\" \/>\n\t<meta name=\"twitter:data2\" content=\"4\u00a0Minuten\" \/>\n<!-- \/ Yoast SEO Premium plugin. -->","yoast_head_json":{"title":"Universal Periodic Review: ein Versuch, Polen zur Umsetzung ideologischer Forderungen zu zwingen - IFN","robots":{"index":"index","follow":"follow","max-snippet":"max-snippet:-1","max-image-preview":"max-image-preview:large","max-video-preview":"max-video-preview:-1"},"canonical":"https:\/\/ifamnews.com\/de\/universal-periodic-review-ein-versuch-polen-zur-umsetzung-ideologischer-forderungen-zu-zwingen","og_locale":"de_DE","og_type":"article","og_title":"Universal Periodic Review: ein Versuch, Polen zur Umsetzung ideologischer Forderungen zu zwingen","og_description":"Im Rahmen der 41. Sitzung der Allgemeinen Regelm\u00e4\u00dfigen \u00dcberpr\u00fcfung (Universal Periodic Review, UPR) des Menschenrechtsrates fand heute in Genf eine \u00dcberpr\u00fcfung Polens statt.","og_url":"https:\/\/ifamnews.com\/de\/universal-periodic-review-ein-versuch-polen-zur-umsetzung-ideologischer-forderungen-zu-zwingen","og_site_name":"IFN","article_publisher":"https:\/\/www.facebook.com\/iFamNews","article_author":"https:\/\/www.facebook.com\/ordoiuris\/","article_published_time":"2022-12-30T06:30:00+00:00","og_image":[{"width":760,"height":390,"url":"https:\/\/ifamnews.com\/wp-content\/uploads\/2022\/12\/Ordo-Iuris-Logo-1.png","type":"image\/png"}],"author":"Ordo Iuris","twitter_card":"summary_large_image","twitter_creator":"@https:\/\/twitter.com\/ordoiuris","twitter_site":"@iFamNewsEN","twitter_misc":{"Verfasst von":"Ordo Iuris","Gesch\u00e4tzte Lesezeit":"4\u00a0Minuten"},"schema":{"@context":"https:\/\/schema.org","@graph":[{"@type":"NewsArticle","@id":"https:\/\/ifamnews.com\/de\/universal-periodic-review-ein-versuch-polen-zur-umsetzung-ideologischer-forderungen-zu-zwingen#article","isPartOf":{"@id":"https:\/\/ifamnews.com\/de\/universal-periodic-review-ein-versuch-polen-zur-umsetzung-ideologischer-forderungen-zu-zwingen"},"author":{"name":"Ordo Iuris","@id":"https:\/\/ifamnews.com\/en\/#\/schema\/person\/35d9c4103e11ae85e904a4a4eeb6a149"},"headline":"Universal Periodic Review: ein Versuch, Polen zur Umsetzung ideologischer Forderungen zu zwingen","datePublished":"2022-12-30T06:30:00+00:00","mainEntityOfPage":{"@id":"https:\/\/ifamnews.com\/de\/universal-periodic-review-ein-versuch-polen-zur-umsetzung-ideologischer-forderungen-zu-zwingen"},"wordCount":770,"commentCount":0,"publisher":{"@id":"https:\/\/ifamnews.com\/en\/#organization"},"image":{"@id":"https:\/\/ifamnews.com\/de\/universal-periodic-review-ein-versuch-polen-zur-umsetzung-ideologischer-forderungen-zu-zwingen#primaryimage"},"thumbnailUrl":"https:\/\/ifamnews.com\/wp-content\/uploads\/2022\/12\/Ordo-Iuris-Logo-1.png","keywords":["LGBT-Agenda","LGBT-Ideologie","Poland"],"articleSection":["Breaking News","Politik","Vordergrund"],"inLanguage":"de","potentialAction":[{"@type":"CommentAction","name":"Comment","target":["https:\/\/ifamnews.com\/de\/universal-periodic-review-ein-versuch-polen-zur-umsetzung-ideologischer-forderungen-zu-zwingen#respond"]}]},{"@type":"WebPage","@id":"https:\/\/ifamnews.com\/de\/universal-periodic-review-ein-versuch-polen-zur-umsetzung-ideologischer-forderungen-zu-zwingen","url":"https:\/\/ifamnews.com\/de\/universal-periodic-review-ein-versuch-polen-zur-umsetzung-ideologischer-forderungen-zu-zwingen","name":"Universal Periodic Review: ein Versuch, Polen zur Umsetzung ideologischer Forderungen zu zwingen - IFN","isPartOf":{"@id":"https:\/\/ifamnews.com\/en\/#website"},"primaryImageOfPage":{"@id":"https:\/\/ifamnews.com\/de\/universal-periodic-review-ein-versuch-polen-zur-umsetzung-ideologischer-forderungen-zu-zwingen#primaryimage"},"image":{"@id":"https:\/\/ifamnews.com\/de\/universal-periodic-review-ein-versuch-polen-zur-umsetzung-ideologischer-forderungen-zu-zwingen#primaryimage"},"thumbnailUrl":"https:\/\/ifamnews.com\/wp-content\/uploads\/2022\/12\/Ordo-Iuris-Logo-1.png","datePublished":"2022-12-30T06:30:00+00:00","breadcrumb":{"@id":"https:\/\/ifamnews.com\/de\/universal-periodic-review-ein-versuch-polen-zur-umsetzung-ideologischer-forderungen-zu-zwingen#breadcrumb"},"inLanguage":"de","potentialAction":[{"@type":"ReadAction","target":["https:\/\/ifamnews.com\/de\/universal-periodic-review-ein-versuch-polen-zur-umsetzung-ideologischer-forderungen-zu-zwingen"]}]},{"@type":"ImageObject","inLanguage":"de","@id":"https:\/\/ifamnews.com\/de\/universal-periodic-review-ein-versuch-polen-zur-umsetzung-ideologischer-forderungen-zu-zwingen#primaryimage","url":"https:\/\/ifamnews.com\/wp-content\/uploads\/2022\/12\/Ordo-Iuris-Logo-1.png","contentUrl":"https:\/\/ifamnews.com\/wp-content\/uploads\/2022\/12\/Ordo-Iuris-Logo-1.png","width":760,"height":390,"caption":"Bild: Ordo Iuris"},{"@type":"BreadcrumbList","@id":"https:\/\/ifamnews.com\/de\/universal-periodic-review-ein-versuch-polen-zur-umsetzung-ideologischer-forderungen-zu-zwingen#breadcrumb","itemListElement":[{"@type":"ListItem","position":1,"name":"Home","item":"https:\/\/ifamnews.com\/de"},{"@type":"ListItem","position":2,"name":"Politik","item":"https:\/\/ifamnews.com\/de\/kategorie\/politik"},{"@type":"ListItem","position":3,"name":"Universal Periodic Review: ein Versuch, Polen zur Umsetzung ideologischer Forderungen zu zwingen"}]},{"@type":"WebSite","@id":"https:\/\/ifamnews.com\/en\/#website","url":"https:\/\/ifamnews.com\/en\/","name":"IFN","description":"International Family News Network","publisher":{"@id":"https:\/\/ifamnews.com\/en\/#organization"},"potentialAction":[{"@type":"SearchAction","target":{"@type":"EntryPoint","urlTemplate":"https:\/\/ifamnews.com\/en\/?s={search_term_string}"},"query-input":{"@type":"PropertyValueSpecification","valueRequired":true,"valueName":"search_term_string"}}],"inLanguage":"de"},{"@type":"Organization","@id":"https:\/\/ifamnews.com\/en\/#organization","name":"iFamNews","url":"https:\/\/ifamnews.com\/en\/","logo":{"@type":"ImageObject","inLanguage":"de","@id":"https:\/\/ifamnews.com\/en\/#\/schema\/logo\/image\/","url":"https:\/\/ifamnews.com\/wp-content\/uploads\/2020\/01\/Share-logo.png","contentUrl":"https:\/\/ifamnews.com\/wp-content\/uploads\/2020\/01\/Share-logo.png","width":200,"height":200,"caption":"iFamNews"},"image":{"@id":"https:\/\/ifamnews.com\/en\/#\/schema\/logo\/image\/"},"sameAs":["https:\/\/www.facebook.com\/iFamNews","https:\/\/x.com\/iFamNewsEN"]},{"@type":"Person","@id":"https:\/\/ifamnews.com\/en\/#\/schema\/person\/35d9c4103e11ae85e904a4a4eeb6a149","name":"Ordo Iuris","image":{"@type":"ImageObject","inLanguage":"de","@id":"https:\/\/secure.gravatar.com\/avatar\/2e1df2ecea7e50337f31e9b084f4d4b0c0ac807d1e434c67afbafd228a6409e2?s=96&d=mm&r=g","url":"https:\/\/secure.gravatar.com\/avatar\/2e1df2ecea7e50337f31e9b084f4d4b0c0ac807d1e434c67afbafd228a6409e2?s=96&d=mm&r=g","contentUrl":"https:\/\/secure.gravatar.com\/avatar\/2e1df2ecea7e50337f31e9b084f4d4b0c0ac807d1e434c67afbafd228a6409e2?s=96&d=mm&r=g","caption":"Ordo Iuris"},"description":"The Ordo Iuris Institute for Legal Culture is an independent legal organization incorporated as a foundation in Poland. It gathers academics and legal practitioners with the aim of promoting a legal culture based on respect for human dignity and rights. Ordo Iuris pursues its objectives by means of research and other academic activities, as well as advocacy and litigation. Ordo Iuris has intervened as a third party in Polish and international court and administrative proceedings, including before the Polish Supreme Court, the European Committee of Social Rights and the European Court of Human Rights. Ordo Iuris has had the honour of being permitted by the presidents of the European Court of Human Rights to make written observations in numerous cases, inter alia, Bodnariu v. Norway (n\u00b0 73890\/16), Annen v. Germany (n\u00b070693\/11), Rabczewska v. Poland (n\u00b0 8257\/13), and Cupia\u0142 v. Poland (n\u00b0 67414\/11).","sameAs":["https:\/\/ordoiuris.pl\/","https:\/\/www.facebook.com\/ordoiuris\/","https:\/\/x.com\/https:\/\/twitter.com\/ordoiuris","https:\/\/www.youtube.com\/user\/OrdoIuris"],"url":"https:\/\/ifamnews.com\/de\/author\/ordo-iuris"}]}},"amp_enabled":true,"_links":{"self":[{"href":"https:\/\/ifamnews.com\/de\/wp-json\/wp\/v2\/posts\/175436","targetHints":{"allow":["GET"]}}],"collection":[{"href":"https:\/\/ifamnews.com\/de\/wp-json\/wp\/v2\/posts"}],"about":[{"href":"https:\/\/ifamnews.com\/de\/wp-json\/wp\/v2\/types\/post"}],"author":[{"embeddable":true,"href":"https:\/\/ifamnews.com\/de\/wp-json\/wp\/v2\/users\/1053"}],"replies":[{"embeddable":true,"href":"https:\/\/ifamnews.com\/de\/wp-json\/wp\/v2\/comments?post=175436"}],"version-history":[{"count":2,"href":"https:\/\/ifamnews.com\/de\/wp-json\/wp\/v2\/posts\/175436\/revisions"}],"predecessor-version":[{"id":175459,"href":"https:\/\/ifamnews.com\/de\/wp-json\/wp\/v2\/posts\/175436\/revisions\/175459"}],"wp:featuredmedia":[{"embeddable":true,"href":"https:\/\/ifamnews.com\/de\/wp-json\/wp\/v2\/media\/175437"}],"wp:attachment":[{"href":"https:\/\/ifamnews.com\/de\/wp-json\/wp\/v2\/media?parent=175436"}],"wp:term":[{"taxonomy":"category","embeddable":true,"href":"https:\/\/ifamnews.com\/de\/wp-json\/wp\/v2\/categories?post=175436"},{"taxonomy":"post_tag","embeddable":true,"href":"https:\/\/ifamnews.com\/de\/wp-json\/wp\/v2\/tags?post=175436"}],"curies":[{"name":"wp","href":"https:\/\/api.w.org\/{rel}","templated":true}]}}