{"id":173840,"date":"2022-12-07T01:00:00","date_gmt":"2022-12-07T06:00:00","guid":{"rendered":"https:\/\/ifamnews.com\/?p=173840"},"modified":"2022-12-05T02:57:19","modified_gmt":"2022-12-05T07:57:19","slug":"erh-lt-die-pax-bank-mieteinnahmen-von-einer-abtreibungs-klinik","status":"publish","type":"post","link":"https:\/\/ifamnews.com\/de\/erh-lt-die-pax-bank-mieteinnahmen-von-einer-abtreibungs-klinik","title":{"rendered":"Erh\u00e4lt die Pax-Bank Mieteinnahmen von einer Abtreibungs-\u201eKlinik\u201c?"},"content":{"rendered":"\n<p><em>[Wir \u00fcbernehmen diesen Beitrag von Karl Noswitz* mit freundlicher Genehmigung. <a href=\"http:\/\/kindermord.de\/Bischof-Baetzings-Abtreibungskontakte\">Original ist hier zu finden<\/a>.]<\/em><\/p>\n\n\n\n<p>Die Pax-Bank eG mit Hauptsitz in K\u00f6ln ist eine genossenschaftlich organisierte, christlich-nachhaltige Sozialbank. Gegr\u00fcndet wurde die Bank als Pax Spar- und Darlehnskasse eGmbH als Selbsthilfeorganisation von Priestern f\u00fcr Priester am 18. Oktober 1917 in K\u00f6ln. Zu ihren Kunden z\u00e4hlt die Pax-Bank kirchliche, gemeinn\u00fctzige, soziale Institutionen und Vereine sowie Verb\u00e4nde, K\u00f6rperschaften und Anstalten des \u00f6ffentlichen Rechts und Privatpersonen.<\/p>\n\n\n\n<p>Die Pax-Bank k\u00f6dert Kunden mit dem ausdr\u00fccklichen Werbeversprechen, sich <a href=\"https:\/\/www.pax-bank.de\/content\/dam\/f0395-0\/interneinhalte\/pdf\/flyer\/Ethisch-nachhaltige_Anlagekriterien_der_Pax-Bank.pdf\">von der Abtreibungsbranche fernzuhalten<\/a>. An Privatkunden verkauft die Pax-Bank <a href=\"https:\/\/www.vr-dokumente.de\/versvermv\/37060193\/Erstinformation.pdf\">Versicherungen ausschlie\u00dflich von der R+V<\/a>. Ein Bezirksleiter der R+V hat in der Pax-Bank-Zentrale in K\u00f6ln sogar eine eigene Telefondurchwahl. Karl J\u00fcsten ist Pr\u00e4lat und <a href=\"https:\/\/www.pax-bank.de\/ihre-pax-bank\/ueber-uns\/organe-und-gremien\/organe\/aufsichtsrat.html\">Aufsichtsratsvorsitzender der Pax-Bank<\/a>. Hauptamtlich leitet er das <a href=\"https:\/\/www.kath-buero.de\">Katholische B\u00fcro in Berlin<\/a> und damit Mitarbeiter der politischen Vertretung der Deutschen Bischofskonferenz, bei der <a href=\"https:\/\/www.dbk.de\/ueber-uns\/vorsitzender\">Bischof Georg B\u00e4tzing Vorsitzender<\/a> ist. Pr\u00e4lat Karl J\u00fcsten gilt als rechte Hand von Bischof Georg B\u00e4tzing im politischen Berlin.<\/p>\n\n\n\n<p>Die Caritas, der Wohlfahrtsverband der Katholischen Kirche, hat im Jahr 2019 mit der R+V einen gro\u00dfen Deal abgeschlossen. <a href=\"https:\/\/www.ruv.de\/newsroom\/pressemitteilungen\/20191007-ruv-caritas-bav\">Betriebsrenten f\u00fcr neue Mitarbeiter der Caritas laufen seitdem bundesweit \u00fcber die R+V<\/a>. Die Betroffenen ahnen oft gar nichts davon, dass die R+V an die Abtreibungsindustrie vermietet. In dem Dokument \u201e<a href=\"https:\/\/www.pax-bank.de\/content\/dam\/f0395-0\/interneinhalte\/pdf\/flyer\/Ethisch-nachhaltige_Anlagekriterien_der_Pax-Bank.pdf\">Ethisch-nachhaltige Anlagekriterien<\/a>\u201c verspricht die Pax-Bank unter der \u00dcberschrift \u201eSchwangerschafssabbruch und nidationshemmende Verh\u00fctungsmittel\u201c die Distanz zu \u201eProduzenten entsprechender Medikamente sowie Betreiber medizinischer Einrichtungen, die Schwangerschaftsabbr\u00fcche durchf\u00fchren\u201c.<\/p>\n\n\n\n<p>Die Pax-Bank arbeitet sehr eng mit der R+V Versicherung zusammen. So eng, dass sogar ein <a href=\"https:\/\/www.pax-bank.de\/privatkunden\/versicherungen.html\">Mitarbeiter der R+V seinen B\u00fcroarbeitsplatz im Hause der Pax-Bank<\/a> hat. Dieses Privileg genie\u00dft keine andere Versicherungsgesellschaft. Die R+V legt das Geld der Versicherungsnehmer, die durch die Pax-Bank an die R+V vermittelt werden, beim Betreiber einer Abtreibungsklinik durch die Bereitstellung von Immobilienkapital an.<\/p>\n\n\n\n<p>Ein Beispiel dieser Zusammenarbeit ist die neue Abtreibungsklinik von Gabie Raven in Dortmund, denn erstmals er\u00f6ffnet eine holl\u00e4ndische Abtreibungsklinik eine Niederlassung in Deutschland. Holland ist bekannt f\u00fcr seine besonders katastrophalen Abtreibungsgesetze. Und die Klinik geh\u00f6rt auch noch Gabie Raven, offizielle Repr\u00e4sentantin f\u00fcr die Niederlande der Internationalen F\u00f6deration der Abtreibungsspezialisten (<a href=\"https:\/\/www.fiapac.org\/en\/about\/board\">Fiapac<\/a>). In den Abtreibungskliniken von Gabie Raven in Rotterdam und Roermond werden bereits heute 6.300 Kinder im Jahr get\u00f6tet. Dort wird keine einzige Heilbehandlung durchgef\u00fchrt. Gabie Raven geh\u00f6rt zu den ganz Gro\u00dfen der europ\u00e4ischen Abtreibungsindustrie. Die R+V bekommt von Gabie Raven rund 3.500 Euro Miete im Monat. Die Gesch\u00e4ftsverbindung mit der Pax-Bank bringt der R+V ungleich mehr ein. Die Pax-Bank h\u00e4tte also durchaus das Gewicht, um die R+V zur K\u00fcndigung des Mietvertrags mit Gabie Raven zu bewegen.<\/p>\n\n\n\n<p><em>*Karl Noswitz ist Investigativ-Journalist und Lebenssch\u00fctzer in Deutschland. Seit 2022 berichtet Karl Noswitz auch als Blogger \u00fcber die Abtreibungsindustrie. Wegen seiner Lebensschutzarbeit wurde Noswitz mehrmals verklagt, nicht zuletzt von Bischof Georg B\u00e4tzing, dem Vorsitzenden der Deutschen Bischofskonferenz.<\/em><\/p>\n","protected":false},"excerpt":{"rendered":"<p>Die Paxbank ist eine christliche und katholische Sozialbank. Durch ihre Zusammenarbeit mit der R+V vermietet sie eine Praxis in der Abtreibungen vorgenommen werden. Ist diese Beziehung eine ethische Konstellation? <\/p>\n","protected":false},"author":623,"featured_media":173841,"comment_status":"open","ping_status":"open","sticky":false,"template":"","format":"standard","meta":{"give_campaign_id":0,"om_disable_all_campaigns":false,"_monsterinsights_skip_tracking":false,"_monsterinsights_sitenote_active":false,"_monsterinsights_sitenote_note":"","_monsterinsights_sitenote_category":0,"mc4wp_mailchimp_campaign":[],"jnews-multi-image_gallery":[],"jnews_single_post":{"subtitle":"Die Paxbank ist eine christliche und katholische Sozialbank. Durch ihre Zusammenarbeit mit der R+V vermietet sie eine Praxis in der Abtreibungen vorgenommen werden. Ist diese Beziehung eine ethische Konstellation? ","format":"standard","video":"","gallery":"","source_name":"","source_url":"","via_name":"","via_url":"","override_template":"0","override":[{"template":"2","single_blog_custom":"","parallax":"1","fullscreen":"1","layout":"right-sidebar-narrow","sidebar":"default-sidebar","second_sidebar":"default-sidebar","sticky_sidebar":"1","share_position":"float","share_float_style":"share-normal","show_share_counter":"1","show_view_counter":"1","show_featured":"1","show_post_meta":"1","show_post_author":"1","show_post_author_image":"1","show_post_date":"1","post_date_format":"default","post_date_format_custom":"Y\/m\/d","show_post_category":"1","show_post_reading_time":"1","post_reading_time_wpm":"300","show_zoom_button":"0","zoom_button_out_step":"2","zoom_button_in_step":"3","show_post_tag":"1","show_prev_next_post":"0","show_popup_post":"0","number_popup_post":"1","show_author_box":"1","show_post_related":"0","show_inline_post_related":"0"}],"override_image_size":"0","image_override":[{"single_post_thumbnail_size":"crop-715","single_post_gallery_size":"crop-715"}],"trending_post":"0","trending_post_position":"meta","trending_post_label":"Trending","sponsored_post":"0","sponsored_post_label":"Sponsored by","sponsored_post_name":"","sponsored_post_url":"","sponsored_post_logo_enable":"0","sponsored_post_logo":"","sponsored_post_desc":"","disable_ad":"0"},"jnews_primary_category":{"id":"820"},"jnews_social_meta":{"fb_title":"","fb_description":"","fb_image":"","twitter_title":"","twitter_description":"","twitter_image":""},"jnews_override_counter":{"override_view_counter":"0","view_counter_number":"0","override_share_counter":"0","share_counter_number":"0","override_like_counter":"0","like_counter_number":"0","override_dislike_counter":"0","dislike_counter_number":"0"},"footnotes":""},"categories":[816,820,811],"tags":[],"class_list":["post-173840","post","type-post","status-publish","format-standard","has-post-thumbnail","hentry","category-breaking-news-de","category-leben","category-foreground-de"],"yoast_head":"<!-- This site is optimized with the Yoast SEO Premium plugin v25.9 (Yoast SEO v27.3) - https:\/\/yoast.com\/product\/yoast-seo-premium-wordpress\/ -->\n<title>Erh\u00e4lt die Pax-Bank Mieteinnahmen von einer Abtreibungs-\u201eKlinik\u201c? - IFN<\/title>\n<meta name=\"robots\" content=\"index, follow, max-snippet:-1, max-image-preview:large, max-video-preview:-1\" \/>\n<link rel=\"canonical\" href=\"https:\/\/ifamnews.com\/de\/erh-lt-die-pax-bank-mieteinnahmen-von-einer-abtreibungs-klinik\" \/>\n<meta property=\"og:locale\" content=\"de_DE\" \/>\n<meta property=\"og:type\" content=\"article\" \/>\n<meta property=\"og:title\" content=\"Erh\u00e4lt die Pax-Bank Mieteinnahmen von einer Abtreibungs-\u201eKlinik\u201c?\" \/>\n<meta property=\"og:description\" content=\"Die Paxbank ist eine christliche und katholische Sozialbank. Durch ihre Zusammenarbeit mit der R+V vermietet sie eine Praxis in der Abtreibungen vorgenommen werden. Ist diese Beziehung eine ethische Konstellation?\" \/>\n<meta property=\"og:url\" content=\"https:\/\/ifamnews.com\/de\/erh-lt-die-pax-bank-mieteinnahmen-von-einer-abtreibungs-klinik\" \/>\n<meta property=\"og:site_name\" content=\"IFN\" \/>\n<meta property=\"article:publisher\" content=\"https:\/\/www.facebook.com\/iFamNews\" \/>\n<meta property=\"article:author\" content=\"https:\/\/www.facebook.com\/iFamNews\/\" \/>\n<meta property=\"article:published_time\" content=\"2022-12-07T06:00:00+00:00\" \/>\n<meta property=\"og:image\" content=\"https:\/\/ifamnews.com\/wp-content\/uploads\/2022\/12\/Gynaikon_Praxisklinik_von_Gabie_Raven.jpg\" \/>\n\t<meta property=\"og:image:width\" content=\"912\" \/>\n\t<meta property=\"og:image:height\" content=\"684\" \/>\n\t<meta property=\"og:image:type\" content=\"image\/jpeg\" \/>\n<meta name=\"author\" content=\"iFamNews Germany\" \/>\n<meta name=\"twitter:card\" content=\"summary_large_image\" \/>\n<meta name=\"twitter:creator\" content=\"@https:\/\/twitter.com\/iFamNewsDE\" \/>\n<meta name=\"twitter:site\" content=\"@iFamNewsEN\" \/>\n<meta name=\"twitter:label1\" content=\"Verfasst von\" \/>\n\t<meta name=\"twitter:data1\" content=\"IFN Deutschland\" \/>\n\t<meta name=\"twitter:label2\" content=\"Gesch\u00e4tzte Lesezeit\" \/>\n\t<meta name=\"twitter:data2\" content=\"3\u00a0Minuten\" \/>\n<!-- \/ Yoast SEO Premium plugin. -->","yoast_head_json":{"title":"Erh\u00e4lt die Pax-Bank Mieteinnahmen von einer Abtreibungs-\u201eKlinik\u201c? - IFN","robots":{"index":"index","follow":"follow","max-snippet":"max-snippet:-1","max-image-preview":"max-image-preview:large","max-video-preview":"max-video-preview:-1"},"canonical":"https:\/\/ifamnews.com\/de\/erh-lt-die-pax-bank-mieteinnahmen-von-einer-abtreibungs-klinik","og_locale":"de_DE","og_type":"article","og_title":"Erh\u00e4lt die Pax-Bank Mieteinnahmen von einer Abtreibungs-\u201eKlinik\u201c?","og_description":"Die Paxbank ist eine christliche und katholische Sozialbank. Durch ihre Zusammenarbeit mit der R+V vermietet sie eine Praxis in der Abtreibungen vorgenommen werden. Ist diese Beziehung eine ethische Konstellation?","og_url":"https:\/\/ifamnews.com\/de\/erh-lt-die-pax-bank-mieteinnahmen-von-einer-abtreibungs-klinik","og_site_name":"IFN","article_publisher":"https:\/\/www.facebook.com\/iFamNews","article_author":"https:\/\/www.facebook.com\/iFamNews\/","article_published_time":"2022-12-07T06:00:00+00:00","og_image":[{"width":912,"height":684,"url":"https:\/\/ifamnews.com\/wp-content\/uploads\/2022\/12\/Gynaikon_Praxisklinik_von_Gabie_Raven.jpg","type":"image\/jpeg"}],"author":"iFamNews Germany","twitter_card":"summary_large_image","twitter_creator":"@https:\/\/twitter.com\/iFamNewsDE","twitter_site":"@iFamNewsEN","twitter_misc":{"Verfasst von":"IFN Deutschland","Gesch\u00e4tzte Lesezeit":"3\u00a0Minuten"},"schema":{"@context":"https:\/\/schema.org","@graph":[{"@type":"NewsArticle","@id":"https:\/\/ifamnews.com\/de\/erh-lt-die-pax-bank-mieteinnahmen-von-einer-abtreibungs-klinik#article","isPartOf":{"@id":"https:\/\/ifamnews.com\/de\/erh-lt-die-pax-bank-mieteinnahmen-von-einer-abtreibungs-klinik"},"author":{"name":"iFamNews Germany","@id":"https:\/\/ifamnews.com\/en\/#\/schema\/person\/82ec6d77f1c630266e2c3a9e8643b439"},"headline":"Erh\u00e4lt die Pax-Bank Mieteinnahmen von einer Abtreibungs-\u201eKlinik\u201c?","datePublished":"2022-12-07T06:00:00+00:00","mainEntityOfPage":{"@id":"https:\/\/ifamnews.com\/de\/erh-lt-die-pax-bank-mieteinnahmen-von-einer-abtreibungs-klinik"},"wordCount":505,"commentCount":0,"publisher":{"@id":"https:\/\/ifamnews.com\/en\/#organization"},"image":{"@id":"https:\/\/ifamnews.com\/de\/erh-lt-die-pax-bank-mieteinnahmen-von-einer-abtreibungs-klinik#primaryimage"},"thumbnailUrl":"https:\/\/ifamnews.com\/wp-content\/uploads\/2022\/12\/Gynaikon_Praxisklinik_von_Gabie_Raven.jpg","articleSection":["Breaking News","Leben","Vordergrund"],"inLanguage":"de","potentialAction":[{"@type":"CommentAction","name":"Comment","target":["https:\/\/ifamnews.com\/de\/erh-lt-die-pax-bank-mieteinnahmen-von-einer-abtreibungs-klinik#respond"]}]},{"@type":"WebPage","@id":"https:\/\/ifamnews.com\/de\/erh-lt-die-pax-bank-mieteinnahmen-von-einer-abtreibungs-klinik","url":"https:\/\/ifamnews.com\/de\/erh-lt-die-pax-bank-mieteinnahmen-von-einer-abtreibungs-klinik","name":"Erh\u00e4lt die Pax-Bank Mieteinnahmen von einer Abtreibungs-\u201eKlinik\u201c? - IFN","isPartOf":{"@id":"https:\/\/ifamnews.com\/en\/#website"},"primaryImageOfPage":{"@id":"https:\/\/ifamnews.com\/de\/erh-lt-die-pax-bank-mieteinnahmen-von-einer-abtreibungs-klinik#primaryimage"},"image":{"@id":"https:\/\/ifamnews.com\/de\/erh-lt-die-pax-bank-mieteinnahmen-von-einer-abtreibungs-klinik#primaryimage"},"thumbnailUrl":"https:\/\/ifamnews.com\/wp-content\/uploads\/2022\/12\/Gynaikon_Praxisklinik_von_Gabie_Raven.jpg","datePublished":"2022-12-07T06:00:00+00:00","breadcrumb":{"@id":"https:\/\/ifamnews.com\/de\/erh-lt-die-pax-bank-mieteinnahmen-von-einer-abtreibungs-klinik#breadcrumb"},"inLanguage":"de","potentialAction":[{"@type":"ReadAction","target":["https:\/\/ifamnews.com\/de\/erh-lt-die-pax-bank-mieteinnahmen-von-einer-abtreibungs-klinik"]}]},{"@type":"ImageObject","inLanguage":"de","@id":"https:\/\/ifamnews.com\/de\/erh-lt-die-pax-bank-mieteinnahmen-von-einer-abtreibungs-klinik#primaryimage","url":"https:\/\/ifamnews.com\/wp-content\/uploads\/2022\/12\/Gynaikon_Praxisklinik_von_Gabie_Raven.jpg","contentUrl":"https:\/\/ifamnews.com\/wp-content\/uploads\/2022\/12\/Gynaikon_Praxisklinik_von_Gabie_Raven.jpg","width":912,"height":684,"caption":"Gynaikon\/Bild: Karl Noswitz"},{"@type":"BreadcrumbList","@id":"https:\/\/ifamnews.com\/de\/erh-lt-die-pax-bank-mieteinnahmen-von-einer-abtreibungs-klinik#breadcrumb","itemListElement":[{"@type":"ListItem","position":1,"name":"Home","item":"https:\/\/ifamnews.com\/de"},{"@type":"ListItem","position":2,"name":"Leben","item":"https:\/\/ifamnews.com\/de\/kategorie\/leben"},{"@type":"ListItem","position":3,"name":"Erh\u00e4lt die Pax-Bank Mieteinnahmen von einer Abtreibungs-\u201eKlinik\u201c?"}]},{"@type":"WebSite","@id":"https:\/\/ifamnews.com\/en\/#website","url":"https:\/\/ifamnews.com\/en\/","name":"IFN","description":"International Family News Network","publisher":{"@id":"https:\/\/ifamnews.com\/en\/#organization"},"potentialAction":[{"@type":"SearchAction","target":{"@type":"EntryPoint","urlTemplate":"https:\/\/ifamnews.com\/en\/?s={search_term_string}"},"query-input":{"@type":"PropertyValueSpecification","valueRequired":true,"valueName":"search_term_string"}}],"inLanguage":"de"},{"@type":"Organization","@id":"https:\/\/ifamnews.com\/en\/#organization","name":"iFamNews","url":"https:\/\/ifamnews.com\/en\/","logo":{"@type":"ImageObject","inLanguage":"de","@id":"https:\/\/ifamnews.com\/en\/#\/schema\/logo\/image\/","url":"https:\/\/ifamnews.com\/wp-content\/uploads\/2020\/01\/Share-logo.png","contentUrl":"https:\/\/ifamnews.com\/wp-content\/uploads\/2020\/01\/Share-logo.png","width":200,"height":200,"caption":"iFamNews"},"image":{"@id":"https:\/\/ifamnews.com\/en\/#\/schema\/logo\/image\/"},"sameAs":["https:\/\/www.facebook.com\/iFamNews","https:\/\/x.com\/iFamNewsEN"]},{"@type":"Person","@id":"https:\/\/ifamnews.com\/en\/#\/schema\/person\/82ec6d77f1c630266e2c3a9e8643b439","name":"iFamNews Germany","image":{"@type":"ImageObject","inLanguage":"de","@id":"https:\/\/secure.gravatar.com\/avatar\/c51b977100a05a1448d61b80953be1e3192e0be236d631062ca6a59c6f9a879b?s=96&d=mm&r=g","url":"https:\/\/secure.gravatar.com\/avatar\/c51b977100a05a1448d61b80953be1e3192e0be236d631062ca6a59c6f9a879b?s=96&d=mm&r=g","contentUrl":"https:\/\/secure.gravatar.com\/avatar\/c51b977100a05a1448d61b80953be1e3192e0be236d631062ca6a59c6f9a879b?s=96&d=mm&r=g","caption":"iFamNews Germany"},"description":"Articles published by the German iFamNews editorial team.","sameAs":["https:\/\/ifamnews.com\/de","https:\/\/www.facebook.com\/iFamNews\/","https:\/\/x.com\/https:\/\/twitter.com\/iFamNewsDE","https:\/\/www.youtube.com\/channel\/UCMVyIt4z9BANW3d09kwfUpw"],"url":"https:\/\/ifamnews.com\/de\/author\/redaktion"}]}},"amp_enabled":true,"_links":{"self":[{"href":"https:\/\/ifamnews.com\/de\/wp-json\/wp\/v2\/posts\/173840","targetHints":{"allow":["GET"]}}],"collection":[{"href":"https:\/\/ifamnews.com\/de\/wp-json\/wp\/v2\/posts"}],"about":[{"href":"https:\/\/ifamnews.com\/de\/wp-json\/wp\/v2\/types\/post"}],"author":[{"embeddable":true,"href":"https:\/\/ifamnews.com\/de\/wp-json\/wp\/v2\/users\/623"}],"replies":[{"embeddable":true,"href":"https:\/\/ifamnews.com\/de\/wp-json\/wp\/v2\/comments?post=173840"}],"version-history":[{"count":1,"href":"https:\/\/ifamnews.com\/de\/wp-json\/wp\/v2\/posts\/173840\/revisions"}],"predecessor-version":[{"id":173850,"href":"https:\/\/ifamnews.com\/de\/wp-json\/wp\/v2\/posts\/173840\/revisions\/173850"}],"wp:featuredmedia":[{"embeddable":true,"href":"https:\/\/ifamnews.com\/de\/wp-json\/wp\/v2\/media\/173841"}],"wp:attachment":[{"href":"https:\/\/ifamnews.com\/de\/wp-json\/wp\/v2\/media?parent=173840"}],"wp:term":[{"taxonomy":"category","embeddable":true,"href":"https:\/\/ifamnews.com\/de\/wp-json\/wp\/v2\/categories?post=173840"},{"taxonomy":"post_tag","embeddable":true,"href":"https:\/\/ifamnews.com\/de\/wp-json\/wp\/v2\/tags?post=173840"}],"curies":[{"name":"wp","href":"https:\/\/api.w.org\/{rel}","templated":true}]}}