{"id":171398,"date":"2022-11-28T02:00:00","date_gmt":"2022-11-28T07:00:00","guid":{"rendered":"https:\/\/ifamnews.com\/?p=171398"},"modified":"2022-11-22T04:38:38","modified_gmt":"2022-11-22T09:38:38","slug":"was-hat-vorrang-sicherheit-oder-ideologie","status":"publish","type":"post","link":"https:\/\/ifamnews.com\/de\/was-hat-vorrang-sicherheit-oder-ideologie","title":{"rendered":"Was hat Vorrang: Sicherheit oder Ideologie?"},"content":{"rendered":"\n<p>Der Herbst ist auf dem gesamten europ\u00e4ischen Kontinent wundersch\u00f6n, und der Oktober ist ein besonders guter Monat f\u00fcr St\u00e4dtereisen und Gesch\u00e4ftsreisen. Die sich st\u00e4ndig ver\u00e4ndernden europ\u00e4ischen Hauptst\u00e4dte haben zu allen Jahreszeiten viel zu bieten, sowohl angenehme \u00dcberraschungen als auch Schocks.<\/p>\n\n\n\n<p>Nach vielen Jahren fand ich mich in London wieder. Die Stadt der Wunder, die gro\u00df genug f\u00fcr alle ist, immer bereit, alles und jedes zu absorbieren, wirkte erm\u00fcdender denn je. Was ist mit ihr geschehen? Hat sie endlich genug von all ihrer Vielfalt und ihren Unterschieden? Dr\u00e4ngt sie zu sehr darauf, zu akzeptieren, was sie nicht sollte? Aber was k\u00f6nnte das sein?<\/p>\n\n\n\n<p>Das alte englische Sprichwort &#8222;Better safe than sorry&#8220; scheint seine Bedeutung verloren zu haben. So seltsam es auch ist, es scheint, dass manche Dinge im Laufe der Jahre wichtiger geworden sind. Bestimmte Botschaften zu \u00fcbermitteln, koste es, was es wolle, ist eine dieser Botschaften.<\/p>\n\n\n\n<p>F\u00fcr einen durchschnittlichen Touristen, der vielleicht von der anderen Seite des Atlantiks, aus Europa oder von der anderen Seite der Welt nach London gekommen ist, kann das \u00dcberqueren einer Stra\u00dfe eine kleine Herausforderung darstellen. Die &#8222;Look Right&#8220;-Warnhinweise, die an fast jedem Fu\u00dfg\u00e4nger\u00fcberweg im Stadtzentrum angebracht sind, haben ihren Grund. Ein guter Grund. Die H\u00e4lfte der Welt schaut zuerst nach links, wenn sie die Stra\u00dfe \u00fcberqueren will. So str\u00f6men jedes Jahr Millionen von Ausl\u00e4ndern zum Trafalgar Square. Sie bewundern Nelson und noch mehr die wunderbare Sammlung der sch\u00f6nsten Kunstwerke, die in der Nationalgalerie aufbewahrt wird. Allerdings gibt es ein erhebliches Hindernis f\u00fcr einen fremden Fu\u00dfg\u00e4nger, der versucht, sich zurechtzufinden.<\/p>\n\n\n\n<figure class=\"wp-block-image size-large\"><img decoding=\"async\" width=\"1024\" height=\"768\" src=\"https:\/\/ifamnews.com\/wp-content\/uploads\/2022\/11\/traffic-lights_01-1024x768.png\" alt=\"\" class=\"wp-image-170808\" srcset=\"https:\/\/ifamnews.com\/wp-content\/uploads\/2022\/11\/traffic-lights_01-1024x768.png 1024w, https:\/\/ifamnews.com\/wp-content\/uploads\/2022\/11\/traffic-lights_01-768x576.png 768w, https:\/\/ifamnews.com\/wp-content\/uploads\/2022\/11\/traffic-lights_01-1536x1152.png 1536w, https:\/\/ifamnews.com\/wp-content\/uploads\/2022\/11\/traffic-lights_01-750x563.png 750w, https:\/\/ifamnews.com\/wp-content\/uploads\/2022\/11\/traffic-lights_01-1140x855.png 1140w, https:\/\/ifamnews.com\/wp-content\/uploads\/2022\/11\/traffic-lights_01.png 1600w\" sizes=\"(max-width: 1024px) 100vw, 1024px\" \/><\/figure>\n\n\n\n<p>Es dauerte ein paar Minuten, bis ich verstand, was ich da sah. Der Moment der Erleuchtung kam, als ich merkte, dass alle, die geduldig darauf gewartet hatten, dass die Ampel auf Gr\u00fcn f\u00fcr Fu\u00dfg\u00e4nger umschaltete, anfingen, die Stra\u00dfe zu \u00fcberqueren, nur ich nicht. Ich blieb stehen und wartete immer noch darauf, dass die Ampel auf Gr\u00fcn schaltete. Die gr\u00fcne Ampel, oder was auch immer davon \u00fcbrig war, da sie ungew\u00f6hnlich kurz war, schaltete wieder auf Rot um, bevor ich es merkte, und so stand ich immer noch regungslos da und schaute auf die Ampel. Dann wurde die Ampel wieder gr\u00fcn, gr\u00fcn mit einer Nachricht, die ich dann verstand.<\/p>\n\n\n\n<p>Ich fragte mich, ob das wirklich notwendig war. Ich habe mich auch gefragt, ob einige die Nachricht als beleidigend empfinden k\u00f6nnten. Jeden Tag \u00fcberqueren Kinder an diesen Ampeln die Stra\u00dfe, und sie brauchen ein deutliches Zeichen der Sicherheit. Es gibt Menschen aller Religionen und Weltanschauungen, die diese Botschaft als beleidigend empfinden k\u00f6nnten. Und schlie\u00dflich: Sind Ampeln ein Medium, das irgendeine Art von Botschaft oder Warnung tragen sollte, abgesehen von derjenigen, die die Sicherheit betrifft? Ist es das, worauf die westliche Gesellschaft hinausgelaufen ist? Was sind heute unsere Priorit\u00e4ten? Wenige Augenblicke sp\u00e4ter stand ich an einem anderen Fu\u00dfg\u00e4nger\u00fcberweg in der N\u00e4he, an dem eine andere Ampel dies anzeigte:<\/p>\n\n\n\n<figure class=\"wp-block-image size-large\"><img decoding=\"async\" width=\"1024\" height=\"768\" src=\"https:\/\/ifamnews.com\/wp-content\/uploads\/2022\/11\/traffic-lights_02-1024x768.png\" alt=\"\" class=\"wp-image-170817\" srcset=\"https:\/\/ifamnews.com\/wp-content\/uploads\/2022\/11\/traffic-lights_02-1024x768.png 1024w, https:\/\/ifamnews.com\/wp-content\/uploads\/2022\/11\/traffic-lights_02-768x576.png 768w, https:\/\/ifamnews.com\/wp-content\/uploads\/2022\/11\/traffic-lights_02-1536x1152.png 1536w, https:\/\/ifamnews.com\/wp-content\/uploads\/2022\/11\/traffic-lights_02-750x563.png 750w, https:\/\/ifamnews.com\/wp-content\/uploads\/2022\/11\/traffic-lights_02-1140x855.png 1140w, https:\/\/ifamnews.com\/wp-content\/uploads\/2022\/11\/traffic-lights_02.png 1600w\" sizes=\"(max-width: 1024px) 100vw, 1024px\" \/><\/figure>\n\n\n\n<p>Wieder blieb ich stehen, w\u00e4hrend andere die Stra\u00dfe \u00fcberquerten. Aber dieses Mal war ich unbeweglich, weil ich nicht verstand, was das Zeichen bedeutete. Ich habe vergeblich gesucht und mir das Hirn zermartert &#8211; ich hatte es noch nie gesehen. Ich hatte keine Ahnung, was die Botschaft war, au\u00dfer dass sie gutgehei\u00dfen wurde, oder zumindest, dass jemand sie guthei\u00dfen wollte, so dass sie sich wirklich bem\u00fchten, sie tief in unsere K\u00f6pfe einzupflanzen, bis hin zu unserem grundlegenden modernen Verst\u00e4ndnis von Sicherheit und Schutz &#8211; sieh gr\u00fcn, denke sicher, denke akzeptiert, so etwas in der Art.<\/p>\n\n\n\n<p>Ich f\u00fchlte mich verwirrt, besiegt und sogar verraten. Ich fragte mich, warum diese Schilder ausgerechnet an einem der belebtesten Pl\u00e4tze in einer der belebtesten St\u00e4dte der Welt aufgestellt werden mussten, obwohl doch jeder nur eine einzige Nachricht braucht &#8211; n\u00e4mlich wann es sicher ist, die Stra\u00dfe zu \u00fcberqueren und nicht \u00fcberfahren zu werden.<\/p>\n\n\n\n<p>Von diesem Moment an wurde mir klar, dass es keine Rolle mehr spielte, was die Ampeln im Zentrum Londons anzeigten, da weder die Sicherheit noch das Wohlbefinden aller Verkehrsteilnehmer Priorit\u00e4t hatten. Also reagierte ich auf die gr\u00fcnen Lichter so gut ich konnte. Ich habe nie wieder eine Stra\u00dfe an der Ampel \u00fcberquert, egal ob sie gr\u00fcn war oder nicht. Stattdessen versuchte ich, in die Gesichter der Autofahrer zu schauen, deren Wege ich kreuzte. Ihre Gesichter waren meist rot und sie hoben ungl\u00e4ubig die H\u00e4nde in die Luft, aber ich winkte ihnen zu und l\u00e4chelte immer. Und wir alle haben die Botschaft verstanden.<\/p>\n","protected":false},"excerpt":{"rendered":"<p>In einer Welt, in der es darauf ankommt, die Gef\u00fchle einer bestimmten Gruppe nicht zu verletzen, ist es unerheblich, ob dabei jemand verletzt wird. Solange wir alle \u201einklusiv\u201c sind.<\/p>\n","protected":false},"author":977,"featured_media":170827,"comment_status":"open","ping_status":"open","sticky":false,"template":"","format":"standard","meta":{"give_campaign_id":0,"om_disable_all_campaigns":false,"_monsterinsights_skip_tracking":false,"_monsterinsights_sitenote_active":false,"_monsterinsights_sitenote_note":"","_monsterinsights_sitenote_category":0,"mc4wp_mailchimp_campaign":[],"jnews-multi-image_gallery":[],"jnews_single_post":{"subtitle":"In einer Welt, in der es darauf ankommt, die Gef\u00fchle einer bestimmten Gruppe nicht zu verletzen, ist es unerheblich, ob dabei jemand verletzt wird. Solange wir alle \u201einklusiv\u201c sind.","format":"standard","video":"","gallery":"","source_name":"","source_url":"","via_name":"","via_url":"","override_template":"0","override":[{"template":"2","single_blog_custom":"","parallax":"1","fullscreen":"1","layout":"right-sidebar-narrow","sidebar":"default-sidebar","second_sidebar":"default-sidebar","sticky_sidebar":"1","share_position":"float","share_float_style":"share-normal","show_share_counter":"1","show_view_counter":"1","show_featured":"1","show_post_meta":"1","show_post_author":"1","show_post_author_image":"1","show_post_date":"1","post_date_format":"default","post_date_format_custom":"Y\/m\/d","show_post_category":"1","show_post_reading_time":"1","post_reading_time_wpm":"300","show_zoom_button":"0","zoom_button_out_step":"2","zoom_button_in_step":"3","show_post_tag":"1","show_prev_next_post":"0","show_popup_post":"0","number_popup_post":"1","show_author_box":"1","show_post_related":"0","show_inline_post_related":"0"}],"override_image_size":"0","image_override":[{"single_post_thumbnail_size":"crop-715","single_post_gallery_size":"crop-715"}],"trending_post":"0","trending_post_position":"meta","trending_post_label":"Trending","sponsored_post":"0","sponsored_post_label":"Sponsored by","sponsored_post_name":"","sponsored_post_url":"","sponsored_post_logo_enable":"0","sponsored_post_logo":"","sponsored_post_desc":"","disable_ad":"0"},"jnews_primary_category":{"id":"767"},"jnews_social_meta":{"fb_title":"","fb_description":"","fb_image":"","twitter_title":"","twitter_description":"","twitter_image":""},"jnews_override_counter":{"override_view_counter":"0","view_counter_number":"0","override_share_counter":"0","share_counter_number":"0","override_like_counter":"0","like_counter_number":"0","override_dislike_counter":"0","dislike_counter_number":"0"},"footnotes":""},"categories":[816,767,811],"tags":[6941,18046,21120,19477,9692],"class_list":["post-171398","post","type-post","status-publish","format-standard","has-post-thumbnail","hentry","category-breaking-news-de","category-meinung","category-foreground-de","tag-lgbt-ideologie","tag-lgbt-de-4","tag-london-de","tag-totalitarianism-de-2","tag-vereinigtes-koenigreich"],"yoast_head":"<!-- This site is optimized with the Yoast SEO Premium plugin v25.9 (Yoast SEO v27.3) - https:\/\/yoast.com\/product\/yoast-seo-premium-wordpress\/ -->\n<title>Was hat Vorrang: Sicherheit oder Ideologie? - IFN<\/title>\n<meta name=\"description\" content=\"In einer Welt, in der es darauf ankommt, die Gef\u00fchle einer bestimmten Gruppe nicht zu verletzen, ist es unerheblich, ob dabei jemand verletzt wird. Solange wir alle &quot;inklusiv&quot; sind.\" \/>\n<meta name=\"robots\" content=\"index, follow, max-snippet:-1, max-image-preview:large, max-video-preview:-1\" \/>\n<link rel=\"canonical\" href=\"https:\/\/ifamnews.com\/de\/was-hat-vorrang-sicherheit-oder-ideologie\" \/>\n<meta property=\"og:locale\" content=\"de_DE\" \/>\n<meta property=\"og:type\" content=\"article\" \/>\n<meta property=\"og:title\" content=\"Was hat Vorrang: Sicherheit oder Ideologie?\" \/>\n<meta property=\"og:description\" content=\"In einer Welt, in der es darauf ankommt, die Gef\u00fchle einer bestimmten Gruppe nicht zu verletzen, ist es unerheblich, ob dabei jemand verletzt wird. Solange wir alle &quot;inklusiv&quot; sind.\" \/>\n<meta property=\"og:url\" content=\"https:\/\/ifamnews.com\/de\/was-hat-vorrang-sicherheit-oder-ideologie\" \/>\n<meta property=\"og:site_name\" content=\"IFN\" \/>\n<meta property=\"article:publisher\" content=\"https:\/\/www.facebook.com\/iFamNews\" \/>\n<meta property=\"article:published_time\" content=\"2022-11-28T07:00:00+00:00\" \/>\n<meta property=\"og:image\" content=\"https:\/\/ifamnews.com\/wp-content\/uploads\/2022\/11\/traffic-lights_01-resized.png\" \/>\n\t<meta property=\"og:image:width\" content=\"1200\" \/>\n\t<meta property=\"og:image:height\" content=\"675\" \/>\n\t<meta property=\"og:image:type\" content=\"image\/png\" \/>\n<meta name=\"author\" content=\"Mara Fabris\" \/>\n<meta name=\"twitter:card\" content=\"summary_large_image\" \/>\n<meta name=\"twitter:creator\" content=\"@iFamNewsEN\" \/>\n<meta name=\"twitter:site\" content=\"@iFamNewsEN\" \/>\n<meta name=\"twitter:label1\" content=\"Verfasst von\" \/>\n\t<meta name=\"twitter:data1\" content=\"Mara Fabris\" \/>\n\t<meta name=\"twitter:label2\" content=\"Gesch\u00e4tzte Lesezeit\" \/>\n\t<meta name=\"twitter:data2\" content=\"5\u00a0Minuten\" \/>\n<!-- \/ Yoast SEO Premium plugin. -->","yoast_head_json":{"title":"Was hat Vorrang: Sicherheit oder Ideologie? - IFN","description":"In einer Welt, in der es darauf ankommt, die Gef\u00fchle einer bestimmten Gruppe nicht zu verletzen, ist es unerheblich, ob dabei jemand verletzt wird. Solange wir alle \"inklusiv\" sind.","robots":{"index":"index","follow":"follow","max-snippet":"max-snippet:-1","max-image-preview":"max-image-preview:large","max-video-preview":"max-video-preview:-1"},"canonical":"https:\/\/ifamnews.com\/de\/was-hat-vorrang-sicherheit-oder-ideologie","og_locale":"de_DE","og_type":"article","og_title":"Was hat Vorrang: Sicherheit oder Ideologie?","og_description":"In einer Welt, in der es darauf ankommt, die Gef\u00fchle einer bestimmten Gruppe nicht zu verletzen, ist es unerheblich, ob dabei jemand verletzt wird. Solange wir alle \"inklusiv\" sind.","og_url":"https:\/\/ifamnews.com\/de\/was-hat-vorrang-sicherheit-oder-ideologie","og_site_name":"IFN","article_publisher":"https:\/\/www.facebook.com\/iFamNews","article_published_time":"2022-11-28T07:00:00+00:00","og_image":[{"width":1200,"height":675,"url":"https:\/\/ifamnews.com\/wp-content\/uploads\/2022\/11\/traffic-lights_01-resized.png","type":"image\/png"}],"author":"Mara Fabris","twitter_card":"summary_large_image","twitter_creator":"@iFamNewsEN","twitter_site":"@iFamNewsEN","twitter_misc":{"Verfasst von":"Mara Fabris","Gesch\u00e4tzte Lesezeit":"5\u00a0Minuten"},"schema":{"@context":"https:\/\/schema.org","@graph":[{"@type":"NewsArticle","@id":"https:\/\/ifamnews.com\/de\/was-hat-vorrang-sicherheit-oder-ideologie#article","isPartOf":{"@id":"https:\/\/ifamnews.com\/de\/was-hat-vorrang-sicherheit-oder-ideologie"},"author":{"name":"Mara Fabris","@id":"https:\/\/ifamnews.com\/en\/#\/schema\/person\/1ff8c8c8a95e36a101063ddd35a12757"},"headline":"Was hat Vorrang: Sicherheit oder Ideologie?","datePublished":"2022-11-28T07:00:00+00:00","mainEntityOfPage":{"@id":"https:\/\/ifamnews.com\/de\/was-hat-vorrang-sicherheit-oder-ideologie"},"wordCount":792,"commentCount":0,"publisher":{"@id":"https:\/\/ifamnews.com\/en\/#organization"},"image":{"@id":"https:\/\/ifamnews.com\/de\/was-hat-vorrang-sicherheit-oder-ideologie#primaryimage"},"thumbnailUrl":"https:\/\/ifamnews.com\/wp-content\/uploads\/2022\/11\/traffic-lights_01-resized.png","keywords":["LGBT-Ideologie","LGBT+","London","totalitarianism","Vereinigtes K\u00f6nigreich"],"articleSection":["Breaking News","Meinung","Vordergrund"],"inLanguage":"de","potentialAction":[{"@type":"CommentAction","name":"Comment","target":["https:\/\/ifamnews.com\/de\/was-hat-vorrang-sicherheit-oder-ideologie#respond"]}]},{"@type":"WebPage","@id":"https:\/\/ifamnews.com\/de\/was-hat-vorrang-sicherheit-oder-ideologie","url":"https:\/\/ifamnews.com\/de\/was-hat-vorrang-sicherheit-oder-ideologie","name":"Was hat Vorrang: Sicherheit oder Ideologie? - IFN","isPartOf":{"@id":"https:\/\/ifamnews.com\/en\/#website"},"primaryImageOfPage":{"@id":"https:\/\/ifamnews.com\/de\/was-hat-vorrang-sicherheit-oder-ideologie#primaryimage"},"image":{"@id":"https:\/\/ifamnews.com\/de\/was-hat-vorrang-sicherheit-oder-ideologie#primaryimage"},"thumbnailUrl":"https:\/\/ifamnews.com\/wp-content\/uploads\/2022\/11\/traffic-lights_01-resized.png","datePublished":"2022-11-28T07:00:00+00:00","description":"In einer Welt, in der es darauf ankommt, die Gef\u00fchle einer bestimmten Gruppe nicht zu verletzen, ist es unerheblich, ob dabei jemand verletzt wird. Solange wir alle \"inklusiv\" sind.","breadcrumb":{"@id":"https:\/\/ifamnews.com\/de\/was-hat-vorrang-sicherheit-oder-ideologie#breadcrumb"},"inLanguage":"de","potentialAction":[{"@type":"ReadAction","target":["https:\/\/ifamnews.com\/de\/was-hat-vorrang-sicherheit-oder-ideologie"]}]},{"@type":"ImageObject","inLanguage":"de","@id":"https:\/\/ifamnews.com\/de\/was-hat-vorrang-sicherheit-oder-ideologie#primaryimage","url":"https:\/\/ifamnews.com\/wp-content\/uploads\/2022\/11\/traffic-lights_01-resized.png","contentUrl":"https:\/\/ifamnews.com\/wp-content\/uploads\/2022\/11\/traffic-lights_01-resized.png","width":1200,"height":675,"caption":"Foto: pers\u00f6nliches Archiv"},{"@type":"BreadcrumbList","@id":"https:\/\/ifamnews.com\/de\/was-hat-vorrang-sicherheit-oder-ideologie#breadcrumb","itemListElement":[{"@type":"ListItem","position":1,"name":"Home","item":"https:\/\/ifamnews.com\/de"},{"@type":"ListItem","position":2,"name":"Opinion","item":"https:\/\/ifamnews.com\/en\/category\/opinion"},{"@type":"ListItem","position":3,"name":"Was hat Vorrang: Sicherheit oder Ideologie?"}]},{"@type":"WebSite","@id":"https:\/\/ifamnews.com\/en\/#website","url":"https:\/\/ifamnews.com\/en\/","name":"IFN","description":"International Family News Network","publisher":{"@id":"https:\/\/ifamnews.com\/en\/#organization"},"potentialAction":[{"@type":"SearchAction","target":{"@type":"EntryPoint","urlTemplate":"https:\/\/ifamnews.com\/en\/?s={search_term_string}"},"query-input":{"@type":"PropertyValueSpecification","valueRequired":true,"valueName":"search_term_string"}}],"inLanguage":"de"},{"@type":"Organization","@id":"https:\/\/ifamnews.com\/en\/#organization","name":"iFamNews","url":"https:\/\/ifamnews.com\/en\/","logo":{"@type":"ImageObject","inLanguage":"de","@id":"https:\/\/ifamnews.com\/en\/#\/schema\/logo\/image\/","url":"https:\/\/ifamnews.com\/wp-content\/uploads\/2020\/01\/Share-logo.png","contentUrl":"https:\/\/ifamnews.com\/wp-content\/uploads\/2020\/01\/Share-logo.png","width":200,"height":200,"caption":"iFamNews"},"image":{"@id":"https:\/\/ifamnews.com\/en\/#\/schema\/logo\/image\/"},"sameAs":["https:\/\/www.facebook.com\/iFamNews","https:\/\/x.com\/iFamNewsEN"]},{"@type":"Person","@id":"https:\/\/ifamnews.com\/en\/#\/schema\/person\/1ff8c8c8a95e36a101063ddd35a12757","name":"Mara Fabris","image":{"@type":"ImageObject","inLanguage":"de","@id":"https:\/\/secure.gravatar.com\/avatar\/4e63af5a813ac708a3b3d437d430f17ebfb40a7a05593a1d01ac784eade0f601?s=96&d=mm&r=g","url":"https:\/\/secure.gravatar.com\/avatar\/4e63af5a813ac708a3b3d437d430f17ebfb40a7a05593a1d01ac784eade0f601?s=96&d=mm&r=g","contentUrl":"https:\/\/secure.gravatar.com\/avatar\/4e63af5a813ac708a3b3d437d430f17ebfb40a7a05593a1d01ac784eade0f601?s=96&d=mm&r=g","caption":"Mara Fabris"},"url":"https:\/\/ifamnews.com\/de\/author\/mfabris"}]}},"amp_enabled":true,"_links":{"self":[{"href":"https:\/\/ifamnews.com\/de\/wp-json\/wp\/v2\/posts\/171398","targetHints":{"allow":["GET"]}}],"collection":[{"href":"https:\/\/ifamnews.com\/de\/wp-json\/wp\/v2\/posts"}],"about":[{"href":"https:\/\/ifamnews.com\/de\/wp-json\/wp\/v2\/types\/post"}],"author":[{"embeddable":true,"href":"https:\/\/ifamnews.com\/de\/wp-json\/wp\/v2\/users\/977"}],"replies":[{"embeddable":true,"href":"https:\/\/ifamnews.com\/de\/wp-json\/wp\/v2\/comments?post=171398"}],"version-history":[{"count":2,"href":"https:\/\/ifamnews.com\/de\/wp-json\/wp\/v2\/posts\/171398\/revisions"}],"predecessor-version":[{"id":171425,"href":"https:\/\/ifamnews.com\/de\/wp-json\/wp\/v2\/posts\/171398\/revisions\/171425"}],"wp:featuredmedia":[{"embeddable":true,"href":"https:\/\/ifamnews.com\/de\/wp-json\/wp\/v2\/media\/170827"}],"wp:attachment":[{"href":"https:\/\/ifamnews.com\/de\/wp-json\/wp\/v2\/media?parent=171398"}],"wp:term":[{"taxonomy":"category","embeddable":true,"href":"https:\/\/ifamnews.com\/de\/wp-json\/wp\/v2\/categories?post=171398"},{"taxonomy":"post_tag","embeddable":true,"href":"https:\/\/ifamnews.com\/de\/wp-json\/wp\/v2\/tags?post=171398"}],"curies":[{"name":"wp","href":"https:\/\/api.w.org\/{rel}","templated":true}]}}