{"id":171396,"date":"2022-11-28T01:00:00","date_gmt":"2022-11-28T06:00:00","guid":{"rendered":"https:\/\/ifamnews.com\/?p=171396"},"modified":"2022-11-22T04:36:30","modified_gmt":"2022-11-22T09:36:30","slug":"m-nner-und-gesellschaft-ihre-rolle-ihre-bedeutung","status":"publish","type":"post","link":"https:\/\/ifamnews.com\/de\/m-nner-und-gesellschaft-ihre-rolle-ihre-bedeutung","title":{"rendered":"M\u00e4nner und Gesellschaft: Ihre Rolle, ihre Bedeutung"},"content":{"rendered":"\n<p> Der stellvertretende Au\u00dfenminister sagte, das Potenzial der M\u00e4nner sei entscheidend f\u00fcr die St\u00e4rkung der Nation.<\/p>\n\n\n\n<p><em>Es ist schwierig f\u00fcr einen Mann, sich zu definieren und noch mehr, sich in der heutigen Welt zurechtzufinden: Er kann nerv\u00f6s sein, aber nicht neurotisch, er kann sensibel sein, aber nicht hysterisch. Er kann launisch sein, aber nicht depressiv, motiviert, aber nicht aggressiv, freundlich, aber immer noch bestimmt. Er sollte selbstbewusst sein, sich aber niemals \u00fcberlegen f\u00fchlen<\/em> &#8211; sagte Attila Beneda auf der Konferenz &#8222;Men in Focus&#8220;. Der stellvertretende Staatssekret\u00e4r f\u00fcr Familie im Ministerium f\u00fcr Kultur und Innovation ist der Meinung, dass es sich lohnt, dar\u00fcber nachzudenken, was es heute bedeutet, ein Mann zu sein, aber es ist nicht unbedingt etwas, was wir definieren m\u00fcssen.<\/p>\n\n\n\n<p>An der Konferenz nahmen F\u00fchrungskr\u00e4fte aus der Wirtschaft, Mitarbeiter zahlreicher Unternehmen und Fachleute aus ihren Bereichen teil.<\/p>\n\n\n\n<p>Der stellvertretende Au\u00dfenminister sagte auch, dass die Regierung m\u00f6chte, dass jede Familie frei entscheiden kann, wie viele Kinder sie haben m\u00f6chte, wie lange die Kinder bei ihnen zu Hause bleiben und welche Familienleistungen sie erhalten.<em>. Wir haben versucht, alle Elemente der Familienunterst\u00fctzung so einzuf\u00fchren, dass M\u00e4nner und V\u00e4ter davon profitieren k\u00f6nnen<\/em>, er f\u00fcgte hinzu. <em>Wir bem\u00fchen uns, die Familienf\u00f6rderung weiter auszubauen und haben bereits Vorschl\u00e4ge f\u00fcr das n\u00e4chste Jahr verabschiedet. V\u00e4ter k\u00f6nnen f\u00fcr ihr j\u00fcngstes Kind nun Teilzeit bis zum Alter von acht Jahren beantragen, die Elternzeit nach der Geburt eines Kindes wird auf zehn Tage verl\u00e4ngert<\/em>, er f\u00fcgte hinzu.<\/p>\n\n\n\n<p>Es ist wichtig, dass wir bei Familie und Kindern auch an V\u00e4ter denken, denn ihre Aufgabe sollte nicht nur darin bestehen, den Lebensunterhalt zu verdienen.<\/p>\n\n\n\n<p>Wir m\u00fcssen V\u00e4tern die Chance geben, Teil der Momente zu sein, die helfen, Familien zusammenzubringen. Die Zukunft Ihrer Beziehung zu Ihrem Kind und Ihrer Beziehung zu Ihrem Partner kann von diesen Handlungen abh\u00e4ngen.<\/p>\n\n\n\n<p>Attila Benede wies auch darauf hin, dass die Lebenserwartung von M\u00e4nnern deutlich niedriger sei als die von Frauen und dass sie in Bezug auf die bei guter Gesundheit verbrachten Jahre hinterherhinken. <em>Wir m\u00fcssen f\u00fcr uns selbst aufholen, zum Wohle der Frauen und zum Wohle unserer Gesellschaft<\/em> &#8211; res\u00fcmierte die stellvertretende Staatssekret\u00e4rin.<\/p>\n\n\n\n<p><em>Es ist wichtig, dass V\u00e4ter wirklich Teil unserer Gesellschaft<\/em> sind , sagte der Psychologe Laszlo Leder, einer der Gastgeber der Konferenz und Gr\u00fcnder der Akademie der V\u00e4ter, die die Konferenz organisiert.<\/p>\n\n\n\n<p><em>Eine amerikanische Umfrage von 1999. zeigt, wie wichtig die Rolle und Pr\u00e4senz von V\u00e4tern sind. Laut Forschung, 75 Prozent der Menschen in Zentren f\u00fcr <\/em><em>Sucht, 80 Prozent der Vergewaltiger und 85 Prozent der Jugendlichen im Gef\u00e4ngnis sind ohne Vater aufgewachsen. Diese Zahlen zeigen, dass die Anwesenheit des Vaters entscheidend ist<\/em> &#8211; wies er in seiner Pr\u00e4sentation darauf hin. Leder erkl\u00e4rte auch, dass es in der modernen Erfahrung der Vaterschaft unerl\u00e4sslich ist, unsere Scheidungspraxis zu \u00fcberdenken, da ein B\u00fcrgerkrieg zwischen V\u00e4tern und M\u00fcttern das Schicksal von Generationen besiegeln kann.<\/p>\n\n\n\n<p><em>Neuere Forschungen zeigen, dass junge M\u00e4nner zunehmend unfruchtbar werden, was eine Folge von geistiger und k\u00f6rperlicher Ersch\u00f6pfung, Depressionen und einer ungesunden Lebensweise<\/em> sein kann , betonte Leder in seiner Rede. Dar\u00fcber hinaus glauben die meisten ungarischen M\u00fctter, dass M\u00e4nner in erster Linie Ern\u00e4hrer sind, und erwarten, dass V\u00e4ter familienorientiert sein sollten.<\/p>\n\n\n\n<p><em>Diese Erwartungen sind nicht leicht zu erf\u00fcllen. Infolgedessen werden v\u00e4terliche Depressionen immer h\u00e4ufiger und k\u00f6nnen jahrelang anhalten, w\u00e4hrend sie in den meisten F\u00e4llen verborgen bleiben; der Vater ist depressiv, findet seinen Platz und seine Rolle in der Familie nicht, findet keine Freude und macht sich Vorw\u00fcrfe, dass er keinen Anschluss finden kann, wenn er \u201enur\u201c depressiv ist<\/em>\u201c, erkl\u00e4rte Laszlo Leder auf der Konferenz. Er wies auch darauf hin, dass eine betr\u00e4chtliche Anzahl von M\u00e4nnern in ihren Drei\u00dfigern noch zu Hause bei ihren Eltern lebt.<\/p>\n","protected":false},"excerpt":{"rendered":"<p>\u201eEs ist wichtig, dass V\u00e4ter wirklich Teil unserer Gesellschaft sind\u201c, sagte der Psychologe Laszlo Leder, einer der Gastgeber einer Konferenz in Italien.<\/p>\n","protected":false},"author":147,"featured_media":171057,"comment_status":"open","ping_status":"open","sticky":false,"template":"","format":"standard","meta":{"give_campaign_id":0,"om_disable_all_campaigns":false,"_monsterinsights_skip_tracking":false,"_monsterinsights_sitenote_active":false,"_monsterinsights_sitenote_note":"","_monsterinsights_sitenote_category":0,"mc4wp_mailchimp_campaign":[],"jnews-multi-image_gallery":[],"jnews_single_post":{"subtitle":"\u201eEs ist wichtig, dass V\u00e4ter wirklich Teil unserer Gesellschaft sind\u201c, sagte der Psychologe Laszlo Leder, einer der Gastgeber einer Konferenz in Italien.","format":"standard","video":"","gallery":"","source_name":"","source_url":"","via_name":"","via_url":"","override_template":"0","override":[{"template":"2","single_blog_custom":"","parallax":"1","fullscreen":"1","layout":"right-sidebar-narrow","sidebar":"default-sidebar","second_sidebar":"default-sidebar","sticky_sidebar":"1","share_position":"float","share_float_style":"share-normal","show_share_counter":"1","show_view_counter":"1","show_featured":"1","show_post_meta":"1","show_post_author":"1","show_post_author_image":"1","show_post_date":"1","post_date_format":"default","post_date_format_custom":"Y\/m\/d","show_post_category":"1","show_post_reading_time":"1","post_reading_time_wpm":"300","show_zoom_button":"0","zoom_button_out_step":"2","zoom_button_in_step":"3","show_post_tag":"1","show_prev_next_post":"0","show_popup_post":"0","number_popup_post":"1","show_author_box":"1","show_post_related":"0","show_inline_post_related":"0"}],"override_image_size":"0","image_override":[{"single_post_thumbnail_size":"crop-715","single_post_gallery_size":"crop-715"}],"trending_post":"0","trending_post_position":"meta","trending_post_label":"Trending","sponsored_post":"0","sponsored_post_label":"Sponsored by","sponsored_post_name":"","sponsored_post_url":"","sponsored_post_logo_enable":"0","sponsored_post_logo":"","sponsored_post_desc":"","disable_ad":"0"},"jnews_primary_category":{"id":"770"},"jnews_social_meta":{"fb_title":"","fb_description":"","fb_image":"","twitter_title":"","twitter_description":"","twitter_image":""},"jnews_override_counter":{"override_view_counter":"0","view_counter_number":"0","override_share_counter":"0","share_counter_number":"0","override_like_counter":"0","like_counter_number":"0","override_dislike_counter":"0","dislike_counter_number":"0"},"footnotes":""},"categories":[816,770,811],"tags":[21117,8785,6720,4932,21119,21116,21118],"class_list":["post-171396","post","type-post","status-publish","format-standard","has-post-thumbnail","hentry","category-breaking-news-de","category-familie","category-foreground-de","tag-attila-beneda-de","tag-demographics-de-2","tag-family-de","tag-porodica-de","tag-schule-fur-verantwortungsbewusste-eltern","tag-ungarn-de-3","tag-vaters-akademie"],"yoast_head":"<!-- This site is optimized with the Yoast SEO Premium plugin v25.9 (Yoast SEO v27.3) - https:\/\/yoast.com\/product\/yoast-seo-premium-wordpress\/ -->\n<title>M\u00e4nner und Gesellschaft: Ihre Rolle, ihre Bedeutung - IFN<\/title>\n<meta name=\"description\" content=\"Wir m\u00fcssen die mit M\u00e4nnern verbundenen Klischees hinter uns lassen und ihnen erlauben, ihr Potenzial ohne Etiketten zu verwirklichen, sagte Attila Beneda auf der von der Akademie der V\u00e4ter und der Schule f\u00fcr verantwortliche Eltern organisierten Konferenz \u201eM\u00e4nner im Rampenlicht\u201c, schreibt die ungarische Tageszeitung \u201e Majar Nemzet&quot;.\" \/>\n<meta name=\"robots\" content=\"index, follow, max-snippet:-1, max-image-preview:large, max-video-preview:-1\" \/>\n<link rel=\"canonical\" href=\"https:\/\/ifamnews.com\/de\/m-nner-und-gesellschaft-ihre-rolle-ihre-bedeutung\" \/>\n<meta property=\"og:locale\" content=\"de_DE\" \/>\n<meta property=\"og:type\" content=\"article\" \/>\n<meta property=\"og:title\" content=\"M\u00e4nner und Gesellschaft: Ihre Rolle, ihre Bedeutung\" \/>\n<meta property=\"og:description\" content=\"Wir m\u00fcssen die mit M\u00e4nnern verbundenen Klischees hinter uns lassen und ihnen erlauben, ihr Potenzial ohne Etiketten zu verwirklichen, sagte Attila Beneda auf der von der Akademie der V\u00e4ter und der Schule f\u00fcr verantwortliche Eltern organisierten Konferenz \u201eM\u00e4nner im Rampenlicht\u201c, schreibt die ungarische Tageszeitung \u201e Majar Nemzet&quot;.\" \/>\n<meta property=\"og:url\" content=\"https:\/\/ifamnews.com\/de\/m-nner-und-gesellschaft-ihre-rolle-ihre-bedeutung\" \/>\n<meta property=\"og:site_name\" content=\"IFN\" \/>\n<meta property=\"article:publisher\" content=\"https:\/\/www.facebook.com\/iFamNews\" \/>\n<meta property=\"article:author\" content=\"https:\/\/www.facebook.com\/iFamNews\/\" \/>\n<meta property=\"article:published_time\" content=\"2022-11-28T06:00:00+00:00\" \/>\n<meta property=\"og:image\" content=\"https:\/\/ifamnews.com\/wp-content\/uploads\/2022\/11\/Atila-Beneda.png\" \/>\n\t<meta property=\"og:image:width\" content=\"1200\" \/>\n\t<meta property=\"og:image:height\" content=\"675\" \/>\n\t<meta property=\"og:image:type\" content=\"image\/png\" \/>\n<meta name=\"author\" content=\"iFamNews Serbia\" \/>\n<meta name=\"twitter:card\" content=\"summary_large_image\" \/>\n<meta name=\"twitter:creator\" content=\"@https:\/\/twitter.com\/ifamnewsrs\/\" \/>\n<meta name=\"twitter:site\" content=\"@iFamNewsEN\" \/>\n<meta name=\"twitter:label1\" content=\"Verfasst von\" \/>\n\t<meta name=\"twitter:data1\" content=\"IFN Serbien\" \/>\n\t<meta name=\"twitter:label2\" content=\"Gesch\u00e4tzte Lesezeit\" \/>\n\t<meta name=\"twitter:data2\" content=\"4\u00a0Minuten\" \/>\n<!-- \/ Yoast SEO Premium plugin. -->","yoast_head_json":{"title":"M\u00e4nner und Gesellschaft: Ihre Rolle, ihre Bedeutung - IFN","description":"Wir m\u00fcssen die mit M\u00e4nnern verbundenen Klischees hinter uns lassen und ihnen erlauben, ihr Potenzial ohne Etiketten zu verwirklichen, sagte Attila Beneda auf der von der Akademie der V\u00e4ter und der Schule f\u00fcr verantwortliche Eltern organisierten Konferenz \u201eM\u00e4nner im Rampenlicht\u201c, schreibt die ungarische Tageszeitung \u201e Majar Nemzet\".","robots":{"index":"index","follow":"follow","max-snippet":"max-snippet:-1","max-image-preview":"max-image-preview:large","max-video-preview":"max-video-preview:-1"},"canonical":"https:\/\/ifamnews.com\/de\/m-nner-und-gesellschaft-ihre-rolle-ihre-bedeutung","og_locale":"de_DE","og_type":"article","og_title":"M\u00e4nner und Gesellschaft: Ihre Rolle, ihre Bedeutung","og_description":"Wir m\u00fcssen die mit M\u00e4nnern verbundenen Klischees hinter uns lassen und ihnen erlauben, ihr Potenzial ohne Etiketten zu verwirklichen, sagte Attila Beneda auf der von der Akademie der V\u00e4ter und der Schule f\u00fcr verantwortliche Eltern organisierten Konferenz \u201eM\u00e4nner im Rampenlicht\u201c, schreibt die ungarische Tageszeitung \u201e Majar Nemzet\".","og_url":"https:\/\/ifamnews.com\/de\/m-nner-und-gesellschaft-ihre-rolle-ihre-bedeutung","og_site_name":"IFN","article_publisher":"https:\/\/www.facebook.com\/iFamNews","article_author":"https:\/\/www.facebook.com\/iFamNews\/","article_published_time":"2022-11-28T06:00:00+00:00","og_image":[{"width":1200,"height":675,"url":"https:\/\/ifamnews.com\/wp-content\/uploads\/2022\/11\/Atila-Beneda.png","type":"image\/png"}],"author":"iFamNews Serbia","twitter_card":"summary_large_image","twitter_creator":"@https:\/\/twitter.com\/ifamnewsrs\/","twitter_site":"@iFamNewsEN","twitter_misc":{"Verfasst von":"IFN Serbien","Gesch\u00e4tzte Lesezeit":"4\u00a0Minuten"},"schema":{"@context":"https:\/\/schema.org","@graph":[{"@type":"NewsArticle","@id":"https:\/\/ifamnews.com\/de\/m-nner-und-gesellschaft-ihre-rolle-ihre-bedeutung#article","isPartOf":{"@id":"https:\/\/ifamnews.com\/de\/m-nner-und-gesellschaft-ihre-rolle-ihre-bedeutung"},"author":{"name":"iFamNews Serbia","@id":"https:\/\/ifamnews.com\/en\/#\/schema\/person\/38b9f44fbc0a98257b4be4a648a4c6c7"},"headline":"M\u00e4nner und Gesellschaft: Ihre Rolle, ihre Bedeutung","datePublished":"2022-11-28T06:00:00+00:00","mainEntityOfPage":{"@id":"https:\/\/ifamnews.com\/de\/m-nner-und-gesellschaft-ihre-rolle-ihre-bedeutung"},"wordCount":677,"commentCount":0,"publisher":{"@id":"https:\/\/ifamnews.com\/en\/#organization"},"image":{"@id":"https:\/\/ifamnews.com\/de\/m-nner-und-gesellschaft-ihre-rolle-ihre-bedeutung#primaryimage"},"thumbnailUrl":"https:\/\/ifamnews.com\/wp-content\/uploads\/2022\/11\/Atila-Beneda.png","keywords":["Attila Beneda","demographics","family","porodica","Schule f\u00fcr verantwortungsbewusste Eltern","Ungarn","Vaters Akademie"],"articleSection":["Breaking News","Familie","Vordergrund"],"inLanguage":"de","potentialAction":[{"@type":"CommentAction","name":"Comment","target":["https:\/\/ifamnews.com\/de\/m-nner-und-gesellschaft-ihre-rolle-ihre-bedeutung#respond"]}]},{"@type":"WebPage","@id":"https:\/\/ifamnews.com\/de\/m-nner-und-gesellschaft-ihre-rolle-ihre-bedeutung","url":"https:\/\/ifamnews.com\/de\/m-nner-und-gesellschaft-ihre-rolle-ihre-bedeutung","name":"M\u00e4nner und Gesellschaft: Ihre Rolle, ihre Bedeutung - IFN","isPartOf":{"@id":"https:\/\/ifamnews.com\/en\/#website"},"primaryImageOfPage":{"@id":"https:\/\/ifamnews.com\/de\/m-nner-und-gesellschaft-ihre-rolle-ihre-bedeutung#primaryimage"},"image":{"@id":"https:\/\/ifamnews.com\/de\/m-nner-und-gesellschaft-ihre-rolle-ihre-bedeutung#primaryimage"},"thumbnailUrl":"https:\/\/ifamnews.com\/wp-content\/uploads\/2022\/11\/Atila-Beneda.png","datePublished":"2022-11-28T06:00:00+00:00","description":"Wir m\u00fcssen die mit M\u00e4nnern verbundenen Klischees hinter uns lassen und ihnen erlauben, ihr Potenzial ohne Etiketten zu verwirklichen, sagte Attila Beneda auf der von der Akademie der V\u00e4ter und der Schule f\u00fcr verantwortliche Eltern organisierten Konferenz \u201eM\u00e4nner im Rampenlicht\u201c, schreibt die ungarische Tageszeitung \u201e Majar Nemzet\".","breadcrumb":{"@id":"https:\/\/ifamnews.com\/de\/m-nner-und-gesellschaft-ihre-rolle-ihre-bedeutung#breadcrumb"},"inLanguage":"de","potentialAction":[{"@type":"ReadAction","target":["https:\/\/ifamnews.com\/de\/m-nner-und-gesellschaft-ihre-rolle-ihre-bedeutung"]}]},{"@type":"ImageObject","inLanguage":"de","@id":"https:\/\/ifamnews.com\/de\/m-nner-und-gesellschaft-ihre-rolle-ihre-bedeutung#primaryimage","url":"https:\/\/ifamnews.com\/wp-content\/uploads\/2022\/11\/Atila-Beneda.png","contentUrl":"https:\/\/ifamnews.com\/wp-content\/uploads\/2022\/11\/Atila-Beneda.png","width":1200,"height":675,"caption":"Atila Beneda Quelle: https:\/\/hungarytoday.hu\/"},{"@type":"BreadcrumbList","@id":"https:\/\/ifamnews.com\/de\/m-nner-und-gesellschaft-ihre-rolle-ihre-bedeutung#breadcrumb","itemListElement":[{"@type":"ListItem","position":1,"name":"Home","item":"https:\/\/ifamnews.com\/de"},{"@type":"ListItem","position":2,"name":"Familie","item":"https:\/\/ifamnews.com\/de\/kategorie\/familie"},{"@type":"ListItem","position":3,"name":"M\u00e4nner und Gesellschaft: Ihre Rolle, ihre Bedeutung"}]},{"@type":"WebSite","@id":"https:\/\/ifamnews.com\/en\/#website","url":"https:\/\/ifamnews.com\/en\/","name":"IFN","description":"International Family News Network","publisher":{"@id":"https:\/\/ifamnews.com\/en\/#organization"},"potentialAction":[{"@type":"SearchAction","target":{"@type":"EntryPoint","urlTemplate":"https:\/\/ifamnews.com\/en\/?s={search_term_string}"},"query-input":{"@type":"PropertyValueSpecification","valueRequired":true,"valueName":"search_term_string"}}],"inLanguage":"de"},{"@type":"Organization","@id":"https:\/\/ifamnews.com\/en\/#organization","name":"iFamNews","url":"https:\/\/ifamnews.com\/en\/","logo":{"@type":"ImageObject","inLanguage":"de","@id":"https:\/\/ifamnews.com\/en\/#\/schema\/logo\/image\/","url":"https:\/\/ifamnews.com\/wp-content\/uploads\/2020\/01\/Share-logo.png","contentUrl":"https:\/\/ifamnews.com\/wp-content\/uploads\/2020\/01\/Share-logo.png","width":200,"height":200,"caption":"iFamNews"},"image":{"@id":"https:\/\/ifamnews.com\/en\/#\/schema\/logo\/image\/"},"sameAs":["https:\/\/www.facebook.com\/iFamNews","https:\/\/x.com\/iFamNewsEN"]},{"@type":"Person","@id":"https:\/\/ifamnews.com\/en\/#\/schema\/person\/38b9f44fbc0a98257b4be4a648a4c6c7","name":"iFamNews Serbia","image":{"@type":"ImageObject","inLanguage":"de","@id":"https:\/\/secure.gravatar.com\/avatar\/99ffa49a21d431d6aeee0715754531add434e23f2be9343a3a657079223070ee?s=96&d=mm&r=g","url":"https:\/\/secure.gravatar.com\/avatar\/99ffa49a21d431d6aeee0715754531add434e23f2be9343a3a657079223070ee?s=96&d=mm&r=g","contentUrl":"https:\/\/secure.gravatar.com\/avatar\/99ffa49a21d431d6aeee0715754531add434e23f2be9343a3a657079223070ee?s=96&d=mm&r=g","caption":"iFamNews Serbia"},"description":"Articles published by the Serbian iFamNews editorial team.","sameAs":["https:\/\/ifamnews.com\/sr","https:\/\/www.facebook.com\/iFamNews\/","https:\/\/x.com\/https:\/\/twitter.com\/ifamnewsrs\/","https:\/\/www.youtube.com\/channel\/UCsaU2Y6NFHzMOlJNpDK62dw"],"url":"https:\/\/ifamnews.com\/de\/author\/redakcija"}]}},"amp_enabled":true,"_links":{"self":[{"href":"https:\/\/ifamnews.com\/de\/wp-json\/wp\/v2\/posts\/171396","targetHints":{"allow":["GET"]}}],"collection":[{"href":"https:\/\/ifamnews.com\/de\/wp-json\/wp\/v2\/posts"}],"about":[{"href":"https:\/\/ifamnews.com\/de\/wp-json\/wp\/v2\/types\/post"}],"author":[{"embeddable":true,"href":"https:\/\/ifamnews.com\/de\/wp-json\/wp\/v2\/users\/147"}],"replies":[{"embeddable":true,"href":"https:\/\/ifamnews.com\/de\/wp-json\/wp\/v2\/comments?post=171396"}],"version-history":[{"count":5,"href":"https:\/\/ifamnews.com\/de\/wp-json\/wp\/v2\/posts\/171396\/revisions"}],"predecessor-version":[{"id":171424,"href":"https:\/\/ifamnews.com\/de\/wp-json\/wp\/v2\/posts\/171396\/revisions\/171424"}],"wp:featuredmedia":[{"embeddable":true,"href":"https:\/\/ifamnews.com\/de\/wp-json\/wp\/v2\/media\/171057"}],"wp:attachment":[{"href":"https:\/\/ifamnews.com\/de\/wp-json\/wp\/v2\/media?parent=171396"}],"wp:term":[{"taxonomy":"category","embeddable":true,"href":"https:\/\/ifamnews.com\/de\/wp-json\/wp\/v2\/categories?post=171396"},{"taxonomy":"post_tag","embeddable":true,"href":"https:\/\/ifamnews.com\/de\/wp-json\/wp\/v2\/tags?post=171396"}],"curies":[{"name":"wp","href":"https:\/\/api.w.org\/{rel}","templated":true}]}}