{"id":169463,"date":"2022-11-08T02:00:00","date_gmt":"2022-11-08T07:00:00","guid":{"rendered":"https:\/\/ifamnews.com\/?p=169463"},"modified":"2022-11-10T09:36:24","modified_gmt":"2022-11-10T14:36:24","slug":"christlichen-anw-lte-reichen-klage-gegen-quequ-des-wegen-verh-hnung-religi-ser-gef-hle","status":"publish","type":"post","link":"https:\/\/ifamnews.com\/de\/christlichen-anw-lte-reichen-klage-gegen-quequ-des-wegen-verh-hnung-religi-ser-gef-hle","title":{"rendered":"Christliche Anw\u00e4lte reichen Klage gegen Quequ\u00e9 wegen Verh\u00f6hnung religi\u00f6ser Gef\u00fchle ein"},"content":{"rendered":"<p class=\"last-updated\">Last updated on November 10th, 2022 at 09:36 a.m.<\/p>\n<p><a><strong>Christliche Anw\u00e4lte reichten Klage gegen den Cadena Ser-Moderator &#8222;Quequ\u00e9&#8220; ein, weil er zur Sprengung des Tals der Gefallenen aufgerufen und eine Schikanenkampagne gegen die Anwaltsorganisation gestartet hatte.<\/strong><\/a><\/p>\n\n\n\n<p>Ausl\u00f6ser f\u00fcr die Beschwerde waren \u00c4u\u00dferungen des Moderators in seiner Sendung &#8222;Hora Veintipico&#8220; auf Cadena Ser.<\/p>\n\n\n\n<p>Der Moderator startete auch eine Schikanekampagne gegen die Anwaltsorganisation und ihre Pr\u00e4sidentin Polonia Castellanos, indem er alle Zuh\u00f6rer aufforderte, die Telefonnummer der Stiftung anzurufen, um deren t\u00e4gliche Arbeit zu boykottieren.<\/p>\n\n\n\n<p>Die Stiftung prangert in ihrer Beschwerde an, dass &#8222;die Moderatorin Abogados Cristianos beschuldigte <strong>\n  <em>gewaltsame Erpressung<\/em>\n<\/strong> f\u00fcr die Durchf\u00fchrung einer Unterschriftensammlung f\u00fcr die Einstellung des Programms&#8220;. Er kritisiert, dass sie \u00f6ffentlich die &#8222;Aufl\u00f6sung und sofortige Abgabe der Waffen forderte und die Opfer um Verzeihung bat, als sei die Juristenorganisation eine <strong>terroristische<\/strong> oder paramilit\u00e4rische <strong>Bande<\/strong> &#8222;.<\/p>\n\n\n\n<p>Er behauptet auch, in weniger als drei Tagen mehr als 800 Anrufe erhalten zu haben, was &#8222;den t\u00e4glichen Betrieb der Organisation beeintr\u00e4chtigt hat&#8220;.<\/p>\n\n\n\n<p>Er stellt ferner fest, dass De Miguel das so genannte &#8222;Gottesurteil&#8220; vollzog. &#8222;Verkleidet als katholischer Priester und mit der Behauptung, Gott zu sein, gab er eine sp\u00f6ttische, verh\u00f6hnende und beleidigende Kritik und Beurteilung der Zehn Gebote in der Bibel ab und verk\u00fcndete den christlichen Glauben&#8220;.<\/p>\n\n\n\n<p>Die Pr\u00e4sidentin der christlichen Anw\u00e4lte, Polonia Castellanos, betont, dass &#8222;wenn Quequ\u00e9s Angriffe gegen eine andere Gruppe gerichtet gewesen w\u00e4ren, h\u00e4tte die Staatsanwaltschaft von Amts wegen gehandelt&#8220;. Er kritisiert SER daf\u00fcr, das Verhalten des Moderators gebilligt zu haben, und behauptet, dass &#8222;der Sender mit dieser Haltung jede Glaubw\u00fcrdigkeit verloren hat&#8220;.<\/p>\n","protected":false},"excerpt":{"rendered":"<p>Die spanische Stiftung christlicher Anw\u00e4lte hat Klage gegen H\u00e9ctor de Miguel, besser bekannt als \u201eQuequ\u00e9\u201c, eingereicht, weil er am Sonntag w\u00e4hrend der Ausstrahlung seiner Sendung \u201eHora Veintipico\u201c auf Cadena Ser zur Sprengung des Tals der Gefallenen aufgerufen hat.<\/p>\n","protected":false},"author":963,"featured_media":166965,"comment_status":"open","ping_status":"open","sticky":false,"template":"","format":"standard","meta":{"give_campaign_id":0,"om_disable_all_campaigns":false,"_monsterinsights_skip_tracking":false,"_monsterinsights_sitenote_active":false,"_monsterinsights_sitenote_note":"","_monsterinsights_sitenote_category":0,"mc4wp_mailchimp_campaign":[],"jnews-multi-image_gallery":[],"jnews_single_post":{"subtitle":"Die spanische Stiftung christlicher Anw\u00e4lte hat Klage gegen H\u00e9ctor de Miguel, besser bekannt als \u201eQuequ\u00e9\u201c, eingereicht, weil er am Sonntag w\u00e4hrend der Ausstrahlung seiner Sendung \u201eHora Veintipico\u201c auf Cadena Ser zur Sprengung des Tals der Gefallenen aufgerufen hat.","format":"standard","video":"","gallery":"","source_name":"","source_url":"","via_name":"","via_url":"","override_template":"0","override":[{"template":"2","single_blog_custom":"","parallax":"1","fullscreen":"1","layout":"right-sidebar-narrow","sidebar":"default-sidebar","second_sidebar":"default-sidebar","sticky_sidebar":"1","share_position":"float","share_float_style":"share-normal","show_share_counter":"1","show_view_counter":"1","show_featured":"1","show_post_meta":"1","show_post_author":"1","show_post_author_image":"1","show_post_date":"1","post_date_format":"default","post_date_format_custom":"Y\/m\/d","show_post_category":"1","show_post_reading_time":"1","post_reading_time_wpm":"300","show_zoom_button":"0","zoom_button_out_step":"2","zoom_button_in_step":"3","show_post_tag":"1","show_prev_next_post":"0","show_popup_post":"0","number_popup_post":"1","show_author_box":"1","show_post_related":"0","show_inline_post_related":"0"}],"override_image_size":"0","image_override":[{"single_post_thumbnail_size":"crop-715","single_post_gallery_size":"crop-715"}],"trending_post":"0","trending_post_position":"meta","trending_post_label":"Trending","sponsored_post":"0","sponsored_post_label":"Sponsored by","sponsored_post_name":"","sponsored_post_url":"","sponsored_post_logo_enable":"0","sponsored_post_logo":"","sponsored_post_desc":"","disable_ad":"0"},"jnews_primary_category":{"id":"768"},"jnews_social_meta":{"fb_title":"","fb_description":"","fb_image":"","twitter_title":"","twitter_description":"","twitter_image":""},"jnews_override_counter":{"override_view_counter":"0","view_counter_number":"0","override_share_counter":"0","share_counter_number":"0","override_like_counter":"0","like_counter_number":"0","override_dislike_counter":"0","dislike_counter_number":"0"},"footnotes":""},"categories":[816,768,811],"tags":[20914,20913,20915,20912],"class_list":["post-169463","post","type-post","status-publish","format-standard","has-post-thumbnail","hentry","category-breaking-news-de","category-politik","category-foreground-de","tag-cadena-ser-de","tag-cristinanos-anwalte","tag-hassverbrechen","tag-tal-der-gefallenen"],"yoast_head":"<!-- This site is optimized with the Yoast SEO Premium plugin v25.9 (Yoast SEO v27.3) - https:\/\/yoast.com\/product\/yoast-seo-premium-wordpress\/ -->\n<title>Christliche Anw\u00e4lte reichen Klage gegen Quequ\u00e9 wegen Verh\u00f6hnung religi\u00f6ser Gef\u00fchle ein - IFN<\/title>\n<meta name=\"description\" content=\"Polonia Castellanos, betont, dass &quot;wenn Quequ\u00e9s Angriffe gegen eine andere Gruppe gerichtet gewesen w\u00e4ren, die Staatsanwaltschaft von Amts wegen gehandelt h\u00e4tte&quot;.\" \/>\n<meta name=\"robots\" content=\"index, follow, max-snippet:-1, max-image-preview:large, max-video-preview:-1\" \/>\n<link rel=\"canonical\" href=\"https:\/\/ifamnews.com\/de\/christlichen-anw-lte-reichen-klage-gegen-quequ-des-wegen-verh-hnung-religi-ser-gef-hle\" \/>\n<meta property=\"og:locale\" content=\"de_DE\" \/>\n<meta property=\"og:type\" content=\"article\" \/>\n<meta property=\"og:title\" content=\"Christliche Anw\u00e4lte reichen Klage gegen Quequ\u00e9 wegen Verh\u00f6hnung religi\u00f6ser Gef\u00fchle ein\" \/>\n<meta property=\"og:description\" content=\"Polonia Castellanos, betont, dass &quot;wenn Quequ\u00e9s Angriffe gegen eine andere Gruppe gerichtet gewesen w\u00e4ren, die Staatsanwaltschaft von Amts wegen gehandelt h\u00e4tte&quot;.\" \/>\n<meta property=\"og:url\" content=\"https:\/\/ifamnews.com\/de\/christlichen-anw-lte-reichen-klage-gegen-quequ-des-wegen-verh-hnung-religi-ser-gef-hle\" \/>\n<meta property=\"og:site_name\" content=\"IFN\" \/>\n<meta property=\"article:publisher\" content=\"https:\/\/www.facebook.com\/iFamNews\" \/>\n<meta property=\"article:author\" content=\"https:\/\/www.facebook.com\/iFamNews\/\" \/>\n<meta property=\"article:published_time\" content=\"2022-11-08T07:00:00+00:00\" \/>\n<meta property=\"article:modified_time\" content=\"2022-11-10T14:36:24+00:00\" \/>\n<meta property=\"og:image\" content=\"https:\/\/ifamnews.com\/wp-content\/uploads\/2022\/10\/image-20.png\" \/>\n\t<meta property=\"og:image:width\" content=\"1200\" \/>\n\t<meta property=\"og:image:height\" content=\"675\" \/>\n\t<meta property=\"og:image:type\" content=\"image\/png\" \/>\n<meta name=\"author\" content=\"iFamNews Spain\" \/>\n<meta name=\"twitter:card\" content=\"summary_large_image\" \/>\n<meta name=\"twitter:creator\" content=\"@https:\/\/twitter.com\/iFamNewsES\" \/>\n<meta name=\"twitter:site\" content=\"@iFamNewsEN\" \/>\n<meta name=\"twitter:label1\" content=\"Verfasst von\" \/>\n\t<meta name=\"twitter:data1\" content=\"iFamNews Spain\" \/>\n\t<meta name=\"twitter:label2\" content=\"Gesch\u00e4tzte Lesezeit\" \/>\n\t<meta name=\"twitter:data2\" content=\"2\u00a0Minuten\" \/>\n<!-- \/ Yoast SEO Premium plugin. -->","yoast_head_json":{"title":"Christliche Anw\u00e4lte reichen Klage gegen Quequ\u00e9 wegen Verh\u00f6hnung religi\u00f6ser Gef\u00fchle ein - IFN","description":"Polonia Castellanos, betont, dass \"wenn Quequ\u00e9s Angriffe gegen eine andere Gruppe gerichtet gewesen w\u00e4ren, die Staatsanwaltschaft von Amts wegen gehandelt h\u00e4tte\".","robots":{"index":"index","follow":"follow","max-snippet":"max-snippet:-1","max-image-preview":"max-image-preview:large","max-video-preview":"max-video-preview:-1"},"canonical":"https:\/\/ifamnews.com\/de\/christlichen-anw-lte-reichen-klage-gegen-quequ-des-wegen-verh-hnung-religi-ser-gef-hle","og_locale":"de_DE","og_type":"article","og_title":"Christliche Anw\u00e4lte reichen Klage gegen Quequ\u00e9 wegen Verh\u00f6hnung religi\u00f6ser Gef\u00fchle ein","og_description":"Polonia Castellanos, betont, dass \"wenn Quequ\u00e9s Angriffe gegen eine andere Gruppe gerichtet gewesen w\u00e4ren, die Staatsanwaltschaft von Amts wegen gehandelt h\u00e4tte\".","og_url":"https:\/\/ifamnews.com\/de\/christlichen-anw-lte-reichen-klage-gegen-quequ-des-wegen-verh-hnung-religi-ser-gef-hle","og_site_name":"IFN","article_publisher":"https:\/\/www.facebook.com\/iFamNews","article_author":"https:\/\/www.facebook.com\/iFamNews\/","article_published_time":"2022-11-08T07:00:00+00:00","article_modified_time":"2022-11-10T14:36:24+00:00","og_image":[{"width":1200,"height":675,"url":"https:\/\/ifamnews.com\/wp-content\/uploads\/2022\/10\/image-20.png","type":"image\/png"}],"author":"iFamNews Spain","twitter_card":"summary_large_image","twitter_creator":"@https:\/\/twitter.com\/iFamNewsES","twitter_site":"@iFamNewsEN","twitter_misc":{"Verfasst von":"iFamNews Spain","Gesch\u00e4tzte Lesezeit":"2\u00a0Minuten"},"schema":{"@context":"https:\/\/schema.org","@graph":[{"@type":"NewsArticle","@id":"https:\/\/ifamnews.com\/de\/christlichen-anw-lte-reichen-klage-gegen-quequ-des-wegen-verh-hnung-religi-ser-gef-hle#article","isPartOf":{"@id":"https:\/\/ifamnews.com\/de\/christlichen-anw-lte-reichen-klage-gegen-quequ-des-wegen-verh-hnung-religi-ser-gef-hle"},"author":{"name":"iFamNews Spain","@id":"https:\/\/ifamnews.com\/en\/#\/schema\/person\/f65a5bd5c004ecdde67fb9f0344ba660"},"headline":"Christliche Anw\u00e4lte reichen Klage gegen Quequ\u00e9 wegen Verh\u00f6hnung religi\u00f6ser Gef\u00fchle ein","datePublished":"2022-11-08T07:00:00+00:00","dateModified":"2022-11-10T14:36:24+00:00","mainEntityOfPage":{"@id":"https:\/\/ifamnews.com\/de\/christlichen-anw-lte-reichen-klage-gegen-quequ-des-wegen-verh-hnung-religi-ser-gef-hle"},"wordCount":281,"commentCount":0,"publisher":{"@id":"https:\/\/ifamnews.com\/en\/#organization"},"image":{"@id":"https:\/\/ifamnews.com\/de\/christlichen-anw-lte-reichen-klage-gegen-quequ-des-wegen-verh-hnung-religi-ser-gef-hle#primaryimage"},"thumbnailUrl":"https:\/\/ifamnews.com\/wp-content\/uploads\/2022\/10\/image-20.png","keywords":["Cadena Ser","Cristinanos Anw\u00e4lte","Hassverbrechen","Tal der Gefallenen"],"articleSection":["Breaking News","Politik","Vordergrund"],"inLanguage":"de","potentialAction":[{"@type":"CommentAction","name":"Comment","target":["https:\/\/ifamnews.com\/de\/christlichen-anw-lte-reichen-klage-gegen-quequ-des-wegen-verh-hnung-religi-ser-gef-hle#respond"]}]},{"@type":"WebPage","@id":"https:\/\/ifamnews.com\/de\/christlichen-anw-lte-reichen-klage-gegen-quequ-des-wegen-verh-hnung-religi-ser-gef-hle","url":"https:\/\/ifamnews.com\/de\/christlichen-anw-lte-reichen-klage-gegen-quequ-des-wegen-verh-hnung-religi-ser-gef-hle","name":"Christliche Anw\u00e4lte reichen Klage gegen Quequ\u00e9 wegen Verh\u00f6hnung religi\u00f6ser Gef\u00fchle ein - IFN","isPartOf":{"@id":"https:\/\/ifamnews.com\/en\/#website"},"primaryImageOfPage":{"@id":"https:\/\/ifamnews.com\/de\/christlichen-anw-lte-reichen-klage-gegen-quequ-des-wegen-verh-hnung-religi-ser-gef-hle#primaryimage"},"image":{"@id":"https:\/\/ifamnews.com\/de\/christlichen-anw-lte-reichen-klage-gegen-quequ-des-wegen-verh-hnung-religi-ser-gef-hle#primaryimage"},"thumbnailUrl":"https:\/\/ifamnews.com\/wp-content\/uploads\/2022\/10\/image-20.png","datePublished":"2022-11-08T07:00:00+00:00","dateModified":"2022-11-10T14:36:24+00:00","description":"Polonia Castellanos, betont, dass \"wenn Quequ\u00e9s Angriffe gegen eine andere Gruppe gerichtet gewesen w\u00e4ren, die Staatsanwaltschaft von Amts wegen gehandelt h\u00e4tte\".","breadcrumb":{"@id":"https:\/\/ifamnews.com\/de\/christlichen-anw-lte-reichen-klage-gegen-quequ-des-wegen-verh-hnung-religi-ser-gef-hle#breadcrumb"},"inLanguage":"de","potentialAction":[{"@type":"ReadAction","target":["https:\/\/ifamnews.com\/de\/christlichen-anw-lte-reichen-klage-gegen-quequ-des-wegen-verh-hnung-religi-ser-gef-hle"]}]},{"@type":"ImageObject","inLanguage":"de","@id":"https:\/\/ifamnews.com\/de\/christlichen-anw-lte-reichen-klage-gegen-quequ-des-wegen-verh-hnung-religi-ser-gef-hle#primaryimage","url":"https:\/\/ifamnews.com\/wp-content\/uploads\/2022\/10\/image-20.png","contentUrl":"https:\/\/ifamnews.com\/wp-content\/uploads\/2022\/10\/image-20.png","width":1200,"height":675},{"@type":"BreadcrumbList","@id":"https:\/\/ifamnews.com\/de\/christlichen-anw-lte-reichen-klage-gegen-quequ-des-wegen-verh-hnung-religi-ser-gef-hle#breadcrumb","itemListElement":[{"@type":"ListItem","position":1,"name":"Home","item":"https:\/\/ifamnews.com\/de"},{"@type":"ListItem","position":2,"name":"Politics","item":"https:\/\/ifamnews.com\/en\/category\/politics"},{"@type":"ListItem","position":3,"name":"Christliche Anw\u00e4lte reichen Klage gegen Quequ\u00e9 wegen Verh\u00f6hnung religi\u00f6ser Gef\u00fchle ein"}]},{"@type":"WebSite","@id":"https:\/\/ifamnews.com\/en\/#website","url":"https:\/\/ifamnews.com\/en\/","name":"IFN","description":"International Family News Network","publisher":{"@id":"https:\/\/ifamnews.com\/en\/#organization"},"potentialAction":[{"@type":"SearchAction","target":{"@type":"EntryPoint","urlTemplate":"https:\/\/ifamnews.com\/en\/?s={search_term_string}"},"query-input":{"@type":"PropertyValueSpecification","valueRequired":true,"valueName":"search_term_string"}}],"inLanguage":"de"},{"@type":"Organization","@id":"https:\/\/ifamnews.com\/en\/#organization","name":"iFamNews","url":"https:\/\/ifamnews.com\/en\/","logo":{"@type":"ImageObject","inLanguage":"de","@id":"https:\/\/ifamnews.com\/en\/#\/schema\/logo\/image\/","url":"https:\/\/ifamnews.com\/wp-content\/uploads\/2020\/01\/Share-logo.png","contentUrl":"https:\/\/ifamnews.com\/wp-content\/uploads\/2020\/01\/Share-logo.png","width":200,"height":200,"caption":"iFamNews"},"image":{"@id":"https:\/\/ifamnews.com\/en\/#\/schema\/logo\/image\/"},"sameAs":["https:\/\/www.facebook.com\/iFamNews","https:\/\/x.com\/iFamNewsEN"]},{"@type":"Person","@id":"https:\/\/ifamnews.com\/en\/#\/schema\/person\/f65a5bd5c004ecdde67fb9f0344ba660","name":"iFamNews Spain","image":{"@type":"ImageObject","inLanguage":"de","@id":"https:\/\/secure.gravatar.com\/avatar\/5003240cb58aea51e193ae011d1569f3f8452b9369ac236c2826f05639bf542e?s=96&d=mm&r=g","url":"https:\/\/secure.gravatar.com\/avatar\/5003240cb58aea51e193ae011d1569f3f8452b9369ac236c2826f05639bf542e?s=96&d=mm&r=g","contentUrl":"https:\/\/secure.gravatar.com\/avatar\/5003240cb58aea51e193ae011d1569f3f8452b9369ac236c2826f05639bf542e?s=96&d=mm&r=g","caption":"iFamNews Spain"},"description":"Articles published by the Spanish iFamNews editorial team.","sameAs":["https:\/\/ifamnews.com\/es","https:\/\/www.facebook.com\/iFamNews\/","https:\/\/x.com\/https:\/\/twitter.com\/iFamNewsES","https:\/\/www.youtube.com\/channel\/UCMVyIt4z9BANW3d09kwfUpw"],"url":"https:\/\/ifamnews.com\/de\/author\/equipo-de-ifamnews"}]}},"amp_enabled":true,"_links":{"self":[{"href":"https:\/\/ifamnews.com\/de\/wp-json\/wp\/v2\/posts\/169463","targetHints":{"allow":["GET"]}}],"collection":[{"href":"https:\/\/ifamnews.com\/de\/wp-json\/wp\/v2\/posts"}],"about":[{"href":"https:\/\/ifamnews.com\/de\/wp-json\/wp\/v2\/types\/post"}],"author":[{"embeddable":true,"href":"https:\/\/ifamnews.com\/de\/wp-json\/wp\/v2\/users\/963"}],"replies":[{"embeddable":true,"href":"https:\/\/ifamnews.com\/de\/wp-json\/wp\/v2\/comments?post=169463"}],"version-history":[{"count":5,"href":"https:\/\/ifamnews.com\/de\/wp-json\/wp\/v2\/posts\/169463\/revisions"}],"predecessor-version":[{"id":170099,"href":"https:\/\/ifamnews.com\/de\/wp-json\/wp\/v2\/posts\/169463\/revisions\/170099"}],"wp:featuredmedia":[{"embeddable":true,"href":"https:\/\/ifamnews.com\/de\/wp-json\/wp\/v2\/media\/166965"}],"wp:attachment":[{"href":"https:\/\/ifamnews.com\/de\/wp-json\/wp\/v2\/media?parent=169463"}],"wp:term":[{"taxonomy":"category","embeddable":true,"href":"https:\/\/ifamnews.com\/de\/wp-json\/wp\/v2\/categories?post=169463"},{"taxonomy":"post_tag","embeddable":true,"href":"https:\/\/ifamnews.com\/de\/wp-json\/wp\/v2\/tags?post=169463"}],"curies":[{"name":"wp","href":"https:\/\/api.w.org\/{rel}","templated":true}]}}