{"id":168324,"date":"2022-10-27T01:00:00","date_gmt":"2022-10-27T05:00:00","guid":{"rendered":"https:\/\/ifamnews.com\/?p=168324"},"modified":"2022-10-27T04:26:29","modified_gmt":"2022-10-27T08:26:29","slug":"168324","status":"publish","type":"post","link":"https:\/\/ifamnews.com\/de\/168324","title":{"rendered":"\u201eLeben W\u00fcrde\u201c Kongress 2022 voller Erfolg"},"content":{"rendered":"\n<p>Seminare und Referate von herausragender Qualit\u00e4t, Themenvielfalt, rege Beteiligung der Teilnehmer, Pr\u00e4senz vieler Vereine und Institutionen: Der erste Lebensrechtskongress des Bundesverband Lebensrecht, gleichzeitig der erste Kongress dieser Art im deutschsprachigen Raum, war ein Erfolg, wie eine Pressemitteilung des Bundesverbands f\u00fcr das Leben verk\u00fcndet.<\/p>\n\n\n\n<p>Gemeinsam mit dem Kongresszentrum Sch\u00f6nblick und der Nachrichtenagentur idea veranstaltet, vereinte die Gro\u00dfveranstaltung Fachleute und Institutionen, die auf verschiedenen Ebenen f\u00fcr die Menschenw\u00fcrde und das Lebensrecht aller Menschen von der Zeugung bis zum Tod t\u00e4tig sind. Eingeladen waren Experten aus grundlegenden Bereichen (Jura, Medizin, Philosophie, Theologie), darunter Prof. Dr. Hanna-Barbara Gerl-Falkovitz, Prof. Dr. J\u00f6rg Benedict und Prof. Dr. Christoph Raedel. \u00dcber 40 weitere Referenten verschiedener bioethischer Fachbereiche (unter anderem assistierter Suizid, Beratung, Abtreibung und Hilfen f\u00fcr Betroffene) vertieften die Thematik in Seminaren. Der Vorstand und die Mitgliedsvereine des BVL stellten eine gro\u00dfe Zahl an Referenten und Moderatoren und zeigten die Fachkompetenz der Lebensrechtsbewegung. Auch drei Stiftungen waren vertreten: Die Stiftung Ja zum Leben (Dr. Theresia Theuke), die Stiftung f\u00fcr Familienwerte (Sylvia Pantel) sowie die PROVITA Stiftung (u.a. Dr. Detlev Katzwinkel).<\/p>\n\n\n\n<p>Weitere externe Referenten waren zum Beispiel Prof. Dr. Armin Schmidtke (Experte f\u00fcr Suizidforschung), Dr. Werner Sosna (Bildungsreferent Erzbistum Paderborn), die Frauen\u00e4rztinnen Dr. Susanne van der Velden (Expertin f\u00fcr FertilityCare), Dr. Ute Buth und Dr. Kathrin Sander sowie Robert Antretter (SPD\/MdB a.D., Ehrenvorsitzender Bundesvereinigung Lebenshilfe e.V.). Die ehemalige Ministerpr\u00e4sidentin von Th\u00fcringen, Christine Lieberknecht, f\u00fchrte au\u00dferdem als Schirmherrin am Er\u00f6ffnungsabend in die Thematik ein: \u201eDieser Kongress geht uns alle an\u201c, sagte sie in ihrem Statement. Es gehe \u201eum grunds\u00e4tzliche Fragen unseres gesellschaftlichen Zusammenlebens\u201c und um das zugrundeliegende Menschenbild, denn der Zusammenhang von Menschenbild und Lebensrecht sei elementar. Der zweite Schirmherr, Bischof Dr. Stefan Oster (Passau), \u00fcbersandte eine Videobotschaft, in der er auf das Menschsein von Anfang an und die Bedeutung umfassender Hilfen f\u00fcr Betroffene hinwies, verbunden mit einem Dank an die Lebensrechtler.<\/p>\n\n\n\n<p>Mit einem \u00f6kumenischen Gottesdienst unter Beteiligung von Bischof em. Dr. Hans-J\u00fcrgen Abromeit (evangelische Kirche), Bischof Anba Damian (koptische Kirche), Weihbischof Thomas Maria Renz (Bistum Rottenburg-Stuttgart) und Martin Scheuermann (Sch\u00f6nblick) und einer Podiumsdiskussion zum Thema \u201eKirche und Lebensrecht\u201c ging der Kongress, der teilweise von EWTN live \u00fcbertragen wurde, am Sonntag zu Ende.<\/p>\n\n\n\n<p>Zu diesem Kongress hat der Bundesverband Lebensrecht die anh\u00e4ngende Abschlusserkl\u00e4rung verfasst, diese hier im Wortlaut:<\/p>\n\n\n\n<h3 class=\"has-text-align-center wp-block-heading\" id=\"h-bundesverband-lebensrecht-e-v\">Bundesverband Lebensrecht e.V.<\/h3>\n\n\n\n<h3 class=\"has-text-align-center wp-block-heading\" id=\"h-abschlusserklarung-zum-kongress-leben-wurde-vom-21-23-10-2022\">Abschlusserkl\u00e4rung zum Kongress Leben.W\u00fcrde vom 21.\u201323.10.2022<\/h3>\n\n\n\n<h3 class=\"has-text-align-center wp-block-heading\" id=\"h-fur-das-leben-fur-die-menschenwurde-fur-die-fakten\">F\u00fcr das Leben \u2013 f\u00fcr die Menschenw\u00fcrde \u2013 f\u00fcr die Fakten<\/h3>\n\n\n\n<p>\u201eDie W\u00fcrde des Menschen ist unantastbar. Sie zu achten und zu sch\u00fctzen ist Verpflichtung aller staatlichen Gewalt.\u201c Dieser oberste Verfassungsgrundsatz in Artikel 1 Abs. 1 des Grundgesetzes wurde, auch als Folge der Erfahrungen einer menschenverachtenden totalit\u00e4ren Herrschaft des Dritten Reiches, an die Spitze der Grundrechte gesetzt. Der Kongress Leben.W\u00fcrde hat in verschiedensten Bereichen der sogenannten Bioethik aktuelle Forschungsst\u00e4nde ebenso aufgezeigt wie die Tatsache, dass die Menschenw\u00fcrde mancher Personengruppen sehr wohl angetastet wird.<\/p>\n\n\n\n<p>Ausnahmslos jeder Mensch hat das Recht auf Leben Jeder Mensch, der durch die Vereinigung von Ei und Samenzelle gezeugt wird, hat seine eigene W\u00fcrde. Diese W\u00fcrde ist in seinem Menschsein begr\u00fcndet, sie muss dem Menschen weder zugestanden noch kann sie ihm abgesprochen werden. Unmittelbare Folge daraus ist das Recht auf Leben, das auch dem noch nicht geborenen Menschen zukommt. Freiheit und Selbstbestimmung sind hohe Werte und Grundrechte. In einer gerechten Gesellschaft enden sie dort, wo Leben, Freiheit und Selbstbestimmung anderer Menschen gef\u00e4hrdet sind. Entsprechend sind Staat und Gesellschaft verpflichtet, jeden Menschen zu sch\u00fctzen. Ein \u201eRecht auf Abtreibung\u201c kann es aufgrund dieser staatlichen Schutzpflicht ebenso wenig geben wie eine uneingeschr\u00e4nkte, \u201eliberale\u201c Abtreibungsregelung. Jede Frau soll in freier Verantwortung und Selbstbestimmung bestimmen k\u00f6nnen, ob und wann sie schwanger werden will. Wenn sie schwanger ist, \u00e4ndern sich durch die Existenz mindestens einer weiteren Person die Entscheidungsgrundlagen. Dem muss pers\u00f6nlich wie gesetzlich Rechnung getragen werden.<\/p>\n\n\n\n<p>Frauen im Schwangerschaftskonflikt haben das Recht auf Information und Unterst\u00fctzung Wir stehen auf der Seite der Frauen im Schwangerschaftskonflikt. Deshalb rufen wir dazu auf, Frauen beizustehen, die sich in einem solchen Konflikt, in schwieriger oder aussichtslos erscheinender Lage befinden. Eine echte Gemeinschaft verlangt tatkr\u00e4ftige Solidarit\u00e4t, die besonders zur Hilfe bereitstehen sollte, wenn Menschen einsam, in Konflikten und in Not sind. Das seit 1995 bestehende Abtreibungsgesetz (\u00a7\u00a7 218 ff. StGB) hat das Ziel, Leben zu sch\u00fctzen und Frauen zu unterst\u00fctzen, nicht erreicht. Statt auf verst\u00e4rkte, fl\u00e4chendeckende Abtreibungsf\u00f6rderung sollte daher auf vollst\u00e4ndige, sachgem\u00e4\u00dfe Aufkl\u00e4rung (auch in Bezug auf den Entwicklungsstand des Kindes), bessere Pr\u00e4vention und Information (unter anderem in Bezug auf den weiblichen Zyklus, Risiken, Versagerquoten und Nebenwirkungen k\u00fcnstlicher Verh\u00fctungsmittel sowie Wirkungen der \u201ePille danach\u201c), umfassende Hilfestellung, F\u00f6rderung der Eigenverantwortung, Flexibilit\u00e4t der Lebensgestaltung und M\u00f6glichkeit der Adoption gesetzt werden. Gleichzeitig brauchen wir ein kinder- und familienfreundliches Umfeld, in dem Lebensleistung nicht allein in Geldwert bemessen wird und Kinder kein Armutsrisiko sind.<\/p>\n\n\n\n<p>Frauen haben Anspruch auf Begleitung nach Abtreibung Diesen Anspruch auf Information, Hilfe und Begleitung haben Frauen auch nach einer Abtreibung. Oft sind sie mit vielf\u00e4ltigen Problemen konfrontiert. Diese Frauen werden nicht selten gerade von denjenigen im Stich gelassen, die ihnen die Abtreibung nahegelegt und erm\u00f6glicht oder \u2013 wie h\u00e4ufig der Fall \u2013 sie dazu gen\u00f6tigt haben. Das Leugnen solcher Probleme ignoriert und verschlimmert das Leid der Frauen.<\/p>\n\n\n\n<p>Eltern brauchen Zuspruch f\u00fcr das Leben mit einem besonderen Kind Eltern werden zunehmend unter Druck gesetzt, vorgeburtliche Untersuchungen in Anspruch zu nehmen, die nach genetischen Besonderheiten, Behinderungen und Krankheiten suchen. Die Folge solcher Befunde ist nicht selten eine Abtreibung. Wir fordern dazu auf, Pr\u00e4nataldiagnostik nur anzuwenden und als Kassenleistung zu finanzieren, insofern sie einen therapeutischen Nutzen f\u00fcr die Mutter und\/oder das Kind zum Ziel hat. Vorgeburtliche Therapien und Operationen sollten auf jeden Fall vollst\u00e4ndig finanziert werden, was aktuell nicht der Fall ist. Prinzipien der Menschenw\u00fcrde gelten auch bei modernen reproduktiven Verfahren Wir treten f\u00fcr umfassenden Embryonenschutz ein. Jede \u201eHerstellung\u201c eines Menschen, die nicht ausschlie\u00dflich seiner eigenen Geburt dient, ist abzulehnen. Die In-Vitro-Fertilisation (IVF), vor allem die heterologe Form (k\u00fcnstliche Befruchtung durch genetisch fremde Spender), beinhaltet des weiteren gr\u00f6\u00dfere Gefahren f\u00fcr die austragende Frau und die Kinder. Au\u00dferdem werden zunehmend sogenannte Leihm\u00fctter angeboten. Deren Ausbeutung als \u201eGeb\u00e4rmaschinen\u201c ist frauenfeindlich und gesundheitssch\u00e4dlich. Wir pl\u00e4dieren f\u00fcr die F\u00f6rderung der Behandlung von Fruchtbarkeitsst\u00f6rungen (FertilityCare), die eine h\u00f6here Erfolgsquote hat als die IVF. Jede Form und jedes Ziel der Embryonenverwertung sowie die Produktion von \u00fcberz\u00e4hligen Embryonen widersprechen der Menschenw\u00fcrde. Ethische Medizin erfordert Gewissensfreiheit Die Aufgabe der Medizin besteht darin, Krankheiten zu heilen, Schmerzen und Leid zu lindern und an der Seite der Menschen zu stehen. Handlungen, die den absichtlich herbeigef\u00fchrten Tod von Menschen zur Folge haben, widersprechen der medizinischen Ethik; hierzu geh\u00f6ren auch der assistierte Suizid, die Euthanasie, die Verwertung von Embryonen und die Abtreibung. Die Gewissensfreiheit ist ein Menschenrecht und hohes Gut und muss auch f\u00fcr Menschen, die in medizinischen Bereichen arbeiten oder studieren, bestehen bleiben: zum Beispiel f\u00fcr Hebammen, Gyn\u00e4kologen, Labormediziner, Apotheker, Mitarbeiter im Gesundheitswesen oder in der Pharmaindustrie. Menschen am Ende ihres Lebens brauchen Zuwendung und Unterst\u00fctzung<\/p>\n\n\n\n<p>Die Lebenssituation von Menschen, die \u00fcber assistierten Suizid oder Euthanasie nachdenken, ist moistens von Leid, Schmerzen oder depressiven Erfahrungen gepr\u00e4gt. Entsprechend ist eine autonome Entscheidung zum Tod kaum m\u00f6glich. Assistierter Suizid und Euthanasie sind eine Kapitulation vor schwierigen Lebenslagen und d\u00fcrfen nicht erlaubt sein. Stattdessen muss die Begleitung im Sterben (palliative Pflege und Medizin, Hospize usw.) solide finanziert, verbessert und ausgebaut werden. Selbstbestimmung und vollst\u00e4ndige Aufkl\u00e4rung auch bei Organspende wichtig Wir achten die Entscheidung von Menschen, ihren K\u00f6rper durch Organspendenbereitschaft anderen Menschen zur Verf\u00fcgung zu stellen. Es kann jedoch weder ein Anrecht auf noch eine Pflicht zur Organspende geben. Da au\u00dferdem begr\u00fcndete Zweifel an der Zuverl\u00e4ssigkeit des Kriteriums \u201eHirntod\u201c bestehen, muss die Entscheidung zu einer Organ- oder Gewebespende immer eine freiwillige Zustimmungsl\u00f6sung sein. Jede Fremdbestimmung \u00fcber den menschlichen K\u00f6rper lehnen wir ab.<\/p>\n\n\n\n<p>Abendl\u00e4ndische Kultur und Tradition sind ohne das Christentum und seine Werte nicht denkbar. Deshalb erinnern wir daran, dass es einen wert-neutralen Staat nicht gibt, weil die sogenannte Neutralit\u00e4t entweder zu einem Werte-Vakuum oder zur ideologischen Fremdbestimmung und damit zum Verlust an Menschlichkeit und Grundrechten f\u00fchrt. Das christliche Menschenbild bietet auch im 21. Jahrhundert handlungsleitende Orientierungshilfe f\u00fcr ethische Entscheidungen in einer humanen Gemeinschaft.<\/p>\n","protected":false},"excerpt":{"rendered":"<p>\u201eEs geht um grunds\u00e4tzliche Fragen unseres gesellschaftlichen Zusammenlebens.\u201c  Erfolgreicher Kongress Leben.W\u00fcrde mit \u00fcber 450 Teilnehmern auf dem Sch\u00f6nblick<\/p>\n","protected":false},"author":623,"featured_media":168325,"comment_status":"open","ping_status":"open","sticky":false,"template":"","format":"standard","meta":{"give_campaign_id":0,"om_disable_all_campaigns":false,"_monsterinsights_skip_tracking":false,"_monsterinsights_sitenote_active":false,"_monsterinsights_sitenote_note":"","_monsterinsights_sitenote_category":0,"mc4wp_mailchimp_campaign":[],"jnews-multi-image_gallery":[],"jnews_single_post":{"subtitle":"\u201eEs geht um grunds\u00e4tzliche Fragen unseres gesellschaftlichen Zusammenlebens.\u201c  Erfolgreicher Kongress Leben.W\u00fcrde mit \u00fcber 450 Teilnehmern auf dem Sch\u00f6nblick","format":"standard","video":"","gallery":"","source_name":"","source_url":"","via_name":"","via_url":"","override_template":"0","override":[{"template":"2","single_blog_custom":"","parallax":"1","fullscreen":"1","layout":"right-sidebar-narrow","sidebar":"default-sidebar","second_sidebar":"default-sidebar","sticky_sidebar":"1","share_position":"float","share_float_style":"share-normal","show_share_counter":"1","show_view_counter":"1","show_featured":"1","show_post_meta":"1","show_post_author":"1","show_post_author_image":"1","show_post_date":"1","post_date_format":"default","post_date_format_custom":"Y\/m\/d","show_post_category":"1","show_post_reading_time":"1","post_reading_time_wpm":"300","show_zoom_button":"0","zoom_button_out_step":"2","zoom_button_in_step":"3","show_post_tag":"1","show_prev_next_post":"0","show_popup_post":"0","number_popup_post":"1","show_author_box":"1","show_post_related":"0","show_inline_post_related":"0"}],"override_image_size":"0","image_override":[{"single_post_thumbnail_size":"crop-715","single_post_gallery_size":"crop-715"}],"trending_post":"0","trending_post_position":"meta","trending_post_label":"Trending","sponsored_post":"0","sponsored_post_label":"Sponsored by","sponsored_post_name":"","sponsored_post_url":"","sponsored_post_logo_enable":"0","sponsored_post_logo":"","sponsored_post_desc":"","disable_ad":"0"},"jnews_primary_category":{"id":"820"},"jnews_social_meta":{"fb_title":"","fb_description":"","fb_image":"","twitter_title":"","twitter_description":"","twitter_image":""},"jnews_override_counter":{"override_view_counter":"0","view_counter_number":"0","override_share_counter":"0","share_counter_number":"0","override_like_counter":"0","like_counter_number":"0","override_dislike_counter":"0","dislike_counter_number":"0"},"footnotes":""},"categories":[816,770,820],"tags":[6601,8306,1670,20738],"class_list":["post-168324","post","type-post","status-publish","format-standard","has-post-thumbnail","hentry","category-breaking-news-de","category-familie","category-leben","tag-bundesverband-lebensrecht-2","tag-bundesverband-lebensrecht-e-v","tag-lebensschutz-2","tag-wuerde-leben"],"yoast_head":"<!-- This site is optimized with the Yoast SEO Premium plugin v25.9 (Yoast SEO v27.3) - https:\/\/yoast.com\/product\/yoast-seo-premium-wordpress\/ -->\n<title>\u201eLeben W\u00fcrde\u201c Kongress 2022 voller Erfolg - IFN<\/title>\n<meta name=\"robots\" content=\"index, follow, max-snippet:-1, max-image-preview:large, max-video-preview:-1\" \/>\n<link rel=\"canonical\" href=\"https:\/\/ifamnews.com\/de\/168324\" \/>\n<meta property=\"og:locale\" content=\"de_DE\" \/>\n<meta property=\"og:type\" content=\"article\" \/>\n<meta property=\"og:title\" content=\"\u201eLeben W\u00fcrde\u201c Kongress 2022 voller Erfolg\" \/>\n<meta property=\"og:description\" content=\"\u201eEs geht um grunds\u00e4tzliche Fragen unseres gesellschaftlichen Zusammenlebens.\u201c Erfolgreicher Kongress Leben.W\u00fcrde mit \u00fcber 450 Teilnehmern auf dem Sch\u00f6nblick\" \/>\n<meta property=\"og:url\" content=\"https:\/\/ifamnews.com\/de\/168324\" \/>\n<meta property=\"og:site_name\" content=\"IFN\" \/>\n<meta property=\"article:publisher\" content=\"https:\/\/www.facebook.com\/iFamNews\" \/>\n<meta property=\"article:author\" content=\"https:\/\/www.facebook.com\/iFamNews\/\" \/>\n<meta property=\"article:published_time\" content=\"2022-10-27T05:00:00+00:00\" \/>\n<meta property=\"article:modified_time\" content=\"2022-10-27T08:26:29+00:00\" \/>\n<meta property=\"og:image\" content=\"https:\/\/ifamnews.com\/wp-content\/uploads\/2022\/10\/top_bild_leben_wuerde_2400x875.jpg\" \/>\n\t<meta property=\"og:image:width\" content=\"1182\" \/>\n\t<meta property=\"og:image:height\" content=\"700\" \/>\n\t<meta property=\"og:image:type\" content=\"image\/jpeg\" \/>\n<meta name=\"author\" content=\"iFamNews Germany\" \/>\n<meta name=\"twitter:card\" content=\"summary_large_image\" \/>\n<meta name=\"twitter:creator\" content=\"@https:\/\/twitter.com\/iFamNewsDE\" \/>\n<meta name=\"twitter:site\" content=\"@iFamNewsEN\" \/>\n<meta name=\"twitter:label1\" content=\"Verfasst von\" \/>\n\t<meta name=\"twitter:data1\" content=\"IFN Deutschland\" \/>\n\t<meta name=\"twitter:label2\" content=\"Gesch\u00e4tzte Lesezeit\" \/>\n\t<meta name=\"twitter:data2\" content=\"8\u00a0Minuten\" \/>\n<!-- \/ Yoast SEO Premium plugin. -->","yoast_head_json":{"title":"\u201eLeben W\u00fcrde\u201c Kongress 2022 voller Erfolg - IFN","robots":{"index":"index","follow":"follow","max-snippet":"max-snippet:-1","max-image-preview":"max-image-preview:large","max-video-preview":"max-video-preview:-1"},"canonical":"https:\/\/ifamnews.com\/de\/168324","og_locale":"de_DE","og_type":"article","og_title":"\u201eLeben W\u00fcrde\u201c Kongress 2022 voller Erfolg","og_description":"\u201eEs geht um grunds\u00e4tzliche Fragen unseres gesellschaftlichen Zusammenlebens.\u201c Erfolgreicher Kongress Leben.W\u00fcrde mit \u00fcber 450 Teilnehmern auf dem Sch\u00f6nblick","og_url":"https:\/\/ifamnews.com\/de\/168324","og_site_name":"IFN","article_publisher":"https:\/\/www.facebook.com\/iFamNews","article_author":"https:\/\/www.facebook.com\/iFamNews\/","article_published_time":"2022-10-27T05:00:00+00:00","article_modified_time":"2022-10-27T08:26:29+00:00","og_image":[{"width":1182,"height":700,"url":"https:\/\/ifamnews.com\/wp-content\/uploads\/2022\/10\/top_bild_leben_wuerde_2400x875.jpg","type":"image\/jpeg"}],"author":"iFamNews Germany","twitter_card":"summary_large_image","twitter_creator":"@https:\/\/twitter.com\/iFamNewsDE","twitter_site":"@iFamNewsEN","twitter_misc":{"Verfasst von":"IFN Deutschland","Gesch\u00e4tzte Lesezeit":"8\u00a0Minuten"},"schema":{"@context":"https:\/\/schema.org","@graph":[{"@type":"NewsArticle","@id":"https:\/\/ifamnews.com\/de\/168324#article","isPartOf":{"@id":"https:\/\/ifamnews.com\/de\/168324"},"author":{"name":"iFamNews Germany","@id":"https:\/\/ifamnews.com\/en\/#\/schema\/person\/82ec6d77f1c630266e2c3a9e8643b439"},"headline":"\u201eLeben W\u00fcrde\u201c Kongress 2022 voller Erfolg","datePublished":"2022-10-27T05:00:00+00:00","dateModified":"2022-10-27T08:26:29+00:00","mainEntityOfPage":{"@id":"https:\/\/ifamnews.com\/de\/168324"},"wordCount":1430,"commentCount":0,"publisher":{"@id":"https:\/\/ifamnews.com\/en\/#organization"},"image":{"@id":"https:\/\/ifamnews.com\/de\/168324#primaryimage"},"thumbnailUrl":"https:\/\/ifamnews.com\/wp-content\/uploads\/2022\/10\/top_bild_leben_wuerde_2400x875.jpg","keywords":["Bundesverband Lebensrecht","Bundesverband Lebensrecht e. V.","Lebensschutz","W\u00fcrde.Leben"],"articleSection":["Breaking News","Familie","Leben"],"inLanguage":"de","potentialAction":[{"@type":"CommentAction","name":"Comment","target":["https:\/\/ifamnews.com\/de\/168324#respond"]}]},{"@type":"WebPage","@id":"https:\/\/ifamnews.com\/de\/168324","url":"https:\/\/ifamnews.com\/de\/168324","name":"\u201eLeben W\u00fcrde\u201c Kongress 2022 voller Erfolg - IFN","isPartOf":{"@id":"https:\/\/ifamnews.com\/en\/#website"},"primaryImageOfPage":{"@id":"https:\/\/ifamnews.com\/de\/168324#primaryimage"},"image":{"@id":"https:\/\/ifamnews.com\/de\/168324#primaryimage"},"thumbnailUrl":"https:\/\/ifamnews.com\/wp-content\/uploads\/2022\/10\/top_bild_leben_wuerde_2400x875.jpg","datePublished":"2022-10-27T05:00:00+00:00","dateModified":"2022-10-27T08:26:29+00:00","breadcrumb":{"@id":"https:\/\/ifamnews.com\/de\/168324#breadcrumb"},"inLanguage":"de","potentialAction":[{"@type":"ReadAction","target":["https:\/\/ifamnews.com\/de\/168324"]}]},{"@type":"ImageObject","inLanguage":"de","@id":"https:\/\/ifamnews.com\/de\/168324#primaryimage","url":"https:\/\/ifamnews.com\/wp-content\/uploads\/2022\/10\/top_bild_leben_wuerde_2400x875.jpg","contentUrl":"https:\/\/ifamnews.com\/wp-content\/uploads\/2022\/10\/top_bild_leben_wuerde_2400x875.jpg","width":1182,"height":700,"caption":"Bild: Website Kongress Leben.Wrde"},{"@type":"BreadcrumbList","@id":"https:\/\/ifamnews.com\/de\/168324#breadcrumb","itemListElement":[{"@type":"ListItem","position":1,"name":"Home","item":"https:\/\/ifamnews.com\/de"},{"@type":"ListItem","position":2,"name":"Familie","item":"https:\/\/ifamnews.com\/de\/kategorie\/familie"},{"@type":"ListItem","position":3,"name":"\u201eLeben W\u00fcrde\u201c Kongress 2022 voller Erfolg"}]},{"@type":"WebSite","@id":"https:\/\/ifamnews.com\/en\/#website","url":"https:\/\/ifamnews.com\/en\/","name":"IFN","description":"International Family News Network","publisher":{"@id":"https:\/\/ifamnews.com\/en\/#organization"},"potentialAction":[{"@type":"SearchAction","target":{"@type":"EntryPoint","urlTemplate":"https:\/\/ifamnews.com\/en\/?s={search_term_string}"},"query-input":{"@type":"PropertyValueSpecification","valueRequired":true,"valueName":"search_term_string"}}],"inLanguage":"de"},{"@type":"Organization","@id":"https:\/\/ifamnews.com\/en\/#organization","name":"iFamNews","url":"https:\/\/ifamnews.com\/en\/","logo":{"@type":"ImageObject","inLanguage":"de","@id":"https:\/\/ifamnews.com\/en\/#\/schema\/logo\/image\/","url":"https:\/\/ifamnews.com\/wp-content\/uploads\/2020\/01\/Share-logo.png","contentUrl":"https:\/\/ifamnews.com\/wp-content\/uploads\/2020\/01\/Share-logo.png","width":200,"height":200,"caption":"iFamNews"},"image":{"@id":"https:\/\/ifamnews.com\/en\/#\/schema\/logo\/image\/"},"sameAs":["https:\/\/www.facebook.com\/iFamNews","https:\/\/x.com\/iFamNewsEN"]},{"@type":"Person","@id":"https:\/\/ifamnews.com\/en\/#\/schema\/person\/82ec6d77f1c630266e2c3a9e8643b439","name":"iFamNews Germany","image":{"@type":"ImageObject","inLanguage":"de","@id":"https:\/\/secure.gravatar.com\/avatar\/c51b977100a05a1448d61b80953be1e3192e0be236d631062ca6a59c6f9a879b?s=96&d=mm&r=g","url":"https:\/\/secure.gravatar.com\/avatar\/c51b977100a05a1448d61b80953be1e3192e0be236d631062ca6a59c6f9a879b?s=96&d=mm&r=g","contentUrl":"https:\/\/secure.gravatar.com\/avatar\/c51b977100a05a1448d61b80953be1e3192e0be236d631062ca6a59c6f9a879b?s=96&d=mm&r=g","caption":"iFamNews Germany"},"description":"Articles published by the German iFamNews editorial team.","sameAs":["https:\/\/ifamnews.com\/de","https:\/\/www.facebook.com\/iFamNews\/","https:\/\/x.com\/https:\/\/twitter.com\/iFamNewsDE","https:\/\/www.youtube.com\/channel\/UCMVyIt4z9BANW3d09kwfUpw"],"url":"https:\/\/ifamnews.com\/de\/author\/redaktion"}]}},"amp_enabled":true,"_links":{"self":[{"href":"https:\/\/ifamnews.com\/de\/wp-json\/wp\/v2\/posts\/168324","targetHints":{"allow":["GET"]}}],"collection":[{"href":"https:\/\/ifamnews.com\/de\/wp-json\/wp\/v2\/posts"}],"about":[{"href":"https:\/\/ifamnews.com\/de\/wp-json\/wp\/v2\/types\/post"}],"author":[{"embeddable":true,"href":"https:\/\/ifamnews.com\/de\/wp-json\/wp\/v2\/users\/623"}],"replies":[{"embeddable":true,"href":"https:\/\/ifamnews.com\/de\/wp-json\/wp\/v2\/comments?post=168324"}],"version-history":[{"count":2,"href":"https:\/\/ifamnews.com\/de\/wp-json\/wp\/v2\/posts\/168324\/revisions"}],"predecessor-version":[{"id":168384,"href":"https:\/\/ifamnews.com\/de\/wp-json\/wp\/v2\/posts\/168324\/revisions\/168384"}],"wp:featuredmedia":[{"embeddable":true,"href":"https:\/\/ifamnews.com\/de\/wp-json\/wp\/v2\/media\/168325"}],"wp:attachment":[{"href":"https:\/\/ifamnews.com\/de\/wp-json\/wp\/v2\/media?parent=168324"}],"wp:term":[{"taxonomy":"category","embeddable":true,"href":"https:\/\/ifamnews.com\/de\/wp-json\/wp\/v2\/categories?post=168324"},{"taxonomy":"post_tag","embeddable":true,"href":"https:\/\/ifamnews.com\/de\/wp-json\/wp\/v2\/tags?post=168324"}],"curies":[{"name":"wp","href":"https:\/\/api.w.org\/{rel}","templated":true}]}}