{"id":166040,"date":"2022-10-10T08:33:05","date_gmt":"2022-10-10T12:33:05","guid":{"rendered":"https:\/\/ifamnews.com\/?p=166040"},"modified":"2022-10-10T10:54:18","modified_gmt":"2022-10-10T14:54:18","slug":"-es-ist-ein-geschenk-gottes-eine-familie-zu-haben-f-rstin-gloria-thurn-und-taxis-auf-dem-weltfamilienkongress","status":"publish","type":"post","link":"https:\/\/ifamnews.com\/de\/-es-ist-ein-geschenk-gottes-eine-familie-zu-haben-f-rstin-gloria-thurn-und-taxis-auf-dem-weltfamilienkongress","title":{"rendered":"\u201eEs ist ein Geschenk Gottes, eine Familie zu haben.\u201c F\u00fcrstin Gloria Thurn und Taxis auf dem Weltfamilienkongress"},"content":{"rendered":"\n<p>Im Rahmen des 14. Weltkongresses der Familien (WCF) organisiert von der IOF und iFamNews hat Herausgeber von <em>iFamNews<\/em> und Pr\u00e4sident der IOF, Brian Brown, Prinzessin Gloria von Thurn und Taxis Interview.<\/p>\n\n\n\n<p><em>[<a href=\"https:\/\/www.youtube.com\/watch?v=tcuyO_LEPw8&amp;t=2s\">Ein Video des vollst\u00e4ndigen Interviews auf Englisch finden Sie hier<\/a>.]<\/em><\/p>\n\n\n\n<p>Hier die Highlights:<\/p>\n\n\n\n<p class=\"has-text-align-center\">***<\/p>\n\n\n\n<p><strong>Brian Brown<\/strong>: Prinzessin, Sie haben ein sehr interessantes Leben hinter sich. Sie haben Rockstars und Politiker getroffen. Ihr Leben ist ein Abenteuer und die Presse ist Ihnen gefolgt. Was wurde Ihnen von Ihrer Familie in die Wiege gelegt, um soviel Widerstandsgeist gegen den Mainstream zu besitzen?<\/p>\n\n\n\n<p><strong>F\u00fcrstin Gloria<\/strong>: Ich kann sagen, dass ich Gl\u00fcck habe, denn ich bin katholisch, und in einer katholischen Familie haben mir meine Eltern beigebracht, am Bett zu beten, gute Nacht zu sagen, bevor wir zu Mittag essen, und am Sonntag in die Kirche zu gehen. Das haben wir alle in der Familie gemacht. Und deshalb liegt mir die Familie am Herzen, weil ich auch sehe, dass die Familie angegriffen wird. Und weil die Familie angegriffen wird, m\u00fcssen wir f\u00fcr die Familie k\u00e4mpfen.<\/p>\n\n\n\n<p><strong>Brian Brown<\/strong>: Die Schwierigkeiten, mit denen Sie in Deutschland konfrontiert sind, sind noch gr\u00f6\u00dfer als die Schwierigkeiten, mit denen wir in den Vereinigten Staaten konfrontiert sind. Aber Sie scheinen furchtlos zu sein. Sie sind bereit, mit der Presse zu sprechen. Sie sind sehr offen, was Ihre Ansichten angeht. Wie gehen Sie mit den Herausforderungen um?<\/p>\n\n\n\n<p><strong>F\u00fcrstin Gloria<\/strong>: Nun, es ist immer sehr wichtig, dass man, wenn man f\u00fcr die Familie ist, niemals diskriminiert. Gerade diejenigen, die keine Familie haben. Wir m\u00fcssen sie zum Beispiel zu Weihnachten in unsere Familie aufnehmen. Wir haben beispielsweise immer jemanden mit dabei, der sonst alleine ware. Es ist ein Geschenk Gottes, eine Familie zu haben. Manche Menschen haben kein Gl\u00fcck und haben dieses Geschenk nicht bekommen. Sie haben nicht den richtigen Mann gefunden oder der Mann hat nicht die richtige Frau gefunden. Diese m\u00fcssen Vertrauen und Geduld haben. Wenn man eine Familie will, wir der Herr einem eine Familie schenken \u2013 da braucht man keine Angst zu haben.<\/p>\n\n\n\n<p><strong>Brian Brown<\/strong>: K\u00fcrzlich haben Sie ein Bild mit Mick Jagger ver\u00f6ffentlicht. Sie treffen so viele bekannte Stars und Pers\u00f6nlichkeiten: ist es Ihnen m\u00f6glich, \u00fcber Ihre \u00dcberzeugungen zu sprechen?<\/p>\n\n\n\n<p>F\u00fcrstin Gloria: Ich glaube, dass die Leute, die wirklich gro\u00df sind, wie Mick Jagger oder sogar Madonna und all diese sehr ber\u00fchmten Leute, genau wissen, dass eine Familie der Schl\u00fcssel zum Gl\u00fcck ist. Aber manchmal sind sie Sklaven ihrer F\u00f6rderer oder der Menschen um sie herum, die vielleicht eine andere Ideologie vertreten. Aber alle Menschen, mit denen ich in meinem Leben gesprochen habe, wissen, dass eine Familie das gr\u00f6\u00dfte Geschenk Gottes auf der ganzen Welt ist, auch wenn sie auf der B\u00fchne oder in der Politik anders reden. Wenn man mit den Menschen allein spricht, die Familie, jeder hat eine Mutter, jeder hat einen Vater, jeder liebt seine Familie. Und wenn sie keine Familie haben, dann fehlt ihnen eine Familie.<\/p>\n\n\n\n<p><strong>Brian Brown<\/strong>: In Europa scheinen Ideologien \u2013 wie die Gender-Ideologie \u2013 an Oberhand zu gewinnen. Sind Familienpolitik wie z. B. in Ungarn tragf\u00e4hig und nachhaltig?<\/p>\n\n\n\n<p><strong>F\u00fcrstin Gloria<\/strong>: Nun, was ich sagen kann, ist, dass die Familie in Europa sehr sehr stark angegriffen wird. Die Regierungen wollen nicht, dass man heiratet, und sie sind gegen Kinder. Man soll schwul sein oder man soll vielf\u00e4ltig sein in dem Sinne, dass man gar nichts hat. Dann ist es gut, deren Meinung nach. Die grundlegende Ideologie ist hier, dass es zu viele Menschen gibt. Sie glauben, dass die Welt zu viele Menschen hat, aber das ist eine L\u00fcge. Es gibt viele Beweise daf\u00fcr, dass das Problem der Zukunft darin besteht, dass es nicht genug Menschen gibt. Und das k\u00f6nnen wir heute sehen. Die Zahl der Geburten ist zur\u00fcckgegangen und nicht einmal in Indien und Afrika gestiegen. Ich lebe drei Monate im Jahr in Afrika. Und ich kann Ihnen sagen: Als ich vor 25 Jahren nach Afrika kam, hatten die Menschen im Durchschnitt 5 bis 8 Kinder. Heute haben sie im Durchschnitt zwei Kinder. In Afrika! In den Zeitungen liest man das nicht, weil man das nicht h\u00f6ren will. Das ist v\u00f6llig verr\u00fcckt. Also in Europa, ja, in Europa, m\u00fcssen wir k\u00e4mpfen.<\/p>\n\n\n\n<p>Wir m\u00fcssen f\u00fcr die Familie k\u00e4mpfen. Und deshalb ist Mexiko so wichtig, denn Europa schaut auf Mexiko. Die Menschen hier lieben die Familie noch. Diese Leute haben noch Gro\u00dfeltern. Und man steckt seine Gro\u00dfeltern nicht in ein Altersheim wie in unserem Land. Wir m\u00fcssen also sehr hart k\u00e4mpfen und sehr viel beten.<\/p>\n\n\n\n<p><strong>Brian Brown<\/strong>: Wir sind ein wenig in Verzug, aber haben Sie noch abschlie\u00dfende Gedanken?<\/p>\n\n\n\n<p><strong>F\u00fcrstin Gloria<\/strong>: Ja. Ich bin so froh, dass ich bei Ihnen bin. Ich bin so sehr, sehr gl\u00fccklich. Heute vor einem Jahr ist meine Mutter gestorben. Deshalb m\u00f6chte ich in die Kirche gehen. Ich m\u00f6chte beten. Und ich habe gro\u00dfes Gl\u00fcck, denn heute zelebriert Kardinal M\u00fcller die Messe und ich habe ihn gebeten, f\u00fcr meine Mutter zu beten. Ich danke euch also, dass ihr hier bei mir seid. Und vielleicht werden wir alle f\u00fcr die verstorbenen Seelen unserer Familien beten.<\/p>\n\n\n\n<p><strong>Brian Brown<\/strong>: Vielen Dank, F\u00fcrstin!<\/p>\n","protected":false},"excerpt":{"rendered":"<p>Glaube, Widerstand gegen den Mainstream, Zivilcourage: das alles lernt man in der Familie. F\u00fcrstin Gloria von Thurn und Taxis im Interview.<\/p>\n","protected":false},"author":623,"featured_media":166041,"comment_status":"open","ping_status":"open","sticky":false,"template":"","format":"standard","meta":{"give_campaign_id":0,"om_disable_all_campaigns":false,"_monsterinsights_skip_tracking":false,"_monsterinsights_sitenote_active":false,"_monsterinsights_sitenote_note":"","_monsterinsights_sitenote_category":0,"mc4wp_mailchimp_campaign":[],"jnews-multi-image_gallery":[],"jnews_single_post":{"subtitle":"Glaube, Widerstand gegen den Mainstream, Zivilcourage: das alles lernt man in der Familie. F\u00fcrstin Gloria von Thurn und Taxis im Interview.","format":"standard","video":"","gallery":"","source_name":"","source_url":"","via_name":"","via_url":"","override_template":"0","override":[{"template":"2","single_blog_custom":"","parallax":"1","fullscreen":"1","layout":"right-sidebar-narrow","sidebar":"default-sidebar","second_sidebar":"default-sidebar","sticky_sidebar":"1","share_position":"float","share_float_style":"share-normal","show_share_counter":"1","show_view_counter":"1","show_featured":"1","show_post_meta":"1","show_post_author":"1","show_post_author_image":"1","show_post_date":"1","post_date_format":"default","post_date_format_custom":"Y\/m\/d","show_post_category":"1","show_post_reading_time":"1","post_reading_time_wpm":"300","show_zoom_button":"0","zoom_button_out_step":"2","zoom_button_in_step":"3","show_post_tag":"1","show_prev_next_post":"0","show_popup_post":"0","number_popup_post":"1","show_author_box":"1","show_post_related":"0","show_inline_post_related":"0"}],"override_image_size":"0","image_override":[{"single_post_thumbnail_size":"crop-715","single_post_gallery_size":"crop-715"}],"trending_post":"0","trending_post_position":"meta","trending_post_label":"Trending","sponsored_post":"0","sponsored_post_label":"Sponsored by","sponsored_post_name":"","sponsored_post_url":"","sponsored_post_logo_enable":"0","sponsored_post_logo":"","sponsored_post_desc":"","disable_ad":"0"},"jnews_primary_category":{"id":"767"},"jnews_social_meta":{"fb_title":"","fb_description":"","fb_image":"","twitter_title":"","twitter_description":"","twitter_image":""},"jnews_override_counter":{"override_view_counter":"0","view_counter_number":"0","override_share_counter":"0","share_counter_number":"0","override_like_counter":"0","like_counter_number":"0","override_dislike_counter":"0","dislike_counter_number":"0"},"footnotes":""},"categories":[816,770,763,767],"tags":[1876,19052,20481],"class_list":["post-166040","post","type-post","status-publish","format-standard","has-post-thumbnail","hentry","category-breaking-news-de","category-familie","category-kultur","category-meinung","tag-familie","tag-mexico-de","tag-weltkongress-der-familien"],"yoast_head":"<!-- This site is optimized with the Yoast SEO Premium plugin v25.9 (Yoast SEO v27.3) - https:\/\/yoast.com\/product\/yoast-seo-premium-wordpress\/ -->\n<title>\u201eEs ist ein Geschenk Gottes, eine Familie zu haben.\u201c F\u00fcrstin Gloria Thurn und Taxis auf dem Weltfamilienkongress - IFN<\/title>\n<meta name=\"robots\" content=\"index, follow, max-snippet:-1, max-image-preview:large, max-video-preview:-1\" \/>\n<link rel=\"canonical\" href=\"https:\/\/ifamnews.com\/de\/-es-ist-ein-geschenk-gottes-eine-familie-zu-haben-f-rstin-gloria-thurn-und-taxis-auf-dem-weltfamilienkongress\" \/>\n<meta property=\"og:locale\" content=\"de_DE\" \/>\n<meta property=\"og:type\" content=\"article\" \/>\n<meta property=\"og:title\" content=\"\u201eEs ist ein Geschenk Gottes, eine Familie zu haben.\u201c F\u00fcrstin Gloria Thurn und Taxis auf dem Weltfamilienkongress\" \/>\n<meta property=\"og:description\" content=\"Glaube, Widerstand gegen den Mainstream, Zivilcourage: das alles lernt man in der Familie. F\u00fcrstin Gloria von Thurn und Taxis im Interview.\" \/>\n<meta property=\"og:url\" content=\"https:\/\/ifamnews.com\/de\/-es-ist-ein-geschenk-gottes-eine-familie-zu-haben-f-rstin-gloria-thurn-und-taxis-auf-dem-weltfamilienkongress\" \/>\n<meta property=\"og:site_name\" content=\"IFN\" \/>\n<meta property=\"article:publisher\" content=\"https:\/\/www.facebook.com\/iFamNews\" \/>\n<meta property=\"article:author\" content=\"https:\/\/www.facebook.com\/iFamNews\/\" \/>\n<meta property=\"article:published_time\" content=\"2022-10-10T12:33:05+00:00\" \/>\n<meta property=\"article:modified_time\" content=\"2022-10-10T14:54:18+00:00\" \/>\n<meta property=\"og:image\" content=\"https:\/\/ifamnews.com\/wp-content\/uploads\/2022\/10\/Prinzessin-Gloria-TNT.jpg\" \/>\n\t<meta property=\"og:image:width\" content=\"1593\" \/>\n\t<meta property=\"og:image:height\" content=\"1021\" \/>\n\t<meta property=\"og:image:type\" content=\"image\/jpeg\" \/>\n<meta name=\"author\" content=\"iFamNews Germany\" \/>\n<meta name=\"twitter:card\" content=\"summary_large_image\" \/>\n<meta name=\"twitter:creator\" content=\"@https:\/\/twitter.com\/iFamNewsDE\" \/>\n<meta name=\"twitter:site\" content=\"@iFamNewsEN\" \/>\n<meta name=\"twitter:label1\" content=\"Verfasst von\" \/>\n\t<meta name=\"twitter:data1\" content=\"IFN Deutschland\" \/>\n\t<meta name=\"twitter:label2\" content=\"Gesch\u00e4tzte Lesezeit\" \/>\n\t<meta name=\"twitter:data2\" content=\"5\u00a0Minuten\" \/>\n<!-- \/ Yoast SEO Premium plugin. -->","yoast_head_json":{"title":"\u201eEs ist ein Geschenk Gottes, eine Familie zu haben.\u201c F\u00fcrstin Gloria Thurn und Taxis auf dem Weltfamilienkongress - IFN","robots":{"index":"index","follow":"follow","max-snippet":"max-snippet:-1","max-image-preview":"max-image-preview:large","max-video-preview":"max-video-preview:-1"},"canonical":"https:\/\/ifamnews.com\/de\/-es-ist-ein-geschenk-gottes-eine-familie-zu-haben-f-rstin-gloria-thurn-und-taxis-auf-dem-weltfamilienkongress","og_locale":"de_DE","og_type":"article","og_title":"\u201eEs ist ein Geschenk Gottes, eine Familie zu haben.\u201c F\u00fcrstin Gloria Thurn und Taxis auf dem Weltfamilienkongress","og_description":"Glaube, Widerstand gegen den Mainstream, Zivilcourage: das alles lernt man in der Familie. F\u00fcrstin Gloria von Thurn und Taxis im Interview.","og_url":"https:\/\/ifamnews.com\/de\/-es-ist-ein-geschenk-gottes-eine-familie-zu-haben-f-rstin-gloria-thurn-und-taxis-auf-dem-weltfamilienkongress","og_site_name":"IFN","article_publisher":"https:\/\/www.facebook.com\/iFamNews","article_author":"https:\/\/www.facebook.com\/iFamNews\/","article_published_time":"2022-10-10T12:33:05+00:00","article_modified_time":"2022-10-10T14:54:18+00:00","og_image":[{"width":1593,"height":1021,"url":"https:\/\/ifamnews.com\/wp-content\/uploads\/2022\/10\/Prinzessin-Gloria-TNT.jpg","type":"image\/jpeg"}],"author":"iFamNews Germany","twitter_card":"summary_large_image","twitter_creator":"@https:\/\/twitter.com\/iFamNewsDE","twitter_site":"@iFamNewsEN","twitter_misc":{"Verfasst von":"IFN Deutschland","Gesch\u00e4tzte Lesezeit":"5\u00a0Minuten"},"schema":{"@context":"https:\/\/schema.org","@graph":[{"@type":"NewsArticle","@id":"https:\/\/ifamnews.com\/de\/-es-ist-ein-geschenk-gottes-eine-familie-zu-haben-f-rstin-gloria-thurn-und-taxis-auf-dem-weltfamilienkongress#article","isPartOf":{"@id":"https:\/\/ifamnews.com\/de\/-es-ist-ein-geschenk-gottes-eine-familie-zu-haben-f-rstin-gloria-thurn-und-taxis-auf-dem-weltfamilienkongress"},"author":{"name":"iFamNews Germany","@id":"https:\/\/ifamnews.com\/en\/#\/schema\/person\/82ec6d77f1c630266e2c3a9e8643b439"},"headline":"\u201eEs ist ein Geschenk Gottes, eine Familie zu haben.\u201c F\u00fcrstin Gloria Thurn und Taxis auf dem Weltfamilienkongress","datePublished":"2022-10-10T12:33:05+00:00","dateModified":"2022-10-10T14:54:18+00:00","mainEntityOfPage":{"@id":"https:\/\/ifamnews.com\/de\/-es-ist-ein-geschenk-gottes-eine-familie-zu-haben-f-rstin-gloria-thurn-und-taxis-auf-dem-weltfamilienkongress"},"wordCount":905,"commentCount":0,"publisher":{"@id":"https:\/\/ifamnews.com\/en\/#organization"},"image":{"@id":"https:\/\/ifamnews.com\/de\/-es-ist-ein-geschenk-gottes-eine-familie-zu-haben-f-rstin-gloria-thurn-und-taxis-auf-dem-weltfamilienkongress#primaryimage"},"thumbnailUrl":"https:\/\/ifamnews.com\/wp-content\/uploads\/2022\/10\/Prinzessin-Gloria-TNT.jpg","keywords":["Familie","M\u00e9xico","Weltkongress der Familien"],"articleSection":["Breaking News","Familie","Kultur","Meinung"],"inLanguage":"de","potentialAction":[{"@type":"CommentAction","name":"Comment","target":["https:\/\/ifamnews.com\/de\/-es-ist-ein-geschenk-gottes-eine-familie-zu-haben-f-rstin-gloria-thurn-und-taxis-auf-dem-weltfamilienkongress#respond"]}]},{"@type":"WebPage","@id":"https:\/\/ifamnews.com\/de\/-es-ist-ein-geschenk-gottes-eine-familie-zu-haben-f-rstin-gloria-thurn-und-taxis-auf-dem-weltfamilienkongress","url":"https:\/\/ifamnews.com\/de\/-es-ist-ein-geschenk-gottes-eine-familie-zu-haben-f-rstin-gloria-thurn-und-taxis-auf-dem-weltfamilienkongress","name":"\u201eEs ist ein Geschenk Gottes, eine Familie zu haben.\u201c F\u00fcrstin Gloria Thurn und Taxis auf dem Weltfamilienkongress - IFN","isPartOf":{"@id":"https:\/\/ifamnews.com\/en\/#website"},"primaryImageOfPage":{"@id":"https:\/\/ifamnews.com\/de\/-es-ist-ein-geschenk-gottes-eine-familie-zu-haben-f-rstin-gloria-thurn-und-taxis-auf-dem-weltfamilienkongress#primaryimage"},"image":{"@id":"https:\/\/ifamnews.com\/de\/-es-ist-ein-geschenk-gottes-eine-familie-zu-haben-f-rstin-gloria-thurn-und-taxis-auf-dem-weltfamilienkongress#primaryimage"},"thumbnailUrl":"https:\/\/ifamnews.com\/wp-content\/uploads\/2022\/10\/Prinzessin-Gloria-TNT.jpg","datePublished":"2022-10-10T12:33:05+00:00","dateModified":"2022-10-10T14:54:18+00:00","breadcrumb":{"@id":"https:\/\/ifamnews.com\/de\/-es-ist-ein-geschenk-gottes-eine-familie-zu-haben-f-rstin-gloria-thurn-und-taxis-auf-dem-weltfamilienkongress#breadcrumb"},"inLanguage":"de","potentialAction":[{"@type":"ReadAction","target":["https:\/\/ifamnews.com\/de\/-es-ist-ein-geschenk-gottes-eine-familie-zu-haben-f-rstin-gloria-thurn-und-taxis-auf-dem-weltfamilienkongress"]}]},{"@type":"ImageObject","inLanguage":"de","@id":"https:\/\/ifamnews.com\/de\/-es-ist-ein-geschenk-gottes-eine-familie-zu-haben-f-rstin-gloria-thurn-und-taxis-auf-dem-weltfamilienkongress#primaryimage","url":"https:\/\/ifamnews.com\/wp-content\/uploads\/2022\/10\/Prinzessin-Gloria-TNT.jpg","contentUrl":"https:\/\/ifamnews.com\/wp-content\/uploads\/2022\/10\/Prinzessin-Gloria-TNT.jpg","width":1593,"height":1021,"caption":"F\u00fcrsting Gloria von Thurn und Taxis\/Bild: iFamNews"},{"@type":"BreadcrumbList","@id":"https:\/\/ifamnews.com\/de\/-es-ist-ein-geschenk-gottes-eine-familie-zu-haben-f-rstin-gloria-thurn-und-taxis-auf-dem-weltfamilienkongress#breadcrumb","itemListElement":[{"@type":"ListItem","position":1,"name":"Home","item":"https:\/\/ifamnews.com\/de"},{"@type":"ListItem","position":2,"name":"Opinion","item":"https:\/\/ifamnews.com\/en\/category\/opinion"},{"@type":"ListItem","position":3,"name":"\u201eEs ist ein Geschenk Gottes, eine Familie zu haben.\u201c F\u00fcrstin Gloria Thurn und Taxis auf dem Weltfamilienkongress"}]},{"@type":"WebSite","@id":"https:\/\/ifamnews.com\/en\/#website","url":"https:\/\/ifamnews.com\/en\/","name":"IFN","description":"International Family News Network","publisher":{"@id":"https:\/\/ifamnews.com\/en\/#organization"},"potentialAction":[{"@type":"SearchAction","target":{"@type":"EntryPoint","urlTemplate":"https:\/\/ifamnews.com\/en\/?s={search_term_string}"},"query-input":{"@type":"PropertyValueSpecification","valueRequired":true,"valueName":"search_term_string"}}],"inLanguage":"de"},{"@type":"Organization","@id":"https:\/\/ifamnews.com\/en\/#organization","name":"iFamNews","url":"https:\/\/ifamnews.com\/en\/","logo":{"@type":"ImageObject","inLanguage":"de","@id":"https:\/\/ifamnews.com\/en\/#\/schema\/logo\/image\/","url":"https:\/\/ifamnews.com\/wp-content\/uploads\/2020\/01\/Share-logo.png","contentUrl":"https:\/\/ifamnews.com\/wp-content\/uploads\/2020\/01\/Share-logo.png","width":200,"height":200,"caption":"iFamNews"},"image":{"@id":"https:\/\/ifamnews.com\/en\/#\/schema\/logo\/image\/"},"sameAs":["https:\/\/www.facebook.com\/iFamNews","https:\/\/x.com\/iFamNewsEN"]},{"@type":"Person","@id":"https:\/\/ifamnews.com\/en\/#\/schema\/person\/82ec6d77f1c630266e2c3a9e8643b439","name":"iFamNews Germany","image":{"@type":"ImageObject","inLanguage":"de","@id":"https:\/\/secure.gravatar.com\/avatar\/c51b977100a05a1448d61b80953be1e3192e0be236d631062ca6a59c6f9a879b?s=96&d=mm&r=g","url":"https:\/\/secure.gravatar.com\/avatar\/c51b977100a05a1448d61b80953be1e3192e0be236d631062ca6a59c6f9a879b?s=96&d=mm&r=g","contentUrl":"https:\/\/secure.gravatar.com\/avatar\/c51b977100a05a1448d61b80953be1e3192e0be236d631062ca6a59c6f9a879b?s=96&d=mm&r=g","caption":"iFamNews Germany"},"description":"Articles published by the German iFamNews editorial team.","sameAs":["https:\/\/ifamnews.com\/de","https:\/\/www.facebook.com\/iFamNews\/","https:\/\/x.com\/https:\/\/twitter.com\/iFamNewsDE","https:\/\/www.youtube.com\/channel\/UCMVyIt4z9BANW3d09kwfUpw"],"url":"https:\/\/ifamnews.com\/de\/author\/redaktion"}]}},"amp_enabled":true,"_links":{"self":[{"href":"https:\/\/ifamnews.com\/de\/wp-json\/wp\/v2\/posts\/166040","targetHints":{"allow":["GET"]}}],"collection":[{"href":"https:\/\/ifamnews.com\/de\/wp-json\/wp\/v2\/posts"}],"about":[{"href":"https:\/\/ifamnews.com\/de\/wp-json\/wp\/v2\/types\/post"}],"author":[{"embeddable":true,"href":"https:\/\/ifamnews.com\/de\/wp-json\/wp\/v2\/users\/623"}],"replies":[{"embeddable":true,"href":"https:\/\/ifamnews.com\/de\/wp-json\/wp\/v2\/comments?post=166040"}],"version-history":[{"count":1,"href":"https:\/\/ifamnews.com\/de\/wp-json\/wp\/v2\/posts\/166040\/revisions"}],"predecessor-version":[{"id":166050,"href":"https:\/\/ifamnews.com\/de\/wp-json\/wp\/v2\/posts\/166040\/revisions\/166050"}],"wp:featuredmedia":[{"embeddable":true,"href":"https:\/\/ifamnews.com\/de\/wp-json\/wp\/v2\/media\/166041"}],"wp:attachment":[{"href":"https:\/\/ifamnews.com\/de\/wp-json\/wp\/v2\/media?parent=166040"}],"wp:term":[{"taxonomy":"category","embeddable":true,"href":"https:\/\/ifamnews.com\/de\/wp-json\/wp\/v2\/categories?post=166040"},{"taxonomy":"post_tag","embeddable":true,"href":"https:\/\/ifamnews.com\/de\/wp-json\/wp\/v2\/tags?post=166040"}],"curies":[{"name":"wp","href":"https:\/\/api.w.org\/{rel}","templated":true}]}}