{"id":16552,"date":"2020-05-15T11:18:32","date_gmt":"2020-05-15T16:18:32","guid":{"rendered":"https:\/\/ifamnews.com\/?p=16552"},"modified":"2020-05-15T11:21:30","modified_gmt":"2020-05-15T16:21:30","slug":"internationale-organisation-fuer-die-familie-iof-ruft-un-botschafter-zum-schutz-der-muetter-auf","status":"publish","type":"post","link":"https:\/\/ifamnews.com\/de\/internationale-organisation-fuer-die-familie-iof-ruft-un-botschafter-zum-schutz-der-muetter-auf","title":{"rendered":"Internationale Organisation f\u00fcr die Familie (IOF) ruft UN-Botschafter zum Schutz der M\u00fctter auf"},"content":{"rendered":"\n<p><em>Eingedenk des Muttertags und des Internationalen Tags der Familie hat die IOF zusammen mit anderen Organisationen auf der ganzen Welt folgende Stellungnahme an die Botschafter der Vereinten Nationen und deren Missionen gerichtet:<\/em><\/p>\n\n\n\n<p class=\"has-text-align-center\"><strong>Mehr Schutz f\u00fcr M\u00fctter: Ein Aufruf zu Reflexion und R\u00fcckbesinnung<\/strong><\/p>\n\n\n\n<p>\u201eDer bedeutende Beitrag der Frau zum\nWohlergehen der Familie und zur Entwicklung der Gesellschaft\u201c, erkl\u00e4rten die\nVereinten Nationen 1981 in der Pr\u00e4ambel ihres Abkommens zur Beseitigung jeder\nForm von Diskriminierung der Frau, werde \u201ebisher noch nicht voll anerkannt\u201c.\nWird sich das jemals \u00e4ndern?<\/p>\n\n\n\n<p>\u201eW\u00e4hrend die Geschichtsb\u00fccher die Siege\ntapferer Herrscher und Krieger besingen\u201c, bemerkte Erzbischof Bernardito Auza,\nehemaliger St\u00e4ndiger Beobachter des Heiligen Stuhls bei der UNO, \u201eist die\ngesamte Zivilisation&#8230; den kaum \u00fcberlieferten, ja sogar unbekannten Verdiensten\nder Frauen zu unsch\u00e4tzbarem Dank verpflichtet,\ndenn sie haben \u2013 wie eine sanfte, best\u00e4ndige Wasserstr\u00f6mung Fl\u00fcsse formt \u2013 ganze Zivilisationen gepr\u00e4gt\u201c. In\nder Tat \u201everdankt die Menschheit ihr \u00dcberleben der Entscheidung der Frau,\nKinder nicht nur willkommen zu hei\u00dfen, sondern sie zu tugendhaften und wahrhaft\nmenschlichen Wesen zu erziehen\u201c.<\/p>\n\n\n\n<p>Bedauerlicherweise, so der Erzbischof,\n\u201eleben wir in einer Zeit, in der viele Gesellschaften den einzigartigen Wert\nund die W\u00fcrde der Mutterschaft nicht ausreichend verteidigen, wertsch\u00e4tzen und\nf\u00f6rdern, so dass die Frau unter kulturellen und rechtlichen Gesichtspunkten gezwungen\nist, sich zwischen ihrer intellektuellen und beruflichen Entwicklung und ihrem\npers\u00f6nlichen Wachstum als Ehefrau und Mutter zu entscheiden. Frauen leisten durch\nihr Engagement f\u00fcr die Familie und die Erziehung der nachkommenden Generation einen\nwesentliche Beitrag zur Entwicklung der Gesellschaft, jedoch wird dies nicht\nausreichend anerkannt. Ihr oftmals couragiertes Engagement im Hintergrund wir\nzuweilen sogar als veraltetes und ungesundes Rollenbild der Frau verunglimpft\u201c.<\/p>\n\n\n\n<p>Dass diese beachtliche Entwicklung\nselbst in der UNO vonstatten geht, ist ein Verrat an jenen Prinzipien, die sie\nkurz nach ihrer Gr\u00fcndung \u2013 dieses Jahr begehen wir den 75. Jahrestag ihres\nBestehens &#8211; in der Allgemeinen Erkl\u00e4rung der Menschenrechte verk\u00fcndet hat. In\nder Erkl\u00e4rung werden nur an einer Stelle bestimmte Rechte als \u201ebesonders\u201c\nbezeichnet, n\u00e4mlich im Passus zur Mutterschaft: \u201eM\u00fctter und Kinder haben\nAnspruch auf besondere F\u00fcrsorge und Unterst\u00fctzung\u201c. Zudem spricht die Menschenrechtserkl\u00e4rung\nnur an einer Stelle von einer Grundeinheit, der Rechte zuerkannt werden, und\nzwar bei der Erw\u00e4hnung von Familie: \u201eDie Familie ist die nat\u00fcrliche Grundeinheit\nder Gesellschaft und hat Anspruch auf Schutz durch Gesellschaft und Staat\u201c.<\/p>\n\n\n\n<p>Der damalige Generalsekret\u00e4r Ban\nKi-Moon unterstrich die zentrale Verbindung zwischen Mutterschaft und Familie\nmit folgenden Worten: \u201eM\u00fctter spielen eine entscheidende Rolle in der Familie, welche\nwiederum eine m\u00e4chtige Kraft f\u00fcr sozialen Zusammenhalt und Integration darstellt.\nDie Mutter-Kind-Beziehung ist f\u00fcr eine gesunde Entwicklung des Kindes\nunerl\u00e4sslich&#8230;. In einer sich wandelnden Welt stehen wir vor vielen Herausforderungen,\nein Faktor bleibt dabei jedoch immer gleich: die zeitlose Wichtigkeit der\nM\u00fctter und deren unsch\u00e4tzbarer Beitrag zum Gro\u00dfziehen der nachkommenden Generation\u201c.<\/p>\n\n\n\n<p>Allerdings handelt es sich um eine\nRealit\u00e4t, die allzu h\u00e4ufig ignoriert wird. So wurden in der Abschusserkl\u00e4rung der\ndiesj\u00e4hrigen Jahrestagung der Kommission der Vereinten Nationen zur\nRechtsstellung der Frau, welche aufgrund der COVID-19-Krise anstatt der\n\u00fcblichen zehn Tage nur einen Tag dauerte, weder das Wort \u201eMutter\u201c noch der\nBegriff \u201eMutterschaft\u201c erw\u00e4hnt. Nach Ansicht von Erzbischof Auza k\u00f6nnen derlei\nanhaltende Vers\u00e4umnisse bedrohliche Auswirkungen zur Folge haben: \u201eUnsere\nZukunft ist bereits ein Spiegelbild unseres Verhaltens gegen\u00fcber M\u00fcttern, d.h. auf\nwelche Weise wir als Individuen und als Gesellschaft M\u00fctter bei der Erziehung starker\nund gesunder Familien unterst\u00fctzen\u201c.<\/p>\n\n\n\n<p>Gerade jetzt im Jahr 2020, wo so viele\nMenschen rund um den Globus den Muttertag feiern, rufen wir dazu auf, das einmalige\nZusammentreffen von UN75 und COVID-19 als eine Zeit der Reflexion und R\u00fcckbesinnung\nzu nutzen: um \u00fcber die noch nicht voll anerkannte Rolle der M\u00fctter nachzudenken\nund sich auf jene \u201ebesondere F\u00fcrsorge und Unterst\u00fctzung\u201c zur\u00fcckzubesinnen, auf\ndie alle M\u00fctter in Erf\u00fcllung ihrer Rolle als Weltver\u00e4nderer Anspruch haben. \u201eDie\nFamilie ist wahrlich die Grundlage der Gesellschaft\u201c, sagte Pr\u00e4sident Ronald\nReagan, \u201eund die Mutter das unverzichtbare Fundament f\u00fcr das Familienleben. Ihr\nEinfluss auf die Ausbildung und Erziehung unserer Jugend ist tiefgreifend und alles\ndurchdringend, von unermesslicher Bedeutung\u201c.&nbsp;&nbsp; <\/p>\n\n\n\n<p>International\nOrganization for the Family\u2028<\/p>\n\n\n\n<p>Center for\nFamily and Human Rights\u2028<\/p>\n\n\n\n<p>United Families\nInternational\u2028<\/p>\n\n\n\n<p>American Family\nAssociation of New York<\/p>\n\n\n\n<p>Native American\nFatherhood and Families Association <\/p>\n\n\n\n<p>Latin American\nAlliance for the Family <\/p>\n\n\n\n<p>FamilyPolicy.RU\nAdvocacy Group, Russland<\/p>\n\n\n\n<p>Real Women of\nCanada<\/p>\n\n\n\n<p>Women of the\nWorld Global Platform <\/p>\n\n\n\n<p>Institute for\nFamily Policy, Spanien <\/p>\n\n\n\n<p>CitizenGo, Spanien\n\u2028<\/p>\n\n\n\n<p>Family First,\nNeuseeland <\/p>\n\n\n\n<p>Novae Terrae\nFoundation, Italien<\/p>\n","protected":false},"excerpt":{"rendered":"<p>Stellungnahme an die Botschafter der Vereinten Nationen und deren Missionen <\/p>\n","protected":false},"author":30,"featured_media":16857,"comment_status":"open","ping_status":"open","sticky":false,"template":"","format":"standard","meta":{"give_campaign_id":0,"om_disable_all_campaigns":false,"_monsterinsights_skip_tracking":false,"_monsterinsights_sitenote_active":false,"_monsterinsights_sitenote_note":"","_monsterinsights_sitenote_category":0,"mc4wp_mailchimp_campaign":[],"jnews-multi-image_gallery":[],"jnews_single_post":{"subtitle":"Stellungnahme an die Botschafter der Vereinten Nationen und deren Missionen.","format":"standard","video":"","gallery":"","source_name":"","source_url":"","via_name":"","via_url":"","override":[{"single_blog_custom":"","sidebar":"","second_sidebar":"","share_position":"","share_float_style":"","post_date_format":"","post_date_format_custom":"","post_reading_time_wpm":"","zoom_button_out_step":"1","zoom_button_in_step":"1","number_popup_post":"1"}],"image_override":[{"single_post_thumbnail_size":"","single_post_gallery_size":""}],"trending_post_position":"","trending_post_label":""},"jnews_primary_category":{"id":"768"},"jnews_social_meta":{"fb_title":"","fb_description":"","fb_image":"","twitter_title":"","twitter_description":"","twitter_image":""},"jnews_override_counter":{"view_counter_number":"0","share_counter_number":"0","like_counter_number":"0","dislike_counter_number":"0"},"footnotes":""},"categories":[816,770,768,811],"tags":[473],"class_list":["post-16552","post","type-post","status-publish","format-standard","has-post-thumbnail","hentry","category-breaking-news-de","category-familie","category-politik","category-foreground-de","tag-un"],"yoast_head":"<!-- This site is optimized with the Yoast SEO Premium plugin v25.9 (Yoast SEO v27.3) - https:\/\/yoast.com\/product\/yoast-seo-premium-wordpress\/ -->\n<title>Internationale Organisation f\u00fcr die Familie (IOF) ruft UN-Botschafter zum Schutz der M\u00fctter auf - IFN<\/title>\n<meta name=\"robots\" content=\"index, follow, max-snippet:-1, max-image-preview:large, max-video-preview:-1\" \/>\n<link rel=\"canonical\" href=\"https:\/\/ifamnews.com\/de\/internationale-organisation-fuer-die-familie-iof-ruft-un-botschafter-zum-schutz-der-muetter-auf\" \/>\n<meta property=\"og:locale\" content=\"de_DE\" \/>\n<meta property=\"og:type\" content=\"article\" \/>\n<meta property=\"og:title\" content=\"Internationale Organisation f\u00fcr die Familie (IOF) ruft UN-Botschafter zum Schutz der M\u00fctter auf\" \/>\n<meta property=\"og:description\" content=\"Stellungnahme an die Botschafter der Vereinten Nationen und deren Missionen\" \/>\n<meta property=\"og:url\" content=\"https:\/\/ifamnews.com\/de\/internationale-organisation-fuer-die-familie-iof-ruft-un-botschafter-zum-schutz-der-muetter-auf\" \/>\n<meta property=\"og:site_name\" content=\"IFN\" \/>\n<meta property=\"article:publisher\" content=\"https:\/\/www.facebook.com\/iFamNews\" \/>\n<meta property=\"article:published_time\" content=\"2020-05-15T16:18:32+00:00\" \/>\n<meta property=\"article:modified_time\" content=\"2020-05-15T16:21:30+00:00\" \/>\n<meta property=\"og:image\" content=\"https:\/\/ifamnews.com\/wp-content\/uploads\/2020\/05\/un-sunnypanorama-crop2-1.jpg\" \/>\n\t<meta property=\"og:image:width\" content=\"1200\" \/>\n\t<meta property=\"og:image:height\" content=\"675\" \/>\n\t<meta property=\"og:image:type\" content=\"image\/jpeg\" \/>\n<meta name=\"author\" content=\"E. Douglas Clark\" \/>\n<meta name=\"twitter:card\" content=\"summary_large_image\" \/>\n<meta name=\"twitter:creator\" content=\"@iFamNewsEN\" \/>\n<meta name=\"twitter:site\" content=\"@iFamNewsEN\" \/>\n<meta name=\"twitter:label1\" content=\"Verfasst von\" \/>\n\t<meta name=\"twitter:data1\" content=\"E. Douglas Clark\" \/>\n\t<meta name=\"twitter:label2\" content=\"Gesch\u00e4tzte Lesezeit\" \/>\n\t<meta name=\"twitter:data2\" content=\"4\u00a0Minuten\" \/>\n<!-- \/ Yoast SEO Premium plugin. -->","yoast_head_json":{"title":"Internationale Organisation f\u00fcr die Familie (IOF) ruft UN-Botschafter zum Schutz der M\u00fctter auf - IFN","robots":{"index":"index","follow":"follow","max-snippet":"max-snippet:-1","max-image-preview":"max-image-preview:large","max-video-preview":"max-video-preview:-1"},"canonical":"https:\/\/ifamnews.com\/de\/internationale-organisation-fuer-die-familie-iof-ruft-un-botschafter-zum-schutz-der-muetter-auf","og_locale":"de_DE","og_type":"article","og_title":"Internationale Organisation f\u00fcr die Familie (IOF) ruft UN-Botschafter zum Schutz der M\u00fctter auf","og_description":"Stellungnahme an die Botschafter der Vereinten Nationen und deren Missionen","og_url":"https:\/\/ifamnews.com\/de\/internationale-organisation-fuer-die-familie-iof-ruft-un-botschafter-zum-schutz-der-muetter-auf","og_site_name":"IFN","article_publisher":"https:\/\/www.facebook.com\/iFamNews","article_published_time":"2020-05-15T16:18:32+00:00","article_modified_time":"2020-05-15T16:21:30+00:00","og_image":[{"width":1200,"height":675,"url":"https:\/\/ifamnews.com\/wp-content\/uploads\/2020\/05\/un-sunnypanorama-crop2-1.jpg","type":"image\/jpeg"}],"author":"E. Douglas Clark","twitter_card":"summary_large_image","twitter_creator":"@iFamNewsEN","twitter_site":"@iFamNewsEN","twitter_misc":{"Verfasst von":"E. Douglas Clark","Gesch\u00e4tzte Lesezeit":"4\u00a0Minuten"},"schema":{"@context":"https:\/\/schema.org","@graph":[{"@type":"NewsArticle","@id":"https:\/\/ifamnews.com\/de\/internationale-organisation-fuer-die-familie-iof-ruft-un-botschafter-zum-schutz-der-muetter-auf#article","isPartOf":{"@id":"https:\/\/ifamnews.com\/de\/internationale-organisation-fuer-die-familie-iof-ruft-un-botschafter-zum-schutz-der-muetter-auf"},"author":{"name":"E. Douglas Clark","@id":"https:\/\/ifamnews.com\/en\/#\/schema\/person\/004a3a3e14cfb4420066c3d177785019"},"headline":"Internationale Organisation f\u00fcr die Familie (IOF) ruft UN-Botschafter zum Schutz der M\u00fctter auf","datePublished":"2020-05-15T16:18:32+00:00","dateModified":"2020-05-15T16:21:30+00:00","mainEntityOfPage":{"@id":"https:\/\/ifamnews.com\/de\/internationale-organisation-fuer-die-familie-iof-ruft-un-botschafter-zum-schutz-der-muetter-auf"},"wordCount":785,"commentCount":0,"publisher":{"@id":"https:\/\/ifamnews.com\/en\/#organization"},"image":{"@id":"https:\/\/ifamnews.com\/de\/internationale-organisation-fuer-die-familie-iof-ruft-un-botschafter-zum-schutz-der-muetter-auf#primaryimage"},"thumbnailUrl":"https:\/\/ifamnews.com\/wp-content\/uploads\/2020\/05\/un-sunnypanorama-crop2-1.jpg","keywords":["UN"],"articleSection":["Breaking News","Familie","Politik","Vordergrund"],"inLanguage":"de","potentialAction":[{"@type":"CommentAction","name":"Comment","target":["https:\/\/ifamnews.com\/de\/internationale-organisation-fuer-die-familie-iof-ruft-un-botschafter-zum-schutz-der-muetter-auf#respond"]}]},{"@type":"WebPage","@id":"https:\/\/ifamnews.com\/de\/internationale-organisation-fuer-die-familie-iof-ruft-un-botschafter-zum-schutz-der-muetter-auf","url":"https:\/\/ifamnews.com\/de\/internationale-organisation-fuer-die-familie-iof-ruft-un-botschafter-zum-schutz-der-muetter-auf","name":"Internationale Organisation f\u00fcr die Familie (IOF) ruft UN-Botschafter zum Schutz der M\u00fctter auf - IFN","isPartOf":{"@id":"https:\/\/ifamnews.com\/en\/#website"},"primaryImageOfPage":{"@id":"https:\/\/ifamnews.com\/de\/internationale-organisation-fuer-die-familie-iof-ruft-un-botschafter-zum-schutz-der-muetter-auf#primaryimage"},"image":{"@id":"https:\/\/ifamnews.com\/de\/internationale-organisation-fuer-die-familie-iof-ruft-un-botschafter-zum-schutz-der-muetter-auf#primaryimage"},"thumbnailUrl":"https:\/\/ifamnews.com\/wp-content\/uploads\/2020\/05\/un-sunnypanorama-crop2-1.jpg","datePublished":"2020-05-15T16:18:32+00:00","dateModified":"2020-05-15T16:21:30+00:00","breadcrumb":{"@id":"https:\/\/ifamnews.com\/de\/internationale-organisation-fuer-die-familie-iof-ruft-un-botschafter-zum-schutz-der-muetter-auf#breadcrumb"},"inLanguage":"de","potentialAction":[{"@type":"ReadAction","target":["https:\/\/ifamnews.com\/de\/internationale-organisation-fuer-die-familie-iof-ruft-un-botschafter-zum-schutz-der-muetter-auf"]}]},{"@type":"ImageObject","inLanguage":"de","@id":"https:\/\/ifamnews.com\/de\/internationale-organisation-fuer-die-familie-iof-ruft-un-botschafter-zum-schutz-der-muetter-auf#primaryimage","url":"https:\/\/ifamnews.com\/wp-content\/uploads\/2020\/05\/un-sunnypanorama-crop2-1.jpg","contentUrl":"https:\/\/ifamnews.com\/wp-content\/uploads\/2020\/05\/un-sunnypanorama-crop2-1.jpg","width":1200,"height":675},{"@type":"BreadcrumbList","@id":"https:\/\/ifamnews.com\/de\/internationale-organisation-fuer-die-familie-iof-ruft-un-botschafter-zum-schutz-der-muetter-auf#breadcrumb","itemListElement":[{"@type":"ListItem","position":1,"name":"Home","item":"https:\/\/ifamnews.com\/de"},{"@type":"ListItem","position":2,"name":"Familia","item":"https:\/\/ifamnews.com\/es\/categoria\/familia"},{"@type":"ListItem","position":3,"name":"Internationale Organisation f\u00fcr die Familie (IOF) ruft UN-Botschafter zum Schutz der M\u00fctter auf"}]},{"@type":"WebSite","@id":"https:\/\/ifamnews.com\/en\/#website","url":"https:\/\/ifamnews.com\/en\/","name":"IFN","description":"International Family News Network","publisher":{"@id":"https:\/\/ifamnews.com\/en\/#organization"},"potentialAction":[{"@type":"SearchAction","target":{"@type":"EntryPoint","urlTemplate":"https:\/\/ifamnews.com\/en\/?s={search_term_string}"},"query-input":{"@type":"PropertyValueSpecification","valueRequired":true,"valueName":"search_term_string"}}],"inLanguage":"de"},{"@type":"Organization","@id":"https:\/\/ifamnews.com\/en\/#organization","name":"iFamNews","url":"https:\/\/ifamnews.com\/en\/","logo":{"@type":"ImageObject","inLanguage":"de","@id":"https:\/\/ifamnews.com\/en\/#\/schema\/logo\/image\/","url":"https:\/\/ifamnews.com\/wp-content\/uploads\/2020\/01\/Share-logo.png","contentUrl":"https:\/\/ifamnews.com\/wp-content\/uploads\/2020\/01\/Share-logo.png","width":200,"height":200,"caption":"iFamNews"},"image":{"@id":"https:\/\/ifamnews.com\/en\/#\/schema\/logo\/image\/"},"sameAs":["https:\/\/www.facebook.com\/iFamNews","https:\/\/x.com\/iFamNewsEN"]},{"@type":"Person","@id":"https:\/\/ifamnews.com\/en\/#\/schema\/person\/004a3a3e14cfb4420066c3d177785019","name":"E. Douglas Clark","image":{"@type":"ImageObject","inLanguage":"de","@id":"https:\/\/secure.gravatar.com\/avatar\/4f01991614cc9086457280e0279d7da9c1c6dd2774eca1bf16e9e24005c6feb0?s=96&d=mm&r=g","url":"https:\/\/secure.gravatar.com\/avatar\/4f01991614cc9086457280e0279d7da9c1c6dd2774eca1bf16e9e24005c6feb0?s=96&d=mm&r=g","contentUrl":"https:\/\/secure.gravatar.com\/avatar\/4f01991614cc9086457280e0279d7da9c1c6dd2774eca1bf16e9e24005c6feb0?s=96&d=mm&r=g","caption":"E. Douglas Clark"},"description":"E. Douglas Clark is an attorney and Director of UN and International Policy at the International Organization for the Family. For two decades Doug has been on the forefront of defending the family at the United Nations as a lobbyist and strategist, leading teams and consulting with policymakers in New York and around the world. His writings include the World Family Declaration and articles in The Natural Family: An International Journal of Research and Policy and Ave Maria International Law Journal. After earning MBA and JD degrees from Brigham Young University, he practiced banking law and served as director of content of the original Law.com.","url":"https:\/\/ifamnews.com\/de\/author\/dclarkifamnews-com"}]}},"amp_enabled":true,"_links":{"self":[{"href":"https:\/\/ifamnews.com\/de\/wp-json\/wp\/v2\/posts\/16552","targetHints":{"allow":["GET"]}}],"collection":[{"href":"https:\/\/ifamnews.com\/de\/wp-json\/wp\/v2\/posts"}],"about":[{"href":"https:\/\/ifamnews.com\/de\/wp-json\/wp\/v2\/types\/post"}],"author":[{"embeddable":true,"href":"https:\/\/ifamnews.com\/de\/wp-json\/wp\/v2\/users\/30"}],"replies":[{"embeddable":true,"href":"https:\/\/ifamnews.com\/de\/wp-json\/wp\/v2\/comments?post=16552"}],"version-history":[{"count":1,"href":"https:\/\/ifamnews.com\/de\/wp-json\/wp\/v2\/posts\/16552\/revisions"}],"predecessor-version":[{"id":16553,"href":"https:\/\/ifamnews.com\/de\/wp-json\/wp\/v2\/posts\/16552\/revisions\/16553"}],"wp:featuredmedia":[{"embeddable":true,"href":"https:\/\/ifamnews.com\/de\/wp-json\/wp\/v2\/media\/16857"}],"wp:attachment":[{"href":"https:\/\/ifamnews.com\/de\/wp-json\/wp\/v2\/media?parent=16552"}],"wp:term":[{"taxonomy":"category","embeddable":true,"href":"https:\/\/ifamnews.com\/de\/wp-json\/wp\/v2\/categories?post=16552"},{"taxonomy":"post_tag","embeddable":true,"href":"https:\/\/ifamnews.com\/de\/wp-json\/wp\/v2\/tags?post=16552"}],"curies":[{"name":"wp","href":"https:\/\/api.w.org\/{rel}","templated":true}]}}