{"id":165491,"date":"2022-10-07T02:00:00","date_gmt":"2022-10-07T06:00:00","guid":{"rendered":"https:\/\/ifamnews.com\/?p=165491"},"modified":"2022-11-14T12:18:04","modified_gmt":"2022-11-14T17:18:04","slug":"wfk-papst-franziskus-pl-diert-f-r-den-schutz-der-schw-chsten-in-mexiko","status":"publish","type":"post","link":"https:\/\/ifamnews.com\/de\/wfk-papst-franziskus-pl-diert-f-r-den-schutz-der-schw-chsten-in-mexiko","title":{"rendered":"WFK: Papst Franziskus pl\u00e4diert f\u00fcr den Schutz der Schw\u00e4chsten in Mexiko"},"content":{"rendered":"<p class=\"last-updated\">Last updated on November 14th, 2022 at 12:18 p.m.<\/p>\n<p>QUADRATIN Mexiko Agentur. Verteidigen Sie das Leben der Schw\u00e4chsten in Mexiko, forderte Papst Franziskus in einem Brief an Kardinal Carlos Aguiar Retes, insbesondere anl\u00e4sslich der Er\u00f6ffnung des Weltkongresses der Familien 2022 am kommenden Freitag.<\/p>\n\n\n\n<p>Interkulturellen und interreligi\u00f6sen Veranstaltung hat der Papst die folgende Botschaft verlesen, die von Kardinal Pietro Parolin, dem Staatssekret\u00e4r des Heiligen Stuhls f\u00fcr Papst Franziskus, unterzeichnet wurde:<\/p>\n\n\n\n<p>&#8222;Gott hat in seiner unendlichen und barmherzigen Liebe gewollt, dass die Familie eine Lebensgemeinschaft ist, die ihre eigene autonome Konsequenz hat, eine Gemeinschaft von Menschen, die lieben, die miteinander reden, die sich f\u00fcr andere aufopfern und das Leben verteidigen, vor allem das schw\u00e4chste, das schw\u00e4chste&#8220;.<\/p>\n\n\n\n<p>&#8222;Mit diesen Worten gelobt Papst Franziskus, w\u00e4hrend er sie mit dem Gebet begleitet, dass diese Tage der Besinnung ein Aufruf sein werden, den Familien mit Aufmerksamkeit und Zuneigung beizustehen, besonders jenen, die in Schwierigkeiten sind, die gezwungen wurden, ihr Land zu verlassen, die kein Zuhause haben, keine Arbeit oder die aus vielen Gr\u00fcnden unter den Krisen leiden, die unsere Welt heimsuchen&#8220;, betonte Kardinal Aguiar vor mehr als f\u00fcnftausend Teilnehmern, die sich auf der Expo Santa Fe in Mexiko-Stadt versammelt hatten.<\/p>\n\n\n\n<p>Er\u00f6ffnet wurde der Weltkongress der Familien 2022 von Kardinal Carlos Aguiar Retes, dem Pr\u00e4sidenten der Internationalen Organisation f\u00fcr die Familie und des Weltkongresses der Familien, Brian Brown, sowie dem Pr\u00e4sidenten des Red Familia Council, Jos\u00e9 Manuel Campero, und Pastor Benjam\u00edn Rivera, dem Gr\u00fcnder des Centro Familiar Cristiano de M\u00e9xico.<\/p>\n","protected":false},"excerpt":{"rendered":"<p>\u201eIn diesem Sinne bittet Papst Franziskus, dass diese Tage der Besinnung ein Aufruf sind, den Familien mit Aufmerksamkeit und Zuneigung zu helfen.\u201c<\/p>\n","protected":false},"author":593,"featured_media":164604,"comment_status":"open","ping_status":"open","sticky":false,"template":"","format":"standard","meta":{"give_campaign_id":0,"om_disable_all_campaigns":false,"_monsterinsights_skip_tracking":false,"_monsterinsights_sitenote_active":false,"_monsterinsights_sitenote_note":"","_monsterinsights_sitenote_category":0,"mc4wp_mailchimp_campaign":[],"jnews-multi-image_gallery":[],"jnews_single_post":{"subtitle":"\u201eIn diesem Sinne bittet Papst Franziskus, dass diese Tage der Besinnung ein Aufruf sind, den Familien mit Aufmerksamkeit und Zuneigung zu helfen.\u201c","format":"standard","video":"","gallery":"","source_name":"","source_url":"","via_name":"","via_url":"","override_template":"0","override":[{"template":"2","single_blog_custom":"","parallax":"1","fullscreen":"1","layout":"right-sidebar-narrow","sidebar":"default-sidebar","second_sidebar":"default-sidebar","sticky_sidebar":"1","share_position":"float","share_float_style":"share-normal","show_share_counter":"1","show_view_counter":"1","show_featured":"1","show_post_meta":"1","show_post_author":"1","show_post_author_image":"1","show_post_date":"1","post_date_format":"default","post_date_format_custom":"Y\/m\/d","show_post_category":"1","show_post_reading_time":"1","post_reading_time_wpm":"300","show_zoom_button":"0","zoom_button_out_step":"2","zoom_button_in_step":"3","show_post_tag":"1","show_prev_next_post":"0","show_popup_post":"0","number_popup_post":"1","show_author_box":"1","show_post_related":"0","show_inline_post_related":"0"}],"override_image_size":"0","image_override":[{"single_post_thumbnail_size":"crop-715","single_post_gallery_size":"crop-715"}],"trending_post":"0","trending_post_position":"meta","trending_post_label":"Trending","sponsored_post":"0","sponsored_post_label":"Sponsored by","sponsored_post_name":"","sponsored_post_url":"","sponsored_post_logo_enable":"0","sponsored_post_logo":"","sponsored_post_desc":"","disable_ad":"0"},"jnews_primary_category":{"id":"20169"},"jnews_social_meta":{"fb_title":"","fb_description":"","fb_image":"","twitter_title":"","twitter_description":"","twitter_image":""},"jnews_override_counter":{"override_view_counter":"0","view_counter_number":"0","override_share_counter":"0","share_counter_number":"0","override_like_counter":"0","like_counter_number":"0","override_dislike_counter":"0","dislike_counter_number":"0"},"footnotes":""},"categories":[816,820,811],"tags":[1876,19052,20481],"class_list":["post-165491","post","type-post","status-publish","format-standard","has-post-thumbnail","hentry","category-breaking-news-de","category-leben","category-foreground-de","tag-familie","tag-mexico-de","tag-weltkongress-der-familien"],"yoast_head":"<!-- This site is optimized with the Yoast SEO Premium plugin v25.9 (Yoast SEO v27.3) - https:\/\/yoast.com\/product\/yoast-seo-premium-wordpress\/ -->\n<title>WFK: Papst Franziskus pl\u00e4diert f\u00fcr den Schutz der Schw\u00e4chsten in Mexiko - IFN<\/title>\n<meta name=\"description\" content=\"Mit diesen Worten gelobt Papst Franziskus, dass diese Tage der Besinnung ein Aufruf sein werden, den Familien zu helfen\" \/>\n<meta name=\"robots\" content=\"index, follow, max-snippet:-1, max-image-preview:large, max-video-preview:-1\" \/>\n<link rel=\"canonical\" href=\"https:\/\/ifamnews.com\/de\/wfk-papst-franziskus-pl-diert-f-r-den-schutz-der-schw-chsten-in-mexiko\" \/>\n<meta property=\"og:locale\" content=\"de_DE\" \/>\n<meta property=\"og:type\" content=\"article\" \/>\n<meta property=\"og:title\" content=\"WFK: Papst Franziskus pl\u00e4diert f\u00fcr den Schutz der Schw\u00e4chsten in Mexiko\" \/>\n<meta property=\"og:description\" content=\"Mit diesen Worten gelobt Papst Franziskus, dass diese Tage der Besinnung ein Aufruf sein werden, den Familien zu helfen\" \/>\n<meta property=\"og:url\" content=\"https:\/\/ifamnews.com\/de\/wfk-papst-franziskus-pl-diert-f-r-den-schutz-der-schw-chsten-in-mexiko\" \/>\n<meta property=\"og:site_name\" content=\"IFN\" \/>\n<meta property=\"article:publisher\" content=\"https:\/\/www.facebook.com\/iFamNews\" \/>\n<meta property=\"article:author\" content=\"https:\/\/www.facebook.com\/iFamNews\/\" \/>\n<meta property=\"article:published_time\" content=\"2022-10-07T06:00:00+00:00\" \/>\n<meta property=\"article:modified_time\" content=\"2022-11-14T17:18:04+00:00\" \/>\n<meta property=\"og:image\" content=\"https:\/\/ifamnews.com\/wp-content\/uploads\/2022\/10\/WhatsApp-Image-2022-09-30-at-5.38.23-PM.png\" \/>\n\t<meta property=\"og:image:width\" content=\"1200\" \/>\n\t<meta property=\"og:image:height\" content=\"675\" \/>\n\t<meta property=\"og:image:type\" content=\"image\/png\" \/>\n<meta name=\"author\" content=\"IFN English\" \/>\n<meta name=\"twitter:card\" content=\"summary_large_image\" \/>\n<meta name=\"twitter:creator\" content=\"@https:\/\/twitter.com\/iFamNewsEN\" \/>\n<meta name=\"twitter:site\" content=\"@iFamNewsEN\" \/>\n<meta name=\"twitter:label1\" content=\"Verfasst von\" \/>\n\t<meta name=\"twitter:data1\" content=\"iFamNews Redaktion\" \/>\n\t<meta name=\"twitter:label2\" content=\"Gesch\u00e4tzte Lesezeit\" \/>\n\t<meta name=\"twitter:data2\" content=\"2\u00a0Minuten\" \/>\n<!-- \/ Yoast SEO Premium plugin. -->","yoast_head_json":{"title":"WFK: Papst Franziskus pl\u00e4diert f\u00fcr den Schutz der Schw\u00e4chsten in Mexiko - IFN","description":"Mit diesen Worten gelobt Papst Franziskus, dass diese Tage der Besinnung ein Aufruf sein werden, den Familien zu helfen","robots":{"index":"index","follow":"follow","max-snippet":"max-snippet:-1","max-image-preview":"max-image-preview:large","max-video-preview":"max-video-preview:-1"},"canonical":"https:\/\/ifamnews.com\/de\/wfk-papst-franziskus-pl-diert-f-r-den-schutz-der-schw-chsten-in-mexiko","og_locale":"de_DE","og_type":"article","og_title":"WFK: Papst Franziskus pl\u00e4diert f\u00fcr den Schutz der Schw\u00e4chsten in Mexiko","og_description":"Mit diesen Worten gelobt Papst Franziskus, dass diese Tage der Besinnung ein Aufruf sein werden, den Familien zu helfen","og_url":"https:\/\/ifamnews.com\/de\/wfk-papst-franziskus-pl-diert-f-r-den-schutz-der-schw-chsten-in-mexiko","og_site_name":"IFN","article_publisher":"https:\/\/www.facebook.com\/iFamNews","article_author":"https:\/\/www.facebook.com\/iFamNews\/","article_published_time":"2022-10-07T06:00:00+00:00","article_modified_time":"2022-11-14T17:18:04+00:00","og_image":[{"width":1200,"height":675,"url":"https:\/\/ifamnews.com\/wp-content\/uploads\/2022\/10\/WhatsApp-Image-2022-09-30-at-5.38.23-PM.png","type":"image\/png"}],"author":"IFN English","twitter_card":"summary_large_image","twitter_creator":"@https:\/\/twitter.com\/iFamNewsEN","twitter_site":"@iFamNewsEN","twitter_misc":{"Verfasst von":"iFamNews Redaktion","Gesch\u00e4tzte Lesezeit":"2\u00a0Minuten"},"schema":{"@context":"https:\/\/schema.org","@graph":[{"@type":"NewsArticle","@id":"https:\/\/ifamnews.com\/de\/wfk-papst-franziskus-pl-diert-f-r-den-schutz-der-schw-chsten-in-mexiko#article","isPartOf":{"@id":"https:\/\/ifamnews.com\/de\/wfk-papst-franziskus-pl-diert-f-r-den-schutz-der-schw-chsten-in-mexiko"},"author":{"name":"IFN English","@id":"https:\/\/ifamnews.com\/en\/#\/schema\/person\/633bdb7ac2496c9b9304ce62d071cdfa"},"headline":"WFK: Papst Franziskus pl\u00e4diert f\u00fcr den Schutz der Schw\u00e4chsten in Mexiko","datePublished":"2022-10-07T06:00:00+00:00","dateModified":"2022-11-14T17:18:04+00:00","mainEntityOfPage":{"@id":"https:\/\/ifamnews.com\/de\/wfk-papst-franziskus-pl-diert-f-r-den-schutz-der-schw-chsten-in-mexiko"},"wordCount":265,"commentCount":0,"publisher":{"@id":"https:\/\/ifamnews.com\/en\/#organization"},"image":{"@id":"https:\/\/ifamnews.com\/de\/wfk-papst-franziskus-pl-diert-f-r-den-schutz-der-schw-chsten-in-mexiko#primaryimage"},"thumbnailUrl":"https:\/\/ifamnews.com\/wp-content\/uploads\/2022\/10\/WhatsApp-Image-2022-09-30-at-5.38.23-PM.png","keywords":["Familie","M\u00e9xico","Weltkongress der Familien"],"articleSection":["Breaking News","Leben","Vordergrund"],"inLanguage":"de","potentialAction":[{"@type":"CommentAction","name":"Comment","target":["https:\/\/ifamnews.com\/de\/wfk-papst-franziskus-pl-diert-f-r-den-schutz-der-schw-chsten-in-mexiko#respond"]}]},{"@type":"WebPage","@id":"https:\/\/ifamnews.com\/de\/wfk-papst-franziskus-pl-diert-f-r-den-schutz-der-schw-chsten-in-mexiko","url":"https:\/\/ifamnews.com\/de\/wfk-papst-franziskus-pl-diert-f-r-den-schutz-der-schw-chsten-in-mexiko","name":"WFK: Papst Franziskus pl\u00e4diert f\u00fcr den Schutz der Schw\u00e4chsten in Mexiko - IFN","isPartOf":{"@id":"https:\/\/ifamnews.com\/en\/#website"},"primaryImageOfPage":{"@id":"https:\/\/ifamnews.com\/de\/wfk-papst-franziskus-pl-diert-f-r-den-schutz-der-schw-chsten-in-mexiko#primaryimage"},"image":{"@id":"https:\/\/ifamnews.com\/de\/wfk-papst-franziskus-pl-diert-f-r-den-schutz-der-schw-chsten-in-mexiko#primaryimage"},"thumbnailUrl":"https:\/\/ifamnews.com\/wp-content\/uploads\/2022\/10\/WhatsApp-Image-2022-09-30-at-5.38.23-PM.png","datePublished":"2022-10-07T06:00:00+00:00","dateModified":"2022-11-14T17:18:04+00:00","description":"Mit diesen Worten gelobt Papst Franziskus, dass diese Tage der Besinnung ein Aufruf sein werden, den Familien zu helfen","breadcrumb":{"@id":"https:\/\/ifamnews.com\/de\/wfk-papst-franziskus-pl-diert-f-r-den-schutz-der-schw-chsten-in-mexiko#breadcrumb"},"inLanguage":"de","potentialAction":[{"@type":"ReadAction","target":["https:\/\/ifamnews.com\/de\/wfk-papst-franziskus-pl-diert-f-r-den-schutz-der-schw-chsten-in-mexiko"]}]},{"@type":"ImageObject","inLanguage":"de","@id":"https:\/\/ifamnews.com\/de\/wfk-papst-franziskus-pl-diert-f-r-den-schutz-der-schw-chsten-in-mexiko#primaryimage","url":"https:\/\/ifamnews.com\/wp-content\/uploads\/2022\/10\/WhatsApp-Image-2022-09-30-at-5.38.23-PM.png","contentUrl":"https:\/\/ifamnews.com\/wp-content\/uploads\/2022\/10\/WhatsApp-Image-2022-09-30-at-5.38.23-PM.png","width":1200,"height":675},{"@type":"BreadcrumbList","@id":"https:\/\/ifamnews.com\/de\/wfk-papst-franziskus-pl-diert-f-r-den-schutz-der-schw-chsten-in-mexiko#breadcrumb","itemListElement":[{"@type":"ListItem","position":1,"name":"Home","item":"https:\/\/ifamnews.com\/de"},{"@type":"ListItem","position":2,"name":"\u041f\u043e\u0440\u043e\u0434\u0438\u0446\u0430","item":"https:\/\/ifamnews.com\/sr\/kategorija\/poroditsa"},{"@type":"ListItem","position":3,"name":"WFK: Papst Franziskus pl\u00e4diert f\u00fcr den Schutz der Schw\u00e4chsten in Mexiko"}]},{"@type":"WebSite","@id":"https:\/\/ifamnews.com\/en\/#website","url":"https:\/\/ifamnews.com\/en\/","name":"IFN","description":"International Family News Network","publisher":{"@id":"https:\/\/ifamnews.com\/en\/#organization"},"potentialAction":[{"@type":"SearchAction","target":{"@type":"EntryPoint","urlTemplate":"https:\/\/ifamnews.com\/en\/?s={search_term_string}"},"query-input":{"@type":"PropertyValueSpecification","valueRequired":true,"valueName":"search_term_string"}}],"inLanguage":"de"},{"@type":"Organization","@id":"https:\/\/ifamnews.com\/en\/#organization","name":"iFamNews","url":"https:\/\/ifamnews.com\/en\/","logo":{"@type":"ImageObject","inLanguage":"de","@id":"https:\/\/ifamnews.com\/en\/#\/schema\/logo\/image\/","url":"https:\/\/ifamnews.com\/wp-content\/uploads\/2020\/01\/Share-logo.png","contentUrl":"https:\/\/ifamnews.com\/wp-content\/uploads\/2020\/01\/Share-logo.png","width":200,"height":200,"caption":"iFamNews"},"image":{"@id":"https:\/\/ifamnews.com\/en\/#\/schema\/logo\/image\/"},"sameAs":["https:\/\/www.facebook.com\/iFamNews","https:\/\/x.com\/iFamNewsEN"]},{"@type":"Person","@id":"https:\/\/ifamnews.com\/en\/#\/schema\/person\/633bdb7ac2496c9b9304ce62d071cdfa","name":"IFN English","image":{"@type":"ImageObject","inLanguage":"de","@id":"https:\/\/secure.gravatar.com\/avatar\/6f16ce95b558ae6f6eb9ae2f68122482a2c61696af2a8fc343c2e10f981a959d?s=96&d=mm&r=g","url":"https:\/\/secure.gravatar.com\/avatar\/6f16ce95b558ae6f6eb9ae2f68122482a2c61696af2a8fc343c2e10f981a959d?s=96&d=mm&r=g","contentUrl":"https:\/\/secure.gravatar.com\/avatar\/6f16ce95b558ae6f6eb9ae2f68122482a2c61696af2a8fc343c2e10f981a959d?s=96&d=mm&r=g","caption":"IFN English"},"description":"Articles published by the English iFamNews editorial team.","sameAs":["https:\/\/ifamnews.com\/en","https:\/\/www.facebook.com\/iFamNews\/","https:\/\/x.com\/https:\/\/twitter.com\/iFamNewsEN","https:\/\/www.youtube.com\/channel\/UCMVyIt4z9BANW3d09kwfUpw"],"url":"https:\/\/ifamnews.com\/de\/author\/ifamnews-staff"}]}},"amp_enabled":true,"_links":{"self":[{"href":"https:\/\/ifamnews.com\/de\/wp-json\/wp\/v2\/posts\/165491","targetHints":{"allow":["GET"]}}],"collection":[{"href":"https:\/\/ifamnews.com\/de\/wp-json\/wp\/v2\/posts"}],"about":[{"href":"https:\/\/ifamnews.com\/de\/wp-json\/wp\/v2\/types\/post"}],"author":[{"embeddable":true,"href":"https:\/\/ifamnews.com\/de\/wp-json\/wp\/v2\/users\/593"}],"replies":[{"embeddable":true,"href":"https:\/\/ifamnews.com\/de\/wp-json\/wp\/v2\/comments?post=165491"}],"version-history":[{"count":2,"href":"https:\/\/ifamnews.com\/de\/wp-json\/wp\/v2\/posts\/165491\/revisions"}],"predecessor-version":[{"id":165502,"href":"https:\/\/ifamnews.com\/de\/wp-json\/wp\/v2\/posts\/165491\/revisions\/165502"}],"wp:featuredmedia":[{"embeddable":true,"href":"https:\/\/ifamnews.com\/de\/wp-json\/wp\/v2\/media\/164604"}],"wp:attachment":[{"href":"https:\/\/ifamnews.com\/de\/wp-json\/wp\/v2\/media?parent=165491"}],"wp:term":[{"taxonomy":"category","embeddable":true,"href":"https:\/\/ifamnews.com\/de\/wp-json\/wp\/v2\/categories?post=165491"},{"taxonomy":"post_tag","embeddable":true,"href":"https:\/\/ifamnews.com\/de\/wp-json\/wp\/v2\/tags?post=165491"}],"curies":[{"name":"wp","href":"https:\/\/api.w.org\/{rel}","templated":true}]}}